{"id":1450,"date":"2019-08-08T00:00:00","date_gmt":"2019-08-08T03:00:00","guid":{"rendered":"http:\/\/sindmoveis.com.br\/imprensa\/noticias\/premio-salao-design-anuncia-o-primeiro-grupo-de-jurados-desta-edicao\/"},"modified":"2021-05-26T10:27:46","modified_gmt":"2021-05-26T13:27:46","slug":"premio-salao-design-anuncia-o-primeiro-grupo-de-jurados-desta-edicao","status":"publish","type":"post","link":"https:\/\/www.sindmoveis.com.br\/es\/premio-salao-design-anuncia-o-primeiro-grupo-de-jurados-desta-edicao\/","title":{"rendered":"Premio Sal\u00e3o Design anuncia el primer grupo de jurados de esta edici\u00f3n"},"content":{"rendered":"<p>Estudiantes y profesionales de dise&ntilde;o tienen hasta el d&iacute;a 05 de septiembre para inscribir sus proyectos de mobiliario en la 23&ordf; edici&oacute;n del Premio Sal&atilde;o Design, promovido por Sindm&oacute;veis Bento Gon&ccedil;alves desde hace 31 a&ntilde;os. El modelo de evaluaci&oacute;n de los proyectos inscritos ser&aacute; diferente en esta edici&oacute;n. Ser&aacute;n 10 jurados divididos en dos grupos los cinco primeros har&aacute;n la evaluaci&oacute;n t&eacute;cnico funcional de los memoriales inscritos.<\/p>\n<p>Son ellos: la directora t&eacute;cnica en el Centro Brasil Design Ana Brum; la profesora y autora Mar&iacute;a Cecilia Loschiavo dos Santos; el Head Designer del Grupo K1 Mateus Concei&ccedil;&atilde;o; el analista de Servicios T&eacute;cnicos y Tecnol&oacute;gicos del Instituto SENAI de Tecnolog&iacute;a de Madera y Mobiliario Ricardo Dal Piva y la presidente de la Asociaci&oacute;n Brasile&ntilde;a de Dise&ntilde;adores de Interiores Silvana Carminati Heckman.<\/p>\n<p>La evaluaci&oacute;n de los concurrentes va a ser en septiembre y la divulgaci&oacute;n de los seleccionados para la segunda etapa, d&iacute;a 10 de octubre. En la segunda etapa eliminatoria, otros cinco jurados har&aacute;n presencialmente la evaluaci&oacute;n est&eacute;tico creativa de los productos finalistas y el anuncio de los vencedores ser&aacute; en febrero del pr&oacute;ximo a&ntilde;o. Los nombres que componen esa segunda comisi&oacute;n juzgadora ser&aacute;n divulgados hasta el final de las inscripciones, que terminan d&iacute;a 05 de septiembre.<\/p>\n<p>Las premiaciones ser&aacute;n de R$ 6 mil para estudiantes y R$ 10 mil para profesionales. El director del Premio Sal&atilde;o Design, Eduardo Nuncio, resalta la relevancia de ese proyecto creado por la propia industria del mobiliario, hace 31 a&ntilde;os. &ldquo;En 1988, Sindm&oacute;veis Bento Gon&ccedil;alves percibi&oacute; el dise&ntilde;o como una estrategia sectorial de agregaci&oacute;n de valor. Desde entonces, el premio viene cumpliendo un papel crucial de promover talentos y aproximarlos de la industria. Son tres d&eacute;cadas de historia con casi 15 mil proyectos evaluados hasta hoy&rdquo;, puntualiza.<\/p>\n<p>&nbsp;<strong>Nuevas categor&iacute;as<\/strong><\/p>\n<p>Otro cambio en el reglamento dice respecto a la tipolog&iacute;a de productos que pueden concurrir al Premio Sal&atilde;o Design. En esta edici&oacute;n, no habr&aacute; categor&iacute;as para accesorios e iluminaci&oacute;n, pudiendo ser inscritos apenas proyectos de mobiliario. Ser&aacute;n cinco categor&iacute;as, ahora llamadas de desaf&iacute;os: Desaf&iacute;o de los Espacios en Transformaci&oacute;n; Desaf&iacute;o de la Identidad Brasile&ntilde;a 2020; Desaf&iacute;o del Uso del Panel; Desaf&iacute;o de la Tecnolog&iacute;a Empotrada y Desaf&iacute;o de las Experiencias Positivistas.<\/p>\n<p>Con patrocinio de Berneck e Iterprint de Brasil, el Premio Sal&atilde;o Design tendr&aacute; ceremonia de premiaci&oacute;n y muestra de los vencedores en la feria Movelsul Brasil, en marzo de 2020, en Bento Gon&ccedil;alves, R&iacute;o Grande do Sul. Despu&eacute;s, los premiados tambi&eacute;n participan de exposici&oacute;n en High Design Home &amp; Office Expo de 2020.<\/p>\n<p>&nbsp;<strong>M&aacute;s sobre los jurados:<\/strong>&nbsp;<\/p>\n<p><strong>Ana Brum:<\/strong><\/p>\n<p>Directora t&eacute;cnica en el Centro Brasil Design y coordinadora general del portal DesignBrasil.org.br. Es graduada en Dibujo Industrial, especializaci&oacute;n en Ingenier&iacute;a de Producto y Dise&ntilde;o y Metodolog&iacute;a en la ense&ntilde;anza superior, maestr&iacute;a en Desarrollo y Organizaciones.&nbsp; Tiene experiencia en el &aacute;rea de Dibujo Industrial, con &eacute;nfasis en Proyecto de Productos, actuando principalmente en los siguientes temas: proyecto, producto, gesti&oacute;n del dise&ntilde;o, pol&iacute;tica p&uacute;blica y dise&ntilde;o sostenible<\/p>\n<p><strong>Maria Cecilia Loschiavo dos Santos:<\/strong><\/p>\n<p>Profesora titular de Dise&ntilde;o de la Facultad de Arquitectura y Urbanismo de la Universidad de S&atilde;o Paulo. Public&oacute; varios libros, entre ellos Mueble Moderno en Brasil, trabajo pionero sobre dise&ntilde;o de mobiliario brasile&ntilde;o en el siglo XX.<\/p>\n<p><strong>Mateus Concei&ccedil;&atilde;o:<\/strong><\/p>\n<p>Dise&ntilde;ador con 20 a&ntilde;os de experiencia en el sector del mobiliario, habiendo sido en los &uacute;ltimos 11 a&ntilde;os Head Designer del Grupo K1. El grupo es una de las mayores empresas de mobiliario de Am&eacute;rica Latina, con 10 l&iacute;neas de productos entre muebles, colchones, muebles tapizados y utilidades dom&eacute;sticas. Tambi&eacute;n es propietario y director de la Agencia K2, un centro creativo con 25 profesionales multidisciplinares en las &aacute;reas de arquitectura, dise&ntilde;o y marketing, en el cual desarrollan grandes proyectos en m&uacute;ltiples plataformas, desde arquitectura residencial, comercial, ef&iacute;mera, productos, comunicaci&oacute;n y marketing.<\/p>\n<p><strong>Ricardo Dal Piva:<\/strong><\/p>\n<p>Analista de Servicios T&eacute;cnicos y Tecnol&oacute;gicos del Instituto SENAI de Tecnolog&iacute;a de Madera y Mobiliario, prestando consultor&iacute;a t&eacute;cnica y tecnol&oacute;gica en el &aacute;rea de Madera y Mobiliario. Tiene experiencia de 15 a&ntilde;os actuando en el &aacute;rea del mobiliario con mejor&iacute;a de procesos, implantaci&oacute;n de herramientas de manufactura sencilla e implantaci&oacute;n y asesor&iacute;a de sistemas de gesti&oacute;n de calidad para certificaci&oacute;n de productos. Especialista del m&eacute;todo TRIZ (Teor&iacute;a de Resoluci&oacute;n Inventiva de Problemas), metodolog&iacute;a rusa utilizada para crear soluciones creativas e innovadoras para las industrias.<\/p>\n<p><strong>Silvana Carminati Heckman:<\/strong><\/p>\n<p>Silvana Carminati Heckman tiene formaci&oacute;n en Dise&ntilde;o de Interiores por la escuela Belas Artes S&atilde;o Paulo y especializaci&oacute;n en Liderazgo de Personas y Gesti&oacute;n de Negocios, con foco en resultados. Cuenta con 20 a&ntilde;os de experiencia como ejecutiva en la Gesti&oacute;n Comercial en importantes empresas de dise&ntilde;o brasile&ntilde;as. Es presidente de ABD &ndash; Asociaci&oacute;n Brasile&ntilde;a de Dise&ntilde;adores de Interiores.<\/p>\n<p>&nbsp;<\/p>\n<p><strong>Siga el Premio Sal&atilde;o Design en los medios:<\/strong>&nbsp;<\/p>\n<p>&nbsp;www.facebook.com\/premiosalaodesign<\/p>\n<p><a href=\"http:\/\/www.instagram.com\/premiosalaodesign\">www.instagram.com\/premiosalaodesign<\/a><\/p>\n<p><a href=\"https:\/\/br.pinterest.com\/salaodesign\/\">https:\/\/br.pinterest.com\/salaodesign\/<\/a><\/p>\n","protected":false},"excerpt":{"rendered":"<p>Con modelo de evaluaci\u00f3n diferente en este a\u00f1o, ser\u00e1n 10 jurados divididos en dos grupos: el primero, t\u00e9cnico funcional y el segundo, est\u00e9tico creativo.<\/p>\n","protected":false},"author":5,"featured_media":3736,"comment_status":"closed","ping_status":"open","sticky":false,"template":"","format":"standard","meta":{"footnotes":"","_links_to":"","_links_to_target":""},"categories":[21,2],"tags":[],"class_list":["post-1450","post","type-post","status-publish","format-standard","has-post-thumbnail","hentry","category-premio-salao-design","category-sindmoveis"],"yoast_head":"<!-- This site is optimized with the Yoast SEO plugin v27.0 - https:\/\/yoast.com\/product\/yoast-seo-wordpress\/ -->\n<title>Premio Sal\u00e3o Design anuncia el primer grupo de jurados de esta edici\u00f3n - Sindm\u00f3veis-RS<\/title>\n<meta name=\"robots\" content=\"index, follow, max-snippet:-1, max-image-preview:large, max-video-preview:-1\" \/>\n<link rel=\"canonical\" href=\"https:\/\/www.sindmoveis.com.br\/es\/premio-salao-design-anuncia-o-primeiro-grupo-de-jurados-desta-edicao\/\" \/>\n<meta property=\"og:locale\" content=\"es_ES\" \/>\n<meta property=\"og:type\" content=\"article\" \/>\n<meta property=\"og:title\" content=\"Premio Sal\u00e3o Design anuncia el primer grupo de jurados de esta edici\u00f3n - Sindm\u00f3veis-RS\" \/>\n<meta property=\"og:description\" content=\"Con modelo de evaluaci\u00f3n diferente en este a\u00f1o, ser\u00e1n 10 jurados divididos en dos grupos: el primero, t\u00e9cnico funcional y el segundo, est\u00e9tico creativo.\" \/>\n<meta property=\"og:url\" content=\"https:\/\/www.sindmoveis.com.br\/es\/premio-salao-design-anuncia-o-primeiro-grupo-de-jurados-desta-edicao\/\" \/>\n<meta property=\"og:site_name\" content=\"Sindm\u00f3veis-RS\" \/>\n<meta property=\"article:published_time\" content=\"2019-08-08T03:00:00+00:00\" \/>\n<meta property=\"article:modified_time\" content=\"2021-05-26T13:27:46+00:00\" \/>\n<meta property=\"og:image\" content=\"https:\/\/www.sindmoveis.com.br\/es\/wp-content\/uploads\/2021\/05\/p1565277298.jpg\" \/>\n\t<meta property=\"og:image:width\" content=\"1204\" \/>\n\t<meta property=\"og:image:height\" content=\"803\" \/>\n\t<meta property=\"og:image:type\" content=\"image\/jpeg\" \/>\n<meta name=\"author\" content=\"Imprensa Sindm\u00f3veis\" \/>\n<meta name=\"twitter:card\" content=\"summary_large_image\" \/>\n<meta name=\"twitter:label1\" content=\"Escrito por\" \/>\n\t<meta name=\"twitter:data1\" content=\"Imprensa Sindm\u00f3veis\" \/>\n\t<meta name=\"twitter:label2\" content=\"Tiempo de lectura\" \/>\n\t<meta name=\"twitter:data2\" content=\"5 minutos\" \/>\n<script type=\"application\/ld+json\" class=\"yoast-schema-graph\">{\"@context\":\"https:\/\/schema.org\",\"@graph\":[{\"@type\":\"Article\",\"@id\":\"https:\/\/www.sindmoveis.com.br\/es\/premio-salao-design-anuncia-o-primeiro-grupo-de-jurados-desta-edicao\/#article\",\"isPartOf\":{\"@id\":\"https:\/\/www.sindmoveis.com.br\/es\/premio-salao-design-anuncia-o-primeiro-grupo-de-jurados-desta-edicao\/\"},\"author\":{\"name\":\"Imprensa Sindm\u00f3veis\",\"@id\":\"https:\/\/www.sindmoveis.com.br\/es\/#\/schema\/person\/16d379542db1950a17fe188179340d57\"},\"headline\":\"Premio Sal\u00e3o Design anuncia el primer grupo de jurados de esta edici\u00f3n\",\"datePublished\":\"2019-08-08T03:00:00+00:00\",\"dateModified\":\"2021-05-26T13:27:46+00:00\",\"mainEntityOfPage\":{\"@id\":\"https:\/\/www.sindmoveis.com.br\/es\/premio-salao-design-anuncia-o-primeiro-grupo-de-jurados-desta-edicao\/\"},\"wordCount\":1062,\"image\":{\"@id\":\"https:\/\/www.sindmoveis.com.br\/es\/premio-salao-design-anuncia-o-primeiro-grupo-de-jurados-desta-edicao\/#primaryimage\"},\"thumbnailUrl\":\"https:\/\/www.sindmoveis.com.br\/es\/wp-content\/uploads\/2021\/05\/p1565277298.jpg\",\"articleSection\":[\"Premio Sal\u00e3o Design\",\"Sindm\u00f3veis\"],\"inLanguage\":\"es\"},{\"@type\":\"WebPage\",\"@id\":\"https:\/\/www.sindmoveis.com.br\/es\/premio-salao-design-anuncia-o-primeiro-grupo-de-jurados-desta-edicao\/\",\"url\":\"https:\/\/www.sindmoveis.com.br\/es\/premio-salao-design-anuncia-o-primeiro-grupo-de-jurados-desta-edicao\/\",\"name\":\"Premio Sal\u00e3o Design anuncia el primer grupo de jurados de esta edici\u00f3n - Sindm\u00f3veis-RS\",\"isPartOf\":{\"@id\":\"https:\/\/www.sindmoveis.com.br\/es\/#website\"},\"primaryImageOfPage\":{\"@id\":\"https:\/\/www.sindmoveis.com.br\/es\/premio-salao-design-anuncia-o-primeiro-grupo-de-jurados-desta-edicao\/#primaryimage\"},\"image\":{\"@id\":\"https:\/\/www.sindmoveis.com.br\/es\/premio-salao-design-anuncia-o-primeiro-grupo-de-jurados-desta-edicao\/#primaryimage\"},\"thumbnailUrl\":\"https:\/\/www.sindmoveis.com.br\/es\/wp-content\/uploads\/2021\/05\/p1565277298.jpg\",\"datePublished\":\"2019-08-08T03:00:00+00:00\",\"dateModified\":\"2021-05-26T13:27:46+00:00\",\"author\":{\"@id\":\"https:\/\/www.sindmoveis.com.br\/es\/#\/schema\/person\/16d379542db1950a17fe188179340d57\"},\"inLanguage\":\"es\",\"potentialAction\":[{\"@type\":\"ReadAction\",\"target\":[\"https:\/\/www.sindmoveis.com.br\/es\/premio-salao-design-anuncia-o-primeiro-grupo-de-jurados-desta-edicao\/\"]}]},{\"@type\":\"ImageObject\",\"inLanguage\":\"es\",\"@id\":\"https:\/\/www.sindmoveis.com.br\/es\/premio-salao-design-anuncia-o-primeiro-grupo-de-jurados-desta-edicao\/#primaryimage\",\"url\":\"https:\/\/www.sindmoveis.com.br\/es\/wp-content\/uploads\/2021\/05\/p1565277298.jpg\",\"contentUrl\":\"https:\/\/www.sindmoveis.com.br\/es\/wp-content\/uploads\/2021\/05\/p1565277298.jpg\",\"width\":1204,\"height\":803},{\"@type\":\"WebSite\",\"@id\":\"https:\/\/www.sindmoveis.com.br\/es\/#website\",\"url\":\"https:\/\/www.sindmoveis.com.br\/es\/\",\"name\":\"Sindm\u00f3veis-RS\",\"description\":\"\",\"potentialAction\":[{\"@type\":\"SearchAction\",\"target\":{\"@type\":\"EntryPoint\",\"urlTemplate\":\"https:\/\/www.sindmoveis.com.br\/es\/?s={search_term_string}\"},\"query-input\":{\"@type\":\"PropertyValueSpecification\",\"valueRequired\":true,\"valueName\":\"search_term_string\"}}],\"inLanguage\":\"es\"},{\"@type\":\"Person\",\"@id\":\"https:\/\/www.sindmoveis.com.br\/es\/#\/schema\/person\/16d379542db1950a17fe188179340d57\",\"name\":\"Imprensa Sindm\u00f3veis\",\"image\":{\"@type\":\"ImageObject\",\"inLanguage\":\"es\",\"@id\":\"https:\/\/www.sindmoveis.com.br\/es\/#\/schema\/person\/image\/\",\"url\":\"https:\/\/secure.gravatar.com\/avatar\/4973e2e2c2a0cb5db30b0c7b770041b8e33d048a16b695a1f99c042449d4bfaf?s=96&d=mm&r=g\",\"contentUrl\":\"https:\/\/secure.gravatar.com\/avatar\/4973e2e2c2a0cb5db30b0c7b770041b8e33d048a16b695a1f99c042449d4bfaf?s=96&d=mm&r=g\",\"caption\":\"Imprensa Sindm\u00f3veis\"},\"url\":\"https:\/\/www.sindmoveis.com.br\/es\/author\/ana\/\"}]}<\/script>\n<!-- \/ Yoast SEO plugin. -->","yoast_head_json":{"title":"Premio Sal\u00e3o Design anuncia el primer grupo de jurados de esta edici\u00f3n - Sindm\u00f3veis-RS","robots":{"index":"index","follow":"follow","max-snippet":"max-snippet:-1","max-image-preview":"max-image-preview:large","max-video-preview":"max-video-preview:-1"},"canonical":"https:\/\/www.sindmoveis.com.br\/es\/premio-salao-design-anuncia-o-primeiro-grupo-de-jurados-desta-edicao\/","og_locale":"es_ES","og_type":"article","og_title":"Premio Sal\u00e3o Design anuncia el primer grupo de jurados de esta edici\u00f3n - Sindm\u00f3veis-RS","og_description":"Con modelo de evaluaci\u00f3n diferente en este a\u00f1o, ser\u00e1n 10 jurados divididos en dos grupos: el primero, t\u00e9cnico funcional y el segundo, est\u00e9tico creativo.","og_url":"https:\/\/www.sindmoveis.com.br\/es\/premio-salao-design-anuncia-o-primeiro-grupo-de-jurados-desta-edicao\/","og_site_name":"Sindm\u00f3veis-RS","article_published_time":"2019-08-08T03:00:00+00:00","article_modified_time":"2021-05-26T13:27:46+00:00","og_image":[{"width":1204,"height":803,"url":"https:\/\/www.sindmoveis.com.br\/es\/wp-content\/uploads\/2021\/05\/p1565277298.jpg","type":"image\/jpeg"}],"author":"Imprensa Sindm\u00f3veis","twitter_card":"summary_large_image","twitter_misc":{"Escrito por":"Imprensa Sindm\u00f3veis","Tiempo de lectura":"5 minutos"},"schema":{"@context":"https:\/\/schema.org","@graph":[{"@type":"Article","@id":"https:\/\/www.sindmoveis.com.br\/es\/premio-salao-design-anuncia-o-primeiro-grupo-de-jurados-desta-edicao\/#article","isPartOf":{"@id":"https:\/\/www.sindmoveis.com.br\/es\/premio-salao-design-anuncia-o-primeiro-grupo-de-jurados-desta-edicao\/"},"author":{"name":"Imprensa Sindm\u00f3veis","@id":"https:\/\/www.sindmoveis.com.br\/es\/#\/schema\/person\/16d379542db1950a17fe188179340d57"},"headline":"Premio Sal\u00e3o Design anuncia el primer grupo de jurados de esta edici\u00f3n","datePublished":"2019-08-08T03:00:00+00:00","dateModified":"2021-05-26T13:27:46+00:00","mainEntityOfPage":{"@id":"https:\/\/www.sindmoveis.com.br\/es\/premio-salao-design-anuncia-o-primeiro-grupo-de-jurados-desta-edicao\/"},"wordCount":1062,"image":{"@id":"https:\/\/www.sindmoveis.com.br\/es\/premio-salao-design-anuncia-o-primeiro-grupo-de-jurados-desta-edicao\/#primaryimage"},"thumbnailUrl":"https:\/\/www.sindmoveis.com.br\/es\/wp-content\/uploads\/2021\/05\/p1565277298.jpg","articleSection":["Premio Sal\u00e3o Design","Sindm\u00f3veis"],"inLanguage":"es"},{"@type":"WebPage","@id":"https:\/\/www.sindmoveis.com.br\/es\/premio-salao-design-anuncia-o-primeiro-grupo-de-jurados-desta-edicao\/","url":"https:\/\/www.sindmoveis.com.br\/es\/premio-salao-design-anuncia-o-primeiro-grupo-de-jurados-desta-edicao\/","name":"Premio Sal\u00e3o Design anuncia el primer grupo de jurados de esta edici\u00f3n - Sindm\u00f3veis-RS","isPartOf":{"@id":"https:\/\/www.sindmoveis.com.br\/es\/#website"},"primaryImageOfPage":{"@id":"https:\/\/www.sindmoveis.com.br\/es\/premio-salao-design-anuncia-o-primeiro-grupo-de-jurados-desta-edicao\/#primaryimage"},"image":{"@id":"https:\/\/www.sindmoveis.com.br\/es\/premio-salao-design-anuncia-o-primeiro-grupo-de-jurados-desta-edicao\/#primaryimage"},"thumbnailUrl":"https:\/\/www.sindmoveis.com.br\/es\/wp-content\/uploads\/2021\/05\/p1565277298.jpg","datePublished":"2019-08-08T03:00:00+00:00","dateModified":"2021-05-26T13:27:46+00:00","author":{"@id":"https:\/\/www.sindmoveis.com.br\/es\/#\/schema\/person\/16d379542db1950a17fe188179340d57"},"inLanguage":"es","potentialAction":[{"@type":"ReadAction","target":["https:\/\/www.sindmoveis.com.br\/es\/premio-salao-design-anuncia-o-primeiro-grupo-de-jurados-desta-edicao\/"]}]},{"@type":"ImageObject","inLanguage":"es","@id":"https:\/\/www.sindmoveis.com.br\/es\/premio-salao-design-anuncia-o-primeiro-grupo-de-jurados-desta-edicao\/#primaryimage","url":"https:\/\/www.sindmoveis.com.br\/es\/wp-content\/uploads\/2021\/05\/p1565277298.jpg","contentUrl":"https:\/\/www.sindmoveis.com.br\/es\/wp-content\/uploads\/2021\/05\/p1565277298.jpg","width":1204,"height":803},{"@type":"WebSite","@id":"https:\/\/www.sindmoveis.com.br\/es\/#website","url":"https:\/\/www.sindmoveis.com.br\/es\/","name":"Sindm\u00f3veis-RS","description":"","potentialAction":[{"@type":"SearchAction","target":{"@type":"EntryPoint","urlTemplate":"https:\/\/www.sindmoveis.com.br\/es\/?s={search_term_string}"},"query-input":{"@type":"PropertyValueSpecification","valueRequired":true,"valueName":"search_term_string"}}],"inLanguage":"es"},{"@type":"Person","@id":"https:\/\/www.sindmoveis.com.br\/es\/#\/schema\/person\/16d379542db1950a17fe188179340d57","name":"Imprensa Sindm\u00f3veis","image":{"@type":"ImageObject","inLanguage":"es","@id":"https:\/\/www.sindmoveis.com.br\/es\/#\/schema\/person\/image\/","url":"https:\/\/secure.gravatar.com\/avatar\/4973e2e2c2a0cb5db30b0c7b770041b8e33d048a16b695a1f99c042449d4bfaf?s=96&d=mm&r=g","contentUrl":"https:\/\/secure.gravatar.com\/avatar\/4973e2e2c2a0cb5db30b0c7b770041b8e33d048a16b695a1f99c042449d4bfaf?s=96&d=mm&r=g","caption":"Imprensa Sindm\u00f3veis"},"url":"https:\/\/www.sindmoveis.com.br\/es\/author\/ana\/"}]}},"_links":{"self":[{"href":"https:\/\/www.sindmoveis.com.br\/es\/wp-json\/wp\/v2\/posts\/1450","targetHints":{"allow":["GET"]}}],"collection":[{"href":"https:\/\/www.sindmoveis.com.br\/es\/wp-json\/wp\/v2\/posts"}],"about":[{"href":"https:\/\/www.sindmoveis.com.br\/es\/wp-json\/wp\/v2\/types\/post"}],"author":[{"embeddable":true,"href":"https:\/\/www.sindmoveis.com.br\/es\/wp-json\/wp\/v2\/users\/5"}],"replies":[{"embeddable":true,"href":"https:\/\/www.sindmoveis.com.br\/es\/wp-json\/wp\/v2\/comments?post=1450"}],"version-history":[{"count":2,"href":"https:\/\/www.sindmoveis.com.br\/es\/wp-json\/wp\/v2\/posts\/1450\/revisions"}],"predecessor-version":[{"id":3735,"href":"https:\/\/www.sindmoveis.com.br\/es\/wp-json\/wp\/v2\/posts\/1450\/revisions\/3735"}],"wp:featuredmedia":[{"embeddable":true,"href":"https:\/\/www.sindmoveis.com.br\/es\/wp-json\/wp\/v2\/media\/3736"}],"wp:attachment":[{"href":"https:\/\/www.sindmoveis.com.br\/es\/wp-json\/wp\/v2\/media?parent=1450"}],"wp:term":[{"taxonomy":"category","embeddable":true,"href":"https:\/\/www.sindmoveis.com.br\/es\/wp-json\/wp\/v2\/categories?post=1450"},{"taxonomy":"post_tag","embeddable":true,"href":"https:\/\/www.sindmoveis.com.br\/es\/wp-json\/wp\/v2\/tags?post=1450"}],"curies":[{"name":"wp","href":"https:\/\/api.w.org\/{rel}","templated":true}]}}