{"id":1447,"date":"2019-07-29T00:00:00","date_gmt":"2019-07-29T03:00:00","guid":{"rendered":"http:\/\/sindmoveis.com.br\/imprensa\/noticias\/grandes-marcas-confirmam-presenca-na-movelsul-brasil-2020\/"},"modified":"2021-05-26T10:31:42","modified_gmt":"2021-05-26T13:31:42","slug":"grandes-marcas-confirmam-presenca-na-movelsul-brasil-2020","status":"publish","type":"post","link":"https:\/\/www.sindmoveis.com.br\/es\/grandes-marcas-confirmam-presenca-na-movelsul-brasil-2020\/","title":{"rendered":"Grandes marcas confirman presencIa en Movelsul Brasil 2020"},"content":{"rendered":"<p>Movelsul Brasil principal feria de muebles de Am&eacute;rica Latina para el revendedor e importador, ya est&aacute; con 75% de sus espacios comercializados para la pr&oacute;xima edici&oacute;n, que se realiza de 16 a 19 de marzo de 2020, en Bento Gon&ccedil;alves. Grandes marcas como Bertolini, Carraro, Castor Colch&otilde;es, Caemmun, Kappesberg, Moval, Herval, DJ M&oacute;veis y Tramontina est&aacute;n confirmadas. La feria espera 200 expositores de alta escala, decoraci&oacute;n, muebles proyectados y mobiliario corporativo.<\/p>\n<p>Una agenda intensa de proyectos paralelos ampl&iacute;a los atractivos de Movelsul Brasil para el p&uacute;blico nacional y extranjero, garantizando un ambiente positivo de negocios para la industria del mobiliario, con p&uacute;blico calificado de, por lo menos 30 pa&iacute;ses. Ser&aacute;n tra&iacute;dos 400 revendedores con gastos pagados por la feria y alto potencial de negociaci&oacute;n &ndash; 300 nacionales y 100 compradores internacionales para las rondas de negocio del Proyecto Comprador.<\/p>\n<p>El presidente de Sindm&oacute;veis, Vinicius Benini, destaca que Movelsul Brasil tiene la garant&iacute;a de ser una feria del sector del mobiliario para este mismo sector, con competencia para reunir frente a frente los principales <em>players<\/em> de la cadena para la promoci&oacute;n de negocios y para que la industria comunique al comerciante minorista y al importador sus inversiones en innovaci&oacute;n, tecnolog&iacute;as y productividad. &ldquo;Estamos trabajando para ampliar el n&uacute;mero de visitas de profesionales calificados, que vengan con potencial de negocios directos con la industria expositora&rdquo;, puntualiza.<\/p>\n<p>Uno de los mayores expositores de Movelsul Brasil, Tramontina, viene participando de la feria desde 1982. Para la pr&oacute;xima edici&oacute;n, la empresa va a exponer sus l&iacute;neas de muebles para &aacute;reas internas e externas. El presidente de Tramontina, Clovis Tramontina, considera que la participaci&oacute;n en 2018 fue extremadamente positiva, posibilitando diversos contactos y propuestas de negocios. &ldquo;Recibimos en el stand un p&uacute;blico calificado como arquitectos, fabricantes y revendedores, adem&aacute;s de nuestros principales clientes, lo que gener&oacute; gran flujo de personas durante los d&iacute;as de la feria. Presentamos nuestros productos m&aacute;s destacados, que despiertan inter&eacute;s del p&uacute;blico nacional e internacional&rdquo;, afirma.<\/p>\n<p>Empresa expositora desde 2004, Caemmun Movelaria tiene a Movelsul en su estrategia de posicionamiento, en virtud de la calidad del p&uacute;blico de revendedores que la visita, tanto nacional como de importadores, y los resultados obtenidos a lo largo del tempo en negocios realizados en la feria. El presidente ejecutivo del Grupo Munhoz Caetano, Diego Munhoz, puntualiza que la &uacute;ltima edici&oacute;n de Movelsul Brasil fue r&eacute;cord en volumen de visitas en el stand y ventas generadas a partir de las rondas de negocios internacionales, as&iacute; como tambi&eacute;n en el propio stand. &ldquo;La perspectiva para la pr&oacute;xima edici&oacute;n es muy promisora, visto que la relevancia del evento para nuestra estrategia comercial va al encuentro de la entrega que el evento proporciona en negocios, relaciones y servicios a nuestros clientes&rdquo;, destaca.<\/p>\n<p>A Movelsul Brasil &eacute; a maior feira de m&oacute;veis da Am&eacute;rica Latina em &aacute;rea de exposi&ccedil;&atilde;o e n&uacute;mero de expositores, realizada com assertividade desde 1977 pelo Sindm&oacute;veis Bento Gon&ccedil;alves. &Eacute; realizada no maior polo moveleiro do pa&iacute;s: um evento com grande potencial de neg&oacute;cios no mercado interno e forte atra&ccedil;&atilde;o a importadores dos principais mercados-alvo para a ind&uacute;stria brasileira de m&oacute;veis.<\/p>\n<p>Movelsul Brasil es la mayor feria de muebles de Am&eacute;rica Latina en &aacute;rea de exposici&oacute;n y n&uacute;mero de expositores, realizada con asertividad desde 1977 por el Sindicato de las Industrias del Mobiliario de Bento Gon&ccedil;alves &ndash; Sindm&oacute;veis. Es realizada en el mayor polo mobiliario del pa&iacute;s: un evento con gran potencial de negocios en el mercado interno y fuerte atracci&oacute;n para importadores de los principales pa&iacute;ses que la industria brasile&ntilde;a de muebles pretende alcanzar.<\/p>\n<p>&nbsp;<strong>Movelsul Brasil 2020<\/strong><\/p>\n<p><strong>Feria de Muebles y complementos para revendedor e importador<\/strong><\/p>\n<p><strong>Cu&aacute;ndo<\/strong>: 16 a 19 de marzo de 2020, de las 12h a las 19h<\/p>\n<p><strong>D&oacute;nde<\/strong>: Parque de Eventos de Bento Gon&ccedil;alves (Alameda Fenavinho, 481)<\/p>\n<p>Entrada gratuita mediante acreditaci&oacute;n. Abierta apenas al p&uacute;blico profesional (revendedores, representantes, arquitectos, dise&ntilde;adores, decoradores, importadores, profesionales de la construcci&oacute;n civil y prensa)<\/p>\n<p><strong>Para m&aacute;s <\/strong><strong>informaciones:<\/strong><\/p>\n<p><a href=\"http:\/\/www.movelsul.com.br\/\">www.movelsul.com.br<\/a><\/p>\n<p><a href=\"http:\/\/www.facebook.com\/movelsul.brasil\">www.facebook.com\/movelsul.brasil<\/a><\/p>\n","protected":false},"excerpt":{"rendered":"<p>Feria est\u00e1 con 75% de los espacios disponibles comercializados y ocurre de 16 a 19 de marzo, en Bento Gon\u00e7alves<\/p>\n","protected":false},"author":5,"featured_media":3732,"comment_status":"closed","ping_status":"open","sticky":false,"template":"","format":"standard","meta":{"footnotes":"","_links_to":"","_links_to_target":""},"categories":[23,2],"tags":[],"class_list":["post-1447","post","type-post","status-publish","format-standard","has-post-thumbnail","hentry","category-movelsul","category-sindmoveis"],"yoast_head":"<!-- This site is optimized with the Yoast SEO plugin v27.0 - https:\/\/yoast.com\/product\/yoast-seo-wordpress\/ -->\n<title>Grandes marcas confirman presencIa en Movelsul Brasil 2020 - Sindm\u00f3veis-RS<\/title>\n<meta name=\"robots\" content=\"index, follow, max-snippet:-1, max-image-preview:large, max-video-preview:-1\" \/>\n<link rel=\"canonical\" href=\"https:\/\/www.sindmoveis.com.br\/es\/grandes-marcas-confirmam-presenca-na-movelsul-brasil-2020\/\" \/>\n<meta property=\"og:locale\" content=\"es_ES\" \/>\n<meta property=\"og:type\" content=\"article\" \/>\n<meta property=\"og:title\" content=\"Grandes marcas confirman presencIa en Movelsul Brasil 2020 - Sindm\u00f3veis-RS\" \/>\n<meta property=\"og:description\" content=\"Feria est\u00e1 con 75% de los espacios disponibles comercializados y ocurre de 16 a 19 de marzo, en Bento Gon\u00e7alves\" \/>\n<meta property=\"og:url\" content=\"https:\/\/www.sindmoveis.com.br\/es\/grandes-marcas-confirmam-presenca-na-movelsul-brasil-2020\/\" \/>\n<meta property=\"og:site_name\" content=\"Sindm\u00f3veis-RS\" \/>\n<meta property=\"article:published_time\" content=\"2019-07-29T03:00:00+00:00\" \/>\n<meta property=\"article:modified_time\" content=\"2021-05-26T13:31:42+00:00\" \/>\n<meta property=\"og:image\" content=\"https:\/\/www.sindmoveis.com.br\/es\/wp-content\/uploads\/2021\/05\/p1564411588.jpg\" \/>\n\t<meta property=\"og:image:width\" content=\"945\" \/>\n\t<meta property=\"og:image:height\" content=\"630\" \/>\n\t<meta property=\"og:image:type\" content=\"image\/jpeg\" \/>\n<meta name=\"author\" content=\"Imprensa Sindm\u00f3veis\" \/>\n<meta name=\"twitter:card\" content=\"summary_large_image\" \/>\n<meta name=\"twitter:label1\" content=\"Escrito por\" \/>\n\t<meta name=\"twitter:data1\" content=\"Imprensa Sindm\u00f3veis\" \/>\n\t<meta name=\"twitter:label2\" content=\"Tiempo de lectura\" \/>\n\t<meta name=\"twitter:data2\" content=\"4 minutos\" \/>\n<script type=\"application\/ld+json\" class=\"yoast-schema-graph\">{\"@context\":\"https:\/\/schema.org\",\"@graph\":[{\"@type\":\"Article\",\"@id\":\"https:\/\/www.sindmoveis.com.br\/es\/grandes-marcas-confirmam-presenca-na-movelsul-brasil-2020\/#article\",\"isPartOf\":{\"@id\":\"https:\/\/www.sindmoveis.com.br\/es\/grandes-marcas-confirmam-presenca-na-movelsul-brasil-2020\/\"},\"author\":{\"name\":\"Imprensa Sindm\u00f3veis\",\"@id\":\"https:\/\/www.sindmoveis.com.br\/es\/#\/schema\/person\/16d379542db1950a17fe188179340d57\"},\"headline\":\"Grandes marcas confirman presencIa en Movelsul Brasil 2020\",\"datePublished\":\"2019-07-29T03:00:00+00:00\",\"dateModified\":\"2021-05-26T13:31:42+00:00\",\"mainEntityOfPage\":{\"@id\":\"https:\/\/www.sindmoveis.com.br\/es\/grandes-marcas-confirmam-presenca-na-movelsul-brasil-2020\/\"},\"wordCount\":791,\"image\":{\"@id\":\"https:\/\/www.sindmoveis.com.br\/es\/grandes-marcas-confirmam-presenca-na-movelsul-brasil-2020\/#primaryimage\"},\"thumbnailUrl\":\"https:\/\/www.sindmoveis.com.br\/es\/wp-content\/uploads\/2021\/05\/p1564411588.jpg\",\"articleSection\":[\"Movelsul\",\"Sindm\u00f3veis\"],\"inLanguage\":\"es\"},{\"@type\":\"WebPage\",\"@id\":\"https:\/\/www.sindmoveis.com.br\/es\/grandes-marcas-confirmam-presenca-na-movelsul-brasil-2020\/\",\"url\":\"https:\/\/www.sindmoveis.com.br\/es\/grandes-marcas-confirmam-presenca-na-movelsul-brasil-2020\/\",\"name\":\"Grandes marcas confirman presencIa en Movelsul Brasil 2020 - Sindm\u00f3veis-RS\",\"isPartOf\":{\"@id\":\"https:\/\/www.sindmoveis.com.br\/es\/#website\"},\"primaryImageOfPage\":{\"@id\":\"https:\/\/www.sindmoveis.com.br\/es\/grandes-marcas-confirmam-presenca-na-movelsul-brasil-2020\/#primaryimage\"},\"image\":{\"@id\":\"https:\/\/www.sindmoveis.com.br\/es\/grandes-marcas-confirmam-presenca-na-movelsul-brasil-2020\/#primaryimage\"},\"thumbnailUrl\":\"https:\/\/www.sindmoveis.com.br\/es\/wp-content\/uploads\/2021\/05\/p1564411588.jpg\",\"datePublished\":\"2019-07-29T03:00:00+00:00\",\"dateModified\":\"2021-05-26T13:31:42+00:00\",\"author\":{\"@id\":\"https:\/\/www.sindmoveis.com.br\/es\/#\/schema\/person\/16d379542db1950a17fe188179340d57\"},\"inLanguage\":\"es\",\"potentialAction\":[{\"@type\":\"ReadAction\",\"target\":[\"https:\/\/www.sindmoveis.com.br\/es\/grandes-marcas-confirmam-presenca-na-movelsul-brasil-2020\/\"]}]},{\"@type\":\"ImageObject\",\"inLanguage\":\"es\",\"@id\":\"https:\/\/www.sindmoveis.com.br\/es\/grandes-marcas-confirmam-presenca-na-movelsul-brasil-2020\/#primaryimage\",\"url\":\"https:\/\/www.sindmoveis.com.br\/es\/wp-content\/uploads\/2021\/05\/p1564411588.jpg\",\"contentUrl\":\"https:\/\/www.sindmoveis.com.br\/es\/wp-content\/uploads\/2021\/05\/p1564411588.jpg\",\"width\":945,\"height\":630},{\"@type\":\"WebSite\",\"@id\":\"https:\/\/www.sindmoveis.com.br\/es\/#website\",\"url\":\"https:\/\/www.sindmoveis.com.br\/es\/\",\"name\":\"Sindm\u00f3veis-RS\",\"description\":\"\",\"potentialAction\":[{\"@type\":\"SearchAction\",\"target\":{\"@type\":\"EntryPoint\",\"urlTemplate\":\"https:\/\/www.sindmoveis.com.br\/es\/?s={search_term_string}\"},\"query-input\":{\"@type\":\"PropertyValueSpecification\",\"valueRequired\":true,\"valueName\":\"search_term_string\"}}],\"inLanguage\":\"es\"},{\"@type\":\"Person\",\"@id\":\"https:\/\/www.sindmoveis.com.br\/es\/#\/schema\/person\/16d379542db1950a17fe188179340d57\",\"name\":\"Imprensa Sindm\u00f3veis\",\"image\":{\"@type\":\"ImageObject\",\"inLanguage\":\"es\",\"@id\":\"https:\/\/www.sindmoveis.com.br\/es\/#\/schema\/person\/image\/\",\"url\":\"https:\/\/secure.gravatar.com\/avatar\/4973e2e2c2a0cb5db30b0c7b770041b8e33d048a16b695a1f99c042449d4bfaf?s=96&d=mm&r=g\",\"contentUrl\":\"https:\/\/secure.gravatar.com\/avatar\/4973e2e2c2a0cb5db30b0c7b770041b8e33d048a16b695a1f99c042449d4bfaf?s=96&d=mm&r=g\",\"caption\":\"Imprensa Sindm\u00f3veis\"},\"url\":\"https:\/\/www.sindmoveis.com.br\/es\/author\/ana\/\"}]}<\/script>\n<!-- \/ Yoast SEO plugin. -->","yoast_head_json":{"title":"Grandes marcas confirman presencIa en Movelsul Brasil 2020 - Sindm\u00f3veis-RS","robots":{"index":"index","follow":"follow","max-snippet":"max-snippet:-1","max-image-preview":"max-image-preview:large","max-video-preview":"max-video-preview:-1"},"canonical":"https:\/\/www.sindmoveis.com.br\/es\/grandes-marcas-confirmam-presenca-na-movelsul-brasil-2020\/","og_locale":"es_ES","og_type":"article","og_title":"Grandes marcas confirman presencIa en Movelsul Brasil 2020 - Sindm\u00f3veis-RS","og_description":"Feria est\u00e1 con 75% de los espacios disponibles comercializados y ocurre de 16 a 19 de marzo, en Bento Gon\u00e7alves","og_url":"https:\/\/www.sindmoveis.com.br\/es\/grandes-marcas-confirmam-presenca-na-movelsul-brasil-2020\/","og_site_name":"Sindm\u00f3veis-RS","article_published_time":"2019-07-29T03:00:00+00:00","article_modified_time":"2021-05-26T13:31:42+00:00","og_image":[{"width":945,"height":630,"url":"https:\/\/www.sindmoveis.com.br\/es\/wp-content\/uploads\/2021\/05\/p1564411588.jpg","type":"image\/jpeg"}],"author":"Imprensa Sindm\u00f3veis","twitter_card":"summary_large_image","twitter_misc":{"Escrito por":"Imprensa Sindm\u00f3veis","Tiempo de lectura":"4 minutos"},"schema":{"@context":"https:\/\/schema.org","@graph":[{"@type":"Article","@id":"https:\/\/www.sindmoveis.com.br\/es\/grandes-marcas-confirmam-presenca-na-movelsul-brasil-2020\/#article","isPartOf":{"@id":"https:\/\/www.sindmoveis.com.br\/es\/grandes-marcas-confirmam-presenca-na-movelsul-brasil-2020\/"},"author":{"name":"Imprensa Sindm\u00f3veis","@id":"https:\/\/www.sindmoveis.com.br\/es\/#\/schema\/person\/16d379542db1950a17fe188179340d57"},"headline":"Grandes marcas confirman presencIa en Movelsul Brasil 2020","datePublished":"2019-07-29T03:00:00+00:00","dateModified":"2021-05-26T13:31:42+00:00","mainEntityOfPage":{"@id":"https:\/\/www.sindmoveis.com.br\/es\/grandes-marcas-confirmam-presenca-na-movelsul-brasil-2020\/"},"wordCount":791,"image":{"@id":"https:\/\/www.sindmoveis.com.br\/es\/grandes-marcas-confirmam-presenca-na-movelsul-brasil-2020\/#primaryimage"},"thumbnailUrl":"https:\/\/www.sindmoveis.com.br\/es\/wp-content\/uploads\/2021\/05\/p1564411588.jpg","articleSection":["Movelsul","Sindm\u00f3veis"],"inLanguage":"es"},{"@type":"WebPage","@id":"https:\/\/www.sindmoveis.com.br\/es\/grandes-marcas-confirmam-presenca-na-movelsul-brasil-2020\/","url":"https:\/\/www.sindmoveis.com.br\/es\/grandes-marcas-confirmam-presenca-na-movelsul-brasil-2020\/","name":"Grandes marcas confirman presencIa en Movelsul Brasil 2020 - Sindm\u00f3veis-RS","isPartOf":{"@id":"https:\/\/www.sindmoveis.com.br\/es\/#website"},"primaryImageOfPage":{"@id":"https:\/\/www.sindmoveis.com.br\/es\/grandes-marcas-confirmam-presenca-na-movelsul-brasil-2020\/#primaryimage"},"image":{"@id":"https:\/\/www.sindmoveis.com.br\/es\/grandes-marcas-confirmam-presenca-na-movelsul-brasil-2020\/#primaryimage"},"thumbnailUrl":"https:\/\/www.sindmoveis.com.br\/es\/wp-content\/uploads\/2021\/05\/p1564411588.jpg","datePublished":"2019-07-29T03:00:00+00:00","dateModified":"2021-05-26T13:31:42+00:00","author":{"@id":"https:\/\/www.sindmoveis.com.br\/es\/#\/schema\/person\/16d379542db1950a17fe188179340d57"},"inLanguage":"es","potentialAction":[{"@type":"ReadAction","target":["https:\/\/www.sindmoveis.com.br\/es\/grandes-marcas-confirmam-presenca-na-movelsul-brasil-2020\/"]}]},{"@type":"ImageObject","inLanguage":"es","@id":"https:\/\/www.sindmoveis.com.br\/es\/grandes-marcas-confirmam-presenca-na-movelsul-brasil-2020\/#primaryimage","url":"https:\/\/www.sindmoveis.com.br\/es\/wp-content\/uploads\/2021\/05\/p1564411588.jpg","contentUrl":"https:\/\/www.sindmoveis.com.br\/es\/wp-content\/uploads\/2021\/05\/p1564411588.jpg","width":945,"height":630},{"@type":"WebSite","@id":"https:\/\/www.sindmoveis.com.br\/es\/#website","url":"https:\/\/www.sindmoveis.com.br\/es\/","name":"Sindm\u00f3veis-RS","description":"","potentialAction":[{"@type":"SearchAction","target":{"@type":"EntryPoint","urlTemplate":"https:\/\/www.sindmoveis.com.br\/es\/?s={search_term_string}"},"query-input":{"@type":"PropertyValueSpecification","valueRequired":true,"valueName":"search_term_string"}}],"inLanguage":"es"},{"@type":"Person","@id":"https:\/\/www.sindmoveis.com.br\/es\/#\/schema\/person\/16d379542db1950a17fe188179340d57","name":"Imprensa Sindm\u00f3veis","image":{"@type":"ImageObject","inLanguage":"es","@id":"https:\/\/www.sindmoveis.com.br\/es\/#\/schema\/person\/image\/","url":"https:\/\/secure.gravatar.com\/avatar\/4973e2e2c2a0cb5db30b0c7b770041b8e33d048a16b695a1f99c042449d4bfaf?s=96&d=mm&r=g","contentUrl":"https:\/\/secure.gravatar.com\/avatar\/4973e2e2c2a0cb5db30b0c7b770041b8e33d048a16b695a1f99c042449d4bfaf?s=96&d=mm&r=g","caption":"Imprensa Sindm\u00f3veis"},"url":"https:\/\/www.sindmoveis.com.br\/es\/author\/ana\/"}]}},"_links":{"self":[{"href":"https:\/\/www.sindmoveis.com.br\/es\/wp-json\/wp\/v2\/posts\/1447","targetHints":{"allow":["GET"]}}],"collection":[{"href":"https:\/\/www.sindmoveis.com.br\/es\/wp-json\/wp\/v2\/posts"}],"about":[{"href":"https:\/\/www.sindmoveis.com.br\/es\/wp-json\/wp\/v2\/types\/post"}],"author":[{"embeddable":true,"href":"https:\/\/www.sindmoveis.com.br\/es\/wp-json\/wp\/v2\/users\/5"}],"replies":[{"embeddable":true,"href":"https:\/\/www.sindmoveis.com.br\/es\/wp-json\/wp\/v2\/comments?post=1447"}],"version-history":[{"count":2,"href":"https:\/\/www.sindmoveis.com.br\/es\/wp-json\/wp\/v2\/posts\/1447\/revisions"}],"predecessor-version":[{"id":3731,"href":"https:\/\/www.sindmoveis.com.br\/es\/wp-json\/wp\/v2\/posts\/1447\/revisions\/3731"}],"wp:featuredmedia":[{"embeddable":true,"href":"https:\/\/www.sindmoveis.com.br\/es\/wp-json\/wp\/v2\/media\/3732"}],"wp:attachment":[{"href":"https:\/\/www.sindmoveis.com.br\/es\/wp-json\/wp\/v2\/media?parent=1447"}],"wp:term":[{"taxonomy":"category","embeddable":true,"href":"https:\/\/www.sindmoveis.com.br\/es\/wp-json\/wp\/v2\/categories?post=1447"},{"taxonomy":"post_tag","embeddable":true,"href":"https:\/\/www.sindmoveis.com.br\/es\/wp-json\/wp\/v2\/tags?post=1447"}],"curies":[{"name":"wp","href":"https:\/\/api.w.org\/{rel}","templated":true}]}}