{"id":1442,"date":"2019-07-01T00:00:00","date_gmt":"2019-07-01T03:00:00","guid":{"rendered":"http:\/\/sindmoveis.com.br\/imprensa\/noticias\/movelsul-brasil-de-olho-no-acordo-comercial-entre-mercosul-e-uniao-europeia\/"},"modified":"2021-05-26T10:31:42","modified_gmt":"2021-05-26T13:31:42","slug":"movelsul-brasil-de-olho-no-acordo-comercial-entre-mercosul-e-uniao-europeia","status":"publish","type":"post","link":"https:\/\/www.sindmoveis.com.br\/es\/movelsul-brasil-de-olho-no-acordo-comercial-entre-mercosul-e-uniao-europeia\/","title":{"rendered":"Movelsul Brasil a la expectativa con el acuerdo comercial entre Mercosul y Uni\u00f3n Europea"},"content":{"rendered":"<p>El acuerdo comercial entre Mercosul y la Uni&oacute;n Europea ampli&oacute; todav&iacute;a m&aacute;s las expectativas de fortalecimiento en las exportaciones del polo mobiliario de Bento Gon&ccedil;alves. Al contrario de R&iacute;o Grande do Sul y de Brasil como un todo, donde las exportaciones de muebles vienen cayendo, en el polo el desempe&ntilde;o es creciente desde hace por lo menos 30 meses. Dentro de ese escenario, el Reino Unido est&aacute; ganando posiciones entre los mayores compradores de muebles del polo, habiendo subido de 14&deg; en el ranking de las exportaciones en 2018 para 7&ordf; posici&oacute;n actualmente.<\/p>\n<p>El polo mobiliario de Bento Gon&ccedil;alves &ndash; que abarca los municipios de Bento Gon&ccedil;alves, Monte Belo do Sul, Pinto Bandeira y Santa Teresa &ndash; export&oacute; 1.360.000 d&oacute;lares para el Reino Unido en 2018, un crecimiento de 48% con relaci&oacute;n al a&ntilde;o anterior. Especialmente despu&eacute;s del anuncio del &uacute;ltimo viernes, la percepci&oacute;n de escenario competitivo queda m&aacute;s positiva, en funci&oacute;n del acuerdo. Adem&aacute;s del Reino Unido ha mantenido alg&uacute;n volumen de importaci&oacute;n de muebles del polo, pero nada que se considere expresivo. Actualmente, los mayores compradores de muebles del polo a&uacute;n son Estados Unidos y pa&iacute;ses de Am&eacute;rica Latina.<\/p>\n<p>Para el director internacional de Sindm&oacute;veis, Leonardo Dartora, es bastante reciente para trazar cualquier meta cuantitativa, pero la percepci&oacute;n de condiciones m&aacute;s ecu&aacute;nimes de competitividad puede generar buenos resultados para las exportaciones del polo, aunque las tarifas no sean hoy un desaf&iacute;o de competitividad. De inmediato, se espera que las empresas fabricantes de muebles realicen un mayor esfuerzo comercial dirigido a los pa&iacute;ses europeos. Movelsul Brasil har&aacute; su parte para fomentar negocios con el bloque y, entre los 100 compradores extranjeros que ser&aacute;n invitados para la feria con gastos pagados, habr&aacute; un buen n&uacute;mero de distribuidores y revendedores europeos.<\/p>\n<p>Faltando ocho meses para la feria, el equipo internacional de Sindm&oacute;veis est&aacute; en fase de selecci&oacute;n de importadores para el Proyecto Comprador. &ldquo;Las empresas de la Uni&oacute;n Europea tender&aacute;n a ver el Mercosur con una mejor visi&oacute;n, comercialmente hablando. Trat&aacute;ndose de la industria el mobiliario, Brasil seguramente tiene mucha ventaja con relaci&oacute;n a los pa&iacute;ses vecinos&rdquo;, puntualiza Dartora.<\/p>\n<p>&nbsp;<\/p>\n<p><strong>Sobre Movelsul<\/strong><\/p>\n<p>Movelsul Brasil 2020 ser&aacute; de 16 a 19 de marzo, con cinco pabellones y 30.458m&sup2; de &aacute;rea. Son esperados por lo menos 200 expositores de alta escala, decoraci&oacute;n, muebles proyectados y mobiliario corporativo. Adem&aacute;s del p&uacute;blico calificado de revendedores brasile&ntilde;os, Movelsul Brasil tiene un fuerte posicionamiento internacional en los mercados de inter&eacute;s para la industria brasile&ntilde;a de muebles.<\/p>\n<p>Promovida por Sindm&oacute;veis Bento Gon&ccedil;alves, Movelsul Brasil es la mayor plataforma de negocios de Am&eacute;rica Latina para el sector del mobiliario, conjugando un ambiente de ventas e incremento de imagen para la industria del mobiliario. En su historia, Movelsul Brasil ya ha tenido m&aacute;s de 1.700 empresas expositoras. La primera edici&oacute;n de la feria ocurri&oacute; en 1977, a&ntilde;o en que el sector del mobiliario se consolid&oacute; como actividad l&iacute;der en la econom&iacute;a de Bento Gon&ccedil;alves.<\/p>\n","protected":false},"excerpt":{"rendered":"<p>Feria de muebles en Bento Gon\u00e7alves traer\u00e1 100 compradores extranjeros con gastos pagados para la pr\u00f3xima edici\u00f3n de la feria y la expectativa es de ampliar negocios con pa\u00edses europeos<\/p>\n","protected":false},"author":5,"featured_media":0,"comment_status":"closed","ping_status":"open","sticky":false,"template":"","format":"standard","meta":{"footnotes":"","_links_to":"","_links_to_target":""},"categories":[23,2],"tags":[],"class_list":["post-1442","post","type-post","status-publish","format-standard","hentry","category-movelsul","category-sindmoveis"],"yoast_head":"<!-- This site is optimized with the Yoast SEO plugin v27.0 - https:\/\/yoast.com\/product\/yoast-seo-wordpress\/ -->\n<title>Movelsul Brasil a la expectativa con el acuerdo comercial entre Mercosul y Uni\u00f3n Europea - Sindm\u00f3veis-RS<\/title>\n<meta name=\"robots\" content=\"index, follow, max-snippet:-1, max-image-preview:large, max-video-preview:-1\" \/>\n<link rel=\"canonical\" href=\"https:\/\/www.sindmoveis.com.br\/es\/movelsul-brasil-de-olho-no-acordo-comercial-entre-mercosul-e-uniao-europeia\/\" \/>\n<meta property=\"og:locale\" content=\"es_ES\" \/>\n<meta property=\"og:type\" content=\"article\" \/>\n<meta property=\"og:title\" content=\"Movelsul Brasil a la expectativa con el acuerdo comercial entre Mercosul y Uni\u00f3n Europea - Sindm\u00f3veis-RS\" \/>\n<meta property=\"og:description\" content=\"Feria de muebles en Bento Gon\u00e7alves traer\u00e1 100 compradores extranjeros con gastos pagados para la pr\u00f3xima edici\u00f3n de la feria y la expectativa es de ampliar negocios con pa\u00edses europeos\" \/>\n<meta property=\"og:url\" content=\"https:\/\/www.sindmoveis.com.br\/es\/movelsul-brasil-de-olho-no-acordo-comercial-entre-mercosul-e-uniao-europeia\/\" \/>\n<meta property=\"og:site_name\" content=\"Sindm\u00f3veis-RS\" \/>\n<meta property=\"article:published_time\" content=\"2019-07-01T03:00:00+00:00\" \/>\n<meta property=\"article:modified_time\" content=\"2021-05-26T13:31:42+00:00\" \/>\n<meta name=\"author\" content=\"Imprensa Sindm\u00f3veis\" \/>\n<meta name=\"twitter:card\" content=\"summary_large_image\" \/>\n<meta name=\"twitter:label1\" content=\"Escrito por\" \/>\n\t<meta name=\"twitter:data1\" content=\"Imprensa Sindm\u00f3veis\" \/>\n\t<meta name=\"twitter:label2\" content=\"Tiempo de lectura\" \/>\n\t<meta name=\"twitter:data2\" content=\"3 minutos\" \/>\n<script type=\"application\/ld+json\" class=\"yoast-schema-graph\">{\"@context\":\"https:\/\/schema.org\",\"@graph\":[{\"@type\":\"Article\",\"@id\":\"https:\/\/www.sindmoveis.com.br\/es\/movelsul-brasil-de-olho-no-acordo-comercial-entre-mercosul-e-uniao-europeia\/#article\",\"isPartOf\":{\"@id\":\"https:\/\/www.sindmoveis.com.br\/es\/movelsul-brasil-de-olho-no-acordo-comercial-entre-mercosul-e-uniao-europeia\/\"},\"author\":{\"name\":\"Imprensa Sindm\u00f3veis\",\"@id\":\"https:\/\/www.sindmoveis.com.br\/es\/#\/schema\/person\/16d379542db1950a17fe188179340d57\"},\"headline\":\"Movelsul Brasil a la expectativa con el acuerdo comercial entre Mercosul y Uni\u00f3n Europea\",\"datePublished\":\"2019-07-01T03:00:00+00:00\",\"dateModified\":\"2021-05-26T13:31:42+00:00\",\"mainEntityOfPage\":{\"@id\":\"https:\/\/www.sindmoveis.com.br\/es\/movelsul-brasil-de-olho-no-acordo-comercial-entre-mercosul-e-uniao-europeia\/\"},\"wordCount\":607,\"articleSection\":[\"Movelsul\",\"Sindm\u00f3veis\"],\"inLanguage\":\"es\"},{\"@type\":\"WebPage\",\"@id\":\"https:\/\/www.sindmoveis.com.br\/es\/movelsul-brasil-de-olho-no-acordo-comercial-entre-mercosul-e-uniao-europeia\/\",\"url\":\"https:\/\/www.sindmoveis.com.br\/es\/movelsul-brasil-de-olho-no-acordo-comercial-entre-mercosul-e-uniao-europeia\/\",\"name\":\"Movelsul Brasil a la expectativa con el acuerdo comercial entre Mercosul y Uni\u00f3n Europea - Sindm\u00f3veis-RS\",\"isPartOf\":{\"@id\":\"https:\/\/www.sindmoveis.com.br\/es\/#website\"},\"datePublished\":\"2019-07-01T03:00:00+00:00\",\"dateModified\":\"2021-05-26T13:31:42+00:00\",\"author\":{\"@id\":\"https:\/\/www.sindmoveis.com.br\/es\/#\/schema\/person\/16d379542db1950a17fe188179340d57\"},\"inLanguage\":\"es\",\"potentialAction\":[{\"@type\":\"ReadAction\",\"target\":[\"https:\/\/www.sindmoveis.com.br\/es\/movelsul-brasil-de-olho-no-acordo-comercial-entre-mercosul-e-uniao-europeia\/\"]}]},{\"@type\":\"WebSite\",\"@id\":\"https:\/\/www.sindmoveis.com.br\/es\/#website\",\"url\":\"https:\/\/www.sindmoveis.com.br\/es\/\",\"name\":\"Sindm\u00f3veis-RS\",\"description\":\"\",\"potentialAction\":[{\"@type\":\"SearchAction\",\"target\":{\"@type\":\"EntryPoint\",\"urlTemplate\":\"https:\/\/www.sindmoveis.com.br\/es\/?s={search_term_string}\"},\"query-input\":{\"@type\":\"PropertyValueSpecification\",\"valueRequired\":true,\"valueName\":\"search_term_string\"}}],\"inLanguage\":\"es\"},{\"@type\":\"Person\",\"@id\":\"https:\/\/www.sindmoveis.com.br\/es\/#\/schema\/person\/16d379542db1950a17fe188179340d57\",\"name\":\"Imprensa Sindm\u00f3veis\",\"image\":{\"@type\":\"ImageObject\",\"inLanguage\":\"es\",\"@id\":\"https:\/\/www.sindmoveis.com.br\/es\/#\/schema\/person\/image\/\",\"url\":\"https:\/\/secure.gravatar.com\/avatar\/4973e2e2c2a0cb5db30b0c7b770041b8e33d048a16b695a1f99c042449d4bfaf?s=96&d=mm&r=g\",\"contentUrl\":\"https:\/\/secure.gravatar.com\/avatar\/4973e2e2c2a0cb5db30b0c7b770041b8e33d048a16b695a1f99c042449d4bfaf?s=96&d=mm&r=g\",\"caption\":\"Imprensa Sindm\u00f3veis\"},\"url\":\"https:\/\/www.sindmoveis.com.br\/es\/author\/ana\/\"}]}<\/script>\n<!-- \/ Yoast SEO plugin. -->","yoast_head_json":{"title":"Movelsul Brasil a la expectativa con el acuerdo comercial entre Mercosul y Uni\u00f3n Europea - Sindm\u00f3veis-RS","robots":{"index":"index","follow":"follow","max-snippet":"max-snippet:-1","max-image-preview":"max-image-preview:large","max-video-preview":"max-video-preview:-1"},"canonical":"https:\/\/www.sindmoveis.com.br\/es\/movelsul-brasil-de-olho-no-acordo-comercial-entre-mercosul-e-uniao-europeia\/","og_locale":"es_ES","og_type":"article","og_title":"Movelsul Brasil a la expectativa con el acuerdo comercial entre Mercosul y Uni\u00f3n Europea - Sindm\u00f3veis-RS","og_description":"Feria de muebles en Bento Gon\u00e7alves traer\u00e1 100 compradores extranjeros con gastos pagados para la pr\u00f3xima edici\u00f3n de la feria y la expectativa es de ampliar negocios con pa\u00edses europeos","og_url":"https:\/\/www.sindmoveis.com.br\/es\/movelsul-brasil-de-olho-no-acordo-comercial-entre-mercosul-e-uniao-europeia\/","og_site_name":"Sindm\u00f3veis-RS","article_published_time":"2019-07-01T03:00:00+00:00","article_modified_time":"2021-05-26T13:31:42+00:00","author":"Imprensa Sindm\u00f3veis","twitter_card":"summary_large_image","twitter_misc":{"Escrito por":"Imprensa Sindm\u00f3veis","Tiempo de lectura":"3 minutos"},"schema":{"@context":"https:\/\/schema.org","@graph":[{"@type":"Article","@id":"https:\/\/www.sindmoveis.com.br\/es\/movelsul-brasil-de-olho-no-acordo-comercial-entre-mercosul-e-uniao-europeia\/#article","isPartOf":{"@id":"https:\/\/www.sindmoveis.com.br\/es\/movelsul-brasil-de-olho-no-acordo-comercial-entre-mercosul-e-uniao-europeia\/"},"author":{"name":"Imprensa Sindm\u00f3veis","@id":"https:\/\/www.sindmoveis.com.br\/es\/#\/schema\/person\/16d379542db1950a17fe188179340d57"},"headline":"Movelsul Brasil a la expectativa con el acuerdo comercial entre Mercosul y Uni\u00f3n Europea","datePublished":"2019-07-01T03:00:00+00:00","dateModified":"2021-05-26T13:31:42+00:00","mainEntityOfPage":{"@id":"https:\/\/www.sindmoveis.com.br\/es\/movelsul-brasil-de-olho-no-acordo-comercial-entre-mercosul-e-uniao-europeia\/"},"wordCount":607,"articleSection":["Movelsul","Sindm\u00f3veis"],"inLanguage":"es"},{"@type":"WebPage","@id":"https:\/\/www.sindmoveis.com.br\/es\/movelsul-brasil-de-olho-no-acordo-comercial-entre-mercosul-e-uniao-europeia\/","url":"https:\/\/www.sindmoveis.com.br\/es\/movelsul-brasil-de-olho-no-acordo-comercial-entre-mercosul-e-uniao-europeia\/","name":"Movelsul Brasil a la expectativa con el acuerdo comercial entre Mercosul y Uni\u00f3n Europea - Sindm\u00f3veis-RS","isPartOf":{"@id":"https:\/\/www.sindmoveis.com.br\/es\/#website"},"datePublished":"2019-07-01T03:00:00+00:00","dateModified":"2021-05-26T13:31:42+00:00","author":{"@id":"https:\/\/www.sindmoveis.com.br\/es\/#\/schema\/person\/16d379542db1950a17fe188179340d57"},"inLanguage":"es","potentialAction":[{"@type":"ReadAction","target":["https:\/\/www.sindmoveis.com.br\/es\/movelsul-brasil-de-olho-no-acordo-comercial-entre-mercosul-e-uniao-europeia\/"]}]},{"@type":"WebSite","@id":"https:\/\/www.sindmoveis.com.br\/es\/#website","url":"https:\/\/www.sindmoveis.com.br\/es\/","name":"Sindm\u00f3veis-RS","description":"","potentialAction":[{"@type":"SearchAction","target":{"@type":"EntryPoint","urlTemplate":"https:\/\/www.sindmoveis.com.br\/es\/?s={search_term_string}"},"query-input":{"@type":"PropertyValueSpecification","valueRequired":true,"valueName":"search_term_string"}}],"inLanguage":"es"},{"@type":"Person","@id":"https:\/\/www.sindmoveis.com.br\/es\/#\/schema\/person\/16d379542db1950a17fe188179340d57","name":"Imprensa Sindm\u00f3veis","image":{"@type":"ImageObject","inLanguage":"es","@id":"https:\/\/www.sindmoveis.com.br\/es\/#\/schema\/person\/image\/","url":"https:\/\/secure.gravatar.com\/avatar\/4973e2e2c2a0cb5db30b0c7b770041b8e33d048a16b695a1f99c042449d4bfaf?s=96&d=mm&r=g","contentUrl":"https:\/\/secure.gravatar.com\/avatar\/4973e2e2c2a0cb5db30b0c7b770041b8e33d048a16b695a1f99c042449d4bfaf?s=96&d=mm&r=g","caption":"Imprensa Sindm\u00f3veis"},"url":"https:\/\/www.sindmoveis.com.br\/es\/author\/ana\/"}]}},"_links":{"self":[{"href":"https:\/\/www.sindmoveis.com.br\/es\/wp-json\/wp\/v2\/posts\/1442","targetHints":{"allow":["GET"]}}],"collection":[{"href":"https:\/\/www.sindmoveis.com.br\/es\/wp-json\/wp\/v2\/posts"}],"about":[{"href":"https:\/\/www.sindmoveis.com.br\/es\/wp-json\/wp\/v2\/types\/post"}],"author":[{"embeddable":true,"href":"https:\/\/www.sindmoveis.com.br\/es\/wp-json\/wp\/v2\/users\/5"}],"replies":[{"embeddable":true,"href":"https:\/\/www.sindmoveis.com.br\/es\/wp-json\/wp\/v2\/comments?post=1442"}],"version-history":[{"count":2,"href":"https:\/\/www.sindmoveis.com.br\/es\/wp-json\/wp\/v2\/posts\/1442\/revisions"}],"predecessor-version":[{"id":3730,"href":"https:\/\/www.sindmoveis.com.br\/es\/wp-json\/wp\/v2\/posts\/1442\/revisions\/3730"}],"wp:attachment":[{"href":"https:\/\/www.sindmoveis.com.br\/es\/wp-json\/wp\/v2\/media?parent=1442"}],"wp:term":[{"taxonomy":"category","embeddable":true,"href":"https:\/\/www.sindmoveis.com.br\/es\/wp-json\/wp\/v2\/categories?post=1442"},{"taxonomy":"post_tag","embeddable":true,"href":"https:\/\/www.sindmoveis.com.br\/es\/wp-json\/wp\/v2\/tags?post=1442"}],"curies":[{"name":"wp","href":"https:\/\/api.w.org\/{rel}","templated":true}]}}