{"id":1441,"date":"2019-06-28T00:00:00","date_gmt":"2019-06-28T03:00:00","guid":{"rendered":"http:\/\/sindmoveis.com.br\/imprensa\/noticias\/empresas-brasileiras-participam-da-feira-fitecma-com-apoio-do-projeto-orchestra-brasil\/"},"modified":"2021-05-26T10:28:34","modified_gmt":"2021-05-26T13:28:34","slug":"empresas-brasileiras-participam-da-feira-fitecma-com-apoio-do-projeto-orchestra-brasil","status":"publish","type":"post","link":"https:\/\/www.sindmoveis.com.br\/es\/empresas-brasileiras-participam-da-feira-fitecma-com-apoio-do-projeto-orchestra-brasil\/","title":{"rendered":"Empresas brasile\u00f1as participan de feria Fitecma con apoyo del Proyecto Orchestra Brasil"},"content":{"rendered":"<p>Por la quinta edici&oacute;n consecutiva, el Proyecto Orchestra Brasil de incentivo a las exportaciones, promovido por el Sindicato de las Industrias del Mobiliario de Bento Gon&ccedil;palves (Sindm&oacute;veis) y por la Agencia Brasile&ntilde;a de Promoci&oacute;n de Exportaciones e Inversiones (Apex-Brasil), apoya la participaci&oacute;n de empresas brasile&ntilde;as en la Feria Internacional de la Madera y Tecnolog&iacute;a (Fitecma), en Argentina. Al todo, 18 empresas brasile&ntilde;as de la industria del mobiliario van a presentar sus lanzamientos en la feria, que ocurre de 02 a 06 de julio, en el Centro Costa Salguero, en Buenos Aires.<\/p>\n<p>Ser&aacute;n stands individuales y colectivos con apoyo del Proyecto Orchestra Brasil. En el pabell&oacute;n de Accesorios, el proyecto apoya la participaci&oacute;n de las empresas Brasmacol, Alternativa, Rometal, Sayerlack, Zen, CPI Tegus, Limiecco, C&aacute;rdenas e Rochesa. En el pabell&oacute;n de M&aacute;quinas, ser&aacute;n m&aacute;s nueve empresas: Gaidzinski, Projepack, Arpi, Lufati, Lidear, Crippa, MP Maquinapack, Promob y Allparts.<\/p>\n<p>La participaci&oacute;n en Fitecma es considerada estrat&eacute;gica para las empresas del proyecto. Argentina es la segunda mayor econom&iacute;a de Am&eacute;rica del Sur, solamente atr&aacute;s de Brasil &ndash; sin embargo, ha sido un punto negativo en el crecimiento econ&oacute;mico. Despu&eacute;s de un avance de 2,7% en 2017, en 2018 el PIB cay&oacute; 2,5%. La inflaci&oacute;n oficial en el pa&iacute;s alcanz&oacute; 47,6% en 2018, siendo la tasa m&aacute;s alta reportada en 27 a&ntilde;os.<\/p>\n<p>En el contexto de la cadena de producci&oacute;n de muebles, el proveedor es el inductor de innovaci&oacute;n, a trav&eacute;s de nuevas tecnolog&iacute;as y dise&ntilde;o, fundamentales para aumentar la competitividad de la industria como un todo. En ese contexto, Argentina es uno de los principales compradores mundiales de accesorios, componentes, m&aacute;quinas, herramientas, acabados, materias primas, insumos y tecnolog&iacute;a para el sector de muebles fabricados en Brasil &ndash; ello porque Brasil tiene una de las industrias de muebles m&aacute;s importantes del mundo.<\/p>\n<p>&nbsp;<\/p>\n<p><strong>M&aacute;s sobre el Proyecto Orchestra Brasil<\/strong><\/p>\n<p>&nbsp;<\/p>\n<p>El Proyecto Orchestra Brasil intensifica y promueve la inclusi&oacute;n competitiva de empresas brasile&ntilde;as proveedoras de la industria del mobiliario en el mercado internacional. Las acciones promovidas en el &aacute;mbito del proyecto van desde la participaci&oacute;n en ferias internacionales hasta proyectos compradores y vendedores, misiones comerciales y t&eacute;cnicas. Participan del proyecto cerca de 50 empresas brasile&ntilde;as fabricantes de accesorios, componentes, herramientas, m&aacute;quinas, softwares para layout y materias primas.<\/p>\n","protected":false},"excerpt":{"rendered":"<p>Sindm\u00f3veis apoya la internacionalizaci\u00f3n de proveedores de la industria del mobiliario como estrategia para el crecimiento sostenible de la cadena<\/p>\n","protected":false},"author":5,"featured_media":3729,"comment_status":"closed","ping_status":"open","sticky":false,"template":"","format":"standard","meta":{"footnotes":"","_links_to":"","_links_to_target":""},"categories":[22,2],"tags":[],"class_list":["post-1441","post","type-post","status-publish","format-standard","has-post-thumbnail","hentry","category-proyecto-orchestra-brasil","category-sindmoveis"],"yoast_head":"<!-- This site is optimized with the Yoast SEO plugin v27.0 - https:\/\/yoast.com\/product\/yoast-seo-wordpress\/ -->\n<title>Empresas brasile\u00f1as participan de feria Fitecma con apoyo del Proyecto Orchestra Brasil - Sindm\u00f3veis-RS<\/title>\n<meta name=\"robots\" content=\"index, follow, max-snippet:-1, max-image-preview:large, max-video-preview:-1\" \/>\n<link rel=\"canonical\" href=\"https:\/\/www.sindmoveis.com.br\/es\/empresas-brasileiras-participam-da-feira-fitecma-com-apoio-do-projeto-orchestra-brasil\/\" \/>\n<meta property=\"og:locale\" content=\"es_ES\" \/>\n<meta property=\"og:type\" content=\"article\" \/>\n<meta property=\"og:title\" content=\"Empresas brasile\u00f1as participan de feria Fitecma con apoyo del Proyecto Orchestra Brasil - Sindm\u00f3veis-RS\" \/>\n<meta property=\"og:description\" content=\"Sindm\u00f3veis apoya la internacionalizaci\u00f3n de proveedores de la industria del mobiliario como estrategia para el crecimiento sostenible de la cadena\" \/>\n<meta property=\"og:url\" content=\"https:\/\/www.sindmoveis.com.br\/es\/empresas-brasileiras-participam-da-feira-fitecma-com-apoio-do-projeto-orchestra-brasil\/\" \/>\n<meta property=\"og:site_name\" content=\"Sindm\u00f3veis-RS\" \/>\n<meta property=\"article:published_time\" content=\"2019-06-28T03:00:00+00:00\" \/>\n<meta property=\"article:modified_time\" content=\"2021-05-26T13:28:34+00:00\" \/>\n<meta property=\"og:image\" content=\"https:\/\/www.sindmoveis.com.br\/es\/wp-content\/uploads\/2021\/05\/p1561728850.jpg\" \/>\n\t<meta property=\"og:image:width\" content=\"1575\" \/>\n\t<meta property=\"og:image:height\" content=\"1181\" \/>\n\t<meta property=\"og:image:type\" content=\"image\/jpeg\" \/>\n<meta name=\"author\" content=\"Imprensa Sindm\u00f3veis\" \/>\n<meta name=\"twitter:card\" content=\"summary_large_image\" \/>\n<meta name=\"twitter:label1\" content=\"Escrito por\" \/>\n\t<meta name=\"twitter:data1\" content=\"Imprensa Sindm\u00f3veis\" \/>\n\t<meta name=\"twitter:label2\" content=\"Tiempo de lectura\" \/>\n\t<meta name=\"twitter:data2\" content=\"2 minutos\" \/>\n<script type=\"application\/ld+json\" class=\"yoast-schema-graph\">{\"@context\":\"https:\/\/schema.org\",\"@graph\":[{\"@type\":\"Article\",\"@id\":\"https:\/\/www.sindmoveis.com.br\/es\/empresas-brasileiras-participam-da-feira-fitecma-com-apoio-do-projeto-orchestra-brasil\/#article\",\"isPartOf\":{\"@id\":\"https:\/\/www.sindmoveis.com.br\/es\/empresas-brasileiras-participam-da-feira-fitecma-com-apoio-do-projeto-orchestra-brasil\/\"},\"author\":{\"name\":\"Imprensa Sindm\u00f3veis\",\"@id\":\"https:\/\/www.sindmoveis.com.br\/es\/#\/schema\/person\/16d379542db1950a17fe188179340d57\"},\"headline\":\"Empresas brasile\u00f1as participan de feria Fitecma con apoyo del Proyecto Orchestra Brasil\",\"datePublished\":\"2019-06-28T03:00:00+00:00\",\"dateModified\":\"2021-05-26T13:28:34+00:00\",\"mainEntityOfPage\":{\"@id\":\"https:\/\/www.sindmoveis.com.br\/es\/empresas-brasileiras-participam-da-feira-fitecma-com-apoio-do-projeto-orchestra-brasil\/\"},\"wordCount\":463,\"image\":{\"@id\":\"https:\/\/www.sindmoveis.com.br\/es\/empresas-brasileiras-participam-da-feira-fitecma-com-apoio-do-projeto-orchestra-brasil\/#primaryimage\"},\"thumbnailUrl\":\"https:\/\/www.sindmoveis.com.br\/es\/wp-content\/uploads\/2021\/05\/p1561728850.jpg\",\"articleSection\":[\"Proyecto Orchestra Brasil\",\"Sindm\u00f3veis\"],\"inLanguage\":\"es\"},{\"@type\":\"WebPage\",\"@id\":\"https:\/\/www.sindmoveis.com.br\/es\/empresas-brasileiras-participam-da-feira-fitecma-com-apoio-do-projeto-orchestra-brasil\/\",\"url\":\"https:\/\/www.sindmoveis.com.br\/es\/empresas-brasileiras-participam-da-feira-fitecma-com-apoio-do-projeto-orchestra-brasil\/\",\"name\":\"Empresas brasile\u00f1as participan de feria Fitecma con apoyo del Proyecto Orchestra Brasil - Sindm\u00f3veis-RS\",\"isPartOf\":{\"@id\":\"https:\/\/www.sindmoveis.com.br\/es\/#website\"},\"primaryImageOfPage\":{\"@id\":\"https:\/\/www.sindmoveis.com.br\/es\/empresas-brasileiras-participam-da-feira-fitecma-com-apoio-do-projeto-orchestra-brasil\/#primaryimage\"},\"image\":{\"@id\":\"https:\/\/www.sindmoveis.com.br\/es\/empresas-brasileiras-participam-da-feira-fitecma-com-apoio-do-projeto-orchestra-brasil\/#primaryimage\"},\"thumbnailUrl\":\"https:\/\/www.sindmoveis.com.br\/es\/wp-content\/uploads\/2021\/05\/p1561728850.jpg\",\"datePublished\":\"2019-06-28T03:00:00+00:00\",\"dateModified\":\"2021-05-26T13:28:34+00:00\",\"author\":{\"@id\":\"https:\/\/www.sindmoveis.com.br\/es\/#\/schema\/person\/16d379542db1950a17fe188179340d57\"},\"inLanguage\":\"es\",\"potentialAction\":[{\"@type\":\"ReadAction\",\"target\":[\"https:\/\/www.sindmoveis.com.br\/es\/empresas-brasileiras-participam-da-feira-fitecma-com-apoio-do-projeto-orchestra-brasil\/\"]}]},{\"@type\":\"ImageObject\",\"inLanguage\":\"es\",\"@id\":\"https:\/\/www.sindmoveis.com.br\/es\/empresas-brasileiras-participam-da-feira-fitecma-com-apoio-do-projeto-orchestra-brasil\/#primaryimage\",\"url\":\"https:\/\/www.sindmoveis.com.br\/es\/wp-content\/uploads\/2021\/05\/p1561728850.jpg\",\"contentUrl\":\"https:\/\/www.sindmoveis.com.br\/es\/wp-content\/uploads\/2021\/05\/p1561728850.jpg\",\"width\":1575,\"height\":1181},{\"@type\":\"WebSite\",\"@id\":\"https:\/\/www.sindmoveis.com.br\/es\/#website\",\"url\":\"https:\/\/www.sindmoveis.com.br\/es\/\",\"name\":\"Sindm\u00f3veis-RS\",\"description\":\"\",\"potentialAction\":[{\"@type\":\"SearchAction\",\"target\":{\"@type\":\"EntryPoint\",\"urlTemplate\":\"https:\/\/www.sindmoveis.com.br\/es\/?s={search_term_string}\"},\"query-input\":{\"@type\":\"PropertyValueSpecification\",\"valueRequired\":true,\"valueName\":\"search_term_string\"}}],\"inLanguage\":\"es\"},{\"@type\":\"Person\",\"@id\":\"https:\/\/www.sindmoveis.com.br\/es\/#\/schema\/person\/16d379542db1950a17fe188179340d57\",\"name\":\"Imprensa Sindm\u00f3veis\",\"image\":{\"@type\":\"ImageObject\",\"inLanguage\":\"es\",\"@id\":\"https:\/\/www.sindmoveis.com.br\/es\/#\/schema\/person\/image\/\",\"url\":\"https:\/\/secure.gravatar.com\/avatar\/4973e2e2c2a0cb5db30b0c7b770041b8e33d048a16b695a1f99c042449d4bfaf?s=96&d=mm&r=g\",\"contentUrl\":\"https:\/\/secure.gravatar.com\/avatar\/4973e2e2c2a0cb5db30b0c7b770041b8e33d048a16b695a1f99c042449d4bfaf?s=96&d=mm&r=g\",\"caption\":\"Imprensa Sindm\u00f3veis\"},\"url\":\"https:\/\/www.sindmoveis.com.br\/es\/author\/ana\/\"}]}<\/script>\n<!-- \/ Yoast SEO plugin. -->","yoast_head_json":{"title":"Empresas brasile\u00f1as participan de feria Fitecma con apoyo del Proyecto Orchestra Brasil - Sindm\u00f3veis-RS","robots":{"index":"index","follow":"follow","max-snippet":"max-snippet:-1","max-image-preview":"max-image-preview:large","max-video-preview":"max-video-preview:-1"},"canonical":"https:\/\/www.sindmoveis.com.br\/es\/empresas-brasileiras-participam-da-feira-fitecma-com-apoio-do-projeto-orchestra-brasil\/","og_locale":"es_ES","og_type":"article","og_title":"Empresas brasile\u00f1as participan de feria Fitecma con apoyo del Proyecto Orchestra Brasil - Sindm\u00f3veis-RS","og_description":"Sindm\u00f3veis apoya la internacionalizaci\u00f3n de proveedores de la industria del mobiliario como estrategia para el crecimiento sostenible de la cadena","og_url":"https:\/\/www.sindmoveis.com.br\/es\/empresas-brasileiras-participam-da-feira-fitecma-com-apoio-do-projeto-orchestra-brasil\/","og_site_name":"Sindm\u00f3veis-RS","article_published_time":"2019-06-28T03:00:00+00:00","article_modified_time":"2021-05-26T13:28:34+00:00","og_image":[{"width":1575,"height":1181,"url":"https:\/\/www.sindmoveis.com.br\/es\/wp-content\/uploads\/2021\/05\/p1561728850.jpg","type":"image\/jpeg"}],"author":"Imprensa Sindm\u00f3veis","twitter_card":"summary_large_image","twitter_misc":{"Escrito por":"Imprensa Sindm\u00f3veis","Tiempo de lectura":"2 minutos"},"schema":{"@context":"https:\/\/schema.org","@graph":[{"@type":"Article","@id":"https:\/\/www.sindmoveis.com.br\/es\/empresas-brasileiras-participam-da-feira-fitecma-com-apoio-do-projeto-orchestra-brasil\/#article","isPartOf":{"@id":"https:\/\/www.sindmoveis.com.br\/es\/empresas-brasileiras-participam-da-feira-fitecma-com-apoio-do-projeto-orchestra-brasil\/"},"author":{"name":"Imprensa Sindm\u00f3veis","@id":"https:\/\/www.sindmoveis.com.br\/es\/#\/schema\/person\/16d379542db1950a17fe188179340d57"},"headline":"Empresas brasile\u00f1as participan de feria Fitecma con apoyo del Proyecto Orchestra Brasil","datePublished":"2019-06-28T03:00:00+00:00","dateModified":"2021-05-26T13:28:34+00:00","mainEntityOfPage":{"@id":"https:\/\/www.sindmoveis.com.br\/es\/empresas-brasileiras-participam-da-feira-fitecma-com-apoio-do-projeto-orchestra-brasil\/"},"wordCount":463,"image":{"@id":"https:\/\/www.sindmoveis.com.br\/es\/empresas-brasileiras-participam-da-feira-fitecma-com-apoio-do-projeto-orchestra-brasil\/#primaryimage"},"thumbnailUrl":"https:\/\/www.sindmoveis.com.br\/es\/wp-content\/uploads\/2021\/05\/p1561728850.jpg","articleSection":["Proyecto Orchestra Brasil","Sindm\u00f3veis"],"inLanguage":"es"},{"@type":"WebPage","@id":"https:\/\/www.sindmoveis.com.br\/es\/empresas-brasileiras-participam-da-feira-fitecma-com-apoio-do-projeto-orchestra-brasil\/","url":"https:\/\/www.sindmoveis.com.br\/es\/empresas-brasileiras-participam-da-feira-fitecma-com-apoio-do-projeto-orchestra-brasil\/","name":"Empresas brasile\u00f1as participan de feria Fitecma con apoyo del Proyecto Orchestra Brasil - Sindm\u00f3veis-RS","isPartOf":{"@id":"https:\/\/www.sindmoveis.com.br\/es\/#website"},"primaryImageOfPage":{"@id":"https:\/\/www.sindmoveis.com.br\/es\/empresas-brasileiras-participam-da-feira-fitecma-com-apoio-do-projeto-orchestra-brasil\/#primaryimage"},"image":{"@id":"https:\/\/www.sindmoveis.com.br\/es\/empresas-brasileiras-participam-da-feira-fitecma-com-apoio-do-projeto-orchestra-brasil\/#primaryimage"},"thumbnailUrl":"https:\/\/www.sindmoveis.com.br\/es\/wp-content\/uploads\/2021\/05\/p1561728850.jpg","datePublished":"2019-06-28T03:00:00+00:00","dateModified":"2021-05-26T13:28:34+00:00","author":{"@id":"https:\/\/www.sindmoveis.com.br\/es\/#\/schema\/person\/16d379542db1950a17fe188179340d57"},"inLanguage":"es","potentialAction":[{"@type":"ReadAction","target":["https:\/\/www.sindmoveis.com.br\/es\/empresas-brasileiras-participam-da-feira-fitecma-com-apoio-do-projeto-orchestra-brasil\/"]}]},{"@type":"ImageObject","inLanguage":"es","@id":"https:\/\/www.sindmoveis.com.br\/es\/empresas-brasileiras-participam-da-feira-fitecma-com-apoio-do-projeto-orchestra-brasil\/#primaryimage","url":"https:\/\/www.sindmoveis.com.br\/es\/wp-content\/uploads\/2021\/05\/p1561728850.jpg","contentUrl":"https:\/\/www.sindmoveis.com.br\/es\/wp-content\/uploads\/2021\/05\/p1561728850.jpg","width":1575,"height":1181},{"@type":"WebSite","@id":"https:\/\/www.sindmoveis.com.br\/es\/#website","url":"https:\/\/www.sindmoveis.com.br\/es\/","name":"Sindm\u00f3veis-RS","description":"","potentialAction":[{"@type":"SearchAction","target":{"@type":"EntryPoint","urlTemplate":"https:\/\/www.sindmoveis.com.br\/es\/?s={search_term_string}"},"query-input":{"@type":"PropertyValueSpecification","valueRequired":true,"valueName":"search_term_string"}}],"inLanguage":"es"},{"@type":"Person","@id":"https:\/\/www.sindmoveis.com.br\/es\/#\/schema\/person\/16d379542db1950a17fe188179340d57","name":"Imprensa Sindm\u00f3veis","image":{"@type":"ImageObject","inLanguage":"es","@id":"https:\/\/www.sindmoveis.com.br\/es\/#\/schema\/person\/image\/","url":"https:\/\/secure.gravatar.com\/avatar\/4973e2e2c2a0cb5db30b0c7b770041b8e33d048a16b695a1f99c042449d4bfaf?s=96&d=mm&r=g","contentUrl":"https:\/\/secure.gravatar.com\/avatar\/4973e2e2c2a0cb5db30b0c7b770041b8e33d048a16b695a1f99c042449d4bfaf?s=96&d=mm&r=g","caption":"Imprensa Sindm\u00f3veis"},"url":"https:\/\/www.sindmoveis.com.br\/es\/author\/ana\/"}]}},"_links":{"self":[{"href":"https:\/\/www.sindmoveis.com.br\/es\/wp-json\/wp\/v2\/posts\/1441","targetHints":{"allow":["GET"]}}],"collection":[{"href":"https:\/\/www.sindmoveis.com.br\/es\/wp-json\/wp\/v2\/posts"}],"about":[{"href":"https:\/\/www.sindmoveis.com.br\/es\/wp-json\/wp\/v2\/types\/post"}],"author":[{"embeddable":true,"href":"https:\/\/www.sindmoveis.com.br\/es\/wp-json\/wp\/v2\/users\/5"}],"replies":[{"embeddable":true,"href":"https:\/\/www.sindmoveis.com.br\/es\/wp-json\/wp\/v2\/comments?post=1441"}],"version-history":[{"count":2,"href":"https:\/\/www.sindmoveis.com.br\/es\/wp-json\/wp\/v2\/posts\/1441\/revisions"}],"predecessor-version":[{"id":3728,"href":"https:\/\/www.sindmoveis.com.br\/es\/wp-json\/wp\/v2\/posts\/1441\/revisions\/3728"}],"wp:featuredmedia":[{"embeddable":true,"href":"https:\/\/www.sindmoveis.com.br\/es\/wp-json\/wp\/v2\/media\/3729"}],"wp:attachment":[{"href":"https:\/\/www.sindmoveis.com.br\/es\/wp-json\/wp\/v2\/media?parent=1441"}],"wp:term":[{"taxonomy":"category","embeddable":true,"href":"https:\/\/www.sindmoveis.com.br\/es\/wp-json\/wp\/v2\/categories?post=1441"},{"taxonomy":"post_tag","embeddable":true,"href":"https:\/\/www.sindmoveis.com.br\/es\/wp-json\/wp\/v2\/tags?post=1441"}],"curies":[{"name":"wp","href":"https:\/\/api.w.org\/{rel}","templated":true}]}}