{"id":1430,"date":"2019-05-13T00:00:00","date_gmt":"2019-05-13T03:00:00","guid":{"rendered":"http:\/\/sindmoveis.com.br\/imprensa\/noticias\/projeto-raiz-reune-o-maior-grupo-de-designers-brasileiros-a-participar-de-feira-em-nova-york\/"},"modified":"2021-05-26T10:29:06","modified_gmt":"2021-05-26T13:29:06","slug":"projeto-raiz-reune-o-maior-grupo-de-designers-brasileiros-a-participar-de-feira-em-nova-york","status":"publish","type":"post","link":"https:\/\/www.sindmoveis.com.br\/es\/projeto-raiz-reune-o-maior-grupo-de-designers-brasileiros-a-participar-de-feira-em-nova-york\/","title":{"rendered":"Proyecto Ra\u00edz re\u00fane el mayor grupo de dise\u00f1adores brasile\u00f1os a participar de feria en Nueva York"},"content":{"rendered":"<p>Por el cuarto a&ntilde;o consecutivo y con la misi&oacute;n de posicionar profesionales del dise&ntilde;o brasile&ntilde;o en el exterior, en especial en Norteam&eacute;rica, el <a href=\"http:\/\/www.raizproject.com\/\">Proyecto Ra&iacute;z<\/a> participa de <a href=\"https:\/\/www.icff.com\/\">ICFF<\/a> 2019, feria ancla de la Semana de Dise&ntilde;o de Nueva York &ndash; <a href=\"https:\/\/www.nycxdesign.com\/\">NYCxDesign<\/a> &ndash; y considerada la mayor vitrina norteamericana del sector de mobiliario. La iniciativa es promovida por el <a href=\"http:\/\/www.sindmoveis.com.br\/portal\/es\/\">Sindicato de las Industrias de Mobiliario de Bento Gon&ccedil;alves (Sindm&oacute;veis)<\/a> y la <a href=\"https:\/\/portal.apexbrasil.com.br\/\">Agencia Brasile&ntilde;a de Promoci&oacute;n de Exportaciones e Inversiones (Apex-Brasil)<\/a>, con apoyo del <a href=\"http:\/\/novayork.itamaraty.gov.br\/pt-br\/\">Consulado General de Brasil en Nueva York<\/a>.<\/p>\n<p>La participaci&oacute;n de los dise&ntilde;adores es fruto del acompa&ntilde;amiento previo comandado por la direcci&oacute;n del Proyecto, que eval&uacute;a individualmente el potencial exportador de cada miembro y lo encamina de acuerdo con la estrategia comercial de la marca y las exigencias de este mercado consumidor. Esta es la mayor actuaci&oacute;n de dise&ntilde;adores brasile&ntilde;os en el evento. Al total ser&aacute;n 19 estudios distribuidos en 350m&sup2; donde presentar&aacute;n lo que hay de m&aacute;s conceptual y creativo en sus productos. Son ellos: <a href=\"https:\/\/www.instagram.com\/alessandra.delgado.design\/\">Alessandra Delgado<\/a>, <a href=\"https:\/\/www.instagram.com\/aristeupiresdesign\/\">Aristeu Pires<\/a>, <a href=\"http:\/\/www.estudiobola.com\/\">estudiobola<\/a>, <a href=\"http:\/\/www.furfdesign.com.br\/\">Furf Design<\/a>, <a href=\"https:\/\/www.instagram.com\/guilhermewentz\/\">Guilherme Wentz<\/a>, <a href=\"https:\/\/www.instagram.com\/gutoindiodacosta\/\">Guto Indio da Costa<\/a>, <a href=\"https:\/\/www.instagram.com\/holaria_\/\">Holaria Porcelana<\/a>, <a href=\"https:\/\/www.instagram.com\/jaderalmeida\/\">Jader Almeida<\/a>, <a href=\"https:\/\/konsepta.com.br\/\">Konsepta<\/a>, <a href=\"http:\/\/www.larissabatista.com.br\/\">Larissa Batista<\/a>, <a href=\"http:\/\/www.lattoog.com\/\">Latoog Design<\/a>, <a href=\"https:\/\/www.instagram.com\/studiomartamanente\/\">Marta Manente<\/a>, <a href=\"https:\/\/www.instagram.com\/ndt.design\/\">NDT Design<\/a>, <a href=\"https:\/\/www.instagram.com\/noemisaga_atelier\/\">Noemi Saga<\/a>, <a href=\"https:\/\/www.instagram.com\/plataforma4\/\">Plataforma 4<\/a>, <a href=\"http:\/\/www.studiobellodias.it\/\">Ricardo Bello Dias<\/a>, <a href=\"https:\/\/www.instagram.com\/sergiojmatos\/\">S&eacute;rgio Matos<\/a>, <a href=\"http:\/\/www.vallve.com.br\/\">Studio Vallv&eacute;<\/a>&nbsp;y&nbsp;<a href=\"https:\/\/www.archela.com.br\/\">Wagner Archella<\/a>.<\/p>\n<p>ICFF comprende aproximadamente 700 expositores y aguarda la visita de m&aacute;s de 30 mil profesionales, entre dise&ntilde;adores de interiores, arquitectos, comercio minorista, representantes, distribuidores, gerentes de instalaciones, fabricantes, dise&ntilde;adores de tiendas y visual <em>merchandising.<\/em> El dise&ntilde;o nacional ser&aacute; representando por piezas de mobiliario para interior y exterior y objetos de decoraci&oacute;n. &ldquo;Esta edici&oacute;n es de extrema importancia para el proyecto Ra&iacute;z, pues la constancia es un factor determinante para el &eacute;xito de un proyecto internacional como &acute;ste y gran parte de los expositores est&aacute; con nosotros desde hace ya algunos a&ntilde;os, siendo directamente reconocidos y procurados por los compradores internacionales, se&ntilde;alizando el potencial de Brasil en &eacute;ste que es uno de los mayores mercados de mobiliario del mundo&rdquo;, explica Ana Cristina Schneider, Coordinadora del Proyecto Ra&iacute;z.<\/p>\n<p>En paralelo, algunas acciones buscan llevar contenido repleto de historia e informaci&oacute;n sobre el dise&ntilde;o brasile&ntilde;o, a ejemplo del <em>talk <\/em>de algunos dise&ntilde;adores realizado en asociaci&oacute;n con la empresa Natura, ubicada en el vanguardista barrio Soho, y que se realizar&aacute; nuevamente este a&ntilde;o. &ldquo;Otras charlas est&aacute;n siendo programadas con el intuito de promover ese contacto personal con nuestros dise&ntilde;adores, que siempre son extremadamente bien recibidos y atrae la atenci&oacute;n y el inter&eacute;s de los profesionales y amantes de este universo, difundiendo as&iacute; el trabajo de los brasile&ntilde;os&rdquo;, puntualiza.<\/p>\n<p><strong>Asociaci&oacute;n: Dise&ntilde;o en la Piel y Proyecto Ra&iacute;z&nbsp;&nbsp;&nbsp;&nbsp;&nbsp;&nbsp;&nbsp;&nbsp;&nbsp;&nbsp;&nbsp;&nbsp;&nbsp;&nbsp; <\/strong><\/p>\n<p>Productos que mezclan el cuero en su proceso de creaci&oacute;n, tendr&aacute;n un espacio espacial en ICFF. Este material, asociado a innovaci&oacute;n y creatividad del dise&ntilde;o autoral brasile&ntilde;o, dan el tono del Dise&ntilde;o en la Piel (DNP), programa sectorial promovido por Brazilian Leather que establece el contacto entre industrias de muebles, curtiembres y celebrados dise&ntilde;adores nacionales&nbsp;&nbsp;&nbsp;&nbsp;&nbsp;&nbsp;&nbsp;&nbsp;&nbsp;&nbsp;&nbsp;&nbsp;<\/p>\n<p>En este a&ntilde;o, la iniciativa tendr&aacute; un tenor in&eacute;dito y &uacute;nico en el mundo al promover la asociaci&oacute;n entre tres estudios de dise&ntilde;o integrantes del Proyecto Ra&iacute;z (estudioBola, Furf Design y Latoog Design) tres curtiembres tradicionales (Luiz Fuga, Gobba,Leather e Industria de Pieles Minuano) la marca global de muebles en cuero Natuzzi Editions, Italia, creando la colecci&oacute;n de sof&aacute;s, sillones y mesas Natuzzi Editions Ginga by DNP. El resultado son piezas innovadoras que demuestran la combinaci&oacute;n valiosa entre el dise&ntilde;o y el cuero y consideran el material como importante revestimiento para la industria del mobiliario. Para tanto, el lanzamiento mundial de la colecci&oacute;n ocurre durante ICFF.<\/p>\n<p><strong>Trayectoria del Proyecto<\/strong><\/p>\n<p>La cultura brasile&ntilde;a tiene reconocimiento internacional y el mobiliario autoral de Brasil ha dejado su marca en los principales circuitos de dise&ntilde;o del mundo. Esta es la percepci&oacute;n de Sindm&oacute;veis Bento Gon&ccedil;alves, instituci&oacute;n que desde hace 60 a&ntilde;os desarrolla industrias de mobiliario en el pa&iacute;s, y de Apex-Brasil, que a trav&eacute;s del Proyecto Ra&iacute;z estimulan la generaci&oacute;n de negocios para dise&ntilde;adores en el exterior.<\/p>\n<p>El Proyecto Ra&iacute;z naci&oacute; como un brazo del Proyecto Orchestra Brasil &#8211; existente desde 2006 y volcado para la internacionalizaci&oacute;n de la cadena de proveedores de la industria de mobiliario brasile&ntilde;a. En 2012, fue entonces incluido el segmento de dise&ntilde;o que en 2014 recibi&oacute; el nombre del Proyecto Ra&iacute;z y ahora se ha vuelto independiente. La nueva marca expresa la suma de culturas que alimenta la creatividad nacional bajo la supervisi&oacute;n de Sindm&oacute;veis Bento Gon&ccedil;alves. Este sindicato invierte y apuesta en el dise&ntilde;o como diferencial competitivo para el sector del mobiliario nacional desde 1988, con la creaci&oacute;n del Premio Sal&atilde;o Design &ndash; que m&aacute;s tarde, en 2007, culminar&iacute;a en la feria de mobiliario y complementos de alto nivel Casa Brasil. En 2016 la feria fue para S&atilde;o Paulo y se ha convertido en el evento principal de la Semana de Dise&ntilde;o de la capital paulista, High Design &ndash; Home &amp;Office Expo.<\/p>\n<p><strong>Estrategia<\/strong><\/p>\n<p>La inteligencia estrat&eacute;gica del Proyecto Ra&iacute;z busca oportunidades en dos frentes: promoci&oacute;n de los dise&ntilde;adores para la inclusi&oacute;n de los profesionales a las cadenas de licenciamiento y distribuci&oacute;n y la b&uacute;squeda de nichos propios de mercado por medio de la innovaci&oacute;n en procesos y productos, hecho que posibilita la negociaci&oacute;n de proyectos especiales y cesiones de patentes; oportunidades para exportaci&oacute;n de mueble de autor firmado, una asociaci&oacute;n entre dise&ntilde;ador e industria. Para el periodo de un a&ntilde;o la inversi&oacute;n es de dos millones de d&oacute;lares y las acciones de fomento y expansi&oacute;n se concentran en los Estados Unidos y Reino Unido. Actualmente, 48 estudios de dise&ntilde;o participan de la iniciativa.<\/p>\n<p><strong>Resultados<\/strong><\/p>\n<p>La distribuci&oacute;n geogr&aacute;fica de los contratos de licenciamiento internacionales de las empresas del proyecto Ra&iacute;z se concentra en Am&eacute;rica del Norte y en Europa. El principal destino de las licencias internacionales de las empresas del proyecto Ra&iacute;z es Italia, seguido por el mercado estadounidense. En lo que respecta al desempe&ntilde;o de las acciones estrat&eacute;gicas, se tiene un total de 344 productos creados por brasile&ntilde;os que est&aacute;n a la venta en el mercado internacional. Adem&aacute;s de ello, cerca de 80% de las empresas del proyecto exportaron m&aacute;s de una vez en los &uacute;ltimos tres a&ntilde;os. Adem&aacute;s, 48% de las empresas pertenecientes al proyecto Ra&iacute;z han especificado la continuidad en las exportaciones en el mismo periodo. En casos de licenciamiento, la mayor&iacute;a de los estudios con esta pr&aacute;ctica en el exterior especifica hasta dos contratos al a&ntilde;o, reflejando una participaci&oacute;n de 34% en el total de las empresas que integran el Proyecto. Adem&aacute;s de ello, 8% de las empresas evidencian m&aacute;s de tres contratos de licenciamientos internacionales &ndash; hecho directamente relacionado al acompa&ntilde;amiento estrat&eacute;gico y personalizado ofrecido por el proyecto.<\/p>\n<p><strong>Cronograma Internacional&nbsp;&nbsp;&nbsp;&nbsp;&nbsp;&nbsp;&nbsp;&nbsp; <\/strong><\/p>\n<p>El cronograma de acciones del Proyecto incluye varias muestras internacionales. Para los pr&oacute;ximos dos a&ntilde;os, la direcci&oacute;n prev&eacute; participar de los siguientes eventos: Semana de Dise&ntilde;o de Mil&aacute;n (abril\/ 2019 y 2020); ICFF Nueva York (mayo 2019 y 2020); Semana de Dise&ntilde;o de S&atilde;o Paulo (agosto\/2019 y 2020); Prospecci&oacute;n durante la Semana de Dise&ntilde;o de Londres (septiembre\/2019) y Movelsul Brasil (marzo\/2020). Las tradicionales muestras itinerantes por embajadas de Brasil deben seguir por Barcelona (junio\/2019) y Berl&iacute;n (septiembre\/2019)<\/p>\n<p>&nbsp;<\/p>\n<p>Proyecto Ra&iacute;z &ndash; ICFF 2019<\/p>\n<p><a href=\"http:\/\/www.raizproject.com\/\">http:\/\/www.raizproject.com\/<\/a><\/p>\n<p>Fecha: 19 a 21 de mayo<\/p>\n<p>Domingo, de las 10h a las 17h; Lunes y Martes, de las 10h a las 18h; Mi&eacute;rcoles, de las 10h a las 16h<\/p>\n<p>Local: Javits Center, Nueva York<\/p>\n<p>655 W. 34th St. (11th Avenue at 38th Street)<\/p>\n","protected":false},"excerpt":{"rendered":"<p>Al todo, 19 estudios apoyados por Sindm\u00f3veis y Apex-Brasil van a exponer en ICFF Nueva York entre los d\u00edas 19 y 21 de mayo<\/p>\n","protected":false},"author":5,"featured_media":3723,"comment_status":"closed","ping_status":"open","sticky":false,"template":"","format":"standard","meta":{"footnotes":"","_links_to":"","_links_to_target":""},"categories":[24,2],"tags":[],"class_list":["post-1430","post","type-post","status-publish","format-standard","has-post-thumbnail","hentry","category-projeto-raiz","category-sindmoveis"],"yoast_head":"<!-- This site is optimized with the Yoast SEO plugin v27.0 - https:\/\/yoast.com\/product\/yoast-seo-wordpress\/ -->\n<title>Proyecto Ra\u00edz re\u00fane el mayor grupo de dise\u00f1adores brasile\u00f1os a participar de feria en Nueva York - Sindm\u00f3veis-RS<\/title>\n<meta name=\"robots\" content=\"index, follow, max-snippet:-1, max-image-preview:large, max-video-preview:-1\" \/>\n<link rel=\"canonical\" href=\"https:\/\/www.sindmoveis.com.br\/es\/projeto-raiz-reune-o-maior-grupo-de-designers-brasileiros-a-participar-de-feira-em-nova-york\/\" \/>\n<meta property=\"og:locale\" content=\"es_ES\" \/>\n<meta property=\"og:type\" content=\"article\" \/>\n<meta property=\"og:title\" content=\"Proyecto Ra\u00edz re\u00fane el mayor grupo de dise\u00f1adores brasile\u00f1os a participar de feria en Nueva York - Sindm\u00f3veis-RS\" \/>\n<meta property=\"og:description\" content=\"Al todo, 19 estudios apoyados por Sindm\u00f3veis y Apex-Brasil van a exponer en ICFF Nueva York entre los d\u00edas 19 y 21 de mayo\" \/>\n<meta property=\"og:url\" content=\"https:\/\/www.sindmoveis.com.br\/es\/projeto-raiz-reune-o-maior-grupo-de-designers-brasileiros-a-participar-de-feira-em-nova-york\/\" \/>\n<meta property=\"og:site_name\" content=\"Sindm\u00f3veis-RS\" \/>\n<meta property=\"article:published_time\" content=\"2019-05-13T03:00:00+00:00\" \/>\n<meta property=\"article:modified_time\" content=\"2021-05-26T13:29:06+00:00\" \/>\n<meta property=\"og:image\" content=\"https:\/\/www.sindmoveis.com.br\/es\/wp-content\/uploads\/2021\/05\/p1557834700.jpg\" \/>\n\t<meta property=\"og:image:width\" content=\"1575\" \/>\n\t<meta property=\"og:image:height\" content=\"1051\" \/>\n\t<meta property=\"og:image:type\" content=\"image\/jpeg\" \/>\n<meta name=\"author\" content=\"Imprensa Sindm\u00f3veis\" \/>\n<meta name=\"twitter:card\" content=\"summary_large_image\" \/>\n<meta name=\"twitter:label1\" content=\"Escrito por\" \/>\n\t<meta name=\"twitter:data1\" content=\"Imprensa Sindm\u00f3veis\" \/>\n\t<meta name=\"twitter:label2\" content=\"Tiempo de lectura\" \/>\n\t<meta name=\"twitter:data2\" content=\"8 minutos\" \/>\n<script type=\"application\/ld+json\" class=\"yoast-schema-graph\">{\"@context\":\"https:\/\/schema.org\",\"@graph\":[{\"@type\":\"Article\",\"@id\":\"https:\/\/www.sindmoveis.com.br\/es\/projeto-raiz-reune-o-maior-grupo-de-designers-brasileiros-a-participar-de-feira-em-nova-york\/#article\",\"isPartOf\":{\"@id\":\"https:\/\/www.sindmoveis.com.br\/es\/projeto-raiz-reune-o-maior-grupo-de-designers-brasileiros-a-participar-de-feira-em-nova-york\/\"},\"author\":{\"name\":\"Imprensa Sindm\u00f3veis\",\"@id\":\"https:\/\/www.sindmoveis.com.br\/es\/#\/schema\/person\/16d379542db1950a17fe188179340d57\"},\"headline\":\"Proyecto Ra\u00edz re\u00fane el mayor grupo de dise\u00f1adores brasile\u00f1os a participar de feria en Nueva York\",\"datePublished\":\"2019-05-13T03:00:00+00:00\",\"dateModified\":\"2021-05-26T13:29:06+00:00\",\"mainEntityOfPage\":{\"@id\":\"https:\/\/www.sindmoveis.com.br\/es\/projeto-raiz-reune-o-maior-grupo-de-designers-brasileiros-a-participar-de-feira-em-nova-york\/\"},\"wordCount\":1564,\"image\":{\"@id\":\"https:\/\/www.sindmoveis.com.br\/es\/projeto-raiz-reune-o-maior-grupo-de-designers-brasileiros-a-participar-de-feira-em-nova-york\/#primaryimage\"},\"thumbnailUrl\":\"https:\/\/www.sindmoveis.com.br\/es\/wp-content\/uploads\/2021\/05\/p1557834700.jpg\",\"articleSection\":[\"Proyecto Ra\u00edz\",\"Sindm\u00f3veis\"],\"inLanguage\":\"es\"},{\"@type\":\"WebPage\",\"@id\":\"https:\/\/www.sindmoveis.com.br\/es\/projeto-raiz-reune-o-maior-grupo-de-designers-brasileiros-a-participar-de-feira-em-nova-york\/\",\"url\":\"https:\/\/www.sindmoveis.com.br\/es\/projeto-raiz-reune-o-maior-grupo-de-designers-brasileiros-a-participar-de-feira-em-nova-york\/\",\"name\":\"Proyecto Ra\u00edz re\u00fane el mayor grupo de dise\u00f1adores brasile\u00f1os a participar de feria en Nueva York - Sindm\u00f3veis-RS\",\"isPartOf\":{\"@id\":\"https:\/\/www.sindmoveis.com.br\/es\/#website\"},\"primaryImageOfPage\":{\"@id\":\"https:\/\/www.sindmoveis.com.br\/es\/projeto-raiz-reune-o-maior-grupo-de-designers-brasileiros-a-participar-de-feira-em-nova-york\/#primaryimage\"},\"image\":{\"@id\":\"https:\/\/www.sindmoveis.com.br\/es\/projeto-raiz-reune-o-maior-grupo-de-designers-brasileiros-a-participar-de-feira-em-nova-york\/#primaryimage\"},\"thumbnailUrl\":\"https:\/\/www.sindmoveis.com.br\/es\/wp-content\/uploads\/2021\/05\/p1557834700.jpg\",\"datePublished\":\"2019-05-13T03:00:00+00:00\",\"dateModified\":\"2021-05-26T13:29:06+00:00\",\"author\":{\"@id\":\"https:\/\/www.sindmoveis.com.br\/es\/#\/schema\/person\/16d379542db1950a17fe188179340d57\"},\"inLanguage\":\"es\",\"potentialAction\":[{\"@type\":\"ReadAction\",\"target\":[\"https:\/\/www.sindmoveis.com.br\/es\/projeto-raiz-reune-o-maior-grupo-de-designers-brasileiros-a-participar-de-feira-em-nova-york\/\"]}]},{\"@type\":\"ImageObject\",\"inLanguage\":\"es\",\"@id\":\"https:\/\/www.sindmoveis.com.br\/es\/projeto-raiz-reune-o-maior-grupo-de-designers-brasileiros-a-participar-de-feira-em-nova-york\/#primaryimage\",\"url\":\"https:\/\/www.sindmoveis.com.br\/es\/wp-content\/uploads\/2021\/05\/p1557834700.jpg\",\"contentUrl\":\"https:\/\/www.sindmoveis.com.br\/es\/wp-content\/uploads\/2021\/05\/p1557834700.jpg\",\"width\":1575,\"height\":1051},{\"@type\":\"WebSite\",\"@id\":\"https:\/\/www.sindmoveis.com.br\/es\/#website\",\"url\":\"https:\/\/www.sindmoveis.com.br\/es\/\",\"name\":\"Sindm\u00f3veis-RS\",\"description\":\"\",\"potentialAction\":[{\"@type\":\"SearchAction\",\"target\":{\"@type\":\"EntryPoint\",\"urlTemplate\":\"https:\/\/www.sindmoveis.com.br\/es\/?s={search_term_string}\"},\"query-input\":{\"@type\":\"PropertyValueSpecification\",\"valueRequired\":true,\"valueName\":\"search_term_string\"}}],\"inLanguage\":\"es\"},{\"@type\":\"Person\",\"@id\":\"https:\/\/www.sindmoveis.com.br\/es\/#\/schema\/person\/16d379542db1950a17fe188179340d57\",\"name\":\"Imprensa Sindm\u00f3veis\",\"image\":{\"@type\":\"ImageObject\",\"inLanguage\":\"es\",\"@id\":\"https:\/\/www.sindmoveis.com.br\/es\/#\/schema\/person\/image\/\",\"url\":\"https:\/\/secure.gravatar.com\/avatar\/4973e2e2c2a0cb5db30b0c7b770041b8e33d048a16b695a1f99c042449d4bfaf?s=96&d=mm&r=g\",\"contentUrl\":\"https:\/\/secure.gravatar.com\/avatar\/4973e2e2c2a0cb5db30b0c7b770041b8e33d048a16b695a1f99c042449d4bfaf?s=96&d=mm&r=g\",\"caption\":\"Imprensa Sindm\u00f3veis\"},\"url\":\"https:\/\/www.sindmoveis.com.br\/es\/author\/ana\/\"}]}<\/script>\n<!-- \/ Yoast SEO plugin. -->","yoast_head_json":{"title":"Proyecto Ra\u00edz re\u00fane el mayor grupo de dise\u00f1adores brasile\u00f1os a participar de feria en Nueva York - Sindm\u00f3veis-RS","robots":{"index":"index","follow":"follow","max-snippet":"max-snippet:-1","max-image-preview":"max-image-preview:large","max-video-preview":"max-video-preview:-1"},"canonical":"https:\/\/www.sindmoveis.com.br\/es\/projeto-raiz-reune-o-maior-grupo-de-designers-brasileiros-a-participar-de-feira-em-nova-york\/","og_locale":"es_ES","og_type":"article","og_title":"Proyecto Ra\u00edz re\u00fane el mayor grupo de dise\u00f1adores brasile\u00f1os a participar de feria en Nueva York - Sindm\u00f3veis-RS","og_description":"Al todo, 19 estudios apoyados por Sindm\u00f3veis y Apex-Brasil van a exponer en ICFF Nueva York entre los d\u00edas 19 y 21 de mayo","og_url":"https:\/\/www.sindmoveis.com.br\/es\/projeto-raiz-reune-o-maior-grupo-de-designers-brasileiros-a-participar-de-feira-em-nova-york\/","og_site_name":"Sindm\u00f3veis-RS","article_published_time":"2019-05-13T03:00:00+00:00","article_modified_time":"2021-05-26T13:29:06+00:00","og_image":[{"width":1575,"height":1051,"url":"https:\/\/www.sindmoveis.com.br\/es\/wp-content\/uploads\/2021\/05\/p1557834700.jpg","type":"image\/jpeg"}],"author":"Imprensa Sindm\u00f3veis","twitter_card":"summary_large_image","twitter_misc":{"Escrito por":"Imprensa Sindm\u00f3veis","Tiempo de lectura":"8 minutos"},"schema":{"@context":"https:\/\/schema.org","@graph":[{"@type":"Article","@id":"https:\/\/www.sindmoveis.com.br\/es\/projeto-raiz-reune-o-maior-grupo-de-designers-brasileiros-a-participar-de-feira-em-nova-york\/#article","isPartOf":{"@id":"https:\/\/www.sindmoveis.com.br\/es\/projeto-raiz-reune-o-maior-grupo-de-designers-brasileiros-a-participar-de-feira-em-nova-york\/"},"author":{"name":"Imprensa Sindm\u00f3veis","@id":"https:\/\/www.sindmoveis.com.br\/es\/#\/schema\/person\/16d379542db1950a17fe188179340d57"},"headline":"Proyecto Ra\u00edz re\u00fane el mayor grupo de dise\u00f1adores brasile\u00f1os a participar de feria en Nueva York","datePublished":"2019-05-13T03:00:00+00:00","dateModified":"2021-05-26T13:29:06+00:00","mainEntityOfPage":{"@id":"https:\/\/www.sindmoveis.com.br\/es\/projeto-raiz-reune-o-maior-grupo-de-designers-brasileiros-a-participar-de-feira-em-nova-york\/"},"wordCount":1564,"image":{"@id":"https:\/\/www.sindmoveis.com.br\/es\/projeto-raiz-reune-o-maior-grupo-de-designers-brasileiros-a-participar-de-feira-em-nova-york\/#primaryimage"},"thumbnailUrl":"https:\/\/www.sindmoveis.com.br\/es\/wp-content\/uploads\/2021\/05\/p1557834700.jpg","articleSection":["Proyecto Ra\u00edz","Sindm\u00f3veis"],"inLanguage":"es"},{"@type":"WebPage","@id":"https:\/\/www.sindmoveis.com.br\/es\/projeto-raiz-reune-o-maior-grupo-de-designers-brasileiros-a-participar-de-feira-em-nova-york\/","url":"https:\/\/www.sindmoveis.com.br\/es\/projeto-raiz-reune-o-maior-grupo-de-designers-brasileiros-a-participar-de-feira-em-nova-york\/","name":"Proyecto Ra\u00edz re\u00fane el mayor grupo de dise\u00f1adores brasile\u00f1os a participar de feria en Nueva York - Sindm\u00f3veis-RS","isPartOf":{"@id":"https:\/\/www.sindmoveis.com.br\/es\/#website"},"primaryImageOfPage":{"@id":"https:\/\/www.sindmoveis.com.br\/es\/projeto-raiz-reune-o-maior-grupo-de-designers-brasileiros-a-participar-de-feira-em-nova-york\/#primaryimage"},"image":{"@id":"https:\/\/www.sindmoveis.com.br\/es\/projeto-raiz-reune-o-maior-grupo-de-designers-brasileiros-a-participar-de-feira-em-nova-york\/#primaryimage"},"thumbnailUrl":"https:\/\/www.sindmoveis.com.br\/es\/wp-content\/uploads\/2021\/05\/p1557834700.jpg","datePublished":"2019-05-13T03:00:00+00:00","dateModified":"2021-05-26T13:29:06+00:00","author":{"@id":"https:\/\/www.sindmoveis.com.br\/es\/#\/schema\/person\/16d379542db1950a17fe188179340d57"},"inLanguage":"es","potentialAction":[{"@type":"ReadAction","target":["https:\/\/www.sindmoveis.com.br\/es\/projeto-raiz-reune-o-maior-grupo-de-designers-brasileiros-a-participar-de-feira-em-nova-york\/"]}]},{"@type":"ImageObject","inLanguage":"es","@id":"https:\/\/www.sindmoveis.com.br\/es\/projeto-raiz-reune-o-maior-grupo-de-designers-brasileiros-a-participar-de-feira-em-nova-york\/#primaryimage","url":"https:\/\/www.sindmoveis.com.br\/es\/wp-content\/uploads\/2021\/05\/p1557834700.jpg","contentUrl":"https:\/\/www.sindmoveis.com.br\/es\/wp-content\/uploads\/2021\/05\/p1557834700.jpg","width":1575,"height":1051},{"@type":"WebSite","@id":"https:\/\/www.sindmoveis.com.br\/es\/#website","url":"https:\/\/www.sindmoveis.com.br\/es\/","name":"Sindm\u00f3veis-RS","description":"","potentialAction":[{"@type":"SearchAction","target":{"@type":"EntryPoint","urlTemplate":"https:\/\/www.sindmoveis.com.br\/es\/?s={search_term_string}"},"query-input":{"@type":"PropertyValueSpecification","valueRequired":true,"valueName":"search_term_string"}}],"inLanguage":"es"},{"@type":"Person","@id":"https:\/\/www.sindmoveis.com.br\/es\/#\/schema\/person\/16d379542db1950a17fe188179340d57","name":"Imprensa Sindm\u00f3veis","image":{"@type":"ImageObject","inLanguage":"es","@id":"https:\/\/www.sindmoveis.com.br\/es\/#\/schema\/person\/image\/","url":"https:\/\/secure.gravatar.com\/avatar\/4973e2e2c2a0cb5db30b0c7b770041b8e33d048a16b695a1f99c042449d4bfaf?s=96&d=mm&r=g","contentUrl":"https:\/\/secure.gravatar.com\/avatar\/4973e2e2c2a0cb5db30b0c7b770041b8e33d048a16b695a1f99c042449d4bfaf?s=96&d=mm&r=g","caption":"Imprensa Sindm\u00f3veis"},"url":"https:\/\/www.sindmoveis.com.br\/es\/author\/ana\/"}]}},"_links":{"self":[{"href":"https:\/\/www.sindmoveis.com.br\/es\/wp-json\/wp\/v2\/posts\/1430","targetHints":{"allow":["GET"]}}],"collection":[{"href":"https:\/\/www.sindmoveis.com.br\/es\/wp-json\/wp\/v2\/posts"}],"about":[{"href":"https:\/\/www.sindmoveis.com.br\/es\/wp-json\/wp\/v2\/types\/post"}],"author":[{"embeddable":true,"href":"https:\/\/www.sindmoveis.com.br\/es\/wp-json\/wp\/v2\/users\/5"}],"replies":[{"embeddable":true,"href":"https:\/\/www.sindmoveis.com.br\/es\/wp-json\/wp\/v2\/comments?post=1430"}],"version-history":[{"count":2,"href":"https:\/\/www.sindmoveis.com.br\/es\/wp-json\/wp\/v2\/posts\/1430\/revisions"}],"predecessor-version":[{"id":3722,"href":"https:\/\/www.sindmoveis.com.br\/es\/wp-json\/wp\/v2\/posts\/1430\/revisions\/3722"}],"wp:featuredmedia":[{"embeddable":true,"href":"https:\/\/www.sindmoveis.com.br\/es\/wp-json\/wp\/v2\/media\/3723"}],"wp:attachment":[{"href":"https:\/\/www.sindmoveis.com.br\/es\/wp-json\/wp\/v2\/media?parent=1430"}],"wp:term":[{"taxonomy":"category","embeddable":true,"href":"https:\/\/www.sindmoveis.com.br\/es\/wp-json\/wp\/v2\/categories?post=1430"},{"taxonomy":"post_tag","embeddable":true,"href":"https:\/\/www.sindmoveis.com.br\/es\/wp-json\/wp\/v2\/tags?post=1430"}],"curies":[{"name":"wp","href":"https:\/\/api.w.org\/{rel}","templated":true}]}}