{"id":1422,"date":"2019-04-05T00:00:00","date_gmt":"2019-04-05T03:00:00","guid":{"rendered":"http:\/\/sindmoveis.com.br\/imprensa\/noticias\/sindmoveis-leva-o-design-brasileiro-a-milao\/"},"modified":"2021-05-26T10:24:20","modified_gmt":"2021-05-26T13:24:20","slug":"sindmoveis-leva-o-design-brasileiro-a-milao","status":"publish","type":"post","link":"https:\/\/www.sindmoveis.com.br\/es\/sindmoveis-leva-o-design-brasileiro-a-milao\/","title":{"rendered":"Sindm\u00f3veis lleva el dise\u00f1o brasile\u00f1o a Mil\u00e1n"},"content":{"rendered":"<p>Acciones estrat&eacute;gicas personalizadas para intensificar y promover la relaci&oacute;n comercial entre los dise&ntilde;adores brasile&ntilde;os y el mercado externo. Este es el hilo conductor del Proyecto Ra&iacute;z, iniciativa que apoya 24 estudios nacionales durante la Semana de Dise&ntilde;o de Mil&aacute;n, que se realiza entre los d&iacute;as 09 y 14 de abril en diversos distritos milaneses. Son esperadas tanto acciones en conjunto con BeBrasil, con la exposici&oacute;n de productos seleccionados con la curadur&iacute;a de Apex-Brasil, como eventos y exposiciones independientes. Esta es considerada la principal semana de dise&ntilde;o del mundo.<\/p>\n<p>Las acciones del Proyecto Ra&iacute;z ampl&iacute;an la percepci&oacute;n de valor&nbsp;sobre el mobiliario brasile&ntilde;o, adem&aacute;s de promover&nbsp;la relaci&oacute;n comercial entre los dise&ntilde;adores y el mercado externo. Participan de las acciones de BeBrasil y de eventos independientes los dise&ntilde;adores y estudios: Adolini + Simonini, Alessandra Delgado, Cristiana Bertolucci, estudiobola, Fahrer, Gi&aacute;como Tomazzi, Gustavo Martini, Gisela Simas, Guto Indio da Costa, Jader Almeida, Ilse Lang, Katia Moraes, Konsepta, Larissa Batista, Leandro Garcia, Leonardo Vanetti, Lovato M&oacute;veis, Marta Manente, Noemi Saga, Paulo Alves, Plataforma4, Renata Rubim, Roberta Rampazzo, Rodrigo Karam, Ronald Sasson, S&eacute;rgio Matos ySuzanne Reboh e Wagner Archella.&nbsp;&nbsp;&nbsp;&nbsp;&nbsp;&nbsp;&nbsp;&nbsp;&nbsp;&nbsp;&nbsp;&nbsp;<\/p>\n<p>El Proyecto Ra&iacute;z es promovido a partir de la asociaci&oacute;n entre el Sindicato de las Industrias del Mobiliario de Bento Gon&ccedil;alves (Sindm&oacute;veis) y la Agencia Brasile&ntilde;a de Promoci&oacute;n de Exportaciones e Inversiones (Apex-Brasil). Actualmente, 55 estudios de dise&ntilde;o de todo el pa&iacute;s participan de la iniciativa, que mantiene 340 productos firmados en el exterior y m&aacute;s de 30 cesiones de licenciamiento y propiedad intelectual.<\/p>\n<p>El cronograma de acciones del Proyecto incluye varias muestras internacionales. Para los pr&oacute;ximos dos a&ntilde;os, est&aacute; prevista la participaci&oacute;n en los siguientes eventos: Semana de Dise&ntilde;o de Mil&aacute;n (abril\/2019 e 2020); ICFF Nueva York (mayo\/2019 e 2020); Semana de Dise&ntilde;o de S&atilde;o Paulo (agosto\/2019 y 2020); Prospecci&oacute;n durante la semana de Dise&ntilde;o de Londres (septiembre\/2019) y Movelsul Brasil (marzo\/2020). Las tradicionales muestras itinerantes por embajadas de Brasil deben seguir por Barcelona (junio\/2019) y Berl&iacute;n (septiembre\/2019).<\/p>\n<p>&nbsp;<\/p>\n<p><strong>Proyecto Ra&iacute;z&nbsp;<br \/>\nRaiz Project<\/strong><\/p>\n<p><a href=\"http:\/\/www.raizproject.com\/\">www.raizproject.com<\/a><\/p>\n<p><a href=\"mailto:info@raizproject.com\">info@raizproject.com<\/a><br \/>\nInstagram: @raizproject<br \/>\nFacebook: \/raizproject<\/p>\n","protected":false},"excerpt":{"rendered":"<p>Muestra en el Furiosaloni y exposiciones independientes incluyen 28 estudios apoyados por el Proyecto Ra\u00edz, que fomenta la internacionalizaci\u00f3n de dise\u00f1adores brasile\u00f1os<\/p>\n","protected":false},"author":5,"featured_media":3721,"comment_status":"closed","ping_status":"open","sticky":false,"template":"","format":"standard","meta":{"footnotes":"","_links_to":"","_links_to_target":""},"categories":[2],"tags":[],"class_list":["post-1422","post","type-post","status-publish","format-standard","has-post-thumbnail","hentry","category-sindmoveis"],"yoast_head":"<!-- This site is optimized with the Yoast SEO plugin v27.0 - https:\/\/yoast.com\/product\/yoast-seo-wordpress\/ -->\n<title>Sindm\u00f3veis lleva el dise\u00f1o brasile\u00f1o a Mil\u00e1n - Sindm\u00f3veis-RS<\/title>\n<meta name=\"robots\" content=\"index, follow, max-snippet:-1, max-image-preview:large, max-video-preview:-1\" \/>\n<link rel=\"canonical\" href=\"https:\/\/www.sindmoveis.com.br\/es\/sindmoveis-leva-o-design-brasileiro-a-milao\/\" \/>\n<meta property=\"og:locale\" content=\"es_ES\" \/>\n<meta property=\"og:type\" content=\"article\" \/>\n<meta property=\"og:title\" content=\"Sindm\u00f3veis lleva el dise\u00f1o brasile\u00f1o a Mil\u00e1n - Sindm\u00f3veis-RS\" \/>\n<meta property=\"og:description\" content=\"Muestra en el Furiosaloni y exposiciones independientes incluyen 28 estudios apoyados por el Proyecto Ra\u00edz, que fomenta la internacionalizaci\u00f3n de dise\u00f1adores brasile\u00f1os\" \/>\n<meta property=\"og:url\" content=\"https:\/\/www.sindmoveis.com.br\/es\/sindmoveis-leva-o-design-brasileiro-a-milao\/\" \/>\n<meta property=\"og:site_name\" content=\"Sindm\u00f3veis-RS\" \/>\n<meta property=\"article:published_time\" content=\"2019-04-05T03:00:00+00:00\" \/>\n<meta property=\"article:modified_time\" content=\"2021-05-26T13:24:20+00:00\" \/>\n<meta property=\"og:image\" content=\"https:\/\/www.sindmoveis.com.br\/es\/wp-content\/uploads\/2021\/05\/p1554486526.jpg\" \/>\n\t<meta property=\"og:image:width\" content=\"700\" \/>\n\t<meta property=\"og:image:height\" content=\"500\" \/>\n\t<meta property=\"og:image:type\" content=\"image\/jpeg\" \/>\n<meta name=\"author\" content=\"Imprensa Sindm\u00f3veis\" \/>\n<meta name=\"twitter:card\" content=\"summary_large_image\" \/>\n<meta name=\"twitter:label1\" content=\"Escrito por\" \/>\n\t<meta name=\"twitter:data1\" content=\"Imprensa Sindm\u00f3veis\" \/>\n\t<meta name=\"twitter:label2\" content=\"Tiempo de lectura\" \/>\n\t<meta name=\"twitter:data2\" content=\"2 minutos\" \/>\n<script type=\"application\/ld+json\" class=\"yoast-schema-graph\">{\"@context\":\"https:\/\/schema.org\",\"@graph\":[{\"@type\":\"Article\",\"@id\":\"https:\/\/www.sindmoveis.com.br\/es\/sindmoveis-leva-o-design-brasileiro-a-milao\/#article\",\"isPartOf\":{\"@id\":\"https:\/\/www.sindmoveis.com.br\/es\/sindmoveis-leva-o-design-brasileiro-a-milao\/\"},\"author\":{\"name\":\"Imprensa Sindm\u00f3veis\",\"@id\":\"https:\/\/www.sindmoveis.com.br\/es\/#\/schema\/person\/16d379542db1950a17fe188179340d57\"},\"headline\":\"Sindm\u00f3veis lleva el dise\u00f1o brasile\u00f1o a Mil\u00e1n\",\"datePublished\":\"2019-04-05T03:00:00+00:00\",\"dateModified\":\"2021-05-26T13:24:20+00:00\",\"mainEntityOfPage\":{\"@id\":\"https:\/\/www.sindmoveis.com.br\/es\/sindmoveis-leva-o-design-brasileiro-a-milao\/\"},\"wordCount\":440,\"image\":{\"@id\":\"https:\/\/www.sindmoveis.com.br\/es\/sindmoveis-leva-o-design-brasileiro-a-milao\/#primaryimage\"},\"thumbnailUrl\":\"https:\/\/www.sindmoveis.com.br\/es\/wp-content\/uploads\/2021\/05\/p1554486526.jpg\",\"articleSection\":[\"Sindm\u00f3veis\"],\"inLanguage\":\"es\"},{\"@type\":\"WebPage\",\"@id\":\"https:\/\/www.sindmoveis.com.br\/es\/sindmoveis-leva-o-design-brasileiro-a-milao\/\",\"url\":\"https:\/\/www.sindmoveis.com.br\/es\/sindmoveis-leva-o-design-brasileiro-a-milao\/\",\"name\":\"Sindm\u00f3veis lleva el dise\u00f1o brasile\u00f1o a Mil\u00e1n - Sindm\u00f3veis-RS\",\"isPartOf\":{\"@id\":\"https:\/\/www.sindmoveis.com.br\/es\/#website\"},\"primaryImageOfPage\":{\"@id\":\"https:\/\/www.sindmoveis.com.br\/es\/sindmoveis-leva-o-design-brasileiro-a-milao\/#primaryimage\"},\"image\":{\"@id\":\"https:\/\/www.sindmoveis.com.br\/es\/sindmoveis-leva-o-design-brasileiro-a-milao\/#primaryimage\"},\"thumbnailUrl\":\"https:\/\/www.sindmoveis.com.br\/es\/wp-content\/uploads\/2021\/05\/p1554486526.jpg\",\"datePublished\":\"2019-04-05T03:00:00+00:00\",\"dateModified\":\"2021-05-26T13:24:20+00:00\",\"author\":{\"@id\":\"https:\/\/www.sindmoveis.com.br\/es\/#\/schema\/person\/16d379542db1950a17fe188179340d57\"},\"inLanguage\":\"es\",\"potentialAction\":[{\"@type\":\"ReadAction\",\"target\":[\"https:\/\/www.sindmoveis.com.br\/es\/sindmoveis-leva-o-design-brasileiro-a-milao\/\"]}]},{\"@type\":\"ImageObject\",\"inLanguage\":\"es\",\"@id\":\"https:\/\/www.sindmoveis.com.br\/es\/sindmoveis-leva-o-design-brasileiro-a-milao\/#primaryimage\",\"url\":\"https:\/\/www.sindmoveis.com.br\/es\/wp-content\/uploads\/2021\/05\/p1554486526.jpg\",\"contentUrl\":\"https:\/\/www.sindmoveis.com.br\/es\/wp-content\/uploads\/2021\/05\/p1554486526.jpg\",\"width\":700,\"height\":500},{\"@type\":\"WebSite\",\"@id\":\"https:\/\/www.sindmoveis.com.br\/es\/#website\",\"url\":\"https:\/\/www.sindmoveis.com.br\/es\/\",\"name\":\"Sindm\u00f3veis-RS\",\"description\":\"\",\"potentialAction\":[{\"@type\":\"SearchAction\",\"target\":{\"@type\":\"EntryPoint\",\"urlTemplate\":\"https:\/\/www.sindmoveis.com.br\/es\/?s={search_term_string}\"},\"query-input\":{\"@type\":\"PropertyValueSpecification\",\"valueRequired\":true,\"valueName\":\"search_term_string\"}}],\"inLanguage\":\"es\"},{\"@type\":\"Person\",\"@id\":\"https:\/\/www.sindmoveis.com.br\/es\/#\/schema\/person\/16d379542db1950a17fe188179340d57\",\"name\":\"Imprensa Sindm\u00f3veis\",\"image\":{\"@type\":\"ImageObject\",\"inLanguage\":\"es\",\"@id\":\"https:\/\/www.sindmoveis.com.br\/es\/#\/schema\/person\/image\/\",\"url\":\"https:\/\/secure.gravatar.com\/avatar\/4973e2e2c2a0cb5db30b0c7b770041b8e33d048a16b695a1f99c042449d4bfaf?s=96&d=mm&r=g\",\"contentUrl\":\"https:\/\/secure.gravatar.com\/avatar\/4973e2e2c2a0cb5db30b0c7b770041b8e33d048a16b695a1f99c042449d4bfaf?s=96&d=mm&r=g\",\"caption\":\"Imprensa Sindm\u00f3veis\"},\"url\":\"https:\/\/www.sindmoveis.com.br\/es\/author\/ana\/\"}]}<\/script>\n<!-- \/ Yoast SEO plugin. -->","yoast_head_json":{"title":"Sindm\u00f3veis lleva el dise\u00f1o brasile\u00f1o a Mil\u00e1n - Sindm\u00f3veis-RS","robots":{"index":"index","follow":"follow","max-snippet":"max-snippet:-1","max-image-preview":"max-image-preview:large","max-video-preview":"max-video-preview:-1"},"canonical":"https:\/\/www.sindmoveis.com.br\/es\/sindmoveis-leva-o-design-brasileiro-a-milao\/","og_locale":"es_ES","og_type":"article","og_title":"Sindm\u00f3veis lleva el dise\u00f1o brasile\u00f1o a Mil\u00e1n - Sindm\u00f3veis-RS","og_description":"Muestra en el Furiosaloni y exposiciones independientes incluyen 28 estudios apoyados por el Proyecto Ra\u00edz, que fomenta la internacionalizaci\u00f3n de dise\u00f1adores brasile\u00f1os","og_url":"https:\/\/www.sindmoveis.com.br\/es\/sindmoveis-leva-o-design-brasileiro-a-milao\/","og_site_name":"Sindm\u00f3veis-RS","article_published_time":"2019-04-05T03:00:00+00:00","article_modified_time":"2021-05-26T13:24:20+00:00","og_image":[{"width":700,"height":500,"url":"https:\/\/www.sindmoveis.com.br\/es\/wp-content\/uploads\/2021\/05\/p1554486526.jpg","type":"image\/jpeg"}],"author":"Imprensa Sindm\u00f3veis","twitter_card":"summary_large_image","twitter_misc":{"Escrito por":"Imprensa Sindm\u00f3veis","Tiempo de lectura":"2 minutos"},"schema":{"@context":"https:\/\/schema.org","@graph":[{"@type":"Article","@id":"https:\/\/www.sindmoveis.com.br\/es\/sindmoveis-leva-o-design-brasileiro-a-milao\/#article","isPartOf":{"@id":"https:\/\/www.sindmoveis.com.br\/es\/sindmoveis-leva-o-design-brasileiro-a-milao\/"},"author":{"name":"Imprensa Sindm\u00f3veis","@id":"https:\/\/www.sindmoveis.com.br\/es\/#\/schema\/person\/16d379542db1950a17fe188179340d57"},"headline":"Sindm\u00f3veis lleva el dise\u00f1o brasile\u00f1o a Mil\u00e1n","datePublished":"2019-04-05T03:00:00+00:00","dateModified":"2021-05-26T13:24:20+00:00","mainEntityOfPage":{"@id":"https:\/\/www.sindmoveis.com.br\/es\/sindmoveis-leva-o-design-brasileiro-a-milao\/"},"wordCount":440,"image":{"@id":"https:\/\/www.sindmoveis.com.br\/es\/sindmoveis-leva-o-design-brasileiro-a-milao\/#primaryimage"},"thumbnailUrl":"https:\/\/www.sindmoveis.com.br\/es\/wp-content\/uploads\/2021\/05\/p1554486526.jpg","articleSection":["Sindm\u00f3veis"],"inLanguage":"es"},{"@type":"WebPage","@id":"https:\/\/www.sindmoveis.com.br\/es\/sindmoveis-leva-o-design-brasileiro-a-milao\/","url":"https:\/\/www.sindmoveis.com.br\/es\/sindmoveis-leva-o-design-brasileiro-a-milao\/","name":"Sindm\u00f3veis lleva el dise\u00f1o brasile\u00f1o a Mil\u00e1n - Sindm\u00f3veis-RS","isPartOf":{"@id":"https:\/\/www.sindmoveis.com.br\/es\/#website"},"primaryImageOfPage":{"@id":"https:\/\/www.sindmoveis.com.br\/es\/sindmoveis-leva-o-design-brasileiro-a-milao\/#primaryimage"},"image":{"@id":"https:\/\/www.sindmoveis.com.br\/es\/sindmoveis-leva-o-design-brasileiro-a-milao\/#primaryimage"},"thumbnailUrl":"https:\/\/www.sindmoveis.com.br\/es\/wp-content\/uploads\/2021\/05\/p1554486526.jpg","datePublished":"2019-04-05T03:00:00+00:00","dateModified":"2021-05-26T13:24:20+00:00","author":{"@id":"https:\/\/www.sindmoveis.com.br\/es\/#\/schema\/person\/16d379542db1950a17fe188179340d57"},"inLanguage":"es","potentialAction":[{"@type":"ReadAction","target":["https:\/\/www.sindmoveis.com.br\/es\/sindmoveis-leva-o-design-brasileiro-a-milao\/"]}]},{"@type":"ImageObject","inLanguage":"es","@id":"https:\/\/www.sindmoveis.com.br\/es\/sindmoveis-leva-o-design-brasileiro-a-milao\/#primaryimage","url":"https:\/\/www.sindmoveis.com.br\/es\/wp-content\/uploads\/2021\/05\/p1554486526.jpg","contentUrl":"https:\/\/www.sindmoveis.com.br\/es\/wp-content\/uploads\/2021\/05\/p1554486526.jpg","width":700,"height":500},{"@type":"WebSite","@id":"https:\/\/www.sindmoveis.com.br\/es\/#website","url":"https:\/\/www.sindmoveis.com.br\/es\/","name":"Sindm\u00f3veis-RS","description":"","potentialAction":[{"@type":"SearchAction","target":{"@type":"EntryPoint","urlTemplate":"https:\/\/www.sindmoveis.com.br\/es\/?s={search_term_string}"},"query-input":{"@type":"PropertyValueSpecification","valueRequired":true,"valueName":"search_term_string"}}],"inLanguage":"es"},{"@type":"Person","@id":"https:\/\/www.sindmoveis.com.br\/es\/#\/schema\/person\/16d379542db1950a17fe188179340d57","name":"Imprensa Sindm\u00f3veis","image":{"@type":"ImageObject","inLanguage":"es","@id":"https:\/\/www.sindmoveis.com.br\/es\/#\/schema\/person\/image\/","url":"https:\/\/secure.gravatar.com\/avatar\/4973e2e2c2a0cb5db30b0c7b770041b8e33d048a16b695a1f99c042449d4bfaf?s=96&d=mm&r=g","contentUrl":"https:\/\/secure.gravatar.com\/avatar\/4973e2e2c2a0cb5db30b0c7b770041b8e33d048a16b695a1f99c042449d4bfaf?s=96&d=mm&r=g","caption":"Imprensa Sindm\u00f3veis"},"url":"https:\/\/www.sindmoveis.com.br\/es\/author\/ana\/"}]}},"_links":{"self":[{"href":"https:\/\/www.sindmoveis.com.br\/es\/wp-json\/wp\/v2\/posts\/1422","targetHints":{"allow":["GET"]}}],"collection":[{"href":"https:\/\/www.sindmoveis.com.br\/es\/wp-json\/wp\/v2\/posts"}],"about":[{"href":"https:\/\/www.sindmoveis.com.br\/es\/wp-json\/wp\/v2\/types\/post"}],"author":[{"embeddable":true,"href":"https:\/\/www.sindmoveis.com.br\/es\/wp-json\/wp\/v2\/users\/5"}],"replies":[{"embeddable":true,"href":"https:\/\/www.sindmoveis.com.br\/es\/wp-json\/wp\/v2\/comments?post=1422"}],"version-history":[{"count":2,"href":"https:\/\/www.sindmoveis.com.br\/es\/wp-json\/wp\/v2\/posts\/1422\/revisions"}],"predecessor-version":[{"id":3720,"href":"https:\/\/www.sindmoveis.com.br\/es\/wp-json\/wp\/v2\/posts\/1422\/revisions\/3720"}],"wp:featuredmedia":[{"embeddable":true,"href":"https:\/\/www.sindmoveis.com.br\/es\/wp-json\/wp\/v2\/media\/3721"}],"wp:attachment":[{"href":"https:\/\/www.sindmoveis.com.br\/es\/wp-json\/wp\/v2\/media?parent=1422"}],"wp:term":[{"taxonomy":"category","embeddable":true,"href":"https:\/\/www.sindmoveis.com.br\/es\/wp-json\/wp\/v2\/categories?post=1422"},{"taxonomy":"post_tag","embeddable":true,"href":"https:\/\/www.sindmoveis.com.br\/es\/wp-json\/wp\/v2\/tags?post=1422"}],"curies":[{"name":"wp","href":"https:\/\/api.w.org\/{rel}","templated":true}]}}