{"id":1419,"date":"2019-03-27T00:00:00","date_gmt":"2019-03-27T03:00:00","guid":{"rendered":"http:\/\/sindmoveis.com.br\/imprensa\/noticias\/movelsul-brasil-lanca-campanha-de-comunicacao-ligada-aos-atributos-da-serra-gaucha\/"},"modified":"2021-05-26T10:31:42","modified_gmt":"2021-05-26T13:31:42","slug":"movelsul-brasil-lanca-campanha-de-comunicacao-ligada-aos-atributos-da-serra-gaucha","status":"publish","type":"post","link":"https:\/\/www.sindmoveis.com.br\/es\/movelsul-brasil-lanca-campanha-de-comunicacao-ligada-aos-atributos-da-serra-gaucha\/","title":{"rendered":"Movelsul Brasil lanza campa\u00f1a de comunicaci\u00f3n dando \u00e9nfasis a los atributos de la Sierra Gaucha"},"content":{"rendered":"<p>A poco menos de un a&ntilde;o para Movelsul Brasil 2020, mayor feria de muebles de Am&eacute;rica Latina para el revendedor e importador, Sindm&oacute;veis Bento Gon&ccedil;alves aprovecha la intensa visita de industrias de mobiliario en Fimma Brasil para lanzar al p&uacute;blico la campa&ntilde;a de comunicaci&oacute;n para el evento, que ser&aacute; de 19 a 19 de marzo de 2020. La idea es dar secuencia a la campa&ntilde;a iniciada en la &uacute;ltima edici&oacute;n, valorando los atributos tur&iacute;sticos locales que hacen de Movelsul Brasil una feria &uacute;nica en su segmento. La ceremonia de lanzamiento, el mi&eacute;rcoles 27, fue el puntapi&eacute; para las acciones cuyo objetivo es atraer visitantes nacionales y extranjeros. Con relaci&oacute;n a expositores, Movelsul Brasil est&aacute; con 60% de las &aacute;reas disponibles ya ocupadas.<\/p>\n<p>El presidente de Sindm&oacute;veis y de Movelsul Brasil, Vinicius Benini, destaca la relevancia de Fimma Brasil en el proceso de innovaci&oacute;n de la industria del mobiliario, siendo la ocasi&oacute;n ideal para el lanzamiento de Movelsul Brasil que ser&aacute; realizada el pr&oacute;ximo a&ntilde;o. En su stand institucional en Fimma Brasil, el equipo de la feria se est&aacute; reuniendo con industrias fabricantes de muebles con potencial de participaci&oacute;n en Movelsul Brasil para presentarles modalidades y condiciones de participaci&oacute;n.<\/p>\n<p>Diversas iniciativas para potenciar la generaci&oacute;n de negocios en Movelsul Brasil ya est&aacute;n en curso, aunque estemos a un a&ntilde;o de la feria, como la atracci&oacute;n de revendedores del segmento de <em>e-commerce<\/em> y mobiliario corporativo; la planificaci&oacute;n del Proyecto Comprador, la diversificaci&oacute;n de expositores y el est&iacute;mulo al lanzamiento de nuevas l&iacute;neas durante la feria por medio del Proyecto Comercio Minorista. Adem&aacute;s de ello, el presidente anunci&oacute; el primer evento preparatorio para los expositores de Movelsul Brasil 2020: un foro de capacitaci&oacute;n de la industria del mobiliario para el <em>e-commerce<\/em>, d&iacute;a 23 de mayo, que reunir&aacute; en Bento Gon&ccedil;alves especialistas en comercio minorista\/ ventas al por menor, y operaci&oacute;n <em>on line<\/em> para exponer las oportunidades y dificultades para el sector del mobiliario.<\/p>\n<p>De acuerdo con el presidente Vinicius Benini, cuando Sindm&oacute;veis fortalece la marca y el Proyecto Movelsul, est&aacute; fortaleciendo el sector del mobiliario nacional y, en consecuencia, las empresas, las empresas del propio polo de Bento Gon&ccedil;alves &ndash; adem&aacute;s de la ciudad como un todo, la econom&iacute;a local y el turismo. &ldquo;Es un orgullo poner en la calle una campa&ntilde;a que eleva nuestro destino tur&iacute;stico y la oportunidad &uacute;nica que tenemos aqu&iacute; de aunar negocios y diversi&oacute;n. Este es un momento en que la industria de Bento Gon&ccedil;alves debe unir fuerzas con Movelsul Brasil y mostrar por qu&eacute; nuestro polo es considerado el mayor del pa&iacute;s&rdquo;.<\/p>\n<p>&nbsp;<\/p>\n<p><strong>Sobre la campa&ntilde;a de Movelsul Brasil 2020<\/strong><\/p>\n<p>&nbsp;<\/p>\n<p>El &ldquo;<em>terroir mobiliario<\/em>&rdquo; que la campa&ntilde;a exalta es traducido por el eslogan &ldquo;Dise&ntilde;o es de Nuestra Naturaleza&rdquo;, que va a permear la identidad visual de la feria y piezas publicitarias. El concepto defiende que el dise&ntilde;o est&aacute; en el ADN del polo mobiliario de Bento Gon&ccedil;alves, donde existe un ambiente colaborativo, innovador, en donde la belleza encuadra el cotidiano de las personas y en el cual. la necesidad de hacer m&aacute;s teniendo menos estructur&oacute; la econom&iacute;a de la colonizaci&oacute;n italiana. &ldquo;Todo eso es dise&ntilde;o: belleza, colaboraci&oacute;n, innovaci&oacute;n y econom&iacute;a. Dise&ntilde;o es algo que est&aacute; en nuestra formaci&oacute;n y en nuestro d&iacute;a a d&iacute;a. Por ello, Dise&ntilde;o es de nuestra naturaleza&rdquo;&rdquo;, puntualiza la directora de Comunicaci&oacute;n de Sindm&oacute;veis y de Movelsul Brasil, Priscila Milessi Basso, en la presentaci&oacute;n de la campa&ntilde;a.<\/p>\n<p>La campa&ntilde;a, de autor&iacute;a de la agencia Rep&uacute;blica de las Ideas, une los discursos sobre la singularidad del polo mobiliario de Bento Gon&ccedil;alves y su ambiente &ndash; al mismo tiempo &ndash; tur&iacute;stico, gastron&oacute;mico y buc&oacute;lico. La directora de Comunicaci&oacute;n destaca que el trabajo en equipo, el vino, los muebles, las bellezas naturales y el dise&ntilde;o son de nuestra naturaleza. &ldquo;Cualquier ciudad puede hacer una feria, pero ning&uacute;n otro lugar de Brasil puede contar con una como la nuestra, con sus bellezas naturales y su gente. Este <em>terroir mobiliario<\/em> es solamente de nosotros. Por ello, el concepto de Movelsul Brasil es, tambi&eacute;n, una invitaci&oacute;n a la participaci&oacute;n: la feria no es de Sindm&oacute;veis o de los expositores, sino de toda la ciudad y de toda la regi&oacute;n. Acogimiento es tambi&eacute;n de nuestra naturaleza&rdquo; resalta Priscila Milessi Basso.<\/p>\n<p>&nbsp;<\/p>\n<p><strong>M&aacute;s sobre Movelsul Brasil<\/strong><\/p>\n<p>&nbsp;<\/p>\n<p>Promovida por Sindm&oacute;veis Bento Gon&ccedil;alves,&nbsp; Movelsul Brasil es la mayor plataforma de negocios de Am&eacute;rica Latina para el sector del mobiliario, orquestando un ambiente de ventas e incremento de imagen para la industria de muebles, decoraci&oacute;n y complementos. En su historia, Movelsul Brasil ya tuvo m&aacute;s de 1.700 empresas expositoras. La primera edici&oacute;n de la feria ocurri&oacute; en 1977, a&ntilde;o en que el sector del mobiliario se consolid&oacute; como actividad l&iacute;der en la econom&iacute;a de Bento Gon&ccedil;alves.<\/p>\n<p>La feria es promovida a cada dos a&ntilde;os, reuniendo expositores de los segmentos de oficina, cocina, dormitorios, &aacute;rea de servicio\/lavadero, ba&ntilde;o, muebles para jard&iacute;n, electrodom&eacute;sticos, comedores de diario, juegos de comedor y salas de estar, alfombras, muebles tapizados, y colchones. Adem&aacute;s del p&uacute;blico calificado de revendedores brasile&ntilde;os, Movelsul Brasil tiene un fuerte posicionamiento internacional en los mercados de inter&eacute;s para la industria brasile&ntilde;a de muebles. En 2020, Movelsul Brasil ser&aacute; realizada de 16 a 19 de marzo, en el Parque de Eventos de Bento Gon&ccedil;alves. Est&aacute; prevista una agenda intensa de proyectos paralelos involucrando los m&aacute;s de 200 expositores y el p&uacute;blico.<\/p>\n<p>&nbsp;<\/p>\n<p><strong>Movelsul Brasil 2020<\/strong><\/p>\n<p><strong>Feria de Muebles y complementos para el revendedor y especificador<\/strong><\/p>\n<p>&nbsp;<\/p>\n<p><strong>Cuando<\/strong>: 16 a 19 de marzo de 2020, de las 12 a las 20h<\/p>\n<p><strong>Donde<\/strong>: Parque de Eventos de Bento Gon&ccedil;alves (Alameda Fenavinho, 481)<\/p>\n<p>Entrada gratuita mediante acreditaci&oacute;n. Abierta apenas al p&uacute;blico profesional (revendedores, representantes, arquitectos, dise&ntilde;adores, decoradores, importadores, profesionales de la construcci&oacute;n civil y prensa)<\/p>\n<p>&nbsp;<\/p>\n<p><strong>Para m&aacute;s informaciones:<\/strong><\/p>\n<p><a href=\"http:\/\/www.movelsul.com.br\/\">www.movelsul.com.br<\/a><\/p>\n<p><a href=\"http:\/\/www.facebook.com\/movelsul.brasil\">www.facebook.com\/movelsul.brasil<\/a><\/p>\n<p><a href=\"http:\/\/www.instagram.com\/movelsulbrasil\">www.instagram.com\/movelsulbrasil<\/a><\/p>\n","protected":false},"excerpt":{"rendered":"<p>Mayor feria de muebles de Am\u00e9rica Latina para el revendedor e importador ser\u00e1 de 16 a 19 de marzo de 2020 y tuvo lanzamiento esta semana, durante  Fimma Brasil<\/p>\n","protected":false},"author":5,"featured_media":3719,"comment_status":"closed","ping_status":"open","sticky":false,"template":"","format":"standard","meta":{"footnotes":"","_links_to":"","_links_to_target":""},"categories":[23,2],"tags":[],"class_list":["post-1419","post","type-post","status-publish","format-standard","has-post-thumbnail","hentry","category-movelsul","category-sindmoveis"],"yoast_head":"<!-- This site is optimized with the Yoast SEO plugin v27.0 - https:\/\/yoast.com\/product\/yoast-seo-wordpress\/ -->\n<title>Movelsul Brasil lanza campa\u00f1a de comunicaci\u00f3n dando \u00e9nfasis a los atributos de la Sierra Gaucha - Sindm\u00f3veis-RS<\/title>\n<meta name=\"robots\" content=\"index, follow, max-snippet:-1, max-image-preview:large, max-video-preview:-1\" \/>\n<link rel=\"canonical\" href=\"https:\/\/www.sindmoveis.com.br\/es\/movelsul-brasil-lanca-campanha-de-comunicacao-ligada-aos-atributos-da-serra-gaucha\/\" \/>\n<meta property=\"og:locale\" content=\"es_ES\" \/>\n<meta property=\"og:type\" content=\"article\" \/>\n<meta property=\"og:title\" content=\"Movelsul Brasil lanza campa\u00f1a de comunicaci\u00f3n dando \u00e9nfasis a los atributos de la Sierra Gaucha - Sindm\u00f3veis-RS\" \/>\n<meta property=\"og:description\" content=\"Mayor feria de muebles de Am\u00e9rica Latina para el revendedor e importador ser\u00e1 de 16 a 19 de marzo de 2020 y tuvo lanzamiento esta semana, durante Fimma Brasil\" \/>\n<meta property=\"og:url\" content=\"https:\/\/www.sindmoveis.com.br\/es\/movelsul-brasil-lanca-campanha-de-comunicacao-ligada-aos-atributos-da-serra-gaucha\/\" \/>\n<meta property=\"og:site_name\" content=\"Sindm\u00f3veis-RS\" \/>\n<meta property=\"article:published_time\" content=\"2019-03-27T03:00:00+00:00\" \/>\n<meta property=\"article:modified_time\" content=\"2021-05-26T13:31:42+00:00\" \/>\n<meta property=\"og:image\" content=\"https:\/\/www.sindmoveis.com.br\/es\/wp-content\/uploads\/2021\/05\/p1553725704.jpg\" \/>\n\t<meta property=\"og:image:width\" content=\"2333\" \/>\n\t<meta property=\"og:image:height\" content=\"1555\" \/>\n\t<meta property=\"og:image:type\" content=\"image\/jpeg\" \/>\n<meta name=\"author\" content=\"Imprensa Sindm\u00f3veis\" \/>\n<meta name=\"twitter:card\" content=\"summary_large_image\" \/>\n<meta name=\"twitter:label1\" content=\"Escrito por\" \/>\n\t<meta name=\"twitter:data1\" content=\"Imprensa Sindm\u00f3veis\" \/>\n\t<meta name=\"twitter:label2\" content=\"Tiempo de lectura\" \/>\n\t<meta name=\"twitter:data2\" content=\"6 minutos\" \/>\n<script type=\"application\/ld+json\" class=\"yoast-schema-graph\">{\"@context\":\"https:\/\/schema.org\",\"@graph\":[{\"@type\":\"Article\",\"@id\":\"https:\/\/www.sindmoveis.com.br\/es\/movelsul-brasil-lanca-campanha-de-comunicacao-ligada-aos-atributos-da-serra-gaucha\/#article\",\"isPartOf\":{\"@id\":\"https:\/\/www.sindmoveis.com.br\/es\/movelsul-brasil-lanca-campanha-de-comunicacao-ligada-aos-atributos-da-serra-gaucha\/\"},\"author\":{\"name\":\"Imprensa Sindm\u00f3veis\",\"@id\":\"https:\/\/www.sindmoveis.com.br\/es\/#\/schema\/person\/16d379542db1950a17fe188179340d57\"},\"headline\":\"Movelsul Brasil lanza campa\u00f1a de comunicaci\u00f3n dando \u00e9nfasis a los atributos de la Sierra Gaucha\",\"datePublished\":\"2019-03-27T03:00:00+00:00\",\"dateModified\":\"2021-05-26T13:31:42+00:00\",\"mainEntityOfPage\":{\"@id\":\"https:\/\/www.sindmoveis.com.br\/es\/movelsul-brasil-lanca-campanha-de-comunicacao-ligada-aos-atributos-da-serra-gaucha\/\"},\"wordCount\":1208,\"image\":{\"@id\":\"https:\/\/www.sindmoveis.com.br\/es\/movelsul-brasil-lanca-campanha-de-comunicacao-ligada-aos-atributos-da-serra-gaucha\/#primaryimage\"},\"thumbnailUrl\":\"https:\/\/www.sindmoveis.com.br\/es\/wp-content\/uploads\/2021\/05\/p1553725704.jpg\",\"articleSection\":[\"Movelsul\",\"Sindm\u00f3veis\"],\"inLanguage\":\"es\"},{\"@type\":\"WebPage\",\"@id\":\"https:\/\/www.sindmoveis.com.br\/es\/movelsul-brasil-lanca-campanha-de-comunicacao-ligada-aos-atributos-da-serra-gaucha\/\",\"url\":\"https:\/\/www.sindmoveis.com.br\/es\/movelsul-brasil-lanca-campanha-de-comunicacao-ligada-aos-atributos-da-serra-gaucha\/\",\"name\":\"Movelsul Brasil lanza campa\u00f1a de comunicaci\u00f3n dando \u00e9nfasis a los atributos de la Sierra Gaucha - Sindm\u00f3veis-RS\",\"isPartOf\":{\"@id\":\"https:\/\/www.sindmoveis.com.br\/es\/#website\"},\"primaryImageOfPage\":{\"@id\":\"https:\/\/www.sindmoveis.com.br\/es\/movelsul-brasil-lanca-campanha-de-comunicacao-ligada-aos-atributos-da-serra-gaucha\/#primaryimage\"},\"image\":{\"@id\":\"https:\/\/www.sindmoveis.com.br\/es\/movelsul-brasil-lanca-campanha-de-comunicacao-ligada-aos-atributos-da-serra-gaucha\/#primaryimage\"},\"thumbnailUrl\":\"https:\/\/www.sindmoveis.com.br\/es\/wp-content\/uploads\/2021\/05\/p1553725704.jpg\",\"datePublished\":\"2019-03-27T03:00:00+00:00\",\"dateModified\":\"2021-05-26T13:31:42+00:00\",\"author\":{\"@id\":\"https:\/\/www.sindmoveis.com.br\/es\/#\/schema\/person\/16d379542db1950a17fe188179340d57\"},\"inLanguage\":\"es\",\"potentialAction\":[{\"@type\":\"ReadAction\",\"target\":[\"https:\/\/www.sindmoveis.com.br\/es\/movelsul-brasil-lanca-campanha-de-comunicacao-ligada-aos-atributos-da-serra-gaucha\/\"]}]},{\"@type\":\"ImageObject\",\"inLanguage\":\"es\",\"@id\":\"https:\/\/www.sindmoveis.com.br\/es\/movelsul-brasil-lanca-campanha-de-comunicacao-ligada-aos-atributos-da-serra-gaucha\/#primaryimage\",\"url\":\"https:\/\/www.sindmoveis.com.br\/es\/wp-content\/uploads\/2021\/05\/p1553725704.jpg\",\"contentUrl\":\"https:\/\/www.sindmoveis.com.br\/es\/wp-content\/uploads\/2021\/05\/p1553725704.jpg\",\"width\":2333,\"height\":1555},{\"@type\":\"WebSite\",\"@id\":\"https:\/\/www.sindmoveis.com.br\/es\/#website\",\"url\":\"https:\/\/www.sindmoveis.com.br\/es\/\",\"name\":\"Sindm\u00f3veis-RS\",\"description\":\"\",\"potentialAction\":[{\"@type\":\"SearchAction\",\"target\":{\"@type\":\"EntryPoint\",\"urlTemplate\":\"https:\/\/www.sindmoveis.com.br\/es\/?s={search_term_string}\"},\"query-input\":{\"@type\":\"PropertyValueSpecification\",\"valueRequired\":true,\"valueName\":\"search_term_string\"}}],\"inLanguage\":\"es\"},{\"@type\":\"Person\",\"@id\":\"https:\/\/www.sindmoveis.com.br\/es\/#\/schema\/person\/16d379542db1950a17fe188179340d57\",\"name\":\"Imprensa Sindm\u00f3veis\",\"image\":{\"@type\":\"ImageObject\",\"inLanguage\":\"es\",\"@id\":\"https:\/\/www.sindmoveis.com.br\/es\/#\/schema\/person\/image\/\",\"url\":\"https:\/\/secure.gravatar.com\/avatar\/4973e2e2c2a0cb5db30b0c7b770041b8e33d048a16b695a1f99c042449d4bfaf?s=96&d=mm&r=g\",\"contentUrl\":\"https:\/\/secure.gravatar.com\/avatar\/4973e2e2c2a0cb5db30b0c7b770041b8e33d048a16b695a1f99c042449d4bfaf?s=96&d=mm&r=g\",\"caption\":\"Imprensa Sindm\u00f3veis\"},\"url\":\"https:\/\/www.sindmoveis.com.br\/es\/author\/ana\/\"}]}<\/script>\n<!-- \/ Yoast SEO plugin. -->","yoast_head_json":{"title":"Movelsul Brasil lanza campa\u00f1a de comunicaci\u00f3n dando \u00e9nfasis a los atributos de la Sierra Gaucha - Sindm\u00f3veis-RS","robots":{"index":"index","follow":"follow","max-snippet":"max-snippet:-1","max-image-preview":"max-image-preview:large","max-video-preview":"max-video-preview:-1"},"canonical":"https:\/\/www.sindmoveis.com.br\/es\/movelsul-brasil-lanca-campanha-de-comunicacao-ligada-aos-atributos-da-serra-gaucha\/","og_locale":"es_ES","og_type":"article","og_title":"Movelsul Brasil lanza campa\u00f1a de comunicaci\u00f3n dando \u00e9nfasis a los atributos de la Sierra Gaucha - Sindm\u00f3veis-RS","og_description":"Mayor feria de muebles de Am\u00e9rica Latina para el revendedor e importador ser\u00e1 de 16 a 19 de marzo de 2020 y tuvo lanzamiento esta semana, durante Fimma Brasil","og_url":"https:\/\/www.sindmoveis.com.br\/es\/movelsul-brasil-lanca-campanha-de-comunicacao-ligada-aos-atributos-da-serra-gaucha\/","og_site_name":"Sindm\u00f3veis-RS","article_published_time":"2019-03-27T03:00:00+00:00","article_modified_time":"2021-05-26T13:31:42+00:00","og_image":[{"width":2333,"height":1555,"url":"https:\/\/www.sindmoveis.com.br\/es\/wp-content\/uploads\/2021\/05\/p1553725704.jpg","type":"image\/jpeg"}],"author":"Imprensa Sindm\u00f3veis","twitter_card":"summary_large_image","twitter_misc":{"Escrito por":"Imprensa Sindm\u00f3veis","Tiempo de lectura":"6 minutos"},"schema":{"@context":"https:\/\/schema.org","@graph":[{"@type":"Article","@id":"https:\/\/www.sindmoveis.com.br\/es\/movelsul-brasil-lanca-campanha-de-comunicacao-ligada-aos-atributos-da-serra-gaucha\/#article","isPartOf":{"@id":"https:\/\/www.sindmoveis.com.br\/es\/movelsul-brasil-lanca-campanha-de-comunicacao-ligada-aos-atributos-da-serra-gaucha\/"},"author":{"name":"Imprensa Sindm\u00f3veis","@id":"https:\/\/www.sindmoveis.com.br\/es\/#\/schema\/person\/16d379542db1950a17fe188179340d57"},"headline":"Movelsul Brasil lanza campa\u00f1a de comunicaci\u00f3n dando \u00e9nfasis a los atributos de la Sierra Gaucha","datePublished":"2019-03-27T03:00:00+00:00","dateModified":"2021-05-26T13:31:42+00:00","mainEntityOfPage":{"@id":"https:\/\/www.sindmoveis.com.br\/es\/movelsul-brasil-lanca-campanha-de-comunicacao-ligada-aos-atributos-da-serra-gaucha\/"},"wordCount":1208,"image":{"@id":"https:\/\/www.sindmoveis.com.br\/es\/movelsul-brasil-lanca-campanha-de-comunicacao-ligada-aos-atributos-da-serra-gaucha\/#primaryimage"},"thumbnailUrl":"https:\/\/www.sindmoveis.com.br\/es\/wp-content\/uploads\/2021\/05\/p1553725704.jpg","articleSection":["Movelsul","Sindm\u00f3veis"],"inLanguage":"es"},{"@type":"WebPage","@id":"https:\/\/www.sindmoveis.com.br\/es\/movelsul-brasil-lanca-campanha-de-comunicacao-ligada-aos-atributos-da-serra-gaucha\/","url":"https:\/\/www.sindmoveis.com.br\/es\/movelsul-brasil-lanca-campanha-de-comunicacao-ligada-aos-atributos-da-serra-gaucha\/","name":"Movelsul Brasil lanza campa\u00f1a de comunicaci\u00f3n dando \u00e9nfasis a los atributos de la Sierra Gaucha - Sindm\u00f3veis-RS","isPartOf":{"@id":"https:\/\/www.sindmoveis.com.br\/es\/#website"},"primaryImageOfPage":{"@id":"https:\/\/www.sindmoveis.com.br\/es\/movelsul-brasil-lanca-campanha-de-comunicacao-ligada-aos-atributos-da-serra-gaucha\/#primaryimage"},"image":{"@id":"https:\/\/www.sindmoveis.com.br\/es\/movelsul-brasil-lanca-campanha-de-comunicacao-ligada-aos-atributos-da-serra-gaucha\/#primaryimage"},"thumbnailUrl":"https:\/\/www.sindmoveis.com.br\/es\/wp-content\/uploads\/2021\/05\/p1553725704.jpg","datePublished":"2019-03-27T03:00:00+00:00","dateModified":"2021-05-26T13:31:42+00:00","author":{"@id":"https:\/\/www.sindmoveis.com.br\/es\/#\/schema\/person\/16d379542db1950a17fe188179340d57"},"inLanguage":"es","potentialAction":[{"@type":"ReadAction","target":["https:\/\/www.sindmoveis.com.br\/es\/movelsul-brasil-lanca-campanha-de-comunicacao-ligada-aos-atributos-da-serra-gaucha\/"]}]},{"@type":"ImageObject","inLanguage":"es","@id":"https:\/\/www.sindmoveis.com.br\/es\/movelsul-brasil-lanca-campanha-de-comunicacao-ligada-aos-atributos-da-serra-gaucha\/#primaryimage","url":"https:\/\/www.sindmoveis.com.br\/es\/wp-content\/uploads\/2021\/05\/p1553725704.jpg","contentUrl":"https:\/\/www.sindmoveis.com.br\/es\/wp-content\/uploads\/2021\/05\/p1553725704.jpg","width":2333,"height":1555},{"@type":"WebSite","@id":"https:\/\/www.sindmoveis.com.br\/es\/#website","url":"https:\/\/www.sindmoveis.com.br\/es\/","name":"Sindm\u00f3veis-RS","description":"","potentialAction":[{"@type":"SearchAction","target":{"@type":"EntryPoint","urlTemplate":"https:\/\/www.sindmoveis.com.br\/es\/?s={search_term_string}"},"query-input":{"@type":"PropertyValueSpecification","valueRequired":true,"valueName":"search_term_string"}}],"inLanguage":"es"},{"@type":"Person","@id":"https:\/\/www.sindmoveis.com.br\/es\/#\/schema\/person\/16d379542db1950a17fe188179340d57","name":"Imprensa Sindm\u00f3veis","image":{"@type":"ImageObject","inLanguage":"es","@id":"https:\/\/www.sindmoveis.com.br\/es\/#\/schema\/person\/image\/","url":"https:\/\/secure.gravatar.com\/avatar\/4973e2e2c2a0cb5db30b0c7b770041b8e33d048a16b695a1f99c042449d4bfaf?s=96&d=mm&r=g","contentUrl":"https:\/\/secure.gravatar.com\/avatar\/4973e2e2c2a0cb5db30b0c7b770041b8e33d048a16b695a1f99c042449d4bfaf?s=96&d=mm&r=g","caption":"Imprensa Sindm\u00f3veis"},"url":"https:\/\/www.sindmoveis.com.br\/es\/author\/ana\/"}]}},"_links":{"self":[{"href":"https:\/\/www.sindmoveis.com.br\/es\/wp-json\/wp\/v2\/posts\/1419","targetHints":{"allow":["GET"]}}],"collection":[{"href":"https:\/\/www.sindmoveis.com.br\/es\/wp-json\/wp\/v2\/posts"}],"about":[{"href":"https:\/\/www.sindmoveis.com.br\/es\/wp-json\/wp\/v2\/types\/post"}],"author":[{"embeddable":true,"href":"https:\/\/www.sindmoveis.com.br\/es\/wp-json\/wp\/v2\/users\/5"}],"replies":[{"embeddable":true,"href":"https:\/\/www.sindmoveis.com.br\/es\/wp-json\/wp\/v2\/comments?post=1419"}],"version-history":[{"count":2,"href":"https:\/\/www.sindmoveis.com.br\/es\/wp-json\/wp\/v2\/posts\/1419\/revisions"}],"predecessor-version":[{"id":3718,"href":"https:\/\/www.sindmoveis.com.br\/es\/wp-json\/wp\/v2\/posts\/1419\/revisions\/3718"}],"wp:featuredmedia":[{"embeddable":true,"href":"https:\/\/www.sindmoveis.com.br\/es\/wp-json\/wp\/v2\/media\/3719"}],"wp:attachment":[{"href":"https:\/\/www.sindmoveis.com.br\/es\/wp-json\/wp\/v2\/media?parent=1419"}],"wp:term":[{"taxonomy":"category","embeddable":true,"href":"https:\/\/www.sindmoveis.com.br\/es\/wp-json\/wp\/v2\/categories?post=1419"},{"taxonomy":"post_tag","embeddable":true,"href":"https:\/\/www.sindmoveis.com.br\/es\/wp-json\/wp\/v2\/tags?post=1419"}],"curies":[{"name":"wp","href":"https:\/\/api.w.org\/{rel}","templated":true}]}}