{"id":1416,"date":"2019-03-18T00:00:00","date_gmt":"2019-03-18T03:00:00","guid":{"rendered":"http:\/\/sindmoveis.com.br\/imprensa\/noticias\/sindmoveis-lanca-campanha-da-movelsul-brasil-2020-durante-a-fimma\/"},"modified":"2021-05-26T10:31:42","modified_gmt":"2021-05-26T13:31:42","slug":"sindmoveis-lanca-campanha-da-movelsul-brasil-2020-durante-a-fimma","status":"publish","type":"post","link":"https:\/\/www.sindmoveis.com.br\/es\/sindmoveis-lanca-campanha-da-movelsul-brasil-2020-durante-a-fimma\/","title":{"rendered":"Sindm\u00f3veis lanza campa\u00f1a de Movelsul Brasil 2020 durante Fimma"},"content":{"rendered":"<p>Empieza el contaje regresivo para Movelsul Brasil 2020 y, faltando un a&ntilde;o para la mayor feria de muebles de Am&eacute;rica Latina para el revendedor e importador, el Sindicato de las Industrias del Mobiliario de Bento Gon&ccedil;alves (Sindmoveis) intensifica los preparativos para la pr&oacute;xima edici&oacute;n. Durante Fimma Brasil 2019, el d&iacute;a 27 de marzo, Sindm&oacute;veis presenta al p&uacute;blico la campa&ntilde;a de comunicaci&oacute;n de la pr&oacute;xima Movelsul Brasil, dando el puntapi&eacute; inicial para acciones de atracci&oacute;n al p&uacute;blico nacional e internacional.<\/p>\n<p>La comunicaci&oacute;n para Movelsul Brasil 2020, desarrollada por la agencia Rep&uacute;blica de las Ideas, es una continuidad de la campa&ntilde;a creada para la edici&oacute;n de 2018, focalizada en el gran potencial que la feria posee con relaci&oacute;n a otros eventos: la regi&oacute;n de Bento Gon&ccedil;alves. Ese &ldquo;<em>terroir <\/em>de mobiliario&rdquo; es traducido por el eslogan &ldquo;Dise&ntilde;o es de Nuestra Naturaleza&rdquo; que va a permear la identidad visual de la feria y sus piezas publicitarias.<\/p>\n<p>El presidente de Sindm&oacute;veis, Vinicius Benini, menciona que la realizaci&oacute;n, menciona que la realizaci&oacute;n de Movelsul Brasil es siempre un gran reto para la entidad. Fortalecer la marca de la feria al exaltar atributos locales es, en su opini&oacute;n, una estrategia que valora tanto el <em>know how<\/em> de la entidad promotora como las caracter&iacute;sticas de hospitalidad de Bento Gon&ccedil;alves en los 42 a&ntilde;os en que se realiza la feria. Seg&uacute;n Benini, Movelsul Brasil contribuye para el desarrollo del sector del mobiliario nacional, en lo que refiere a la generaci&oacute;n de negocios, estrategias de internacionalizaci&oacute;n y fomento al dise&ntilde;o. Pero tambi&eacute;n colabora para la consolidaci&oacute;n de nuestra ciudad como destino tur&iacute;stico. &ldquo;Es una gran cadena de valor que Sindm&oacute;veis articula con mucha seriedad y estoy seguro de que tendremos una edici&oacute;n con crecimiento en 2020&rdquo;, Vinicius Benini puntualiza.<\/p>\n<p>Hasta este mes de marzo, Movelsul Brasil 2020 ya tiene 60% de su &aacute;rea &uacute;til comercializada. Est&aacute; prevista una agenda intensa de proyectos paralelos involucrando m&aacute;s de 200 expositores y el p&uacute;blico. Promovida por Sindm&oacute;veis Bento Gon&ccedil;alves desde 1977, es la mayor plataforma de negocios de Am&eacute;rica Latina para el sector del mobiliario, orquestando un ambiente de ventas e incremento de imagen para la industria de muebles, decoraci&oacute;n y complementos. Adem&aacute;s del p&uacute;blico calificado de revendedores brasile&ntilde;os e importadores, Movelsul Brasil tiene un fuerte posicionamiento internacional en los mercados de inter&eacute;s para la industria brasile&ntilde;a de muebles.<\/p>\n<p><strong>M&aacute;s sobre Movelsul Brasil<\/strong><\/p>\n<p>En su historia, Movelsul Brasil ya tuvo m&aacute;s de 1.700 empresas expositoras. La primera edici&oacute;n de la feria se realiz&oacute; en 1977, a&ntilde;o en que el sector del mobiliario se consolid&oacute; como actividad l&iacute;der en la econom&iacute;a de Bento Gon&ccedil;alves. La 1&ordf; Muestra del Mobiliario de Bento Gon&ccedil;alves reuni&oacute; 24 fabricantes de muebles de la ciudad. Para la pr&oacute;xima edici&oacute;n son esperados m&aacute;s de 200. La feria es promovida a cada dos a&ntilde;os, reuniendo expositores de los segmentos de oficina, cocina, dormitorios, &aacute;rea de servicio\/lavadero, ba&ntilde;o, muebles para jard&iacute;n, electrodom&eacute;sticos, comedores de diario, juegos de comedor y estar, alfombras, muebles tapizados y colchones.<\/p>\n<p>En 2020, Movelsul Brasil ser&aacute; realizada de 16 a 19 de marzo, en el Parque de Eventos de Bento Gon&ccedil;alves.<\/p>\n<p>&nbsp;<\/p>\n<p><strong>Lanzamiento de la Campa&ntilde;a<\/strong><strong> de Movelsul Brasil 2020<\/strong><\/p>\n<p><strong>Fecha<\/strong>: 27\/03 (quarta-feira)<\/p>\n<p><strong>Horario<\/strong>: 18h<\/p>\n<p><strong>Lugar<\/strong>: Hall del Pabell&oacute;n A &#8211; durante la feria FIMMA Brasil<\/p>\n<p><strong>Donde<\/strong>: Parque de Eventos de Bento Gon&ccedil;alves (Alameda Fenavinho, 481)<\/p>\n<p>&nbsp;<\/p>\n<p>Registro necesario para acceso de la prensa por el sitio web <a href=\"https:\/\/www.fimma.com.br\/\">https:\/\/www.fimma.com.br<\/a><\/p>\n<p>Para m&aacute;s informaciones sobre&nbsp; Movelsul Brasil, acceda a: <a href=\"http:\/\/www.movelsul.com.br\/\">www.movelsul.com.br<\/a> | <a href=\"http:\/\/www.facebook.com\/movelsul.brasil\">www.facebook.com\/movelsul.brasil<\/a> | <a href=\"http:\/\/www.instagram.com\/movelsulbrasil\">www.instagram.com\/movelsulbrasi<\/a><\/p>\n","protected":false},"excerpt":{"rendered":"<p>Estrategia de comunicaci\u00f3n sigue eslogan adoptado desde la \u00faltima edici\u00f3n, valorando Bento Gon\u00e7alves como destino de negocios y ocio<\/p>\n","protected":false},"author":5,"featured_media":3717,"comment_status":"closed","ping_status":"open","sticky":false,"template":"","format":"standard","meta":{"footnotes":"","_links_to":"","_links_to_target":""},"categories":[23,2],"tags":[],"class_list":["post-1416","post","type-post","status-publish","format-standard","has-post-thumbnail","hentry","category-movelsul","category-sindmoveis"],"yoast_head":"<!-- This site is optimized with the Yoast SEO plugin v27.0 - https:\/\/yoast.com\/product\/yoast-seo-wordpress\/ -->\n<title>Sindm\u00f3veis lanza campa\u00f1a de Movelsul Brasil 2020 durante Fimma - Sindm\u00f3veis-RS<\/title>\n<meta name=\"robots\" content=\"index, follow, max-snippet:-1, max-image-preview:large, max-video-preview:-1\" \/>\n<link rel=\"canonical\" href=\"https:\/\/www.sindmoveis.com.br\/es\/sindmoveis-lanca-campanha-da-movelsul-brasil-2020-durante-a-fimma\/\" \/>\n<meta property=\"og:locale\" content=\"es_ES\" \/>\n<meta property=\"og:type\" content=\"article\" \/>\n<meta property=\"og:title\" content=\"Sindm\u00f3veis lanza campa\u00f1a de Movelsul Brasil 2020 durante Fimma - Sindm\u00f3veis-RS\" \/>\n<meta property=\"og:description\" content=\"Estrategia de comunicaci\u00f3n sigue eslogan adoptado desde la \u00faltima edici\u00f3n, valorando Bento Gon\u00e7alves como destino de negocios y ocio\" \/>\n<meta property=\"og:url\" content=\"https:\/\/www.sindmoveis.com.br\/es\/sindmoveis-lanca-campanha-da-movelsul-brasil-2020-durante-a-fimma\/\" \/>\n<meta property=\"og:site_name\" content=\"Sindm\u00f3veis-RS\" \/>\n<meta property=\"article:published_time\" content=\"2019-03-18T03:00:00+00:00\" \/>\n<meta property=\"article:modified_time\" content=\"2021-05-26T13:31:42+00:00\" \/>\n<meta property=\"og:image\" content=\"https:\/\/www.sindmoveis.com.br\/es\/wp-content\/uploads\/2021\/05\/p1552932762.jpg\" \/>\n\t<meta property=\"og:image:width\" content=\"1575\" \/>\n\t<meta property=\"og:image:height\" content=\"1050\" \/>\n\t<meta property=\"og:image:type\" content=\"image\/jpeg\" \/>\n<meta name=\"author\" content=\"Imprensa Sindm\u00f3veis\" \/>\n<meta name=\"twitter:card\" content=\"summary_large_image\" \/>\n<meta name=\"twitter:label1\" content=\"Escrito por\" \/>\n\t<meta name=\"twitter:data1\" content=\"Imprensa Sindm\u00f3veis\" \/>\n\t<meta name=\"twitter:label2\" content=\"Tiempo de lectura\" \/>\n\t<meta name=\"twitter:data2\" content=\"4 minutos\" \/>\n<script type=\"application\/ld+json\" class=\"yoast-schema-graph\">{\"@context\":\"https:\/\/schema.org\",\"@graph\":[{\"@type\":\"Article\",\"@id\":\"https:\/\/www.sindmoveis.com.br\/es\/sindmoveis-lanca-campanha-da-movelsul-brasil-2020-durante-a-fimma\/#article\",\"isPartOf\":{\"@id\":\"https:\/\/www.sindmoveis.com.br\/es\/sindmoveis-lanca-campanha-da-movelsul-brasil-2020-durante-a-fimma\/\"},\"author\":{\"name\":\"Imprensa Sindm\u00f3veis\",\"@id\":\"https:\/\/www.sindmoveis.com.br\/es\/#\/schema\/person\/16d379542db1950a17fe188179340d57\"},\"headline\":\"Sindm\u00f3veis lanza campa\u00f1a de Movelsul Brasil 2020 durante Fimma\",\"datePublished\":\"2019-03-18T03:00:00+00:00\",\"dateModified\":\"2021-05-26T13:31:42+00:00\",\"mainEntityOfPage\":{\"@id\":\"https:\/\/www.sindmoveis.com.br\/es\/sindmoveis-lanca-campanha-da-movelsul-brasil-2020-durante-a-fimma\/\"},\"wordCount\":728,\"image\":{\"@id\":\"https:\/\/www.sindmoveis.com.br\/es\/sindmoveis-lanca-campanha-da-movelsul-brasil-2020-durante-a-fimma\/#primaryimage\"},\"thumbnailUrl\":\"https:\/\/www.sindmoveis.com.br\/es\/wp-content\/uploads\/2021\/05\/p1552932762.jpg\",\"articleSection\":[\"Movelsul\",\"Sindm\u00f3veis\"],\"inLanguage\":\"es\"},{\"@type\":\"WebPage\",\"@id\":\"https:\/\/www.sindmoveis.com.br\/es\/sindmoveis-lanca-campanha-da-movelsul-brasil-2020-durante-a-fimma\/\",\"url\":\"https:\/\/www.sindmoveis.com.br\/es\/sindmoveis-lanca-campanha-da-movelsul-brasil-2020-durante-a-fimma\/\",\"name\":\"Sindm\u00f3veis lanza campa\u00f1a de Movelsul Brasil 2020 durante Fimma - Sindm\u00f3veis-RS\",\"isPartOf\":{\"@id\":\"https:\/\/www.sindmoveis.com.br\/es\/#website\"},\"primaryImageOfPage\":{\"@id\":\"https:\/\/www.sindmoveis.com.br\/es\/sindmoveis-lanca-campanha-da-movelsul-brasil-2020-durante-a-fimma\/#primaryimage\"},\"image\":{\"@id\":\"https:\/\/www.sindmoveis.com.br\/es\/sindmoveis-lanca-campanha-da-movelsul-brasil-2020-durante-a-fimma\/#primaryimage\"},\"thumbnailUrl\":\"https:\/\/www.sindmoveis.com.br\/es\/wp-content\/uploads\/2021\/05\/p1552932762.jpg\",\"datePublished\":\"2019-03-18T03:00:00+00:00\",\"dateModified\":\"2021-05-26T13:31:42+00:00\",\"author\":{\"@id\":\"https:\/\/www.sindmoveis.com.br\/es\/#\/schema\/person\/16d379542db1950a17fe188179340d57\"},\"inLanguage\":\"es\",\"potentialAction\":[{\"@type\":\"ReadAction\",\"target\":[\"https:\/\/www.sindmoveis.com.br\/es\/sindmoveis-lanca-campanha-da-movelsul-brasil-2020-durante-a-fimma\/\"]}]},{\"@type\":\"ImageObject\",\"inLanguage\":\"es\",\"@id\":\"https:\/\/www.sindmoveis.com.br\/es\/sindmoveis-lanca-campanha-da-movelsul-brasil-2020-durante-a-fimma\/#primaryimage\",\"url\":\"https:\/\/www.sindmoveis.com.br\/es\/wp-content\/uploads\/2021\/05\/p1552932762.jpg\",\"contentUrl\":\"https:\/\/www.sindmoveis.com.br\/es\/wp-content\/uploads\/2021\/05\/p1552932762.jpg\",\"width\":1575,\"height\":1050},{\"@type\":\"WebSite\",\"@id\":\"https:\/\/www.sindmoveis.com.br\/es\/#website\",\"url\":\"https:\/\/www.sindmoveis.com.br\/es\/\",\"name\":\"Sindm\u00f3veis-RS\",\"description\":\"\",\"potentialAction\":[{\"@type\":\"SearchAction\",\"target\":{\"@type\":\"EntryPoint\",\"urlTemplate\":\"https:\/\/www.sindmoveis.com.br\/es\/?s={search_term_string}\"},\"query-input\":{\"@type\":\"PropertyValueSpecification\",\"valueRequired\":true,\"valueName\":\"search_term_string\"}}],\"inLanguage\":\"es\"},{\"@type\":\"Person\",\"@id\":\"https:\/\/www.sindmoveis.com.br\/es\/#\/schema\/person\/16d379542db1950a17fe188179340d57\",\"name\":\"Imprensa Sindm\u00f3veis\",\"image\":{\"@type\":\"ImageObject\",\"inLanguage\":\"es\",\"@id\":\"https:\/\/www.sindmoveis.com.br\/es\/#\/schema\/person\/image\/\",\"url\":\"https:\/\/secure.gravatar.com\/avatar\/4973e2e2c2a0cb5db30b0c7b770041b8e33d048a16b695a1f99c042449d4bfaf?s=96&d=mm&r=g\",\"contentUrl\":\"https:\/\/secure.gravatar.com\/avatar\/4973e2e2c2a0cb5db30b0c7b770041b8e33d048a16b695a1f99c042449d4bfaf?s=96&d=mm&r=g\",\"caption\":\"Imprensa Sindm\u00f3veis\"},\"url\":\"https:\/\/www.sindmoveis.com.br\/es\/author\/ana\/\"}]}<\/script>\n<!-- \/ Yoast SEO plugin. -->","yoast_head_json":{"title":"Sindm\u00f3veis lanza campa\u00f1a de Movelsul Brasil 2020 durante Fimma - Sindm\u00f3veis-RS","robots":{"index":"index","follow":"follow","max-snippet":"max-snippet:-1","max-image-preview":"max-image-preview:large","max-video-preview":"max-video-preview:-1"},"canonical":"https:\/\/www.sindmoveis.com.br\/es\/sindmoveis-lanca-campanha-da-movelsul-brasil-2020-durante-a-fimma\/","og_locale":"es_ES","og_type":"article","og_title":"Sindm\u00f3veis lanza campa\u00f1a de Movelsul Brasil 2020 durante Fimma - Sindm\u00f3veis-RS","og_description":"Estrategia de comunicaci\u00f3n sigue eslogan adoptado desde la \u00faltima edici\u00f3n, valorando Bento Gon\u00e7alves como destino de negocios y ocio","og_url":"https:\/\/www.sindmoveis.com.br\/es\/sindmoveis-lanca-campanha-da-movelsul-brasil-2020-durante-a-fimma\/","og_site_name":"Sindm\u00f3veis-RS","article_published_time":"2019-03-18T03:00:00+00:00","article_modified_time":"2021-05-26T13:31:42+00:00","og_image":[{"width":1575,"height":1050,"url":"https:\/\/www.sindmoveis.com.br\/es\/wp-content\/uploads\/2021\/05\/p1552932762.jpg","type":"image\/jpeg"}],"author":"Imprensa Sindm\u00f3veis","twitter_card":"summary_large_image","twitter_misc":{"Escrito por":"Imprensa Sindm\u00f3veis","Tiempo de lectura":"4 minutos"},"schema":{"@context":"https:\/\/schema.org","@graph":[{"@type":"Article","@id":"https:\/\/www.sindmoveis.com.br\/es\/sindmoveis-lanca-campanha-da-movelsul-brasil-2020-durante-a-fimma\/#article","isPartOf":{"@id":"https:\/\/www.sindmoveis.com.br\/es\/sindmoveis-lanca-campanha-da-movelsul-brasil-2020-durante-a-fimma\/"},"author":{"name":"Imprensa Sindm\u00f3veis","@id":"https:\/\/www.sindmoveis.com.br\/es\/#\/schema\/person\/16d379542db1950a17fe188179340d57"},"headline":"Sindm\u00f3veis lanza campa\u00f1a de Movelsul Brasil 2020 durante Fimma","datePublished":"2019-03-18T03:00:00+00:00","dateModified":"2021-05-26T13:31:42+00:00","mainEntityOfPage":{"@id":"https:\/\/www.sindmoveis.com.br\/es\/sindmoveis-lanca-campanha-da-movelsul-brasil-2020-durante-a-fimma\/"},"wordCount":728,"image":{"@id":"https:\/\/www.sindmoveis.com.br\/es\/sindmoveis-lanca-campanha-da-movelsul-brasil-2020-durante-a-fimma\/#primaryimage"},"thumbnailUrl":"https:\/\/www.sindmoveis.com.br\/es\/wp-content\/uploads\/2021\/05\/p1552932762.jpg","articleSection":["Movelsul","Sindm\u00f3veis"],"inLanguage":"es"},{"@type":"WebPage","@id":"https:\/\/www.sindmoveis.com.br\/es\/sindmoveis-lanca-campanha-da-movelsul-brasil-2020-durante-a-fimma\/","url":"https:\/\/www.sindmoveis.com.br\/es\/sindmoveis-lanca-campanha-da-movelsul-brasil-2020-durante-a-fimma\/","name":"Sindm\u00f3veis lanza campa\u00f1a de Movelsul Brasil 2020 durante Fimma - Sindm\u00f3veis-RS","isPartOf":{"@id":"https:\/\/www.sindmoveis.com.br\/es\/#website"},"primaryImageOfPage":{"@id":"https:\/\/www.sindmoveis.com.br\/es\/sindmoveis-lanca-campanha-da-movelsul-brasil-2020-durante-a-fimma\/#primaryimage"},"image":{"@id":"https:\/\/www.sindmoveis.com.br\/es\/sindmoveis-lanca-campanha-da-movelsul-brasil-2020-durante-a-fimma\/#primaryimage"},"thumbnailUrl":"https:\/\/www.sindmoveis.com.br\/es\/wp-content\/uploads\/2021\/05\/p1552932762.jpg","datePublished":"2019-03-18T03:00:00+00:00","dateModified":"2021-05-26T13:31:42+00:00","author":{"@id":"https:\/\/www.sindmoveis.com.br\/es\/#\/schema\/person\/16d379542db1950a17fe188179340d57"},"inLanguage":"es","potentialAction":[{"@type":"ReadAction","target":["https:\/\/www.sindmoveis.com.br\/es\/sindmoveis-lanca-campanha-da-movelsul-brasil-2020-durante-a-fimma\/"]}]},{"@type":"ImageObject","inLanguage":"es","@id":"https:\/\/www.sindmoveis.com.br\/es\/sindmoveis-lanca-campanha-da-movelsul-brasil-2020-durante-a-fimma\/#primaryimage","url":"https:\/\/www.sindmoveis.com.br\/es\/wp-content\/uploads\/2021\/05\/p1552932762.jpg","contentUrl":"https:\/\/www.sindmoveis.com.br\/es\/wp-content\/uploads\/2021\/05\/p1552932762.jpg","width":1575,"height":1050},{"@type":"WebSite","@id":"https:\/\/www.sindmoveis.com.br\/es\/#website","url":"https:\/\/www.sindmoveis.com.br\/es\/","name":"Sindm\u00f3veis-RS","description":"","potentialAction":[{"@type":"SearchAction","target":{"@type":"EntryPoint","urlTemplate":"https:\/\/www.sindmoveis.com.br\/es\/?s={search_term_string}"},"query-input":{"@type":"PropertyValueSpecification","valueRequired":true,"valueName":"search_term_string"}}],"inLanguage":"es"},{"@type":"Person","@id":"https:\/\/www.sindmoveis.com.br\/es\/#\/schema\/person\/16d379542db1950a17fe188179340d57","name":"Imprensa Sindm\u00f3veis","image":{"@type":"ImageObject","inLanguage":"es","@id":"https:\/\/www.sindmoveis.com.br\/es\/#\/schema\/person\/image\/","url":"https:\/\/secure.gravatar.com\/avatar\/4973e2e2c2a0cb5db30b0c7b770041b8e33d048a16b695a1f99c042449d4bfaf?s=96&d=mm&r=g","contentUrl":"https:\/\/secure.gravatar.com\/avatar\/4973e2e2c2a0cb5db30b0c7b770041b8e33d048a16b695a1f99c042449d4bfaf?s=96&d=mm&r=g","caption":"Imprensa Sindm\u00f3veis"},"url":"https:\/\/www.sindmoveis.com.br\/es\/author\/ana\/"}]}},"_links":{"self":[{"href":"https:\/\/www.sindmoveis.com.br\/es\/wp-json\/wp\/v2\/posts\/1416","targetHints":{"allow":["GET"]}}],"collection":[{"href":"https:\/\/www.sindmoveis.com.br\/es\/wp-json\/wp\/v2\/posts"}],"about":[{"href":"https:\/\/www.sindmoveis.com.br\/es\/wp-json\/wp\/v2\/types\/post"}],"author":[{"embeddable":true,"href":"https:\/\/www.sindmoveis.com.br\/es\/wp-json\/wp\/v2\/users\/5"}],"replies":[{"embeddable":true,"href":"https:\/\/www.sindmoveis.com.br\/es\/wp-json\/wp\/v2\/comments?post=1416"}],"version-history":[{"count":2,"href":"https:\/\/www.sindmoveis.com.br\/es\/wp-json\/wp\/v2\/posts\/1416\/revisions"}],"predecessor-version":[{"id":3716,"href":"https:\/\/www.sindmoveis.com.br\/es\/wp-json\/wp\/v2\/posts\/1416\/revisions\/3716"}],"wp:featuredmedia":[{"embeddable":true,"href":"https:\/\/www.sindmoveis.com.br\/es\/wp-json\/wp\/v2\/media\/3717"}],"wp:attachment":[{"href":"https:\/\/www.sindmoveis.com.br\/es\/wp-json\/wp\/v2\/media?parent=1416"}],"wp:term":[{"taxonomy":"category","embeddable":true,"href":"https:\/\/www.sindmoveis.com.br\/es\/wp-json\/wp\/v2\/categories?post=1416"},{"taxonomy":"post_tag","embeddable":true,"href":"https:\/\/www.sindmoveis.com.br\/es\/wp-json\/wp\/v2\/tags?post=1416"}],"curies":[{"name":"wp","href":"https:\/\/api.w.org\/{rel}","templated":true}]}}