{"id":1411,"date":"2019-01-14T00:00:00","date_gmt":"2019-01-14T02:00:00","guid":{"rendered":"http:\/\/sindmoveis.com.br\/imprensa\/noticias\/projeto-orchestra-brasil-leva-fornecedores-da-industria-moveleira-a-feira-magna-expo-na-cidade-do-mexico\/"},"modified":"2021-05-26T10:28:34","modified_gmt":"2021-05-26T13:28:34","slug":"projeto-orchestra-brasil-leva-fornecedores-da-industria-moveleira-a-feira-magna-expo-na-cidade-do-mexico","status":"publish","type":"post","link":"https:\/\/www.sindmoveis.com.br\/es\/projeto-orchestra-brasil-leva-fornecedores-da-industria-moveleira-a-feira-magna-expo-na-cidade-do-mexico\/","title":{"rendered":"Proyecto Orchestra Brasil lleva proveedores de la industria del mobiliario a la feria Magna Expo, en Ciudad de M\u00e9xico"},"content":{"rendered":"<p>Posicionar los proveedores brasile&ntilde;os de accesorios y componentes para la industria del mobiliario en Am&eacute;rica Latina es el objetivo del Proyecto Orchestra Brasil al apoyar la participaci&oacute;n de nueve empresas brasile&ntilde;as en la feria Magna Expo Mueblera apoyadas por el proyecto van a exponer sus lanzamientos en el evento, en dos stands apoyados por el proyecto de inventivo a las exportaciones &ndash; que es una asociaci&oacute;n del Sindicato de las Industrias del Mobiliario de Bento Gon&ccedil;alves (Sindm&oacute;veis) con la Agencia Brasile&ntilde;a de Promoci&oacute;n de Exportaciones e Inversiones (Apex-Brasil).<\/p>\n<p>Las empresas apoyadas en esa acci&oacute;n son fabricantes de componentes, pinturas, m&aacute;quinas, equipamientos y software para el sector del mobiliario: Cipatex, CPI\/Tegus, Cripa, Lidear, Lufati, Projepack, Promob, Renner Sayerlack y Zen Design. La participaci&oacute;n tiene como objetivo fortalecer tanto las negociaciones como el posicionamiento de este segmento en M&eacute;xico y mercados adyacentes, ya que el pa&iacute;s representa la segunda mayor econom&iacute;a de Am&eacute;rica Latina.<\/p>\n<p>El presidente de Sindm&oacute;veis, Vinicius Benini, destaca que el Sindicato Bento Gon&ccedil;alves tiene especial preocupaci&oacute;n con el desarrollo no apenas de la industria del mobiliario, sino tambi&eacute;n de sus proveedores. En su opini&oacute;n, la integraci&oacute;n con el mercado internacional es esencial para la sostenibilidad de los negocios en el propio mercado&nbsp; dom&eacute;stico y el fortalecimiento de la cadena como un todo beneficia directamente los fabricantes brasile&ntilde;os de muebles. &ldquo;Adem&aacute;s de lo que se gana en competitividad, las empresas aumentan la resiliencia y la capacidad de enfrentamiento de crisis&rdquo;, puntualiza<\/p>\n<p>Magna Expo Mueblera Industrial es realizada anualmente desde hace 25 a&ntilde;os en Ciudad de M&eacute;xico, y, en esa edici&oacute;n, re&uacute;ne expositores de 11 pa&iacute;ses en los segmentos de procesamiento, transformaci&oacute;n y materiales\/componentes para madera. El evento tiene relevancia estrat&eacute;gica para el Proyecto Orchestra Brasil, ya que M&eacute;xico es uno de los 10 mayores destinos de las exportaciones de las empresas apoyadas por el proyecto y, de modo general, se percibe un aumento generalizado de las importaciones mexicanas de los productos apoyados provenientes de Brasil, en especial m&aacute;quinas e equipamientos.<\/p>\n<p>&nbsp;<\/p>\n<p><strong>M&aacute;s sobre el Proyecto Orchestra Brasil<\/strong><\/p>\n<p>&nbsp;<\/p>\n<p>El Proyecto Orchestra Brasil intensifica y promueve la inclusi&oacute;n competitiva de empresas brasile&ntilde;as proveedoras de la industria del mobiliario en el mercado internacional. Las acciones promovidas en el &aacute;mbito del proyecto van desde la participaci&oacute;n en ferias internacionales hasta proyectos compradores y vendedores, misiones comerciales y t&eacute;cnicas. Participan del proyecto cerca de 50 empresas brasile&ntilde;as fabricantes de accesorios, componentes, herramientas, m&aacute;quinas, softwares para layout y materias primas.<\/p>\n<p>La pr&oacute;xima acci&oacute;n del Proyecto Orchestra Brasil ser&aacute; en marzo: un Proyecto Comprador durante &nbsp;Fimma Brasil, en Bento Gon&ccedil;alves. Para esas rondas de negocios, fueron invitados 50 importadores de los siguientes mercados objetivo: Argentina, Bolivia, Chile, Colombia, Estados Unidos, India, M&eacute;xico, Per&uacute;, Rep&uacute;blica Dominicana y Sud&aacute;frica. Todav&iacute;a en 2019, est&aacute;n previstas otras acciones, como la participaci&oacute;n en las ferias&nbsp; Interzum Colonia, Fitecma Buenos Aires y Tecnomueble Guadalajara, adem&aacute;s de misiones prospectivas a Rep&uacute;blica Dominicana e India.<\/p>\n","protected":false},"excerpt":{"rendered":"<p>Participaci\u00f3n en la feria es estrat\u00e9gica, ya que  M\u00e9xico est\u00e1 entre los 10 principales destinos de los productos brasile\u00f1os fabricados por las empresas participantes<\/p>\n","protected":false},"author":5,"featured_media":3715,"comment_status":"closed","ping_status":"open","sticky":false,"template":"","format":"standard","meta":{"footnotes":"","_links_to":"","_links_to_target":""},"categories":[22,2],"tags":[],"class_list":["post-1411","post","type-post","status-publish","format-standard","has-post-thumbnail","hentry","category-proyecto-orchestra-brasil","category-sindmoveis"],"yoast_head":"<!-- This site is optimized with the Yoast SEO plugin v27.0 - https:\/\/yoast.com\/product\/yoast-seo-wordpress\/ -->\n<title>Proyecto Orchestra Brasil lleva proveedores de la industria del mobiliario a la feria Magna Expo, en Ciudad de M\u00e9xico - Sindm\u00f3veis-RS<\/title>\n<meta name=\"robots\" content=\"index, follow, max-snippet:-1, max-image-preview:large, max-video-preview:-1\" \/>\n<link rel=\"canonical\" href=\"https:\/\/www.sindmoveis.com.br\/es\/projeto-orchestra-brasil-leva-fornecedores-da-industria-moveleira-a-feira-magna-expo-na-cidade-do-mexico\/\" \/>\n<meta property=\"og:locale\" content=\"es_ES\" \/>\n<meta property=\"og:type\" content=\"article\" \/>\n<meta property=\"og:title\" content=\"Proyecto Orchestra Brasil lleva proveedores de la industria del mobiliario a la feria Magna Expo, en Ciudad de M\u00e9xico - Sindm\u00f3veis-RS\" \/>\n<meta property=\"og:description\" content=\"Participaci\u00f3n en la feria es estrat\u00e9gica, ya que M\u00e9xico est\u00e1 entre los 10 principales destinos de los productos brasile\u00f1os fabricados por las empresas participantes\" \/>\n<meta property=\"og:url\" content=\"https:\/\/www.sindmoveis.com.br\/es\/projeto-orchestra-brasil-leva-fornecedores-da-industria-moveleira-a-feira-magna-expo-na-cidade-do-mexico\/\" \/>\n<meta property=\"og:site_name\" content=\"Sindm\u00f3veis-RS\" \/>\n<meta property=\"article:published_time\" content=\"2019-01-14T02:00:00+00:00\" \/>\n<meta property=\"article:modified_time\" content=\"2021-05-26T13:28:34+00:00\" \/>\n<meta property=\"og:image\" content=\"https:\/\/www.sindmoveis.com.br\/es\/wp-content\/uploads\/2021\/05\/p1547483811.jpg\" \/>\n\t<meta property=\"og:image:width\" content=\"1417\" \/>\n\t<meta property=\"og:image:height\" content=\"954\" \/>\n\t<meta property=\"og:image:type\" content=\"image\/jpeg\" \/>\n<meta name=\"author\" content=\"Imprensa Sindm\u00f3veis\" \/>\n<meta name=\"twitter:card\" content=\"summary_large_image\" \/>\n<meta name=\"twitter:label1\" content=\"Escrito por\" \/>\n\t<meta name=\"twitter:data1\" content=\"Imprensa Sindm\u00f3veis\" \/>\n\t<meta name=\"twitter:label2\" content=\"Tiempo de lectura\" \/>\n\t<meta name=\"twitter:data2\" content=\"3 minutos\" \/>\n<script type=\"application\/ld+json\" class=\"yoast-schema-graph\">{\"@context\":\"https:\/\/schema.org\",\"@graph\":[{\"@type\":\"Article\",\"@id\":\"https:\/\/www.sindmoveis.com.br\/es\/projeto-orchestra-brasil-leva-fornecedores-da-industria-moveleira-a-feira-magna-expo-na-cidade-do-mexico\/#article\",\"isPartOf\":{\"@id\":\"https:\/\/www.sindmoveis.com.br\/es\/projeto-orchestra-brasil-leva-fornecedores-da-industria-moveleira-a-feira-magna-expo-na-cidade-do-mexico\/\"},\"author\":{\"name\":\"Imprensa Sindm\u00f3veis\",\"@id\":\"https:\/\/www.sindmoveis.com.br\/es\/#\/schema\/person\/16d379542db1950a17fe188179340d57\"},\"headline\":\"Proyecto Orchestra Brasil lleva proveedores de la industria del mobiliario a la feria Magna Expo, en Ciudad de M\u00e9xico\",\"datePublished\":\"2019-01-14T02:00:00+00:00\",\"dateModified\":\"2021-05-26T13:28:34+00:00\",\"mainEntityOfPage\":{\"@id\":\"https:\/\/www.sindmoveis.com.br\/es\/projeto-orchestra-brasil-leva-fornecedores-da-industria-moveleira-a-feira-magna-expo-na-cidade-do-mexico\/\"},\"wordCount\":609,\"image\":{\"@id\":\"https:\/\/www.sindmoveis.com.br\/es\/projeto-orchestra-brasil-leva-fornecedores-da-industria-moveleira-a-feira-magna-expo-na-cidade-do-mexico\/#primaryimage\"},\"thumbnailUrl\":\"https:\/\/www.sindmoveis.com.br\/es\/wp-content\/uploads\/2021\/05\/p1547483811.jpg\",\"articleSection\":[\"Proyecto Orchestra Brasil\",\"Sindm\u00f3veis\"],\"inLanguage\":\"es\"},{\"@type\":\"WebPage\",\"@id\":\"https:\/\/www.sindmoveis.com.br\/es\/projeto-orchestra-brasil-leva-fornecedores-da-industria-moveleira-a-feira-magna-expo-na-cidade-do-mexico\/\",\"url\":\"https:\/\/www.sindmoveis.com.br\/es\/projeto-orchestra-brasil-leva-fornecedores-da-industria-moveleira-a-feira-magna-expo-na-cidade-do-mexico\/\",\"name\":\"Proyecto Orchestra Brasil lleva proveedores de la industria del mobiliario a la feria Magna Expo, en Ciudad de M\u00e9xico - Sindm\u00f3veis-RS\",\"isPartOf\":{\"@id\":\"https:\/\/www.sindmoveis.com.br\/es\/#website\"},\"primaryImageOfPage\":{\"@id\":\"https:\/\/www.sindmoveis.com.br\/es\/projeto-orchestra-brasil-leva-fornecedores-da-industria-moveleira-a-feira-magna-expo-na-cidade-do-mexico\/#primaryimage\"},\"image\":{\"@id\":\"https:\/\/www.sindmoveis.com.br\/es\/projeto-orchestra-brasil-leva-fornecedores-da-industria-moveleira-a-feira-magna-expo-na-cidade-do-mexico\/#primaryimage\"},\"thumbnailUrl\":\"https:\/\/www.sindmoveis.com.br\/es\/wp-content\/uploads\/2021\/05\/p1547483811.jpg\",\"datePublished\":\"2019-01-14T02:00:00+00:00\",\"dateModified\":\"2021-05-26T13:28:34+00:00\",\"author\":{\"@id\":\"https:\/\/www.sindmoveis.com.br\/es\/#\/schema\/person\/16d379542db1950a17fe188179340d57\"},\"inLanguage\":\"es\",\"potentialAction\":[{\"@type\":\"ReadAction\",\"target\":[\"https:\/\/www.sindmoveis.com.br\/es\/projeto-orchestra-brasil-leva-fornecedores-da-industria-moveleira-a-feira-magna-expo-na-cidade-do-mexico\/\"]}]},{\"@type\":\"ImageObject\",\"inLanguage\":\"es\",\"@id\":\"https:\/\/www.sindmoveis.com.br\/es\/projeto-orchestra-brasil-leva-fornecedores-da-industria-moveleira-a-feira-magna-expo-na-cidade-do-mexico\/#primaryimage\",\"url\":\"https:\/\/www.sindmoveis.com.br\/es\/wp-content\/uploads\/2021\/05\/p1547483811.jpg\",\"contentUrl\":\"https:\/\/www.sindmoveis.com.br\/es\/wp-content\/uploads\/2021\/05\/p1547483811.jpg\",\"width\":1417,\"height\":954},{\"@type\":\"WebSite\",\"@id\":\"https:\/\/www.sindmoveis.com.br\/es\/#website\",\"url\":\"https:\/\/www.sindmoveis.com.br\/es\/\",\"name\":\"Sindm\u00f3veis-RS\",\"description\":\"\",\"potentialAction\":[{\"@type\":\"SearchAction\",\"target\":{\"@type\":\"EntryPoint\",\"urlTemplate\":\"https:\/\/www.sindmoveis.com.br\/es\/?s={search_term_string}\"},\"query-input\":{\"@type\":\"PropertyValueSpecification\",\"valueRequired\":true,\"valueName\":\"search_term_string\"}}],\"inLanguage\":\"es\"},{\"@type\":\"Person\",\"@id\":\"https:\/\/www.sindmoveis.com.br\/es\/#\/schema\/person\/16d379542db1950a17fe188179340d57\",\"name\":\"Imprensa Sindm\u00f3veis\",\"image\":{\"@type\":\"ImageObject\",\"inLanguage\":\"es\",\"@id\":\"https:\/\/www.sindmoveis.com.br\/es\/#\/schema\/person\/image\/\",\"url\":\"https:\/\/secure.gravatar.com\/avatar\/4973e2e2c2a0cb5db30b0c7b770041b8e33d048a16b695a1f99c042449d4bfaf?s=96&d=mm&r=g\",\"contentUrl\":\"https:\/\/secure.gravatar.com\/avatar\/4973e2e2c2a0cb5db30b0c7b770041b8e33d048a16b695a1f99c042449d4bfaf?s=96&d=mm&r=g\",\"caption\":\"Imprensa Sindm\u00f3veis\"},\"url\":\"https:\/\/www.sindmoveis.com.br\/es\/author\/ana\/\"}]}<\/script>\n<!-- \/ Yoast SEO plugin. -->","yoast_head_json":{"title":"Proyecto Orchestra Brasil lleva proveedores de la industria del mobiliario a la feria Magna Expo, en Ciudad de M\u00e9xico - Sindm\u00f3veis-RS","robots":{"index":"index","follow":"follow","max-snippet":"max-snippet:-1","max-image-preview":"max-image-preview:large","max-video-preview":"max-video-preview:-1"},"canonical":"https:\/\/www.sindmoveis.com.br\/es\/projeto-orchestra-brasil-leva-fornecedores-da-industria-moveleira-a-feira-magna-expo-na-cidade-do-mexico\/","og_locale":"es_ES","og_type":"article","og_title":"Proyecto Orchestra Brasil lleva proveedores de la industria del mobiliario a la feria Magna Expo, en Ciudad de M\u00e9xico - Sindm\u00f3veis-RS","og_description":"Participaci\u00f3n en la feria es estrat\u00e9gica, ya que M\u00e9xico est\u00e1 entre los 10 principales destinos de los productos brasile\u00f1os fabricados por las empresas participantes","og_url":"https:\/\/www.sindmoveis.com.br\/es\/projeto-orchestra-brasil-leva-fornecedores-da-industria-moveleira-a-feira-magna-expo-na-cidade-do-mexico\/","og_site_name":"Sindm\u00f3veis-RS","article_published_time":"2019-01-14T02:00:00+00:00","article_modified_time":"2021-05-26T13:28:34+00:00","og_image":[{"width":1417,"height":954,"url":"https:\/\/www.sindmoveis.com.br\/es\/wp-content\/uploads\/2021\/05\/p1547483811.jpg","type":"image\/jpeg"}],"author":"Imprensa Sindm\u00f3veis","twitter_card":"summary_large_image","twitter_misc":{"Escrito por":"Imprensa Sindm\u00f3veis","Tiempo de lectura":"3 minutos"},"schema":{"@context":"https:\/\/schema.org","@graph":[{"@type":"Article","@id":"https:\/\/www.sindmoveis.com.br\/es\/projeto-orchestra-brasil-leva-fornecedores-da-industria-moveleira-a-feira-magna-expo-na-cidade-do-mexico\/#article","isPartOf":{"@id":"https:\/\/www.sindmoveis.com.br\/es\/projeto-orchestra-brasil-leva-fornecedores-da-industria-moveleira-a-feira-magna-expo-na-cidade-do-mexico\/"},"author":{"name":"Imprensa Sindm\u00f3veis","@id":"https:\/\/www.sindmoveis.com.br\/es\/#\/schema\/person\/16d379542db1950a17fe188179340d57"},"headline":"Proyecto Orchestra Brasil lleva proveedores de la industria del mobiliario a la feria Magna Expo, en Ciudad de M\u00e9xico","datePublished":"2019-01-14T02:00:00+00:00","dateModified":"2021-05-26T13:28:34+00:00","mainEntityOfPage":{"@id":"https:\/\/www.sindmoveis.com.br\/es\/projeto-orchestra-brasil-leva-fornecedores-da-industria-moveleira-a-feira-magna-expo-na-cidade-do-mexico\/"},"wordCount":609,"image":{"@id":"https:\/\/www.sindmoveis.com.br\/es\/projeto-orchestra-brasil-leva-fornecedores-da-industria-moveleira-a-feira-magna-expo-na-cidade-do-mexico\/#primaryimage"},"thumbnailUrl":"https:\/\/www.sindmoveis.com.br\/es\/wp-content\/uploads\/2021\/05\/p1547483811.jpg","articleSection":["Proyecto Orchestra Brasil","Sindm\u00f3veis"],"inLanguage":"es"},{"@type":"WebPage","@id":"https:\/\/www.sindmoveis.com.br\/es\/projeto-orchestra-brasil-leva-fornecedores-da-industria-moveleira-a-feira-magna-expo-na-cidade-do-mexico\/","url":"https:\/\/www.sindmoveis.com.br\/es\/projeto-orchestra-brasil-leva-fornecedores-da-industria-moveleira-a-feira-magna-expo-na-cidade-do-mexico\/","name":"Proyecto Orchestra Brasil lleva proveedores de la industria del mobiliario a la feria Magna Expo, en Ciudad de M\u00e9xico - Sindm\u00f3veis-RS","isPartOf":{"@id":"https:\/\/www.sindmoveis.com.br\/es\/#website"},"primaryImageOfPage":{"@id":"https:\/\/www.sindmoveis.com.br\/es\/projeto-orchestra-brasil-leva-fornecedores-da-industria-moveleira-a-feira-magna-expo-na-cidade-do-mexico\/#primaryimage"},"image":{"@id":"https:\/\/www.sindmoveis.com.br\/es\/projeto-orchestra-brasil-leva-fornecedores-da-industria-moveleira-a-feira-magna-expo-na-cidade-do-mexico\/#primaryimage"},"thumbnailUrl":"https:\/\/www.sindmoveis.com.br\/es\/wp-content\/uploads\/2021\/05\/p1547483811.jpg","datePublished":"2019-01-14T02:00:00+00:00","dateModified":"2021-05-26T13:28:34+00:00","author":{"@id":"https:\/\/www.sindmoveis.com.br\/es\/#\/schema\/person\/16d379542db1950a17fe188179340d57"},"inLanguage":"es","potentialAction":[{"@type":"ReadAction","target":["https:\/\/www.sindmoveis.com.br\/es\/projeto-orchestra-brasil-leva-fornecedores-da-industria-moveleira-a-feira-magna-expo-na-cidade-do-mexico\/"]}]},{"@type":"ImageObject","inLanguage":"es","@id":"https:\/\/www.sindmoveis.com.br\/es\/projeto-orchestra-brasil-leva-fornecedores-da-industria-moveleira-a-feira-magna-expo-na-cidade-do-mexico\/#primaryimage","url":"https:\/\/www.sindmoveis.com.br\/es\/wp-content\/uploads\/2021\/05\/p1547483811.jpg","contentUrl":"https:\/\/www.sindmoveis.com.br\/es\/wp-content\/uploads\/2021\/05\/p1547483811.jpg","width":1417,"height":954},{"@type":"WebSite","@id":"https:\/\/www.sindmoveis.com.br\/es\/#website","url":"https:\/\/www.sindmoveis.com.br\/es\/","name":"Sindm\u00f3veis-RS","description":"","potentialAction":[{"@type":"SearchAction","target":{"@type":"EntryPoint","urlTemplate":"https:\/\/www.sindmoveis.com.br\/es\/?s={search_term_string}"},"query-input":{"@type":"PropertyValueSpecification","valueRequired":true,"valueName":"search_term_string"}}],"inLanguage":"es"},{"@type":"Person","@id":"https:\/\/www.sindmoveis.com.br\/es\/#\/schema\/person\/16d379542db1950a17fe188179340d57","name":"Imprensa Sindm\u00f3veis","image":{"@type":"ImageObject","inLanguage":"es","@id":"https:\/\/www.sindmoveis.com.br\/es\/#\/schema\/person\/image\/","url":"https:\/\/secure.gravatar.com\/avatar\/4973e2e2c2a0cb5db30b0c7b770041b8e33d048a16b695a1f99c042449d4bfaf?s=96&d=mm&r=g","contentUrl":"https:\/\/secure.gravatar.com\/avatar\/4973e2e2c2a0cb5db30b0c7b770041b8e33d048a16b695a1f99c042449d4bfaf?s=96&d=mm&r=g","caption":"Imprensa Sindm\u00f3veis"},"url":"https:\/\/www.sindmoveis.com.br\/es\/author\/ana\/"}]}},"_links":{"self":[{"href":"https:\/\/www.sindmoveis.com.br\/es\/wp-json\/wp\/v2\/posts\/1411","targetHints":{"allow":["GET"]}}],"collection":[{"href":"https:\/\/www.sindmoveis.com.br\/es\/wp-json\/wp\/v2\/posts"}],"about":[{"href":"https:\/\/www.sindmoveis.com.br\/es\/wp-json\/wp\/v2\/types\/post"}],"author":[{"embeddable":true,"href":"https:\/\/www.sindmoveis.com.br\/es\/wp-json\/wp\/v2\/users\/5"}],"replies":[{"embeddable":true,"href":"https:\/\/www.sindmoveis.com.br\/es\/wp-json\/wp\/v2\/comments?post=1411"}],"version-history":[{"count":2,"href":"https:\/\/www.sindmoveis.com.br\/es\/wp-json\/wp\/v2\/posts\/1411\/revisions"}],"predecessor-version":[{"id":3714,"href":"https:\/\/www.sindmoveis.com.br\/es\/wp-json\/wp\/v2\/posts\/1411\/revisions\/3714"}],"wp:featuredmedia":[{"embeddable":true,"href":"https:\/\/www.sindmoveis.com.br\/es\/wp-json\/wp\/v2\/media\/3715"}],"wp:attachment":[{"href":"https:\/\/www.sindmoveis.com.br\/es\/wp-json\/wp\/v2\/media?parent=1411"}],"wp:term":[{"taxonomy":"category","embeddable":true,"href":"https:\/\/www.sindmoveis.com.br\/es\/wp-json\/wp\/v2\/categories?post=1411"},{"taxonomy":"post_tag","embeddable":true,"href":"https:\/\/www.sindmoveis.com.br\/es\/wp-json\/wp\/v2\/tags?post=1411"}],"curies":[{"name":"wp","href":"https:\/\/api.w.org\/{rel}","templated":true}]}}