{"id":1409,"date":"2018-12-04T00:00:00","date_gmt":"2018-12-04T02:00:00","guid":{"rendered":"http:\/\/sindmoveis.com.br\/imprensa\/noticias\/sindmoveis-prepara-participacao-expressiva-na-fimma-brasil-2019\/"},"modified":"2021-05-26T10:24:20","modified_gmt":"2021-05-26T13:24:20","slug":"sindmoveis-prepara-participacao-expressiva-na-fimma-brasil-2019","status":"publish","type":"post","link":"https:\/\/www.sindmoveis.com.br\/es\/sindmoveis-prepara-participacao-expressiva-na-fimma-brasil-2019\/","title":{"rendered":"Sindm\u00f3veis prepara participaci\u00f3n expresiva en Fimma Brasil 2019"},"content":{"rendered":"<p>Sindm&oacute;veis Bento Gon&ccedil;alves, en todas sus acciones, fortalece su comprometimiento con la cadena del mobiliario y con todos aquellos que forman parte de ella. Promoviendo el desarrollo integral del sector del mobiliario, la entidad prepara una participaci&oacute;n expresiva en Fimma Brasil 2019 (Feria Internacional de M&aacute;quinas, Materias Primas y Accesorios para la industria del Mobiliario), que se realiza de 29 a 29 de marzo de 2019, Adem&aacute;s del stand institucional, la entidad aprovecha la participaci&oacute;n para lanzar oficialmente la campa&ntilde;a Movelsul Brasil 2020, adem&aacute;s de estar involucrada en la realizaci&oacute;n de los Proyectos Comprador, Vendedor y Mobstone.<\/p>\n<p>El Proyecto Comprador Fimma Brasil, que completa 10 ediciones en la pr&oacute;xima feria, es una acci&oacute;n realizada en el &aacute;mbito del Proyecto Orchestra Brasil de Promoci&oacute;n de las Exportaciones &ndash; realizado por Sindm&oacute;veis Bento Gon&ccedil;alves con apoyo de Apex-Brasil. Juntos Movergs, Sindm&oacute;veis y Apex-Brasil suman esfuerzos para potenciar la internacionalizaci&oacute;n de la cadena del mobiliario, considerando las exportaciones de insumos, m&aacute;quinas, materias primas, tecnolog&iacute;as y accesorios. Para las rondas de negocios de esa edici&oacute;n est&aacute;n siendo invitados 50 importadores de los siguientes mercados objetivo: Argentina, Bolivia, Chile, Colombia, Estados Unidos, India, M&eacute;xico, Per&uacute;, Rep&uacute;blica Dominicana y Sud&aacute;frica.<\/p>\n<p>El presidente do Sindm&oacute;veis, Edson Pelicioli, puntualiza que la entidad h&aacute; trabajado cada vez m&aacute;s acciones conjuntas con &nbsp;Movergs em el sentido de fortalecer integralmente la cadena del mobiliario, desde el proveedor de insumos y tecnolog&iacute;as, pasando por la industria en s&iacute;, hasta el servicio del dise&ntilde;ador&nbsp; brasile&ntilde;o. Pelicioli destaca que la industria fabricante de muebles s&oacute;lo tendr&aacute; un ambiente de crecimiento sostenible si todos los integrantes de la cadena tuvieren una actuaci&oacute;n calificada. &ldquo;Fimma Brasil tiene una importancia estrat&eacute;gica para la industria del mobiliario, al traer la tecnolog&iacute;a e innovaci&oacute;n que, al a&ntilde;o siguiente, veremos en forma de producto en Movelsul Brasil&rdquo;, resalta.<\/p>\n<p>&nbsp;<\/p>\n<p><strong>Mobstone Fimma<\/strong><\/p>\n<p>Otra acci&oacute;n de Fimma Brasil 2019 que cuenta con la participaci&oacute;n de Sindm&oacute;veis es el proyecto Mobstone Fimma, que re&uacute;ne industrias fabricante de muebles, marmolistas y dise&ntilde;adores participantes del Proyecto Ra&iacute;z, otra iniciativa de Sindm&oacute;veis en asociaci&oacute;n&nbsp; con&nbsp; Apex-Brasil volcada a las exportaciones, pero en ese caso del servicio del dise&ntilde;ador brasile&ntilde;o. A partir de ese proyecto de Fimma, ser&aacute;n desarrollados productos exclusivos de dise&ntilde;o con la utilizaci&oacute;n de roca\/piedra y que estar&aacute;n en exposici&oacute;n durante la feria.<\/p>\n<p>La intenci&oacute;n del Proyecto Mobstone y del nuevo segmento de rocas dentro de FIMMA Brasil 2019 es demostrar la potencialidad de los productos de las cadenas productivas involucradas, adem&aacute;s de agregar valor a los productos. La iniciativa es de FIMMA Brasil 2019 y de la Asociaci&oacute;n de las Industrias de Muebles del Estado de R&iacute;o Grande do Sul (Movergs), cuenta con el apoyo de Sindm&oacute;veis\/Proyecto Ra&iacute;z y del Instituto Senai de Tecnolog&iacute;a en Madera y Mobiliario y tiene a Pro Marmo como patrocinadora oficial del proyecto.<\/p>\n<p>&nbsp;<\/p>\n<p><strong>FIMMA Brasil 2019<\/strong><br \/>\nCuando: 26 a 29 de marzo de 2019<br \/>\nDonde: Parque de Eventos de Bento Gon&ccedil;alves (RS)<br \/>\nHorario: 13h a&nbsp;20h<br \/>\nEntrada: gratuita mediante acreditaci&oacute;n<br \/>\nM&aacute;s informaciones: <a href=\"http:\/\/www.fimma.com.br\/\">www.fimma.com.br<\/a><\/p>\n<p><strong>Para m&aacute;s informaciones sobre &nbsp;Movelsul Brasil 2020:<\/strong><\/p>\n<p><a href=\"http:\/\/www.movelsul.com.br\/\">www.movelsul.com.br<\/a><\/p>\n<p><a href=\"http:\/\/www.facebook.com\/movelsul.brasil\">www.facebook.com\/movelsul.brasil<\/a><\/p>\n<p><a href=\"http:\/\/www.instagram.com\/movelsulbrasil\">www.instagram.com\/movelsulbrasil<\/a><\/p>\n","protected":false},"excerpt":{"rendered":"<p>Sindicato del mobiliario tendr\u00e1 stand institucional para presentaci\u00f3n de Movelsul Brasil 2020 y participa tambi\u00e9n de los proyectos Comprador y Mobstone<\/p>\n","protected":false},"author":5,"featured_media":3713,"comment_status":"closed","ping_status":"open","sticky":false,"template":"","format":"standard","meta":{"footnotes":"","_links_to":"","_links_to_target":""},"categories":[2],"tags":[],"class_list":["post-1409","post","type-post","status-publish","format-standard","has-post-thumbnail","hentry","category-sindmoveis"],"yoast_head":"<!-- This site is optimized with the Yoast SEO plugin v27.0 - https:\/\/yoast.com\/product\/yoast-seo-wordpress\/ -->\n<title>Sindm\u00f3veis prepara participaci\u00f3n expresiva en Fimma Brasil 2019 - Sindm\u00f3veis-RS<\/title>\n<meta name=\"robots\" content=\"index, follow, max-snippet:-1, max-image-preview:large, max-video-preview:-1\" \/>\n<link rel=\"canonical\" href=\"https:\/\/www.sindmoveis.com.br\/es\/sindmoveis-prepara-participacao-expressiva-na-fimma-brasil-2019\/\" \/>\n<meta property=\"og:locale\" content=\"es_ES\" \/>\n<meta property=\"og:type\" content=\"article\" \/>\n<meta property=\"og:title\" content=\"Sindm\u00f3veis prepara participaci\u00f3n expresiva en Fimma Brasil 2019 - Sindm\u00f3veis-RS\" \/>\n<meta property=\"og:description\" content=\"Sindicato del mobiliario tendr\u00e1 stand institucional para presentaci\u00f3n de Movelsul Brasil 2020 y participa tambi\u00e9n de los proyectos Comprador y Mobstone\" \/>\n<meta property=\"og:url\" content=\"https:\/\/www.sindmoveis.com.br\/es\/sindmoveis-prepara-participacao-expressiva-na-fimma-brasil-2019\/\" \/>\n<meta property=\"og:site_name\" content=\"Sindm\u00f3veis-RS\" \/>\n<meta property=\"article:published_time\" content=\"2018-12-04T02:00:00+00:00\" \/>\n<meta property=\"article:modified_time\" content=\"2021-05-26T13:24:20+00:00\" \/>\n<meta property=\"og:image\" content=\"https:\/\/www.sindmoveis.com.br\/es\/wp-content\/uploads\/2021\/05\/p1543925624.jpg\" \/>\n\t<meta property=\"og:image:width\" content=\"1417\" \/>\n\t<meta property=\"og:image:height\" content=\"945\" \/>\n\t<meta property=\"og:image:type\" content=\"image\/jpeg\" \/>\n<meta name=\"author\" content=\"Imprensa Sindm\u00f3veis\" \/>\n<meta name=\"twitter:card\" content=\"summary_large_image\" \/>\n<meta name=\"twitter:label1\" content=\"Escrito por\" \/>\n\t<meta name=\"twitter:data1\" content=\"Imprensa Sindm\u00f3veis\" \/>\n\t<meta name=\"twitter:label2\" content=\"Tiempo de lectura\" \/>\n\t<meta name=\"twitter:data2\" content=\"3 minutos\" \/>\n<script type=\"application\/ld+json\" class=\"yoast-schema-graph\">{\"@context\":\"https:\/\/schema.org\",\"@graph\":[{\"@type\":\"Article\",\"@id\":\"https:\/\/www.sindmoveis.com.br\/es\/sindmoveis-prepara-participacao-expressiva-na-fimma-brasil-2019\/#article\",\"isPartOf\":{\"@id\":\"https:\/\/www.sindmoveis.com.br\/es\/sindmoveis-prepara-participacao-expressiva-na-fimma-brasil-2019\/\"},\"author\":{\"name\":\"Imprensa Sindm\u00f3veis\",\"@id\":\"https:\/\/www.sindmoveis.com.br\/es\/#\/schema\/person\/16d379542db1950a17fe188179340d57\"},\"headline\":\"Sindm\u00f3veis prepara participaci\u00f3n expresiva en Fimma Brasil 2019\",\"datePublished\":\"2018-12-04T02:00:00+00:00\",\"dateModified\":\"2021-05-26T13:24:20+00:00\",\"mainEntityOfPage\":{\"@id\":\"https:\/\/www.sindmoveis.com.br\/es\/sindmoveis-prepara-participacao-expressiva-na-fimma-brasil-2019\/\"},\"wordCount\":648,\"image\":{\"@id\":\"https:\/\/www.sindmoveis.com.br\/es\/sindmoveis-prepara-participacao-expressiva-na-fimma-brasil-2019\/#primaryimage\"},\"thumbnailUrl\":\"https:\/\/www.sindmoveis.com.br\/es\/wp-content\/uploads\/2021\/05\/p1543925624.jpg\",\"articleSection\":[\"Sindm\u00f3veis\"],\"inLanguage\":\"es\"},{\"@type\":\"WebPage\",\"@id\":\"https:\/\/www.sindmoveis.com.br\/es\/sindmoveis-prepara-participacao-expressiva-na-fimma-brasil-2019\/\",\"url\":\"https:\/\/www.sindmoveis.com.br\/es\/sindmoveis-prepara-participacao-expressiva-na-fimma-brasil-2019\/\",\"name\":\"Sindm\u00f3veis prepara participaci\u00f3n expresiva en Fimma Brasil 2019 - Sindm\u00f3veis-RS\",\"isPartOf\":{\"@id\":\"https:\/\/www.sindmoveis.com.br\/es\/#website\"},\"primaryImageOfPage\":{\"@id\":\"https:\/\/www.sindmoveis.com.br\/es\/sindmoveis-prepara-participacao-expressiva-na-fimma-brasil-2019\/#primaryimage\"},\"image\":{\"@id\":\"https:\/\/www.sindmoveis.com.br\/es\/sindmoveis-prepara-participacao-expressiva-na-fimma-brasil-2019\/#primaryimage\"},\"thumbnailUrl\":\"https:\/\/www.sindmoveis.com.br\/es\/wp-content\/uploads\/2021\/05\/p1543925624.jpg\",\"datePublished\":\"2018-12-04T02:00:00+00:00\",\"dateModified\":\"2021-05-26T13:24:20+00:00\",\"author\":{\"@id\":\"https:\/\/www.sindmoveis.com.br\/es\/#\/schema\/person\/16d379542db1950a17fe188179340d57\"},\"inLanguage\":\"es\",\"potentialAction\":[{\"@type\":\"ReadAction\",\"target\":[\"https:\/\/www.sindmoveis.com.br\/es\/sindmoveis-prepara-participacao-expressiva-na-fimma-brasil-2019\/\"]}]},{\"@type\":\"ImageObject\",\"inLanguage\":\"es\",\"@id\":\"https:\/\/www.sindmoveis.com.br\/es\/sindmoveis-prepara-participacao-expressiva-na-fimma-brasil-2019\/#primaryimage\",\"url\":\"https:\/\/www.sindmoveis.com.br\/es\/wp-content\/uploads\/2021\/05\/p1543925624.jpg\",\"contentUrl\":\"https:\/\/www.sindmoveis.com.br\/es\/wp-content\/uploads\/2021\/05\/p1543925624.jpg\",\"width\":1417,\"height\":945},{\"@type\":\"WebSite\",\"@id\":\"https:\/\/www.sindmoveis.com.br\/es\/#website\",\"url\":\"https:\/\/www.sindmoveis.com.br\/es\/\",\"name\":\"Sindm\u00f3veis-RS\",\"description\":\"\",\"potentialAction\":[{\"@type\":\"SearchAction\",\"target\":{\"@type\":\"EntryPoint\",\"urlTemplate\":\"https:\/\/www.sindmoveis.com.br\/es\/?s={search_term_string}\"},\"query-input\":{\"@type\":\"PropertyValueSpecification\",\"valueRequired\":true,\"valueName\":\"search_term_string\"}}],\"inLanguage\":\"es\"},{\"@type\":\"Person\",\"@id\":\"https:\/\/www.sindmoveis.com.br\/es\/#\/schema\/person\/16d379542db1950a17fe188179340d57\",\"name\":\"Imprensa Sindm\u00f3veis\",\"image\":{\"@type\":\"ImageObject\",\"inLanguage\":\"es\",\"@id\":\"https:\/\/www.sindmoveis.com.br\/es\/#\/schema\/person\/image\/\",\"url\":\"https:\/\/secure.gravatar.com\/avatar\/4973e2e2c2a0cb5db30b0c7b770041b8e33d048a16b695a1f99c042449d4bfaf?s=96&d=mm&r=g\",\"contentUrl\":\"https:\/\/secure.gravatar.com\/avatar\/4973e2e2c2a0cb5db30b0c7b770041b8e33d048a16b695a1f99c042449d4bfaf?s=96&d=mm&r=g\",\"caption\":\"Imprensa Sindm\u00f3veis\"},\"url\":\"https:\/\/www.sindmoveis.com.br\/es\/author\/ana\/\"}]}<\/script>\n<!-- \/ Yoast SEO plugin. -->","yoast_head_json":{"title":"Sindm\u00f3veis prepara participaci\u00f3n expresiva en Fimma Brasil 2019 - Sindm\u00f3veis-RS","robots":{"index":"index","follow":"follow","max-snippet":"max-snippet:-1","max-image-preview":"max-image-preview:large","max-video-preview":"max-video-preview:-1"},"canonical":"https:\/\/www.sindmoveis.com.br\/es\/sindmoveis-prepara-participacao-expressiva-na-fimma-brasil-2019\/","og_locale":"es_ES","og_type":"article","og_title":"Sindm\u00f3veis prepara participaci\u00f3n expresiva en Fimma Brasil 2019 - Sindm\u00f3veis-RS","og_description":"Sindicato del mobiliario tendr\u00e1 stand institucional para presentaci\u00f3n de Movelsul Brasil 2020 y participa tambi\u00e9n de los proyectos Comprador y Mobstone","og_url":"https:\/\/www.sindmoveis.com.br\/es\/sindmoveis-prepara-participacao-expressiva-na-fimma-brasil-2019\/","og_site_name":"Sindm\u00f3veis-RS","article_published_time":"2018-12-04T02:00:00+00:00","article_modified_time":"2021-05-26T13:24:20+00:00","og_image":[{"width":1417,"height":945,"url":"https:\/\/www.sindmoveis.com.br\/es\/wp-content\/uploads\/2021\/05\/p1543925624.jpg","type":"image\/jpeg"}],"author":"Imprensa Sindm\u00f3veis","twitter_card":"summary_large_image","twitter_misc":{"Escrito por":"Imprensa Sindm\u00f3veis","Tiempo de lectura":"3 minutos"},"schema":{"@context":"https:\/\/schema.org","@graph":[{"@type":"Article","@id":"https:\/\/www.sindmoveis.com.br\/es\/sindmoveis-prepara-participacao-expressiva-na-fimma-brasil-2019\/#article","isPartOf":{"@id":"https:\/\/www.sindmoveis.com.br\/es\/sindmoveis-prepara-participacao-expressiva-na-fimma-brasil-2019\/"},"author":{"name":"Imprensa Sindm\u00f3veis","@id":"https:\/\/www.sindmoveis.com.br\/es\/#\/schema\/person\/16d379542db1950a17fe188179340d57"},"headline":"Sindm\u00f3veis prepara participaci\u00f3n expresiva en Fimma Brasil 2019","datePublished":"2018-12-04T02:00:00+00:00","dateModified":"2021-05-26T13:24:20+00:00","mainEntityOfPage":{"@id":"https:\/\/www.sindmoveis.com.br\/es\/sindmoveis-prepara-participacao-expressiva-na-fimma-brasil-2019\/"},"wordCount":648,"image":{"@id":"https:\/\/www.sindmoveis.com.br\/es\/sindmoveis-prepara-participacao-expressiva-na-fimma-brasil-2019\/#primaryimage"},"thumbnailUrl":"https:\/\/www.sindmoveis.com.br\/es\/wp-content\/uploads\/2021\/05\/p1543925624.jpg","articleSection":["Sindm\u00f3veis"],"inLanguage":"es"},{"@type":"WebPage","@id":"https:\/\/www.sindmoveis.com.br\/es\/sindmoveis-prepara-participacao-expressiva-na-fimma-brasil-2019\/","url":"https:\/\/www.sindmoveis.com.br\/es\/sindmoveis-prepara-participacao-expressiva-na-fimma-brasil-2019\/","name":"Sindm\u00f3veis prepara participaci\u00f3n expresiva en Fimma Brasil 2019 - Sindm\u00f3veis-RS","isPartOf":{"@id":"https:\/\/www.sindmoveis.com.br\/es\/#website"},"primaryImageOfPage":{"@id":"https:\/\/www.sindmoveis.com.br\/es\/sindmoveis-prepara-participacao-expressiva-na-fimma-brasil-2019\/#primaryimage"},"image":{"@id":"https:\/\/www.sindmoveis.com.br\/es\/sindmoveis-prepara-participacao-expressiva-na-fimma-brasil-2019\/#primaryimage"},"thumbnailUrl":"https:\/\/www.sindmoveis.com.br\/es\/wp-content\/uploads\/2021\/05\/p1543925624.jpg","datePublished":"2018-12-04T02:00:00+00:00","dateModified":"2021-05-26T13:24:20+00:00","author":{"@id":"https:\/\/www.sindmoveis.com.br\/es\/#\/schema\/person\/16d379542db1950a17fe188179340d57"},"inLanguage":"es","potentialAction":[{"@type":"ReadAction","target":["https:\/\/www.sindmoveis.com.br\/es\/sindmoveis-prepara-participacao-expressiva-na-fimma-brasil-2019\/"]}]},{"@type":"ImageObject","inLanguage":"es","@id":"https:\/\/www.sindmoveis.com.br\/es\/sindmoveis-prepara-participacao-expressiva-na-fimma-brasil-2019\/#primaryimage","url":"https:\/\/www.sindmoveis.com.br\/es\/wp-content\/uploads\/2021\/05\/p1543925624.jpg","contentUrl":"https:\/\/www.sindmoveis.com.br\/es\/wp-content\/uploads\/2021\/05\/p1543925624.jpg","width":1417,"height":945},{"@type":"WebSite","@id":"https:\/\/www.sindmoveis.com.br\/es\/#website","url":"https:\/\/www.sindmoveis.com.br\/es\/","name":"Sindm\u00f3veis-RS","description":"","potentialAction":[{"@type":"SearchAction","target":{"@type":"EntryPoint","urlTemplate":"https:\/\/www.sindmoveis.com.br\/es\/?s={search_term_string}"},"query-input":{"@type":"PropertyValueSpecification","valueRequired":true,"valueName":"search_term_string"}}],"inLanguage":"es"},{"@type":"Person","@id":"https:\/\/www.sindmoveis.com.br\/es\/#\/schema\/person\/16d379542db1950a17fe188179340d57","name":"Imprensa Sindm\u00f3veis","image":{"@type":"ImageObject","inLanguage":"es","@id":"https:\/\/www.sindmoveis.com.br\/es\/#\/schema\/person\/image\/","url":"https:\/\/secure.gravatar.com\/avatar\/4973e2e2c2a0cb5db30b0c7b770041b8e33d048a16b695a1f99c042449d4bfaf?s=96&d=mm&r=g","contentUrl":"https:\/\/secure.gravatar.com\/avatar\/4973e2e2c2a0cb5db30b0c7b770041b8e33d048a16b695a1f99c042449d4bfaf?s=96&d=mm&r=g","caption":"Imprensa Sindm\u00f3veis"},"url":"https:\/\/www.sindmoveis.com.br\/es\/author\/ana\/"}]}},"_links":{"self":[{"href":"https:\/\/www.sindmoveis.com.br\/es\/wp-json\/wp\/v2\/posts\/1409","targetHints":{"allow":["GET"]}}],"collection":[{"href":"https:\/\/www.sindmoveis.com.br\/es\/wp-json\/wp\/v2\/posts"}],"about":[{"href":"https:\/\/www.sindmoveis.com.br\/es\/wp-json\/wp\/v2\/types\/post"}],"author":[{"embeddable":true,"href":"https:\/\/www.sindmoveis.com.br\/es\/wp-json\/wp\/v2\/users\/5"}],"replies":[{"embeddable":true,"href":"https:\/\/www.sindmoveis.com.br\/es\/wp-json\/wp\/v2\/comments?post=1409"}],"version-history":[{"count":2,"href":"https:\/\/www.sindmoveis.com.br\/es\/wp-json\/wp\/v2\/posts\/1409\/revisions"}],"predecessor-version":[{"id":3712,"href":"https:\/\/www.sindmoveis.com.br\/es\/wp-json\/wp\/v2\/posts\/1409\/revisions\/3712"}],"wp:featuredmedia":[{"embeddable":true,"href":"https:\/\/www.sindmoveis.com.br\/es\/wp-json\/wp\/v2\/media\/3713"}],"wp:attachment":[{"href":"https:\/\/www.sindmoveis.com.br\/es\/wp-json\/wp\/v2\/media?parent=1409"}],"wp:term":[{"taxonomy":"category","embeddable":true,"href":"https:\/\/www.sindmoveis.com.br\/es\/wp-json\/wp\/v2\/categories?post=1409"},{"taxonomy":"post_tag","embeddable":true,"href":"https:\/\/www.sindmoveis.com.br\/es\/wp-json\/wp\/v2\/tags?post=1409"}],"curies":[{"name":"wp","href":"https:\/\/api.w.org\/{rel}","templated":true}]}}