{"id":1408,"date":"2018-11-26T00:00:00","date_gmt":"2018-11-26T02:00:00","guid":{"rendered":"http:\/\/sindmoveis.com.br\/imprensa\/noticias\/empresarios-poloneses-de-olho-no-design-brasileiro\/"},"modified":"2021-05-26T10:24:20","modified_gmt":"2021-05-26T13:24:20","slug":"empresarios-poloneses-de-olho-no-design-brasileiro","status":"publish","type":"post","link":"https:\/\/www.sindmoveis.com.br\/es\/empresarios-poloneses-de-olho-no-design-brasileiro\/","title":{"rendered":"Empresarios de Polonia interesados por el dise\u00f1o brasilero"},"content":{"rendered":"<p>Acciones estrat&eacute;gicas personalizadas para intensificar y promover la relaci&oacute;n comercial entre los dise&ntilde;adores brasile&ntilde;os y el mercado externo. Este es el hilo conductor del Proyecto Ra&iacute;z, asociaci&oacute;n entre el Sindicato de las Industrias del Mobiliario de Bento Gon&ccedil;alves (Sindm&oacute;veis) y la Agencia Brasile&ntilde;a de Promoci&oacute;n de Exportaciones e Inversiones (Apex-Brasil), 46 estudios de dise&ntilde;o de todo el pa&iacute;s participan de la iniciativa, que prev&eacute; inversi&oacute;n de U$ 2 millones para el pr&oacute;ximo bienio.&nbsp;&nbsp;&nbsp;&nbsp;&nbsp;&nbsp;&nbsp;&nbsp;&nbsp;&nbsp;&nbsp;&nbsp;&nbsp;<\/p>\n<p>Para fomentar la relaci&oacute;n con el mercado europeo, principalmente en lo que respecta al licenciamiento&nbsp; de proyectos y productos, el &nbsp;Proyecto Ra&iacute;z recibir&aacute; la visita de empresas polacas entre los d&iacute;as27 y 29 de noviembre. El grupo de compradores pasar&aacute; por tres importantes polos del dise&ntilde;o nacional: Bento Gon&ccedil;alves, S&atilde;o Paulo y R&iacute;o de Janeiro. De acuerdo con Ana Cristina Schneider, consultora del proyecto, Polonia es un canal de acceso para otros mercados de inter&eacute;s en Europa, como el Reino Unido, uno de los mercados objetivo del dise&ntilde;o brasile&ntilde;o.<\/p>\n<p><strong>Los n&uacute;meros del Proyecto<\/strong><\/p>\n<p>Creado en 2012 a partir de la base s&oacute;lida de Sindm&oacute;veis Bento Gon&ccedil;alves, entidad que desde hace 40 a&ntilde;os representa el sector del mobiliario nacional, sumado al apoyo de Apex-Brasil, el Proyecto Ra&iacute;z, tiene, actualmente,&nbsp;&nbsp; 46 estudios de dise&ntilde;o asociados, entre ellos nombres como Jader Almeida, Paulo Alves, Aristeu Pires, Guto Indio da Costa, entre otros.&nbsp;&nbsp;<\/p>\n<p>La actuaci&oacute;n del Proyecto sigue cronograma de ferias internacionales de dise&ntilde;o, con destaque para la participaci&oacute;n en ICFF &ndash; Nueva York, considerada la mayor plataforma del sector de mobiliario de alto est&aacute;ndar de los Estados Unidos. Para los pr&oacute;ximos dos a&ntilde;os, la direcci&oacute;n prev&eacute; participar de los siguientes eventos: Semana de Dise&ntilde;o de Mil&aacute;n (abril\/2019 y 2020); ICFF Nueva York (mayo 2019 y 2020; Semana de Dise&ntilde;o de S&atilde;o Paulo (agosto\/2019; Semana de Dise&ntilde;o de Londres (septiembre 2019) y Movelsul Brasil (marzo\/2020). Las tradicionales muestras itinerantes por embajadas de Brasil deben seguir por Barcelona (junio 2019, Berl&iacute;n (septiembre\/2019) y Tokio (junio\/2020) &nbsp;<\/p>\n","protected":false},"excerpt":{"rendered":"<p>Entre los d\u00edas 27 y 29 de noviembre, Proyecto Ra\u00edz recibe visita de compradores procedentes de Polonia interesados en contrato de licenciamiento con dise\u00f1adores brasile\u00f1os. Rondas de negocios ser\u00e1n realizadas en R\u00edo Grande do Sul, S\u00e3o Paulo y R\u00edo de Janeiro.<\/p>\n","protected":false},"author":5,"featured_media":3711,"comment_status":"closed","ping_status":"open","sticky":false,"template":"","format":"standard","meta":{"footnotes":"","_links_to":"","_links_to_target":""},"categories":[2],"tags":[],"class_list":["post-1408","post","type-post","status-publish","format-standard","has-post-thumbnail","hentry","category-sindmoveis"],"yoast_head":"<!-- This site is optimized with the Yoast SEO plugin v27.0 - https:\/\/yoast.com\/product\/yoast-seo-wordpress\/ -->\n<title>Empresarios de Polonia interesados por el dise\u00f1o brasilero - Sindm\u00f3veis-RS<\/title>\n<meta name=\"robots\" content=\"index, follow, max-snippet:-1, max-image-preview:large, max-video-preview:-1\" \/>\n<link rel=\"canonical\" href=\"https:\/\/www.sindmoveis.com.br\/es\/empresarios-poloneses-de-olho-no-design-brasileiro\/\" \/>\n<meta property=\"og:locale\" content=\"es_ES\" \/>\n<meta property=\"og:type\" content=\"article\" \/>\n<meta property=\"og:title\" content=\"Empresarios de Polonia interesados por el dise\u00f1o brasilero - Sindm\u00f3veis-RS\" \/>\n<meta property=\"og:description\" content=\"Entre los d\u00edas 27 y 29 de noviembre, Proyecto Ra\u00edz recibe visita de compradores procedentes de Polonia interesados en contrato de licenciamiento con dise\u00f1adores brasile\u00f1os. Rondas de negocios ser\u00e1n realizadas en R\u00edo Grande do Sul, S\u00e3o Paulo y R\u00edo de Janeiro.\" \/>\n<meta property=\"og:url\" content=\"https:\/\/www.sindmoveis.com.br\/es\/empresarios-poloneses-de-olho-no-design-brasileiro\/\" \/>\n<meta property=\"og:site_name\" content=\"Sindm\u00f3veis-RS\" \/>\n<meta property=\"article:published_time\" content=\"2018-11-26T02:00:00+00:00\" \/>\n<meta property=\"article:modified_time\" content=\"2021-05-26T13:24:20+00:00\" \/>\n<meta property=\"og:image\" content=\"https:\/\/www.sindmoveis.com.br\/es\/wp-content\/uploads\/2021\/05\/p1543333164.jpg\" \/>\n\t<meta property=\"og:image:width\" content=\"1181\" \/>\n\t<meta property=\"og:image:height\" content=\"809\" \/>\n\t<meta property=\"og:image:type\" content=\"image\/jpeg\" \/>\n<meta name=\"author\" content=\"Imprensa Sindm\u00f3veis\" \/>\n<meta name=\"twitter:card\" content=\"summary_large_image\" \/>\n<meta name=\"twitter:label1\" content=\"Escrito por\" \/>\n\t<meta name=\"twitter:data1\" content=\"Imprensa Sindm\u00f3veis\" \/>\n\t<meta name=\"twitter:label2\" content=\"Tiempo de lectura\" \/>\n\t<meta name=\"twitter:data2\" content=\"2 minutos\" \/>\n<script type=\"application\/ld+json\" class=\"yoast-schema-graph\">{\"@context\":\"https:\/\/schema.org\",\"@graph\":[{\"@type\":\"Article\",\"@id\":\"https:\/\/www.sindmoveis.com.br\/es\/empresarios-poloneses-de-olho-no-design-brasileiro\/#article\",\"isPartOf\":{\"@id\":\"https:\/\/www.sindmoveis.com.br\/es\/empresarios-poloneses-de-olho-no-design-brasileiro\/\"},\"author\":{\"name\":\"Imprensa Sindm\u00f3veis\",\"@id\":\"https:\/\/www.sindmoveis.com.br\/es\/#\/schema\/person\/16d379542db1950a17fe188179340d57\"},\"headline\":\"Empresarios de Polonia interesados por el dise\u00f1o brasilero\",\"datePublished\":\"2018-11-26T02:00:00+00:00\",\"dateModified\":\"2021-05-26T13:24:20+00:00\",\"mainEntityOfPage\":{\"@id\":\"https:\/\/www.sindmoveis.com.br\/es\/empresarios-poloneses-de-olho-no-design-brasileiro\/\"},\"wordCount\":433,\"image\":{\"@id\":\"https:\/\/www.sindmoveis.com.br\/es\/empresarios-poloneses-de-olho-no-design-brasileiro\/#primaryimage\"},\"thumbnailUrl\":\"https:\/\/www.sindmoveis.com.br\/es\/wp-content\/uploads\/2021\/05\/p1543333164.jpg\",\"articleSection\":[\"Sindm\u00f3veis\"],\"inLanguage\":\"es\"},{\"@type\":\"WebPage\",\"@id\":\"https:\/\/www.sindmoveis.com.br\/es\/empresarios-poloneses-de-olho-no-design-brasileiro\/\",\"url\":\"https:\/\/www.sindmoveis.com.br\/es\/empresarios-poloneses-de-olho-no-design-brasileiro\/\",\"name\":\"Empresarios de Polonia interesados por el dise\u00f1o brasilero - Sindm\u00f3veis-RS\",\"isPartOf\":{\"@id\":\"https:\/\/www.sindmoveis.com.br\/es\/#website\"},\"primaryImageOfPage\":{\"@id\":\"https:\/\/www.sindmoveis.com.br\/es\/empresarios-poloneses-de-olho-no-design-brasileiro\/#primaryimage\"},\"image\":{\"@id\":\"https:\/\/www.sindmoveis.com.br\/es\/empresarios-poloneses-de-olho-no-design-brasileiro\/#primaryimage\"},\"thumbnailUrl\":\"https:\/\/www.sindmoveis.com.br\/es\/wp-content\/uploads\/2021\/05\/p1543333164.jpg\",\"datePublished\":\"2018-11-26T02:00:00+00:00\",\"dateModified\":\"2021-05-26T13:24:20+00:00\",\"author\":{\"@id\":\"https:\/\/www.sindmoveis.com.br\/es\/#\/schema\/person\/16d379542db1950a17fe188179340d57\"},\"inLanguage\":\"es\",\"potentialAction\":[{\"@type\":\"ReadAction\",\"target\":[\"https:\/\/www.sindmoveis.com.br\/es\/empresarios-poloneses-de-olho-no-design-brasileiro\/\"]}]},{\"@type\":\"ImageObject\",\"inLanguage\":\"es\",\"@id\":\"https:\/\/www.sindmoveis.com.br\/es\/empresarios-poloneses-de-olho-no-design-brasileiro\/#primaryimage\",\"url\":\"https:\/\/www.sindmoveis.com.br\/es\/wp-content\/uploads\/2021\/05\/p1543333164.jpg\",\"contentUrl\":\"https:\/\/www.sindmoveis.com.br\/es\/wp-content\/uploads\/2021\/05\/p1543333164.jpg\",\"width\":1181,\"height\":809},{\"@type\":\"WebSite\",\"@id\":\"https:\/\/www.sindmoveis.com.br\/es\/#website\",\"url\":\"https:\/\/www.sindmoveis.com.br\/es\/\",\"name\":\"Sindm\u00f3veis-RS\",\"description\":\"\",\"potentialAction\":[{\"@type\":\"SearchAction\",\"target\":{\"@type\":\"EntryPoint\",\"urlTemplate\":\"https:\/\/www.sindmoveis.com.br\/es\/?s={search_term_string}\"},\"query-input\":{\"@type\":\"PropertyValueSpecification\",\"valueRequired\":true,\"valueName\":\"search_term_string\"}}],\"inLanguage\":\"es\"},{\"@type\":\"Person\",\"@id\":\"https:\/\/www.sindmoveis.com.br\/es\/#\/schema\/person\/16d379542db1950a17fe188179340d57\",\"name\":\"Imprensa Sindm\u00f3veis\",\"image\":{\"@type\":\"ImageObject\",\"inLanguage\":\"es\",\"@id\":\"https:\/\/www.sindmoveis.com.br\/es\/#\/schema\/person\/image\/\",\"url\":\"https:\/\/secure.gravatar.com\/avatar\/4973e2e2c2a0cb5db30b0c7b770041b8e33d048a16b695a1f99c042449d4bfaf?s=96&d=mm&r=g\",\"contentUrl\":\"https:\/\/secure.gravatar.com\/avatar\/4973e2e2c2a0cb5db30b0c7b770041b8e33d048a16b695a1f99c042449d4bfaf?s=96&d=mm&r=g\",\"caption\":\"Imprensa Sindm\u00f3veis\"},\"url\":\"https:\/\/www.sindmoveis.com.br\/es\/author\/ana\/\"}]}<\/script>\n<!-- \/ Yoast SEO plugin. -->","yoast_head_json":{"title":"Empresarios de Polonia interesados por el dise\u00f1o brasilero - Sindm\u00f3veis-RS","robots":{"index":"index","follow":"follow","max-snippet":"max-snippet:-1","max-image-preview":"max-image-preview:large","max-video-preview":"max-video-preview:-1"},"canonical":"https:\/\/www.sindmoveis.com.br\/es\/empresarios-poloneses-de-olho-no-design-brasileiro\/","og_locale":"es_ES","og_type":"article","og_title":"Empresarios de Polonia interesados por el dise\u00f1o brasilero - Sindm\u00f3veis-RS","og_description":"Entre los d\u00edas 27 y 29 de noviembre, Proyecto Ra\u00edz recibe visita de compradores procedentes de Polonia interesados en contrato de licenciamiento con dise\u00f1adores brasile\u00f1os. Rondas de negocios ser\u00e1n realizadas en R\u00edo Grande do Sul, S\u00e3o Paulo y R\u00edo de Janeiro.","og_url":"https:\/\/www.sindmoveis.com.br\/es\/empresarios-poloneses-de-olho-no-design-brasileiro\/","og_site_name":"Sindm\u00f3veis-RS","article_published_time":"2018-11-26T02:00:00+00:00","article_modified_time":"2021-05-26T13:24:20+00:00","og_image":[{"width":1181,"height":809,"url":"https:\/\/www.sindmoveis.com.br\/es\/wp-content\/uploads\/2021\/05\/p1543333164.jpg","type":"image\/jpeg"}],"author":"Imprensa Sindm\u00f3veis","twitter_card":"summary_large_image","twitter_misc":{"Escrito por":"Imprensa Sindm\u00f3veis","Tiempo de lectura":"2 minutos"},"schema":{"@context":"https:\/\/schema.org","@graph":[{"@type":"Article","@id":"https:\/\/www.sindmoveis.com.br\/es\/empresarios-poloneses-de-olho-no-design-brasileiro\/#article","isPartOf":{"@id":"https:\/\/www.sindmoveis.com.br\/es\/empresarios-poloneses-de-olho-no-design-brasileiro\/"},"author":{"name":"Imprensa Sindm\u00f3veis","@id":"https:\/\/www.sindmoveis.com.br\/es\/#\/schema\/person\/16d379542db1950a17fe188179340d57"},"headline":"Empresarios de Polonia interesados por el dise\u00f1o brasilero","datePublished":"2018-11-26T02:00:00+00:00","dateModified":"2021-05-26T13:24:20+00:00","mainEntityOfPage":{"@id":"https:\/\/www.sindmoveis.com.br\/es\/empresarios-poloneses-de-olho-no-design-brasileiro\/"},"wordCount":433,"image":{"@id":"https:\/\/www.sindmoveis.com.br\/es\/empresarios-poloneses-de-olho-no-design-brasileiro\/#primaryimage"},"thumbnailUrl":"https:\/\/www.sindmoveis.com.br\/es\/wp-content\/uploads\/2021\/05\/p1543333164.jpg","articleSection":["Sindm\u00f3veis"],"inLanguage":"es"},{"@type":"WebPage","@id":"https:\/\/www.sindmoveis.com.br\/es\/empresarios-poloneses-de-olho-no-design-brasileiro\/","url":"https:\/\/www.sindmoveis.com.br\/es\/empresarios-poloneses-de-olho-no-design-brasileiro\/","name":"Empresarios de Polonia interesados por el dise\u00f1o brasilero - Sindm\u00f3veis-RS","isPartOf":{"@id":"https:\/\/www.sindmoveis.com.br\/es\/#website"},"primaryImageOfPage":{"@id":"https:\/\/www.sindmoveis.com.br\/es\/empresarios-poloneses-de-olho-no-design-brasileiro\/#primaryimage"},"image":{"@id":"https:\/\/www.sindmoveis.com.br\/es\/empresarios-poloneses-de-olho-no-design-brasileiro\/#primaryimage"},"thumbnailUrl":"https:\/\/www.sindmoveis.com.br\/es\/wp-content\/uploads\/2021\/05\/p1543333164.jpg","datePublished":"2018-11-26T02:00:00+00:00","dateModified":"2021-05-26T13:24:20+00:00","author":{"@id":"https:\/\/www.sindmoveis.com.br\/es\/#\/schema\/person\/16d379542db1950a17fe188179340d57"},"inLanguage":"es","potentialAction":[{"@type":"ReadAction","target":["https:\/\/www.sindmoveis.com.br\/es\/empresarios-poloneses-de-olho-no-design-brasileiro\/"]}]},{"@type":"ImageObject","inLanguage":"es","@id":"https:\/\/www.sindmoveis.com.br\/es\/empresarios-poloneses-de-olho-no-design-brasileiro\/#primaryimage","url":"https:\/\/www.sindmoveis.com.br\/es\/wp-content\/uploads\/2021\/05\/p1543333164.jpg","contentUrl":"https:\/\/www.sindmoveis.com.br\/es\/wp-content\/uploads\/2021\/05\/p1543333164.jpg","width":1181,"height":809},{"@type":"WebSite","@id":"https:\/\/www.sindmoveis.com.br\/es\/#website","url":"https:\/\/www.sindmoveis.com.br\/es\/","name":"Sindm\u00f3veis-RS","description":"","potentialAction":[{"@type":"SearchAction","target":{"@type":"EntryPoint","urlTemplate":"https:\/\/www.sindmoveis.com.br\/es\/?s={search_term_string}"},"query-input":{"@type":"PropertyValueSpecification","valueRequired":true,"valueName":"search_term_string"}}],"inLanguage":"es"},{"@type":"Person","@id":"https:\/\/www.sindmoveis.com.br\/es\/#\/schema\/person\/16d379542db1950a17fe188179340d57","name":"Imprensa Sindm\u00f3veis","image":{"@type":"ImageObject","inLanguage":"es","@id":"https:\/\/www.sindmoveis.com.br\/es\/#\/schema\/person\/image\/","url":"https:\/\/secure.gravatar.com\/avatar\/4973e2e2c2a0cb5db30b0c7b770041b8e33d048a16b695a1f99c042449d4bfaf?s=96&d=mm&r=g","contentUrl":"https:\/\/secure.gravatar.com\/avatar\/4973e2e2c2a0cb5db30b0c7b770041b8e33d048a16b695a1f99c042449d4bfaf?s=96&d=mm&r=g","caption":"Imprensa Sindm\u00f3veis"},"url":"https:\/\/www.sindmoveis.com.br\/es\/author\/ana\/"}]}},"_links":{"self":[{"href":"https:\/\/www.sindmoveis.com.br\/es\/wp-json\/wp\/v2\/posts\/1408","targetHints":{"allow":["GET"]}}],"collection":[{"href":"https:\/\/www.sindmoveis.com.br\/es\/wp-json\/wp\/v2\/posts"}],"about":[{"href":"https:\/\/www.sindmoveis.com.br\/es\/wp-json\/wp\/v2\/types\/post"}],"author":[{"embeddable":true,"href":"https:\/\/www.sindmoveis.com.br\/es\/wp-json\/wp\/v2\/users\/5"}],"replies":[{"embeddable":true,"href":"https:\/\/www.sindmoveis.com.br\/es\/wp-json\/wp\/v2\/comments?post=1408"}],"version-history":[{"count":2,"href":"https:\/\/www.sindmoveis.com.br\/es\/wp-json\/wp\/v2\/posts\/1408\/revisions"}],"predecessor-version":[{"id":3710,"href":"https:\/\/www.sindmoveis.com.br\/es\/wp-json\/wp\/v2\/posts\/1408\/revisions\/3710"}],"wp:featuredmedia":[{"embeddable":true,"href":"https:\/\/www.sindmoveis.com.br\/es\/wp-json\/wp\/v2\/media\/3711"}],"wp:attachment":[{"href":"https:\/\/www.sindmoveis.com.br\/es\/wp-json\/wp\/v2\/media?parent=1408"}],"wp:term":[{"taxonomy":"category","embeddable":true,"href":"https:\/\/www.sindmoveis.com.br\/es\/wp-json\/wp\/v2\/categories?post=1408"},{"taxonomy":"post_tag","embeddable":true,"href":"https:\/\/www.sindmoveis.com.br\/es\/wp-json\/wp\/v2\/tags?post=1408"}],"curies":[{"name":"wp","href":"https:\/\/api.w.org\/{rel}","templated":true}]}}