{"id":1406,"date":"2018-11-19T00:00:00","date_gmt":"2018-11-19T02:00:00","guid":{"rendered":"http:\/\/sindmoveis.com.br\/imprensa\/noticias\/vinicius-benini-sera-o-novo-presidente-do-sindmoveis-bento-goncalves\/"},"modified":"2021-05-26T10:24:20","modified_gmt":"2021-05-26T13:24:20","slug":"vinicius-benini-sera-o-novo-presidente-do-sindmoveis-bento-goncalves","status":"publish","type":"post","link":"https:\/\/www.sindmoveis.com.br\/es\/vinicius-benini-sera-o-novo-presidente-do-sindmoveis-bento-goncalves\/","title":{"rendered":"Vinicius Benini ser\u00e1 el nuevo presidente do Sindm\u00f3veis Bento Gon\u00e7alves"},"content":{"rendered":"<p>El diretor de Pozza S\/A, Vinicius Benini, ser&aacute; el pr&oacute;ximo presidente del Sindicato de las Industrias del Mobiliario de Bento Gon&ccedil;alves (Sindm&oacute;veis) en el bienio 2019\/2020. El 18&deg; directorio de la entidad &ndash; con directores, consejo fiscal y consultivo y delegados representantes &ndash; fue elegido por aclamaci&oacute;n de los asociados el &uacute;ltimo lunes, 19. Vinicius Benini asume legalmente las funciones el d&iacute;a 1&ordm; de enero, sustituyendo al empresario Edson Pelicioli, de <em>Ideias &amp; Conceitos<\/em>. En la actual gesti&oacute;n, &eacute;l ya acumulaba las funciones de vicepresidente y director comercial.<\/p>\n<p>A los 31 a&ntilde;os, Vinicius Benini ser&aacute; el m&aacute;s joven presidente en la historia de Sindmoveis. Graduado en Comercio Internacional y con MBA en Marketing con &Eacute;nfasis en Ventas (Fundaci&oacute;n Getulio Vargas), &eacute;l inicia la gesti&oacute;n trabajando por el fortalecimiento de las relaciones con el asociado y la planificaci&oacute;n de Movelsul Brasil 2020, cuya campa&ntilde;a ser&aacute; oficialmente lanzada en marzo del pr&oacute;ximo a&ntilde;o. &ldquo;Es importante, en este momento en que el sector del mobiliario trabaja por la retomada de desempe&ntilde;o, que Sindm&oacute;veis est&eacute; cada vez m&aacute;s pr&oacute;ximo de las empresas del polo y cree mecanismos de crecimiento para los diferentes portes de asociados&rdquo;, afirma.<\/p>\n<p>La internacionalizaci&oacute;n sigue como pauta fuerte en la planificaci&oacute;n de Sindm&oacute;veis, con estudios de inteligencia comercial, capacitaci&oacute;n en el &aacute;rea y promoci&oacute;n comercial en mercados de inter&eacute;s del polo de mobiliario. Adem&aacute;s de ello, la gesti&oacute;n liderada por el empresario Vinicius Benini tambi&eacute;n continuara fomentando el dise&ntilde;o como herramienta de competitividad para las empresas del polo.<\/p>\n<p>Sindm&oacute;veis Bento Gon&ccedil;alves act&uacute;a desde 1977, impulsando el crecimiento de la cadena productiva del mobiliario por medio de la representaci&oacute;n institucional, acciones integradoras, promoci&oacute;n internacional, programas de apoyo a empresas y profesionales, fomento al dise&ntilde;o y desarrollo de canales de venta. La ceremonia de toma de posesi&oacute;n del directorio de la entidad est&aacute; marcada para el mes de enero.<\/p>\n<p>&nbsp;<\/p>\n<p><strong>Directorio Sindm&oacute;veis &#8211; bienio 2019\/2020<\/strong><\/p>\n<p>\nPresidente: Vinicius Benini (Pozza S\/A)<\/p>\n<p>Vicepresidente y Director Comercial: Cassiano De Paris (Perlare)<\/p>\n<p>Directora Operacional: Marlei Pena Vian (Todescredi &#8211; Grupo Todeschini)<\/p>\n<p>Director Jur&iacute;dico Laboral: Alexandre Michelin (Bertolini)<\/p>\n<p>Directora de Servicios: Let&iacute;cia Farina (Villa Giardino Ital&iacute;nea)<\/p>\n<p>Director de Infraestructura: Lu&iacute;s Henrique Bortolini (Atual Estofados)<\/p>\n<p>Director del Premio Sal&atilde;o Design: Eduardo Nuncio (M&oacute;veis Carraro)<\/p>\n<p>Vicedirector del Premio Sal&atilde;o Design: Jos&eacute; Ferro (Bertolini)<\/p>\n<p>Directora de Relaciones con el Mercado: Priscila Milesi Basso (Dalm&oacute;bile)<\/p>\n<p>Director Internacional: Leonardo Dartora (Politorno)<\/p>\n<p>&nbsp;<\/p>\n<p>CONSEJO FISCAL<\/p>\n<p>Edson Pelicioli (Ideias &amp; Conceitos)<\/p>\n<p>Henrique Tecchio (Bentec)<\/p>\n<p>S&eacute;rgio Dalla Costa (Motiva M&oacute;veis)<\/p>\n<p>Rog&eacute;rio Francio (M&oacute;veis Carraro)<\/p>\n<p>&nbsp;<\/p>\n<p>CONSEJO CONSULTIVO<\/p>\n<p>Volnei Benini (BRV M&oacute;veis)<\/p>\n<p>Cl&aacute;udio Ramos (BRV M&oacute;veis)<\/p>\n<p>Marcelo Haefliger (PLAN35)<\/p>\n<p>&nbsp;<\/p>\n<p>DELEGADOS REPRESENTANTES<\/p>\n<p>Ademar De Gasperi (Nave Brazil)<\/p>\n<p>Maristela Cusin Longhi (Multim&oacute;veis)<\/p>\n<p>&nbsp;<\/p>\n","protected":false},"excerpt":{"rendered":"<p>Director da Pozza S\/A ser\u00e1 el m\u00e1s joven presidente en la historia de la entidad y asume d\u00eda 1\u00ba de enero<\/p>\n","protected":false},"author":5,"featured_media":3709,"comment_status":"closed","ping_status":"open","sticky":false,"template":"","format":"standard","meta":{"footnotes":"","_links_to":"","_links_to_target":""},"categories":[2],"tags":[],"class_list":["post-1406","post","type-post","status-publish","format-standard","has-post-thumbnail","hentry","category-sindmoveis"],"yoast_head":"<!-- This site is optimized with the Yoast SEO plugin v27.0 - https:\/\/yoast.com\/product\/yoast-seo-wordpress\/ -->\n<title>Vinicius Benini ser\u00e1 el nuevo presidente do Sindm\u00f3veis Bento Gon\u00e7alves - Sindm\u00f3veis-RS<\/title>\n<meta name=\"robots\" content=\"index, follow, max-snippet:-1, max-image-preview:large, max-video-preview:-1\" \/>\n<link rel=\"canonical\" href=\"https:\/\/www.sindmoveis.com.br\/es\/vinicius-benini-sera-o-novo-presidente-do-sindmoveis-bento-goncalves\/\" \/>\n<meta property=\"og:locale\" content=\"es_ES\" \/>\n<meta property=\"og:type\" content=\"article\" \/>\n<meta property=\"og:title\" content=\"Vinicius Benini ser\u00e1 el nuevo presidente do Sindm\u00f3veis Bento Gon\u00e7alves - Sindm\u00f3veis-RS\" \/>\n<meta property=\"og:description\" content=\"Director da Pozza S\/A ser\u00e1 el m\u00e1s joven presidente en la historia de la entidad y asume d\u00eda 1\u00ba de enero\" \/>\n<meta property=\"og:url\" content=\"https:\/\/www.sindmoveis.com.br\/es\/vinicius-benini-sera-o-novo-presidente-do-sindmoveis-bento-goncalves\/\" \/>\n<meta property=\"og:site_name\" content=\"Sindm\u00f3veis-RS\" \/>\n<meta property=\"article:published_time\" content=\"2018-11-19T02:00:00+00:00\" \/>\n<meta property=\"article:modified_time\" content=\"2021-05-26T13:24:20+00:00\" \/>\n<meta property=\"og:image\" content=\"https:\/\/www.sindmoveis.com.br\/es\/wp-content\/uploads\/2021\/05\/p1542652695.jpg\" \/>\n\t<meta property=\"og:image:width\" content=\"1260\" \/>\n\t<meta property=\"og:image:height\" content=\"887\" \/>\n\t<meta property=\"og:image:type\" content=\"image\/jpeg\" \/>\n<meta name=\"author\" content=\"Imprensa Sindm\u00f3veis\" \/>\n<meta name=\"twitter:card\" content=\"summary_large_image\" \/>\n<meta name=\"twitter:label1\" content=\"Escrito por\" \/>\n\t<meta name=\"twitter:data1\" content=\"Imprensa Sindm\u00f3veis\" \/>\n\t<meta name=\"twitter:label2\" content=\"Tiempo de lectura\" \/>\n\t<meta name=\"twitter:data2\" content=\"3 minutos\" \/>\n<script type=\"application\/ld+json\" class=\"yoast-schema-graph\">{\"@context\":\"https:\/\/schema.org\",\"@graph\":[{\"@type\":\"Article\",\"@id\":\"https:\/\/www.sindmoveis.com.br\/es\/vinicius-benini-sera-o-novo-presidente-do-sindmoveis-bento-goncalves\/#article\",\"isPartOf\":{\"@id\":\"https:\/\/www.sindmoveis.com.br\/es\/vinicius-benini-sera-o-novo-presidente-do-sindmoveis-bento-goncalves\/\"},\"author\":{\"name\":\"Imprensa Sindm\u00f3veis\",\"@id\":\"https:\/\/www.sindmoveis.com.br\/es\/#\/schema\/person\/16d379542db1950a17fe188179340d57\"},\"headline\":\"Vinicius Benini ser\u00e1 el nuevo presidente do Sindm\u00f3veis Bento Gon\u00e7alves\",\"datePublished\":\"2018-11-19T02:00:00+00:00\",\"dateModified\":\"2021-05-26T13:24:20+00:00\",\"mainEntityOfPage\":{\"@id\":\"https:\/\/www.sindmoveis.com.br\/es\/vinicius-benini-sera-o-novo-presidente-do-sindmoveis-bento-goncalves\/\"},\"wordCount\":561,\"image\":{\"@id\":\"https:\/\/www.sindmoveis.com.br\/es\/vinicius-benini-sera-o-novo-presidente-do-sindmoveis-bento-goncalves\/#primaryimage\"},\"thumbnailUrl\":\"https:\/\/www.sindmoveis.com.br\/es\/wp-content\/uploads\/2021\/05\/p1542652695.jpg\",\"articleSection\":[\"Sindm\u00f3veis\"],\"inLanguage\":\"es\"},{\"@type\":\"WebPage\",\"@id\":\"https:\/\/www.sindmoveis.com.br\/es\/vinicius-benini-sera-o-novo-presidente-do-sindmoveis-bento-goncalves\/\",\"url\":\"https:\/\/www.sindmoveis.com.br\/es\/vinicius-benini-sera-o-novo-presidente-do-sindmoveis-bento-goncalves\/\",\"name\":\"Vinicius Benini ser\u00e1 el nuevo presidente do Sindm\u00f3veis Bento Gon\u00e7alves - Sindm\u00f3veis-RS\",\"isPartOf\":{\"@id\":\"https:\/\/www.sindmoveis.com.br\/es\/#website\"},\"primaryImageOfPage\":{\"@id\":\"https:\/\/www.sindmoveis.com.br\/es\/vinicius-benini-sera-o-novo-presidente-do-sindmoveis-bento-goncalves\/#primaryimage\"},\"image\":{\"@id\":\"https:\/\/www.sindmoveis.com.br\/es\/vinicius-benini-sera-o-novo-presidente-do-sindmoveis-bento-goncalves\/#primaryimage\"},\"thumbnailUrl\":\"https:\/\/www.sindmoveis.com.br\/es\/wp-content\/uploads\/2021\/05\/p1542652695.jpg\",\"datePublished\":\"2018-11-19T02:00:00+00:00\",\"dateModified\":\"2021-05-26T13:24:20+00:00\",\"author\":{\"@id\":\"https:\/\/www.sindmoveis.com.br\/es\/#\/schema\/person\/16d379542db1950a17fe188179340d57\"},\"inLanguage\":\"es\",\"potentialAction\":[{\"@type\":\"ReadAction\",\"target\":[\"https:\/\/www.sindmoveis.com.br\/es\/vinicius-benini-sera-o-novo-presidente-do-sindmoveis-bento-goncalves\/\"]}]},{\"@type\":\"ImageObject\",\"inLanguage\":\"es\",\"@id\":\"https:\/\/www.sindmoveis.com.br\/es\/vinicius-benini-sera-o-novo-presidente-do-sindmoveis-bento-goncalves\/#primaryimage\",\"url\":\"https:\/\/www.sindmoveis.com.br\/es\/wp-content\/uploads\/2021\/05\/p1542652695.jpg\",\"contentUrl\":\"https:\/\/www.sindmoveis.com.br\/es\/wp-content\/uploads\/2021\/05\/p1542652695.jpg\",\"width\":1260,\"height\":887},{\"@type\":\"WebSite\",\"@id\":\"https:\/\/www.sindmoveis.com.br\/es\/#website\",\"url\":\"https:\/\/www.sindmoveis.com.br\/es\/\",\"name\":\"Sindm\u00f3veis-RS\",\"description\":\"\",\"potentialAction\":[{\"@type\":\"SearchAction\",\"target\":{\"@type\":\"EntryPoint\",\"urlTemplate\":\"https:\/\/www.sindmoveis.com.br\/es\/?s={search_term_string}\"},\"query-input\":{\"@type\":\"PropertyValueSpecification\",\"valueRequired\":true,\"valueName\":\"search_term_string\"}}],\"inLanguage\":\"es\"},{\"@type\":\"Person\",\"@id\":\"https:\/\/www.sindmoveis.com.br\/es\/#\/schema\/person\/16d379542db1950a17fe188179340d57\",\"name\":\"Imprensa Sindm\u00f3veis\",\"image\":{\"@type\":\"ImageObject\",\"inLanguage\":\"es\",\"@id\":\"https:\/\/www.sindmoveis.com.br\/es\/#\/schema\/person\/image\/\",\"url\":\"https:\/\/secure.gravatar.com\/avatar\/4973e2e2c2a0cb5db30b0c7b770041b8e33d048a16b695a1f99c042449d4bfaf?s=96&d=mm&r=g\",\"contentUrl\":\"https:\/\/secure.gravatar.com\/avatar\/4973e2e2c2a0cb5db30b0c7b770041b8e33d048a16b695a1f99c042449d4bfaf?s=96&d=mm&r=g\",\"caption\":\"Imprensa Sindm\u00f3veis\"},\"url\":\"https:\/\/www.sindmoveis.com.br\/es\/author\/ana\/\"}]}<\/script>\n<!-- \/ Yoast SEO plugin. -->","yoast_head_json":{"title":"Vinicius Benini ser\u00e1 el nuevo presidente do Sindm\u00f3veis Bento Gon\u00e7alves - Sindm\u00f3veis-RS","robots":{"index":"index","follow":"follow","max-snippet":"max-snippet:-1","max-image-preview":"max-image-preview:large","max-video-preview":"max-video-preview:-1"},"canonical":"https:\/\/www.sindmoveis.com.br\/es\/vinicius-benini-sera-o-novo-presidente-do-sindmoveis-bento-goncalves\/","og_locale":"es_ES","og_type":"article","og_title":"Vinicius Benini ser\u00e1 el nuevo presidente do Sindm\u00f3veis Bento Gon\u00e7alves - Sindm\u00f3veis-RS","og_description":"Director da Pozza S\/A ser\u00e1 el m\u00e1s joven presidente en la historia de la entidad y asume d\u00eda 1\u00ba de enero","og_url":"https:\/\/www.sindmoveis.com.br\/es\/vinicius-benini-sera-o-novo-presidente-do-sindmoveis-bento-goncalves\/","og_site_name":"Sindm\u00f3veis-RS","article_published_time":"2018-11-19T02:00:00+00:00","article_modified_time":"2021-05-26T13:24:20+00:00","og_image":[{"width":1260,"height":887,"url":"https:\/\/www.sindmoveis.com.br\/es\/wp-content\/uploads\/2021\/05\/p1542652695.jpg","type":"image\/jpeg"}],"author":"Imprensa Sindm\u00f3veis","twitter_card":"summary_large_image","twitter_misc":{"Escrito por":"Imprensa Sindm\u00f3veis","Tiempo de lectura":"3 minutos"},"schema":{"@context":"https:\/\/schema.org","@graph":[{"@type":"Article","@id":"https:\/\/www.sindmoveis.com.br\/es\/vinicius-benini-sera-o-novo-presidente-do-sindmoveis-bento-goncalves\/#article","isPartOf":{"@id":"https:\/\/www.sindmoveis.com.br\/es\/vinicius-benini-sera-o-novo-presidente-do-sindmoveis-bento-goncalves\/"},"author":{"name":"Imprensa Sindm\u00f3veis","@id":"https:\/\/www.sindmoveis.com.br\/es\/#\/schema\/person\/16d379542db1950a17fe188179340d57"},"headline":"Vinicius Benini ser\u00e1 el nuevo presidente do Sindm\u00f3veis Bento Gon\u00e7alves","datePublished":"2018-11-19T02:00:00+00:00","dateModified":"2021-05-26T13:24:20+00:00","mainEntityOfPage":{"@id":"https:\/\/www.sindmoveis.com.br\/es\/vinicius-benini-sera-o-novo-presidente-do-sindmoveis-bento-goncalves\/"},"wordCount":561,"image":{"@id":"https:\/\/www.sindmoveis.com.br\/es\/vinicius-benini-sera-o-novo-presidente-do-sindmoveis-bento-goncalves\/#primaryimage"},"thumbnailUrl":"https:\/\/www.sindmoveis.com.br\/es\/wp-content\/uploads\/2021\/05\/p1542652695.jpg","articleSection":["Sindm\u00f3veis"],"inLanguage":"es"},{"@type":"WebPage","@id":"https:\/\/www.sindmoveis.com.br\/es\/vinicius-benini-sera-o-novo-presidente-do-sindmoveis-bento-goncalves\/","url":"https:\/\/www.sindmoveis.com.br\/es\/vinicius-benini-sera-o-novo-presidente-do-sindmoveis-bento-goncalves\/","name":"Vinicius Benini ser\u00e1 el nuevo presidente do Sindm\u00f3veis Bento Gon\u00e7alves - Sindm\u00f3veis-RS","isPartOf":{"@id":"https:\/\/www.sindmoveis.com.br\/es\/#website"},"primaryImageOfPage":{"@id":"https:\/\/www.sindmoveis.com.br\/es\/vinicius-benini-sera-o-novo-presidente-do-sindmoveis-bento-goncalves\/#primaryimage"},"image":{"@id":"https:\/\/www.sindmoveis.com.br\/es\/vinicius-benini-sera-o-novo-presidente-do-sindmoveis-bento-goncalves\/#primaryimage"},"thumbnailUrl":"https:\/\/www.sindmoveis.com.br\/es\/wp-content\/uploads\/2021\/05\/p1542652695.jpg","datePublished":"2018-11-19T02:00:00+00:00","dateModified":"2021-05-26T13:24:20+00:00","author":{"@id":"https:\/\/www.sindmoveis.com.br\/es\/#\/schema\/person\/16d379542db1950a17fe188179340d57"},"inLanguage":"es","potentialAction":[{"@type":"ReadAction","target":["https:\/\/www.sindmoveis.com.br\/es\/vinicius-benini-sera-o-novo-presidente-do-sindmoveis-bento-goncalves\/"]}]},{"@type":"ImageObject","inLanguage":"es","@id":"https:\/\/www.sindmoveis.com.br\/es\/vinicius-benini-sera-o-novo-presidente-do-sindmoveis-bento-goncalves\/#primaryimage","url":"https:\/\/www.sindmoveis.com.br\/es\/wp-content\/uploads\/2021\/05\/p1542652695.jpg","contentUrl":"https:\/\/www.sindmoveis.com.br\/es\/wp-content\/uploads\/2021\/05\/p1542652695.jpg","width":1260,"height":887},{"@type":"WebSite","@id":"https:\/\/www.sindmoveis.com.br\/es\/#website","url":"https:\/\/www.sindmoveis.com.br\/es\/","name":"Sindm\u00f3veis-RS","description":"","potentialAction":[{"@type":"SearchAction","target":{"@type":"EntryPoint","urlTemplate":"https:\/\/www.sindmoveis.com.br\/es\/?s={search_term_string}"},"query-input":{"@type":"PropertyValueSpecification","valueRequired":true,"valueName":"search_term_string"}}],"inLanguage":"es"},{"@type":"Person","@id":"https:\/\/www.sindmoveis.com.br\/es\/#\/schema\/person\/16d379542db1950a17fe188179340d57","name":"Imprensa Sindm\u00f3veis","image":{"@type":"ImageObject","inLanguage":"es","@id":"https:\/\/www.sindmoveis.com.br\/es\/#\/schema\/person\/image\/","url":"https:\/\/secure.gravatar.com\/avatar\/4973e2e2c2a0cb5db30b0c7b770041b8e33d048a16b695a1f99c042449d4bfaf?s=96&d=mm&r=g","contentUrl":"https:\/\/secure.gravatar.com\/avatar\/4973e2e2c2a0cb5db30b0c7b770041b8e33d048a16b695a1f99c042449d4bfaf?s=96&d=mm&r=g","caption":"Imprensa Sindm\u00f3veis"},"url":"https:\/\/www.sindmoveis.com.br\/es\/author\/ana\/"}]}},"_links":{"self":[{"href":"https:\/\/www.sindmoveis.com.br\/es\/wp-json\/wp\/v2\/posts\/1406","targetHints":{"allow":["GET"]}}],"collection":[{"href":"https:\/\/www.sindmoveis.com.br\/es\/wp-json\/wp\/v2\/posts"}],"about":[{"href":"https:\/\/www.sindmoveis.com.br\/es\/wp-json\/wp\/v2\/types\/post"}],"author":[{"embeddable":true,"href":"https:\/\/www.sindmoveis.com.br\/es\/wp-json\/wp\/v2\/users\/5"}],"replies":[{"embeddable":true,"href":"https:\/\/www.sindmoveis.com.br\/es\/wp-json\/wp\/v2\/comments?post=1406"}],"version-history":[{"count":2,"href":"https:\/\/www.sindmoveis.com.br\/es\/wp-json\/wp\/v2\/posts\/1406\/revisions"}],"predecessor-version":[{"id":3708,"href":"https:\/\/www.sindmoveis.com.br\/es\/wp-json\/wp\/v2\/posts\/1406\/revisions\/3708"}],"wp:featuredmedia":[{"embeddable":true,"href":"https:\/\/www.sindmoveis.com.br\/es\/wp-json\/wp\/v2\/media\/3709"}],"wp:attachment":[{"href":"https:\/\/www.sindmoveis.com.br\/es\/wp-json\/wp\/v2\/media?parent=1406"}],"wp:term":[{"taxonomy":"category","embeddable":true,"href":"https:\/\/www.sindmoveis.com.br\/es\/wp-json\/wp\/v2\/categories?post=1406"},{"taxonomy":"post_tag","embeddable":true,"href":"https:\/\/www.sindmoveis.com.br\/es\/wp-json\/wp\/v2\/tags?post=1406"}],"curies":[{"name":"wp","href":"https:\/\/api.w.org\/{rel}","templated":true}]}}