{"id":1405,"date":"2018-11-19T00:00:00","date_gmt":"2018-11-19T02:00:00","guid":{"rendered":"http:\/\/sindmoveis.com.br\/imprensa\/noticias\/movelsul-brasil-2020-vai-trazer-400-lojistas-do-brasil-e-exterior-para-negociacoes-com-os-expositores\/"},"modified":"2021-05-26T10:31:42","modified_gmt":"2021-05-26T13:31:42","slug":"movelsul-brasil-2020-vai-trazer-400-lojistas-do-brasil-e-exterior-para-negociacoes-com-os-expositores","status":"publish","type":"post","link":"https:\/\/www.sindmoveis.com.br\/es\/movelsul-brasil-2020-vai-trazer-400-lojistas-do-brasil-e-exterior-para-negociacoes-com-os-expositores\/","title":{"rendered":"Movelsul Brasil 2020 va a traer 400 revendedores de Brasil y exterior para negociaciones con los expositores"},"content":{"rendered":"<p>El Sindicato de las Industrias del Mobiliario de Bento Gon&ccedil;alves (Sindm&oacute;veis) asegura buenos negocios y p&uacute;blico calificado para Movelsul Brasil 2020. Faltando 14 meses para la pr&oacute;xima edici&oacute;n de la feria, el directorio anuncia em primera mano que invitar&aacute; 300 revendedores nacionales y 100 importadores &ndash; con gastos pagados por el evento y seleccionados en mercados de mayor inter&eacute;s para las industrias expositoras. Hasta el momento, la feria est&aacute; con 47% de su &aacute;rea &uacute;til comercializada.<\/p>\n<p>El presidente de Sindm&oacute;veis, Edson Pelicioli, concluye su gesti&oacute;n frente a la entidad promotora de Movelsul Brasil al final de este a&ntilde;o, dejando delineada esa y otras iniciativas de atracci&oacute;n al visitante para la pr&oacute;xima edici&oacute;n de la feria. &Eacute;l destaca la relevancia de la feria para el desarrollo del sector nacional del mobiliario, estrechando las relaciones comerciales entre la industria y sus clientes y fomentando las exportaciones. &ldquo;Es una feria grandiosa con 42 a&ntilde;os de tradici&oacute;n y que contin&uacute;a anticip&aacute;ndose a las demandas del sector, sirviendo a la industria como un canal para comunicar al mercado sus inversiones en innovaci&oacute;n, tecnolog&iacute;as y productividad&rdquo;, destaca.<\/p>\n<p>La definici&oacute;n de los revendedores e importadores que ser&aacute;n invitados ser&aacute; tomada en los pr&oacute;ximos meses en conjunto con los expositores. Realizada desde 1977 por Sindm&oacute;veis Bento Gon&ccedil;alves, Movelsul Brasil se realiza a cada dos a&ntilde;os, en el principal polo de mobiliario del pa&iacute;s en n&uacute;mero de piezas producidas (IEMI, 2018). La pr&oacute;xima edici&oacute;n ser&aacute; de 16 a 19 de marzo de 2020, con expectativa de 200 expositores en los segmentos de oficina, cocina, dormitorios, lavadero\/&aacute;rea de servicio, ba&ntilde;o, muebles para jard&iacute;n, electrodom&eacute;sticos, comedores de diario, juegos de comedor y salas de estar. Alfombras, muebles tapizados y colchones.<\/p>\n<p>&nbsp;<\/p>\n<p><strong>Movelsul Brasil 2020<\/strong><\/p>\n<p><strong>Feria de Muebles y complementos para el revendedor y especificador<\/strong><\/p>\n<p>&nbsp;<\/p>\n<p><strong>Cuando<\/strong>: 16 a 19 de marzo de 2020, de las 12 a as 20h<\/p>\n<p><strong>Donde<\/strong>: Parque de Eventos de Bento Gon&ccedil;alves (Alameda Fenavinho, 481)<\/p>\n<p>Entrada gratuita mediante acreditaci&oacute;n. Abierta apenas al p&uacute;blico profesional (revendedores, representantes, arquitectos, dise&ntilde;adores, decoradores, importadores, profesionales de la construcci&oacute;n civil y prensa)<\/p>\n<p>&nbsp;<\/p>\n<p><strong>Para m&aacute;s informaciones:<\/strong><\/p>\n<p><a href=\"http:\/\/www.movelsul.com.br\/\">www.movelsul.com.br<\/a><\/p>\n<p><a href=\"http:\/\/www.facebook.com\/movelsul.brasil\">www.facebook.com\/movelsul.brasil<\/a><\/p>\n<p><a href=\"http:\/\/www.instagram.com\/movelsulbrasil\">www.instagram.com\/movelsulbrasi<\/a><\/p>\n","protected":false},"excerpt":{"rendered":"<p>Feria fomenta a realizaci\u00f3n de negocios trayendo 300 revendedores nacionales y 100 importadores de mercados de inter\u00e9s para la industria de muebles de Brasil<\/p>\n","protected":false},"author":5,"featured_media":3707,"comment_status":"closed","ping_status":"open","sticky":false,"template":"","format":"standard","meta":{"footnotes":"","_links_to":"","_links_to_target":""},"categories":[23,2],"tags":[],"class_list":["post-1405","post","type-post","status-publish","format-standard","has-post-thumbnail","hentry","category-movelsul","category-sindmoveis"],"yoast_head":"<!-- This site is optimized with the Yoast SEO plugin v27.0 - https:\/\/yoast.com\/product\/yoast-seo-wordpress\/ -->\n<title>Movelsul Brasil 2020 va a traer 400 revendedores de Brasil y exterior para negociaciones con los expositores - Sindm\u00f3veis-RS<\/title>\n<meta name=\"robots\" content=\"index, follow, max-snippet:-1, max-image-preview:large, max-video-preview:-1\" \/>\n<link rel=\"canonical\" href=\"https:\/\/www.sindmoveis.com.br\/es\/movelsul-brasil-2020-vai-trazer-400-lojistas-do-brasil-e-exterior-para-negociacoes-com-os-expositores\/\" \/>\n<meta property=\"og:locale\" content=\"es_ES\" \/>\n<meta property=\"og:type\" content=\"article\" \/>\n<meta property=\"og:title\" content=\"Movelsul Brasil 2020 va a traer 400 revendedores de Brasil y exterior para negociaciones con los expositores - Sindm\u00f3veis-RS\" \/>\n<meta property=\"og:description\" content=\"Feria fomenta a realizaci\u00f3n de negocios trayendo 300 revendedores nacionales y 100 importadores de mercados de inter\u00e9s para la industria de muebles de Brasil\" \/>\n<meta property=\"og:url\" content=\"https:\/\/www.sindmoveis.com.br\/es\/movelsul-brasil-2020-vai-trazer-400-lojistas-do-brasil-e-exterior-para-negociacoes-com-os-expositores\/\" \/>\n<meta property=\"og:site_name\" content=\"Sindm\u00f3veis-RS\" \/>\n<meta property=\"article:published_time\" content=\"2018-11-19T02:00:00+00:00\" \/>\n<meta property=\"article:modified_time\" content=\"2021-05-26T13:31:42+00:00\" \/>\n<meta property=\"og:image\" content=\"https:\/\/www.sindmoveis.com.br\/es\/wp-content\/uploads\/2021\/05\/p1542646413.jpg\" \/>\n\t<meta property=\"og:image:width\" content=\"1575\" \/>\n\t<meta property=\"og:image:height\" content=\"1065\" \/>\n\t<meta property=\"og:image:type\" content=\"image\/jpeg\" \/>\n<meta name=\"author\" content=\"Imprensa Sindm\u00f3veis\" \/>\n<meta name=\"twitter:card\" content=\"summary_large_image\" \/>\n<meta name=\"twitter:label1\" content=\"Escrito por\" \/>\n\t<meta name=\"twitter:data1\" content=\"Imprensa Sindm\u00f3veis\" \/>\n\t<meta name=\"twitter:label2\" content=\"Tiempo de lectura\" \/>\n\t<meta name=\"twitter:data2\" content=\"2 minutos\" \/>\n<script type=\"application\/ld+json\" class=\"yoast-schema-graph\">{\"@context\":\"https:\/\/schema.org\",\"@graph\":[{\"@type\":\"Article\",\"@id\":\"https:\/\/www.sindmoveis.com.br\/es\/movelsul-brasil-2020-vai-trazer-400-lojistas-do-brasil-e-exterior-para-negociacoes-com-os-expositores\/#article\",\"isPartOf\":{\"@id\":\"https:\/\/www.sindmoveis.com.br\/es\/movelsul-brasil-2020-vai-trazer-400-lojistas-do-brasil-e-exterior-para-negociacoes-com-os-expositores\/\"},\"author\":{\"name\":\"Imprensa Sindm\u00f3veis\",\"@id\":\"https:\/\/www.sindmoveis.com.br\/es\/#\/schema\/person\/16d379542db1950a17fe188179340d57\"},\"headline\":\"Movelsul Brasil 2020 va a traer 400 revendedores de Brasil y exterior para negociaciones con los expositores\",\"datePublished\":\"2018-11-19T02:00:00+00:00\",\"dateModified\":\"2021-05-26T13:31:42+00:00\",\"mainEntityOfPage\":{\"@id\":\"https:\/\/www.sindmoveis.com.br\/es\/movelsul-brasil-2020-vai-trazer-400-lojistas-do-brasil-e-exterior-para-negociacoes-com-os-expositores\/\"},\"wordCount\":439,\"image\":{\"@id\":\"https:\/\/www.sindmoveis.com.br\/es\/movelsul-brasil-2020-vai-trazer-400-lojistas-do-brasil-e-exterior-para-negociacoes-com-os-expositores\/#primaryimage\"},\"thumbnailUrl\":\"https:\/\/www.sindmoveis.com.br\/es\/wp-content\/uploads\/2021\/05\/p1542646413.jpg\",\"articleSection\":[\"Movelsul\",\"Sindm\u00f3veis\"],\"inLanguage\":\"es\"},{\"@type\":\"WebPage\",\"@id\":\"https:\/\/www.sindmoveis.com.br\/es\/movelsul-brasil-2020-vai-trazer-400-lojistas-do-brasil-e-exterior-para-negociacoes-com-os-expositores\/\",\"url\":\"https:\/\/www.sindmoveis.com.br\/es\/movelsul-brasil-2020-vai-trazer-400-lojistas-do-brasil-e-exterior-para-negociacoes-com-os-expositores\/\",\"name\":\"Movelsul Brasil 2020 va a traer 400 revendedores de Brasil y exterior para negociaciones con los expositores - Sindm\u00f3veis-RS\",\"isPartOf\":{\"@id\":\"https:\/\/www.sindmoveis.com.br\/es\/#website\"},\"primaryImageOfPage\":{\"@id\":\"https:\/\/www.sindmoveis.com.br\/es\/movelsul-brasil-2020-vai-trazer-400-lojistas-do-brasil-e-exterior-para-negociacoes-com-os-expositores\/#primaryimage\"},\"image\":{\"@id\":\"https:\/\/www.sindmoveis.com.br\/es\/movelsul-brasil-2020-vai-trazer-400-lojistas-do-brasil-e-exterior-para-negociacoes-com-os-expositores\/#primaryimage\"},\"thumbnailUrl\":\"https:\/\/www.sindmoveis.com.br\/es\/wp-content\/uploads\/2021\/05\/p1542646413.jpg\",\"datePublished\":\"2018-11-19T02:00:00+00:00\",\"dateModified\":\"2021-05-26T13:31:42+00:00\",\"author\":{\"@id\":\"https:\/\/www.sindmoveis.com.br\/es\/#\/schema\/person\/16d379542db1950a17fe188179340d57\"},\"inLanguage\":\"es\",\"potentialAction\":[{\"@type\":\"ReadAction\",\"target\":[\"https:\/\/www.sindmoveis.com.br\/es\/movelsul-brasil-2020-vai-trazer-400-lojistas-do-brasil-e-exterior-para-negociacoes-com-os-expositores\/\"]}]},{\"@type\":\"ImageObject\",\"inLanguage\":\"es\",\"@id\":\"https:\/\/www.sindmoveis.com.br\/es\/movelsul-brasil-2020-vai-trazer-400-lojistas-do-brasil-e-exterior-para-negociacoes-com-os-expositores\/#primaryimage\",\"url\":\"https:\/\/www.sindmoveis.com.br\/es\/wp-content\/uploads\/2021\/05\/p1542646413.jpg\",\"contentUrl\":\"https:\/\/www.sindmoveis.com.br\/es\/wp-content\/uploads\/2021\/05\/p1542646413.jpg\",\"width\":1575,\"height\":1065},{\"@type\":\"WebSite\",\"@id\":\"https:\/\/www.sindmoveis.com.br\/es\/#website\",\"url\":\"https:\/\/www.sindmoveis.com.br\/es\/\",\"name\":\"Sindm\u00f3veis-RS\",\"description\":\"\",\"potentialAction\":[{\"@type\":\"SearchAction\",\"target\":{\"@type\":\"EntryPoint\",\"urlTemplate\":\"https:\/\/www.sindmoveis.com.br\/es\/?s={search_term_string}\"},\"query-input\":{\"@type\":\"PropertyValueSpecification\",\"valueRequired\":true,\"valueName\":\"search_term_string\"}}],\"inLanguage\":\"es\"},{\"@type\":\"Person\",\"@id\":\"https:\/\/www.sindmoveis.com.br\/es\/#\/schema\/person\/16d379542db1950a17fe188179340d57\",\"name\":\"Imprensa Sindm\u00f3veis\",\"image\":{\"@type\":\"ImageObject\",\"inLanguage\":\"es\",\"@id\":\"https:\/\/www.sindmoveis.com.br\/es\/#\/schema\/person\/image\/\",\"url\":\"https:\/\/secure.gravatar.com\/avatar\/4973e2e2c2a0cb5db30b0c7b770041b8e33d048a16b695a1f99c042449d4bfaf?s=96&d=mm&r=g\",\"contentUrl\":\"https:\/\/secure.gravatar.com\/avatar\/4973e2e2c2a0cb5db30b0c7b770041b8e33d048a16b695a1f99c042449d4bfaf?s=96&d=mm&r=g\",\"caption\":\"Imprensa Sindm\u00f3veis\"},\"url\":\"https:\/\/www.sindmoveis.com.br\/es\/author\/ana\/\"}]}<\/script>\n<!-- \/ Yoast SEO plugin. -->","yoast_head_json":{"title":"Movelsul Brasil 2020 va a traer 400 revendedores de Brasil y exterior para negociaciones con los expositores - Sindm\u00f3veis-RS","robots":{"index":"index","follow":"follow","max-snippet":"max-snippet:-1","max-image-preview":"max-image-preview:large","max-video-preview":"max-video-preview:-1"},"canonical":"https:\/\/www.sindmoveis.com.br\/es\/movelsul-brasil-2020-vai-trazer-400-lojistas-do-brasil-e-exterior-para-negociacoes-com-os-expositores\/","og_locale":"es_ES","og_type":"article","og_title":"Movelsul Brasil 2020 va a traer 400 revendedores de Brasil y exterior para negociaciones con los expositores - Sindm\u00f3veis-RS","og_description":"Feria fomenta a realizaci\u00f3n de negocios trayendo 300 revendedores nacionales y 100 importadores de mercados de inter\u00e9s para la industria de muebles de Brasil","og_url":"https:\/\/www.sindmoveis.com.br\/es\/movelsul-brasil-2020-vai-trazer-400-lojistas-do-brasil-e-exterior-para-negociacoes-com-os-expositores\/","og_site_name":"Sindm\u00f3veis-RS","article_published_time":"2018-11-19T02:00:00+00:00","article_modified_time":"2021-05-26T13:31:42+00:00","og_image":[{"width":1575,"height":1065,"url":"https:\/\/www.sindmoveis.com.br\/es\/wp-content\/uploads\/2021\/05\/p1542646413.jpg","type":"image\/jpeg"}],"author":"Imprensa Sindm\u00f3veis","twitter_card":"summary_large_image","twitter_misc":{"Escrito por":"Imprensa Sindm\u00f3veis","Tiempo de lectura":"2 minutos"},"schema":{"@context":"https:\/\/schema.org","@graph":[{"@type":"Article","@id":"https:\/\/www.sindmoveis.com.br\/es\/movelsul-brasil-2020-vai-trazer-400-lojistas-do-brasil-e-exterior-para-negociacoes-com-os-expositores\/#article","isPartOf":{"@id":"https:\/\/www.sindmoveis.com.br\/es\/movelsul-brasil-2020-vai-trazer-400-lojistas-do-brasil-e-exterior-para-negociacoes-com-os-expositores\/"},"author":{"name":"Imprensa Sindm\u00f3veis","@id":"https:\/\/www.sindmoveis.com.br\/es\/#\/schema\/person\/16d379542db1950a17fe188179340d57"},"headline":"Movelsul Brasil 2020 va a traer 400 revendedores de Brasil y exterior para negociaciones con los expositores","datePublished":"2018-11-19T02:00:00+00:00","dateModified":"2021-05-26T13:31:42+00:00","mainEntityOfPage":{"@id":"https:\/\/www.sindmoveis.com.br\/es\/movelsul-brasil-2020-vai-trazer-400-lojistas-do-brasil-e-exterior-para-negociacoes-com-os-expositores\/"},"wordCount":439,"image":{"@id":"https:\/\/www.sindmoveis.com.br\/es\/movelsul-brasil-2020-vai-trazer-400-lojistas-do-brasil-e-exterior-para-negociacoes-com-os-expositores\/#primaryimage"},"thumbnailUrl":"https:\/\/www.sindmoveis.com.br\/es\/wp-content\/uploads\/2021\/05\/p1542646413.jpg","articleSection":["Movelsul","Sindm\u00f3veis"],"inLanguage":"es"},{"@type":"WebPage","@id":"https:\/\/www.sindmoveis.com.br\/es\/movelsul-brasil-2020-vai-trazer-400-lojistas-do-brasil-e-exterior-para-negociacoes-com-os-expositores\/","url":"https:\/\/www.sindmoveis.com.br\/es\/movelsul-brasil-2020-vai-trazer-400-lojistas-do-brasil-e-exterior-para-negociacoes-com-os-expositores\/","name":"Movelsul Brasil 2020 va a traer 400 revendedores de Brasil y exterior para negociaciones con los expositores - Sindm\u00f3veis-RS","isPartOf":{"@id":"https:\/\/www.sindmoveis.com.br\/es\/#website"},"primaryImageOfPage":{"@id":"https:\/\/www.sindmoveis.com.br\/es\/movelsul-brasil-2020-vai-trazer-400-lojistas-do-brasil-e-exterior-para-negociacoes-com-os-expositores\/#primaryimage"},"image":{"@id":"https:\/\/www.sindmoveis.com.br\/es\/movelsul-brasil-2020-vai-trazer-400-lojistas-do-brasil-e-exterior-para-negociacoes-com-os-expositores\/#primaryimage"},"thumbnailUrl":"https:\/\/www.sindmoveis.com.br\/es\/wp-content\/uploads\/2021\/05\/p1542646413.jpg","datePublished":"2018-11-19T02:00:00+00:00","dateModified":"2021-05-26T13:31:42+00:00","author":{"@id":"https:\/\/www.sindmoveis.com.br\/es\/#\/schema\/person\/16d379542db1950a17fe188179340d57"},"inLanguage":"es","potentialAction":[{"@type":"ReadAction","target":["https:\/\/www.sindmoveis.com.br\/es\/movelsul-brasil-2020-vai-trazer-400-lojistas-do-brasil-e-exterior-para-negociacoes-com-os-expositores\/"]}]},{"@type":"ImageObject","inLanguage":"es","@id":"https:\/\/www.sindmoveis.com.br\/es\/movelsul-brasil-2020-vai-trazer-400-lojistas-do-brasil-e-exterior-para-negociacoes-com-os-expositores\/#primaryimage","url":"https:\/\/www.sindmoveis.com.br\/es\/wp-content\/uploads\/2021\/05\/p1542646413.jpg","contentUrl":"https:\/\/www.sindmoveis.com.br\/es\/wp-content\/uploads\/2021\/05\/p1542646413.jpg","width":1575,"height":1065},{"@type":"WebSite","@id":"https:\/\/www.sindmoveis.com.br\/es\/#website","url":"https:\/\/www.sindmoveis.com.br\/es\/","name":"Sindm\u00f3veis-RS","description":"","potentialAction":[{"@type":"SearchAction","target":{"@type":"EntryPoint","urlTemplate":"https:\/\/www.sindmoveis.com.br\/es\/?s={search_term_string}"},"query-input":{"@type":"PropertyValueSpecification","valueRequired":true,"valueName":"search_term_string"}}],"inLanguage":"es"},{"@type":"Person","@id":"https:\/\/www.sindmoveis.com.br\/es\/#\/schema\/person\/16d379542db1950a17fe188179340d57","name":"Imprensa Sindm\u00f3veis","image":{"@type":"ImageObject","inLanguage":"es","@id":"https:\/\/www.sindmoveis.com.br\/es\/#\/schema\/person\/image\/","url":"https:\/\/secure.gravatar.com\/avatar\/4973e2e2c2a0cb5db30b0c7b770041b8e33d048a16b695a1f99c042449d4bfaf?s=96&d=mm&r=g","contentUrl":"https:\/\/secure.gravatar.com\/avatar\/4973e2e2c2a0cb5db30b0c7b770041b8e33d048a16b695a1f99c042449d4bfaf?s=96&d=mm&r=g","caption":"Imprensa Sindm\u00f3veis"},"url":"https:\/\/www.sindmoveis.com.br\/es\/author\/ana\/"}]}},"_links":{"self":[{"href":"https:\/\/www.sindmoveis.com.br\/es\/wp-json\/wp\/v2\/posts\/1405","targetHints":{"allow":["GET"]}}],"collection":[{"href":"https:\/\/www.sindmoveis.com.br\/es\/wp-json\/wp\/v2\/posts"}],"about":[{"href":"https:\/\/www.sindmoveis.com.br\/es\/wp-json\/wp\/v2\/types\/post"}],"author":[{"embeddable":true,"href":"https:\/\/www.sindmoveis.com.br\/es\/wp-json\/wp\/v2\/users\/5"}],"replies":[{"embeddable":true,"href":"https:\/\/www.sindmoveis.com.br\/es\/wp-json\/wp\/v2\/comments?post=1405"}],"version-history":[{"count":2,"href":"https:\/\/www.sindmoveis.com.br\/es\/wp-json\/wp\/v2\/posts\/1405\/revisions"}],"predecessor-version":[{"id":3706,"href":"https:\/\/www.sindmoveis.com.br\/es\/wp-json\/wp\/v2\/posts\/1405\/revisions\/3706"}],"wp:featuredmedia":[{"embeddable":true,"href":"https:\/\/www.sindmoveis.com.br\/es\/wp-json\/wp\/v2\/media\/3707"}],"wp:attachment":[{"href":"https:\/\/www.sindmoveis.com.br\/es\/wp-json\/wp\/v2\/media?parent=1405"}],"wp:term":[{"taxonomy":"category","embeddable":true,"href":"https:\/\/www.sindmoveis.com.br\/es\/wp-json\/wp\/v2\/categories?post=1405"},{"taxonomy":"post_tag","embeddable":true,"href":"https:\/\/www.sindmoveis.com.br\/es\/wp-json\/wp\/v2\/tags?post=1405"}],"curies":[{"name":"wp","href":"https:\/\/api.w.org\/{rel}","templated":true}]}}