{"id":1399,"date":"2018-10-15T00:00:00","date_gmt":"2018-10-15T03:00:00","guid":{"rendered":"http:\/\/sindmoveis.com.br\/imprensa\/noticias\/sindmoveis-prepara-a-movelsul-brasil-2020\/"},"modified":"2021-05-26T10:31:42","modified_gmt":"2021-05-26T13:31:42","slug":"sindmoveis-prepara-a-movelsul-brasil-2020","status":"publish","type":"post","link":"https:\/\/www.sindmoveis.com.br\/es\/sindmoveis-prepara-a-movelsul-brasil-2020\/","title":{"rendered":"Sindm\u00f3veis prepara Movelsul Brasil 2020"},"content":{"rendered":"<p>El Sindicato de las Industrias del Mobiliario de Bento Gon&ccedil;alves (Sindm&oacute;veis) ya prepara la 22&ordf; edici&oacute;n de Movelsul Brasuil &ndash; feria de muebles y complementos para el revendedor e importador, a ser realizada de 16 a 19 de marzo de 2020, en el Parque de Eventos de Bento Gon&ccedil;alves. Hasta este mes de octubre, la feria ya tiene 40% de su &aacute;rea &uacute;til comercializada. Con una agenda intensa de proyectos paralelos y m&aacute;s de 200 expositores esperados, Movelsul Brasil demanda un largo periodo de planificaci&oacute;n, lo que garantiza un ambiente positivo de negocios y posicionamiento para la industria de muebles.<\/p>\n<p>El presidente de Sindm&oacute;veis, Edson Pelicioli destaca que ser&aacute; m&aacute;s una edici&oacute;n desafiadora para Movelsul Brasil, que por su car&aacute;cter consolidado, tiene compromiso todav&iacute;a m&aacute;s fuerte con quienes de ella participan. La &uacute;ltima edici&oacute;n de la feria, en marzo de ese a&ntilde;o, tuvo la visita de 30.284 profesionales vinculados al sector, provenientes de 33 pa&iacute;ses. &ldquo;Seguimos trabajando por el fortalecimiento de la cadena del mobiliario como un todo y confiamos en el potencial de Movelsul Brasil como estrategia de ventas y posicionamiento&rdquo;, resalta.<\/p>\n<p>Hasta el fin de este a&ntilde;o, el equipo comercial seguir&aacute; contactando expositores y empresas para la renovaci&oacute;n y definici&oacute;n de &aacute;reas. Promovida por Sndm&oacute;veis Bento Gon&ccedil;alves desde 1977, Movelsul Brasil es la mayor plataforma de negocios de Am&eacute;rica Latina para el sector del mobiliario, logrando un ambiente de ventas e incremento de imagen para la industria de muebles, decoraci&oacute;n y complementos.<\/p>\n<p>Adem&aacute;s del p&uacute;blico calificado de revendedores y especificadores brasile&ntilde;os, Movelsul Brasil tiene un fuerte posicionamiento internacional en los mercados de inter&eacute;s para la industria brasile&ntilde;a de muebles. La promoci&oacute;n de contenido correlato al sector seguir&aacute; en 2020, con la segunda edici&oacute;n del Foro Movelsul. Otros proyectos de la feria son el Premio Sal&atilde;o Design, Proyecto Comprador Internacional y Proyecto Ventas al por menor<\/p>\n<p><strong>M&aacute;s sobre a Movelsul Brasil<\/strong><\/p>\n<p>En su historia, Movelsul Brasil ya ha tenido m&aacute;s de 1.700 empresas expositoras. La primera edici&oacute;n de la feria ocurri&oacute; en 1977, a&ntilde;o en que el sector del mobiliario se consolid&oacute; como actividad l&iacute;der en la econom&iacute;a de Bento Gon&ccedil;alves. La 1&ordf; Muestra del Mobiliario de Bento Gon&ccedil;alves reuni&oacute; 24 fabricantes de muebles de la ciudad. A partir de 1988, la feria pasa a ser denominada Movelsul ya con m&aacute;s de 100 expositores. Aquel a&ntilde;o qued&oacute; marcado tambi&eacute;n por la primera edici&oacute;n del Premio Sal&atilde;o Design. La feria es realizada a cada dos a&ntilde;os, reuniendo los segmentos de oficina, cocina, dormitorios, lavadero\/&aacute;rea de servicio, ba&ntilde;o, muebles para jard&iacute;n, electrodom&eacute;sticos, juegos de comedor, comedores de diario, salas de estar, alfombras, muebles tapizados y colchones.<\/p>\n<p>&nbsp;<\/p>\n<p><strong>Movelsul Brasil 2020<\/strong><\/p>\n<p>&nbsp;<\/p>\n<p><strong>Feria de Muebles y complementos para el revendedor y especificador<\/strong><\/p>\n<p>&nbsp;<\/p>\n<p><strong>Cu&aacute;ndo<\/strong>: 16 a 19 de marzo de 2020, de las 12 a las&nbsp;20h<\/p>\n<p><strong>D&oacute;nde<\/strong>: Parque de Eventos de Bento Gon&ccedil;alves (Alameda Fenavinho, 481)<\/p>\n<p>Entrada gratuita mediante acreditaci&oacute;n. Abierta apenas al p&uacute;blico profesional (revendedores, representantes, arquitectos, dise&ntilde;adores, decoradores, importadores, profesionales de la construcci&oacute;n civil y prensa)<\/p>\n<p>&nbsp;<\/p>\n<p><strong>Para m&aacute;s informaciones:<\/strong><\/p>\n<p>&nbsp;<\/p>\n<p><a href=\"http:\/\/www.movelsul.com.br\/\">www.movelsul.com.br<\/a><\/p>\n<p><a href=\"http:\/\/www.facebook.com\/movelsul.brasil\">www.facebook.com\/movelsul.brasil<\/a><\/p>\n<p><a href=\"http:\/\/www.instagram.com\/movelsulbrasil\">www.instagram.com\/movelsulbrasil<\/a><\/p>\n","protected":false},"excerpt":{"rendered":"<p>Mayor feria de negocios da Am\u00e9rica Latina para el sector del mobiliario ya tiene 40% de los espacios comercializados<\/p>\n","protected":false},"author":5,"featured_media":3705,"comment_status":"closed","ping_status":"open","sticky":false,"template":"","format":"standard","meta":{"footnotes":"","_links_to":"","_links_to_target":""},"categories":[23,2],"tags":[],"class_list":["post-1399","post","type-post","status-publish","format-standard","has-post-thumbnail","hentry","category-movelsul","category-sindmoveis"],"yoast_head":"<!-- This site is optimized with the Yoast SEO plugin v27.0 - https:\/\/yoast.com\/product\/yoast-seo-wordpress\/ -->\n<title>Sindm\u00f3veis prepara Movelsul Brasil 2020 - Sindm\u00f3veis-RS<\/title>\n<meta name=\"robots\" content=\"index, follow, max-snippet:-1, max-image-preview:large, max-video-preview:-1\" \/>\n<link rel=\"canonical\" href=\"https:\/\/www.sindmoveis.com.br\/es\/sindmoveis-prepara-a-movelsul-brasil-2020\/\" \/>\n<meta property=\"og:locale\" content=\"es_ES\" \/>\n<meta property=\"og:type\" content=\"article\" \/>\n<meta property=\"og:title\" content=\"Sindm\u00f3veis prepara Movelsul Brasil 2020 - Sindm\u00f3veis-RS\" \/>\n<meta property=\"og:description\" content=\"Mayor feria de negocios da Am\u00e9rica Latina para el sector del mobiliario ya tiene 40% de los espacios comercializados\" \/>\n<meta property=\"og:url\" content=\"https:\/\/www.sindmoveis.com.br\/es\/sindmoveis-prepara-a-movelsul-brasil-2020\/\" \/>\n<meta property=\"og:site_name\" content=\"Sindm\u00f3veis-RS\" \/>\n<meta property=\"article:published_time\" content=\"2018-10-15T03:00:00+00:00\" \/>\n<meta property=\"article:modified_time\" content=\"2021-05-26T13:31:42+00:00\" \/>\n<meta property=\"og:image\" content=\"https:\/\/www.sindmoveis.com.br\/es\/wp-content\/uploads\/2021\/05\/p1539608875.jpg\" \/>\n\t<meta property=\"og:image:width\" content=\"1181\" \/>\n\t<meta property=\"og:image:height\" content=\"787\" \/>\n\t<meta property=\"og:image:type\" content=\"image\/jpeg\" \/>\n<meta name=\"author\" content=\"Imprensa Sindm\u00f3veis\" \/>\n<meta name=\"twitter:card\" content=\"summary_large_image\" \/>\n<meta name=\"twitter:label1\" content=\"Escrito por\" \/>\n\t<meta name=\"twitter:data1\" content=\"Imprensa Sindm\u00f3veis\" \/>\n\t<meta name=\"twitter:label2\" content=\"Tiempo de lectura\" \/>\n\t<meta name=\"twitter:data2\" content=\"3 minutos\" \/>\n<script type=\"application\/ld+json\" class=\"yoast-schema-graph\">{\"@context\":\"https:\/\/schema.org\",\"@graph\":[{\"@type\":\"Article\",\"@id\":\"https:\/\/www.sindmoveis.com.br\/es\/sindmoveis-prepara-a-movelsul-brasil-2020\/#article\",\"isPartOf\":{\"@id\":\"https:\/\/www.sindmoveis.com.br\/es\/sindmoveis-prepara-a-movelsul-brasil-2020\/\"},\"author\":{\"name\":\"Imprensa Sindm\u00f3veis\",\"@id\":\"https:\/\/www.sindmoveis.com.br\/es\/#\/schema\/person\/16d379542db1950a17fe188179340d57\"},\"headline\":\"Sindm\u00f3veis prepara Movelsul Brasil 2020\",\"datePublished\":\"2018-10-15T03:00:00+00:00\",\"dateModified\":\"2021-05-26T13:31:42+00:00\",\"mainEntityOfPage\":{\"@id\":\"https:\/\/www.sindmoveis.com.br\/es\/sindmoveis-prepara-a-movelsul-brasil-2020\/\"},\"wordCount\":626,\"image\":{\"@id\":\"https:\/\/www.sindmoveis.com.br\/es\/sindmoveis-prepara-a-movelsul-brasil-2020\/#primaryimage\"},\"thumbnailUrl\":\"https:\/\/www.sindmoveis.com.br\/es\/wp-content\/uploads\/2021\/05\/p1539608875.jpg\",\"articleSection\":[\"Movelsul\",\"Sindm\u00f3veis\"],\"inLanguage\":\"es\"},{\"@type\":\"WebPage\",\"@id\":\"https:\/\/www.sindmoveis.com.br\/es\/sindmoveis-prepara-a-movelsul-brasil-2020\/\",\"url\":\"https:\/\/www.sindmoveis.com.br\/es\/sindmoveis-prepara-a-movelsul-brasil-2020\/\",\"name\":\"Sindm\u00f3veis prepara Movelsul Brasil 2020 - Sindm\u00f3veis-RS\",\"isPartOf\":{\"@id\":\"https:\/\/www.sindmoveis.com.br\/es\/#website\"},\"primaryImageOfPage\":{\"@id\":\"https:\/\/www.sindmoveis.com.br\/es\/sindmoveis-prepara-a-movelsul-brasil-2020\/#primaryimage\"},\"image\":{\"@id\":\"https:\/\/www.sindmoveis.com.br\/es\/sindmoveis-prepara-a-movelsul-brasil-2020\/#primaryimage\"},\"thumbnailUrl\":\"https:\/\/www.sindmoveis.com.br\/es\/wp-content\/uploads\/2021\/05\/p1539608875.jpg\",\"datePublished\":\"2018-10-15T03:00:00+00:00\",\"dateModified\":\"2021-05-26T13:31:42+00:00\",\"author\":{\"@id\":\"https:\/\/www.sindmoveis.com.br\/es\/#\/schema\/person\/16d379542db1950a17fe188179340d57\"},\"inLanguage\":\"es\",\"potentialAction\":[{\"@type\":\"ReadAction\",\"target\":[\"https:\/\/www.sindmoveis.com.br\/es\/sindmoveis-prepara-a-movelsul-brasil-2020\/\"]}]},{\"@type\":\"ImageObject\",\"inLanguage\":\"es\",\"@id\":\"https:\/\/www.sindmoveis.com.br\/es\/sindmoveis-prepara-a-movelsul-brasil-2020\/#primaryimage\",\"url\":\"https:\/\/www.sindmoveis.com.br\/es\/wp-content\/uploads\/2021\/05\/p1539608875.jpg\",\"contentUrl\":\"https:\/\/www.sindmoveis.com.br\/es\/wp-content\/uploads\/2021\/05\/p1539608875.jpg\",\"width\":1181,\"height\":787},{\"@type\":\"WebSite\",\"@id\":\"https:\/\/www.sindmoveis.com.br\/es\/#website\",\"url\":\"https:\/\/www.sindmoveis.com.br\/es\/\",\"name\":\"Sindm\u00f3veis-RS\",\"description\":\"\",\"potentialAction\":[{\"@type\":\"SearchAction\",\"target\":{\"@type\":\"EntryPoint\",\"urlTemplate\":\"https:\/\/www.sindmoveis.com.br\/es\/?s={search_term_string}\"},\"query-input\":{\"@type\":\"PropertyValueSpecification\",\"valueRequired\":true,\"valueName\":\"search_term_string\"}}],\"inLanguage\":\"es\"},{\"@type\":\"Person\",\"@id\":\"https:\/\/www.sindmoveis.com.br\/es\/#\/schema\/person\/16d379542db1950a17fe188179340d57\",\"name\":\"Imprensa Sindm\u00f3veis\",\"image\":{\"@type\":\"ImageObject\",\"inLanguage\":\"es\",\"@id\":\"https:\/\/www.sindmoveis.com.br\/es\/#\/schema\/person\/image\/\",\"url\":\"https:\/\/secure.gravatar.com\/avatar\/4973e2e2c2a0cb5db30b0c7b770041b8e33d048a16b695a1f99c042449d4bfaf?s=96&d=mm&r=g\",\"contentUrl\":\"https:\/\/secure.gravatar.com\/avatar\/4973e2e2c2a0cb5db30b0c7b770041b8e33d048a16b695a1f99c042449d4bfaf?s=96&d=mm&r=g\",\"caption\":\"Imprensa Sindm\u00f3veis\"},\"url\":\"https:\/\/www.sindmoveis.com.br\/es\/author\/ana\/\"}]}<\/script>\n<!-- \/ Yoast SEO plugin. -->","yoast_head_json":{"title":"Sindm\u00f3veis prepara Movelsul Brasil 2020 - Sindm\u00f3veis-RS","robots":{"index":"index","follow":"follow","max-snippet":"max-snippet:-1","max-image-preview":"max-image-preview:large","max-video-preview":"max-video-preview:-1"},"canonical":"https:\/\/www.sindmoveis.com.br\/es\/sindmoveis-prepara-a-movelsul-brasil-2020\/","og_locale":"es_ES","og_type":"article","og_title":"Sindm\u00f3veis prepara Movelsul Brasil 2020 - Sindm\u00f3veis-RS","og_description":"Mayor feria de negocios da Am\u00e9rica Latina para el sector del mobiliario ya tiene 40% de los espacios comercializados","og_url":"https:\/\/www.sindmoveis.com.br\/es\/sindmoveis-prepara-a-movelsul-brasil-2020\/","og_site_name":"Sindm\u00f3veis-RS","article_published_time":"2018-10-15T03:00:00+00:00","article_modified_time":"2021-05-26T13:31:42+00:00","og_image":[{"width":1181,"height":787,"url":"https:\/\/www.sindmoveis.com.br\/es\/wp-content\/uploads\/2021\/05\/p1539608875.jpg","type":"image\/jpeg"}],"author":"Imprensa Sindm\u00f3veis","twitter_card":"summary_large_image","twitter_misc":{"Escrito por":"Imprensa Sindm\u00f3veis","Tiempo de lectura":"3 minutos"},"schema":{"@context":"https:\/\/schema.org","@graph":[{"@type":"Article","@id":"https:\/\/www.sindmoveis.com.br\/es\/sindmoveis-prepara-a-movelsul-brasil-2020\/#article","isPartOf":{"@id":"https:\/\/www.sindmoveis.com.br\/es\/sindmoveis-prepara-a-movelsul-brasil-2020\/"},"author":{"name":"Imprensa Sindm\u00f3veis","@id":"https:\/\/www.sindmoveis.com.br\/es\/#\/schema\/person\/16d379542db1950a17fe188179340d57"},"headline":"Sindm\u00f3veis prepara Movelsul Brasil 2020","datePublished":"2018-10-15T03:00:00+00:00","dateModified":"2021-05-26T13:31:42+00:00","mainEntityOfPage":{"@id":"https:\/\/www.sindmoveis.com.br\/es\/sindmoveis-prepara-a-movelsul-brasil-2020\/"},"wordCount":626,"image":{"@id":"https:\/\/www.sindmoveis.com.br\/es\/sindmoveis-prepara-a-movelsul-brasil-2020\/#primaryimage"},"thumbnailUrl":"https:\/\/www.sindmoveis.com.br\/es\/wp-content\/uploads\/2021\/05\/p1539608875.jpg","articleSection":["Movelsul","Sindm\u00f3veis"],"inLanguage":"es"},{"@type":"WebPage","@id":"https:\/\/www.sindmoveis.com.br\/es\/sindmoveis-prepara-a-movelsul-brasil-2020\/","url":"https:\/\/www.sindmoveis.com.br\/es\/sindmoveis-prepara-a-movelsul-brasil-2020\/","name":"Sindm\u00f3veis prepara Movelsul Brasil 2020 - Sindm\u00f3veis-RS","isPartOf":{"@id":"https:\/\/www.sindmoveis.com.br\/es\/#website"},"primaryImageOfPage":{"@id":"https:\/\/www.sindmoveis.com.br\/es\/sindmoveis-prepara-a-movelsul-brasil-2020\/#primaryimage"},"image":{"@id":"https:\/\/www.sindmoveis.com.br\/es\/sindmoveis-prepara-a-movelsul-brasil-2020\/#primaryimage"},"thumbnailUrl":"https:\/\/www.sindmoveis.com.br\/es\/wp-content\/uploads\/2021\/05\/p1539608875.jpg","datePublished":"2018-10-15T03:00:00+00:00","dateModified":"2021-05-26T13:31:42+00:00","author":{"@id":"https:\/\/www.sindmoveis.com.br\/es\/#\/schema\/person\/16d379542db1950a17fe188179340d57"},"inLanguage":"es","potentialAction":[{"@type":"ReadAction","target":["https:\/\/www.sindmoveis.com.br\/es\/sindmoveis-prepara-a-movelsul-brasil-2020\/"]}]},{"@type":"ImageObject","inLanguage":"es","@id":"https:\/\/www.sindmoveis.com.br\/es\/sindmoveis-prepara-a-movelsul-brasil-2020\/#primaryimage","url":"https:\/\/www.sindmoveis.com.br\/es\/wp-content\/uploads\/2021\/05\/p1539608875.jpg","contentUrl":"https:\/\/www.sindmoveis.com.br\/es\/wp-content\/uploads\/2021\/05\/p1539608875.jpg","width":1181,"height":787},{"@type":"WebSite","@id":"https:\/\/www.sindmoveis.com.br\/es\/#website","url":"https:\/\/www.sindmoveis.com.br\/es\/","name":"Sindm\u00f3veis-RS","description":"","potentialAction":[{"@type":"SearchAction","target":{"@type":"EntryPoint","urlTemplate":"https:\/\/www.sindmoveis.com.br\/es\/?s={search_term_string}"},"query-input":{"@type":"PropertyValueSpecification","valueRequired":true,"valueName":"search_term_string"}}],"inLanguage":"es"},{"@type":"Person","@id":"https:\/\/www.sindmoveis.com.br\/es\/#\/schema\/person\/16d379542db1950a17fe188179340d57","name":"Imprensa Sindm\u00f3veis","image":{"@type":"ImageObject","inLanguage":"es","@id":"https:\/\/www.sindmoveis.com.br\/es\/#\/schema\/person\/image\/","url":"https:\/\/secure.gravatar.com\/avatar\/4973e2e2c2a0cb5db30b0c7b770041b8e33d048a16b695a1f99c042449d4bfaf?s=96&d=mm&r=g","contentUrl":"https:\/\/secure.gravatar.com\/avatar\/4973e2e2c2a0cb5db30b0c7b770041b8e33d048a16b695a1f99c042449d4bfaf?s=96&d=mm&r=g","caption":"Imprensa Sindm\u00f3veis"},"url":"https:\/\/www.sindmoveis.com.br\/es\/author\/ana\/"}]}},"_links":{"self":[{"href":"https:\/\/www.sindmoveis.com.br\/es\/wp-json\/wp\/v2\/posts\/1399","targetHints":{"allow":["GET"]}}],"collection":[{"href":"https:\/\/www.sindmoveis.com.br\/es\/wp-json\/wp\/v2\/posts"}],"about":[{"href":"https:\/\/www.sindmoveis.com.br\/es\/wp-json\/wp\/v2\/types\/post"}],"author":[{"embeddable":true,"href":"https:\/\/www.sindmoveis.com.br\/es\/wp-json\/wp\/v2\/users\/5"}],"replies":[{"embeddable":true,"href":"https:\/\/www.sindmoveis.com.br\/es\/wp-json\/wp\/v2\/comments?post=1399"}],"version-history":[{"count":2,"href":"https:\/\/www.sindmoveis.com.br\/es\/wp-json\/wp\/v2\/posts\/1399\/revisions"}],"predecessor-version":[{"id":3704,"href":"https:\/\/www.sindmoveis.com.br\/es\/wp-json\/wp\/v2\/posts\/1399\/revisions\/3704"}],"wp:featuredmedia":[{"embeddable":true,"href":"https:\/\/www.sindmoveis.com.br\/es\/wp-json\/wp\/v2\/media\/3705"}],"wp:attachment":[{"href":"https:\/\/www.sindmoveis.com.br\/es\/wp-json\/wp\/v2\/media?parent=1399"}],"wp:term":[{"taxonomy":"category","embeddable":true,"href":"https:\/\/www.sindmoveis.com.br\/es\/wp-json\/wp\/v2\/categories?post=1399"},{"taxonomy":"post_tag","embeddable":true,"href":"https:\/\/www.sindmoveis.com.br\/es\/wp-json\/wp\/v2\/tags?post=1399"}],"curies":[{"name":"wp","href":"https:\/\/api.w.org\/{rel}","templated":true}]}}