{"id":1394,"date":"2018-09-12T00:00:00","date_gmt":"2018-09-12T03:00:00","guid":{"rendered":"http:\/\/sindmoveis.com.br\/imprensa\/noticias\/projeto-raiz-leva-mostra-de-designers-brasileiros-a-londres\/"},"modified":"2021-05-26T10:29:06","modified_gmt":"2021-05-26T13:29:06","slug":"projeto-raiz-leva-mostra-de-designers-brasileiros-a-londres","status":"publish","type":"post","link":"https:\/\/www.sindmoveis.com.br\/es\/projeto-raiz-leva-mostra-de-designers-brasileiros-a-londres\/","title":{"rendered":"Proyecto Ra\u00edz lleva muestra de dise\u00f1adores brasile\u00f1os a Londres"},"content":{"rendered":"<p>En septiembre, los dise&ntilde;adores brasile&ntilde;os apoyados por el Proyecto Ra&iacute;z de incentivo a la internacionalizaci&oacute;n &ndash; promovido por el Sindicato de las Industrias del Mobiliario de Bento Gon&ccedil;alves (Sindm&oacute;veis) y por la Agencia Brasile&ntilde;a de Promoci&oacute;n de Exportaciones e Inversiones (Apex-Brasil) &ndash; participan de m&aacute;s una muestra itinerante en embajadas brasile&ntilde;as por el mundo. En esta ocasi&oacute;n, las 28 piezas de mobiliario firmadas por dise&ntilde;adores brasile&ntilde;os podr&aacute;n ser vistas en Londres, de 18 a 30 de septiembre de 2018. El conjunto de piezas escogidas destaca los principales atributos del dise&ntilde;o nacional: creatividad, innovaci&oacute;n y sostenibilidad.<\/p>\n<p>La idea de la muestra, que corre paralela a la Semana de Dise&ntilde;o de Londres, es llevar al mundo las m&uacute;ltiples caracter&iacute;sticas que componen el dise&ntilde;o brasile&ntilde;o y posicionar la industria del mobiliario por medio de la proyecci&oacute;n de los dise&ntilde;adores de este segmento. Las piezas participantes son firmadas por los estudios Alessandra Delgado, Andrea Macruz, Aristeu Pires, Carol Gay, Daniela Ziegler Design, estudiobola, Faro Design\/Ilse Lang, Gisela Simas, Gustavo Martini, &Iacute;ndio da Costa Design, Jader Almeida, Larissa Batista, Lattoog, Leo Romano, Noemi Saga Atelier, Paulo Alves, Plataforma4, Quadrante Studio, Reboh Design, Renata Rubim Design &amp; Cores, Ricardo Rodrigues\/NDT Design, Roberta Rampazzo Design, Studio Marta Manente, Tora Brasil y Wagner Archela.<\/p>\n<p>En la apertura oficial, d&iacute;a 19 de septiembre, a las 17h, el Proyecto Ra&iacute;z promueve una charla sobre el panorama del dise&ntilde;o brasile&ntilde;o contada seg&uacute;n las historias&nbsp; de los dise&ntilde;adores Gustavo Martini, Roberta Rampazzo y Aristeu Pires. El gran mestizaje del pa&iacute;s y la decurrente variedad de culturas son traducidos en esta exposici&oacute;n como una invitaci&oacute;n para observar el modo de sentar del brasile&ntilde;o por las v&iacute;as de la celebraci&oacute;n, trabajo, religi&oacute;n o reposo. La periodista e historiadora Ethel Leon contribuy&oacute; con una historia sobre el sentar del brasile&ntilde;o, que conduce la narrativa de la exposici&oacute;n.<\/p>\n<p>La evoluci&oacute;n de los trazos y las inspiraciones de los dise&ntilde;adores del pa&iacute;s son combinadas a las costumbres culturales y la variedad natural de Brasil, multiplicidad capaz de agregar caracter&iacute;sticas &uacute;nicas a los productos. Sobre tal punto tambi&eacute;n expuesto durante la muestra, Ethel comenta: <em>&ldquo;El mobiliario brasile&ntilde;o moderno nunca ignor&oacute; la producci&oacute;n de los grandes maestros internacionales y consolid&oacute; tradiciones propias, que se anclan, sobre todo, en el uso de los le&ntilde;os nativos, de diferentes densidades, colores y texturas. Una &nbsp;silla cuya base sea de madera maciza, si bien proyectada y fabricada, dura m&aacute;s de cien a&ntilde;os, tiempo suficiente para reponer la materia prima en escala&rdquo;<\/em>, comenta.<\/p>\n<p>La exposici&oacute;n &quot;<em>O Sentar do brasileiro<\/em>&quot; hace &nbsp;parte del circuito de muestras del Proyecto Ra&iacute;z iniciado en Mil&aacute;n con la participaci&oacute;n en la muestra <em>Be Brasil<\/em>, en el Fuorisalone. El Proyecto Ra&iacute;z estimula la participaci&oacute;n y el fortalecimiento de los dise&ntilde;adores brasile&ntilde;os en el exterior a trav&eacute;s de acciones estrat&eacute;gicas personalizadas y participaci&oacute;n en muestras como esta. Las muestras itinerantes cuentan con el apoyo&nbsp; de las embajadas brasile&ntilde;as\/Ministerio de las Relaciones Exteriores.<\/p>\n<p><strong>Sobre o Proyecto Ra&iacute;z<\/strong><\/p>\n<p>La cultura brasile&ntilde;a tiene reconocimiento internacional y el mobiliario autoral de Brasil siempre deja su marca en los principales circuitos de dise&ntilde;o del mundo .Esta es la percepci&oacute;n de Sindm&oacute;veis Bento Gon&ccedil;alves y Apex-Brasil que, a trav&eacute;s del Proyecto Ra&iacute;z (Raiz Project), estimula la generaci&oacute;n de negocios para los estudios de dise&ntilde;adores con madurez para actuar en el mercado internacional y con inter&eacute;s en los mercados norteamericano y europeo.<\/p>\n<p>Sindm&oacute;veis Bento Gon&ccedil;alves invierte y apuesta en el dise&ntilde;o como diferencial competitivo para el sector del mobiliario nacional desde 1988, con la creaci&oacute;n del Premio Sal&atilde;o Design. M&aacute;s tarde, en 2007, Sindm&oacute;veis cre&oacute; Casa Brasil, feria de mobiliario de complemento de alta categor&iacute;a que, a partir de 2016 pas&oacute; a ser realizada en S&atilde;o Paulo con nuevo nombre: High Design &ndash; Home &amp; Office Expo.<\/p>\n<p><strong>Exposici&oacute;n &ldquo;<em>O Sentar do Brasileiro&rdquo;<\/em> | Londres&nbsp;&nbsp;&nbsp;&nbsp;&nbsp;&nbsp;&nbsp;&nbsp;&nbsp; <\/strong><br \/>\n<strong><strong>Fecha<\/strong><\/strong>: 18 a 30 de septiembre, de las 10h a las 17h. Apertura oficial d&iacute;a 19 de septiembre, con conferencias a las 17h<br \/>\n<strong>Local<\/strong>: Embajada de Brasil Londres: 14-16 Cockspur Street, London SW1Y 5BL, United Kingdom.<\/p>\n<p><a href=\"http:\/\/www.raizproject.com\/\">www.raizproject.com<\/a>&nbsp;<\/p>\n<p><a href=\"http:\/\/www.facebook.com\/raizprojectoficial\">www.facebook.com\/raizprojectoficial<\/a><\/p>\n<p>@raizproject<\/p>\n","protected":false},"excerpt":{"rendered":"<p>Exposici\u00f3n va a reunir piezas de 25 dise\u00f1adores participantes del proyecto de incentivo a las exportaciones realizado por Sindm\u00f3veis y Apex-Brasil<\/p>\n","protected":false},"author":5,"featured_media":3701,"comment_status":"closed","ping_status":"open","sticky":false,"template":"","format":"standard","meta":{"footnotes":"","_links_to":"","_links_to_target":""},"categories":[24,2],"tags":[],"class_list":["post-1394","post","type-post","status-publish","format-standard","has-post-thumbnail","hentry","category-projeto-raiz","category-sindmoveis"],"yoast_head":"<!-- This site is optimized with the Yoast SEO plugin v27.0 - https:\/\/yoast.com\/product\/yoast-seo-wordpress\/ -->\n<title>Proyecto Ra\u00edz lleva muestra de dise\u00f1adores brasile\u00f1os a Londres - Sindm\u00f3veis-RS<\/title>\n<meta name=\"robots\" content=\"index, follow, max-snippet:-1, max-image-preview:large, max-video-preview:-1\" \/>\n<link rel=\"canonical\" href=\"https:\/\/www.sindmoveis.com.br\/es\/projeto-raiz-leva-mostra-de-designers-brasileiros-a-londres\/\" \/>\n<meta property=\"og:locale\" content=\"es_ES\" \/>\n<meta property=\"og:type\" content=\"article\" \/>\n<meta property=\"og:title\" content=\"Proyecto Ra\u00edz lleva muestra de dise\u00f1adores brasile\u00f1os a Londres - Sindm\u00f3veis-RS\" \/>\n<meta property=\"og:description\" content=\"Exposici\u00f3n va a reunir piezas de 25 dise\u00f1adores participantes del proyecto de incentivo a las exportaciones realizado por Sindm\u00f3veis y Apex-Brasil\" \/>\n<meta property=\"og:url\" content=\"https:\/\/www.sindmoveis.com.br\/es\/projeto-raiz-leva-mostra-de-designers-brasileiros-a-londres\/\" \/>\n<meta property=\"og:site_name\" content=\"Sindm\u00f3veis-RS\" \/>\n<meta property=\"article:published_time\" content=\"2018-09-12T03:00:00+00:00\" \/>\n<meta property=\"article:modified_time\" content=\"2021-05-26T13:29:06+00:00\" \/>\n<meta property=\"og:image\" content=\"https:\/\/www.sindmoveis.com.br\/es\/wp-content\/uploads\/2021\/05\/p1536783480.jpg\" \/>\n\t<meta property=\"og:image:width\" content=\"1500\" \/>\n\t<meta property=\"og:image:height\" content=\"1000\" \/>\n\t<meta property=\"og:image:type\" content=\"image\/jpeg\" \/>\n<meta name=\"author\" content=\"Imprensa Sindm\u00f3veis\" \/>\n<meta name=\"twitter:card\" content=\"summary_large_image\" \/>\n<meta name=\"twitter:label1\" content=\"Escrito por\" \/>\n\t<meta name=\"twitter:data1\" content=\"Imprensa Sindm\u00f3veis\" \/>\n\t<meta name=\"twitter:label2\" content=\"Tiempo de lectura\" \/>\n\t<meta name=\"twitter:data2\" content=\"4 minutos\" \/>\n<script type=\"application\/ld+json\" class=\"yoast-schema-graph\">{\"@context\":\"https:\/\/schema.org\",\"@graph\":[{\"@type\":\"Article\",\"@id\":\"https:\/\/www.sindmoveis.com.br\/es\/projeto-raiz-leva-mostra-de-designers-brasileiros-a-londres\/#article\",\"isPartOf\":{\"@id\":\"https:\/\/www.sindmoveis.com.br\/es\/projeto-raiz-leva-mostra-de-designers-brasileiros-a-londres\/\"},\"author\":{\"name\":\"Imprensa Sindm\u00f3veis\",\"@id\":\"https:\/\/www.sindmoveis.com.br\/es\/#\/schema\/person\/16d379542db1950a17fe188179340d57\"},\"headline\":\"Proyecto Ra\u00edz lleva muestra de dise\u00f1adores brasile\u00f1os a Londres\",\"datePublished\":\"2018-09-12T03:00:00+00:00\",\"dateModified\":\"2021-05-26T13:29:06+00:00\",\"mainEntityOfPage\":{\"@id\":\"https:\/\/www.sindmoveis.com.br\/es\/projeto-raiz-leva-mostra-de-designers-brasileiros-a-londres\/\"},\"wordCount\":865,\"image\":{\"@id\":\"https:\/\/www.sindmoveis.com.br\/es\/projeto-raiz-leva-mostra-de-designers-brasileiros-a-londres\/#primaryimage\"},\"thumbnailUrl\":\"https:\/\/www.sindmoveis.com.br\/es\/wp-content\/uploads\/2021\/05\/p1536783480.jpg\",\"articleSection\":[\"Proyecto Ra\u00edz\",\"Sindm\u00f3veis\"],\"inLanguage\":\"es\"},{\"@type\":\"WebPage\",\"@id\":\"https:\/\/www.sindmoveis.com.br\/es\/projeto-raiz-leva-mostra-de-designers-brasileiros-a-londres\/\",\"url\":\"https:\/\/www.sindmoveis.com.br\/es\/projeto-raiz-leva-mostra-de-designers-brasileiros-a-londres\/\",\"name\":\"Proyecto Ra\u00edz lleva muestra de dise\u00f1adores brasile\u00f1os a Londres - Sindm\u00f3veis-RS\",\"isPartOf\":{\"@id\":\"https:\/\/www.sindmoveis.com.br\/es\/#website\"},\"primaryImageOfPage\":{\"@id\":\"https:\/\/www.sindmoveis.com.br\/es\/projeto-raiz-leva-mostra-de-designers-brasileiros-a-londres\/#primaryimage\"},\"image\":{\"@id\":\"https:\/\/www.sindmoveis.com.br\/es\/projeto-raiz-leva-mostra-de-designers-brasileiros-a-londres\/#primaryimage\"},\"thumbnailUrl\":\"https:\/\/www.sindmoveis.com.br\/es\/wp-content\/uploads\/2021\/05\/p1536783480.jpg\",\"datePublished\":\"2018-09-12T03:00:00+00:00\",\"dateModified\":\"2021-05-26T13:29:06+00:00\",\"author\":{\"@id\":\"https:\/\/www.sindmoveis.com.br\/es\/#\/schema\/person\/16d379542db1950a17fe188179340d57\"},\"inLanguage\":\"es\",\"potentialAction\":[{\"@type\":\"ReadAction\",\"target\":[\"https:\/\/www.sindmoveis.com.br\/es\/projeto-raiz-leva-mostra-de-designers-brasileiros-a-londres\/\"]}]},{\"@type\":\"ImageObject\",\"inLanguage\":\"es\",\"@id\":\"https:\/\/www.sindmoveis.com.br\/es\/projeto-raiz-leva-mostra-de-designers-brasileiros-a-londres\/#primaryimage\",\"url\":\"https:\/\/www.sindmoveis.com.br\/es\/wp-content\/uploads\/2021\/05\/p1536783480.jpg\",\"contentUrl\":\"https:\/\/www.sindmoveis.com.br\/es\/wp-content\/uploads\/2021\/05\/p1536783480.jpg\",\"width\":1500,\"height\":1000},{\"@type\":\"WebSite\",\"@id\":\"https:\/\/www.sindmoveis.com.br\/es\/#website\",\"url\":\"https:\/\/www.sindmoveis.com.br\/es\/\",\"name\":\"Sindm\u00f3veis-RS\",\"description\":\"\",\"potentialAction\":[{\"@type\":\"SearchAction\",\"target\":{\"@type\":\"EntryPoint\",\"urlTemplate\":\"https:\/\/www.sindmoveis.com.br\/es\/?s={search_term_string}\"},\"query-input\":{\"@type\":\"PropertyValueSpecification\",\"valueRequired\":true,\"valueName\":\"search_term_string\"}}],\"inLanguage\":\"es\"},{\"@type\":\"Person\",\"@id\":\"https:\/\/www.sindmoveis.com.br\/es\/#\/schema\/person\/16d379542db1950a17fe188179340d57\",\"name\":\"Imprensa Sindm\u00f3veis\",\"image\":{\"@type\":\"ImageObject\",\"inLanguage\":\"es\",\"@id\":\"https:\/\/www.sindmoveis.com.br\/es\/#\/schema\/person\/image\/\",\"url\":\"https:\/\/secure.gravatar.com\/avatar\/4973e2e2c2a0cb5db30b0c7b770041b8e33d048a16b695a1f99c042449d4bfaf?s=96&d=mm&r=g\",\"contentUrl\":\"https:\/\/secure.gravatar.com\/avatar\/4973e2e2c2a0cb5db30b0c7b770041b8e33d048a16b695a1f99c042449d4bfaf?s=96&d=mm&r=g\",\"caption\":\"Imprensa Sindm\u00f3veis\"},\"url\":\"https:\/\/www.sindmoveis.com.br\/es\/author\/ana\/\"}]}<\/script>\n<!-- \/ Yoast SEO plugin. -->","yoast_head_json":{"title":"Proyecto Ra\u00edz lleva muestra de dise\u00f1adores brasile\u00f1os a Londres - Sindm\u00f3veis-RS","robots":{"index":"index","follow":"follow","max-snippet":"max-snippet:-1","max-image-preview":"max-image-preview:large","max-video-preview":"max-video-preview:-1"},"canonical":"https:\/\/www.sindmoveis.com.br\/es\/projeto-raiz-leva-mostra-de-designers-brasileiros-a-londres\/","og_locale":"es_ES","og_type":"article","og_title":"Proyecto Ra\u00edz lleva muestra de dise\u00f1adores brasile\u00f1os a Londres - Sindm\u00f3veis-RS","og_description":"Exposici\u00f3n va a reunir piezas de 25 dise\u00f1adores participantes del proyecto de incentivo a las exportaciones realizado por Sindm\u00f3veis y Apex-Brasil","og_url":"https:\/\/www.sindmoveis.com.br\/es\/projeto-raiz-leva-mostra-de-designers-brasileiros-a-londres\/","og_site_name":"Sindm\u00f3veis-RS","article_published_time":"2018-09-12T03:00:00+00:00","article_modified_time":"2021-05-26T13:29:06+00:00","og_image":[{"width":1500,"height":1000,"url":"https:\/\/www.sindmoveis.com.br\/es\/wp-content\/uploads\/2021\/05\/p1536783480.jpg","type":"image\/jpeg"}],"author":"Imprensa Sindm\u00f3veis","twitter_card":"summary_large_image","twitter_misc":{"Escrito por":"Imprensa Sindm\u00f3veis","Tiempo de lectura":"4 minutos"},"schema":{"@context":"https:\/\/schema.org","@graph":[{"@type":"Article","@id":"https:\/\/www.sindmoveis.com.br\/es\/projeto-raiz-leva-mostra-de-designers-brasileiros-a-londres\/#article","isPartOf":{"@id":"https:\/\/www.sindmoveis.com.br\/es\/projeto-raiz-leva-mostra-de-designers-brasileiros-a-londres\/"},"author":{"name":"Imprensa Sindm\u00f3veis","@id":"https:\/\/www.sindmoveis.com.br\/es\/#\/schema\/person\/16d379542db1950a17fe188179340d57"},"headline":"Proyecto Ra\u00edz lleva muestra de dise\u00f1adores brasile\u00f1os a Londres","datePublished":"2018-09-12T03:00:00+00:00","dateModified":"2021-05-26T13:29:06+00:00","mainEntityOfPage":{"@id":"https:\/\/www.sindmoveis.com.br\/es\/projeto-raiz-leva-mostra-de-designers-brasileiros-a-londres\/"},"wordCount":865,"image":{"@id":"https:\/\/www.sindmoveis.com.br\/es\/projeto-raiz-leva-mostra-de-designers-brasileiros-a-londres\/#primaryimage"},"thumbnailUrl":"https:\/\/www.sindmoveis.com.br\/es\/wp-content\/uploads\/2021\/05\/p1536783480.jpg","articleSection":["Proyecto Ra\u00edz","Sindm\u00f3veis"],"inLanguage":"es"},{"@type":"WebPage","@id":"https:\/\/www.sindmoveis.com.br\/es\/projeto-raiz-leva-mostra-de-designers-brasileiros-a-londres\/","url":"https:\/\/www.sindmoveis.com.br\/es\/projeto-raiz-leva-mostra-de-designers-brasileiros-a-londres\/","name":"Proyecto Ra\u00edz lleva muestra de dise\u00f1adores brasile\u00f1os a Londres - Sindm\u00f3veis-RS","isPartOf":{"@id":"https:\/\/www.sindmoveis.com.br\/es\/#website"},"primaryImageOfPage":{"@id":"https:\/\/www.sindmoveis.com.br\/es\/projeto-raiz-leva-mostra-de-designers-brasileiros-a-londres\/#primaryimage"},"image":{"@id":"https:\/\/www.sindmoveis.com.br\/es\/projeto-raiz-leva-mostra-de-designers-brasileiros-a-londres\/#primaryimage"},"thumbnailUrl":"https:\/\/www.sindmoveis.com.br\/es\/wp-content\/uploads\/2021\/05\/p1536783480.jpg","datePublished":"2018-09-12T03:00:00+00:00","dateModified":"2021-05-26T13:29:06+00:00","author":{"@id":"https:\/\/www.sindmoveis.com.br\/es\/#\/schema\/person\/16d379542db1950a17fe188179340d57"},"inLanguage":"es","potentialAction":[{"@type":"ReadAction","target":["https:\/\/www.sindmoveis.com.br\/es\/projeto-raiz-leva-mostra-de-designers-brasileiros-a-londres\/"]}]},{"@type":"ImageObject","inLanguage":"es","@id":"https:\/\/www.sindmoveis.com.br\/es\/projeto-raiz-leva-mostra-de-designers-brasileiros-a-londres\/#primaryimage","url":"https:\/\/www.sindmoveis.com.br\/es\/wp-content\/uploads\/2021\/05\/p1536783480.jpg","contentUrl":"https:\/\/www.sindmoveis.com.br\/es\/wp-content\/uploads\/2021\/05\/p1536783480.jpg","width":1500,"height":1000},{"@type":"WebSite","@id":"https:\/\/www.sindmoveis.com.br\/es\/#website","url":"https:\/\/www.sindmoveis.com.br\/es\/","name":"Sindm\u00f3veis-RS","description":"","potentialAction":[{"@type":"SearchAction","target":{"@type":"EntryPoint","urlTemplate":"https:\/\/www.sindmoveis.com.br\/es\/?s={search_term_string}"},"query-input":{"@type":"PropertyValueSpecification","valueRequired":true,"valueName":"search_term_string"}}],"inLanguage":"es"},{"@type":"Person","@id":"https:\/\/www.sindmoveis.com.br\/es\/#\/schema\/person\/16d379542db1950a17fe188179340d57","name":"Imprensa Sindm\u00f3veis","image":{"@type":"ImageObject","inLanguage":"es","@id":"https:\/\/www.sindmoveis.com.br\/es\/#\/schema\/person\/image\/","url":"https:\/\/secure.gravatar.com\/avatar\/4973e2e2c2a0cb5db30b0c7b770041b8e33d048a16b695a1f99c042449d4bfaf?s=96&d=mm&r=g","contentUrl":"https:\/\/secure.gravatar.com\/avatar\/4973e2e2c2a0cb5db30b0c7b770041b8e33d048a16b695a1f99c042449d4bfaf?s=96&d=mm&r=g","caption":"Imprensa Sindm\u00f3veis"},"url":"https:\/\/www.sindmoveis.com.br\/es\/author\/ana\/"}]}},"_links":{"self":[{"href":"https:\/\/www.sindmoveis.com.br\/es\/wp-json\/wp\/v2\/posts\/1394","targetHints":{"allow":["GET"]}}],"collection":[{"href":"https:\/\/www.sindmoveis.com.br\/es\/wp-json\/wp\/v2\/posts"}],"about":[{"href":"https:\/\/www.sindmoveis.com.br\/es\/wp-json\/wp\/v2\/types\/post"}],"author":[{"embeddable":true,"href":"https:\/\/www.sindmoveis.com.br\/es\/wp-json\/wp\/v2\/users\/5"}],"replies":[{"embeddable":true,"href":"https:\/\/www.sindmoveis.com.br\/es\/wp-json\/wp\/v2\/comments?post=1394"}],"version-history":[{"count":2,"href":"https:\/\/www.sindmoveis.com.br\/es\/wp-json\/wp\/v2\/posts\/1394\/revisions"}],"predecessor-version":[{"id":3700,"href":"https:\/\/www.sindmoveis.com.br\/es\/wp-json\/wp\/v2\/posts\/1394\/revisions\/3700"}],"wp:featuredmedia":[{"embeddable":true,"href":"https:\/\/www.sindmoveis.com.br\/es\/wp-json\/wp\/v2\/media\/3701"}],"wp:attachment":[{"href":"https:\/\/www.sindmoveis.com.br\/es\/wp-json\/wp\/v2\/media?parent=1394"}],"wp:term":[{"taxonomy":"category","embeddable":true,"href":"https:\/\/www.sindmoveis.com.br\/es\/wp-json\/wp\/v2\/categories?post=1394"},{"taxonomy":"post_tag","embeddable":true,"href":"https:\/\/www.sindmoveis.com.br\/es\/wp-json\/wp\/v2\/tags?post=1394"}],"curies":[{"name":"wp","href":"https:\/\/api.w.org\/{rel}","templated":true}]}}