{"id":1390,"date":"2018-08-15T00:00:00","date_gmt":"2018-08-15T03:00:00","guid":{"rendered":"http:\/\/sindmoveis.com.br\/imprensa\/noticias\/premio-salao-design-tera-talks-e-mostra-de-vencedores-na-high-design-expo\/"},"modified":"2021-05-26T10:27:47","modified_gmt":"2021-05-26T13:27:47","slug":"premio-salao-design-tera-talks-e-mostra-de-vencedores-na-high-design-expo","status":"publish","type":"post","link":"https:\/\/www.sindmoveis.com.br\/es\/premio-salao-design-tera-talks-e-mostra-de-vencedores-na-high-design-expo\/","title":{"rendered":"Premio Sal\u00e3o Design tendr\u00e1 talks y muestra de vencedores en High Design Expo"},"content":{"rendered":"<p>El Premio Sal&atilde;o Design, mayor premiaci&oacute;n de dise&ntilde;o de producto de Am&eacute;rica Latina, m&aacute;s una vez tendr&aacute; importante participaci&oacute;n en la semana de dise&ntilde;o de S&atilde;o Paulo, con stand en la feria High Design &ndash; Home&amp;Office Expo, de 28 a 30 de agosto. Adem&aacute;s de la muestra e los vencedores de esa edici&oacute;n, el stand del premio tendr&aacute; una programaci&oacute;n de talks sobre consumo e internacionalizaci&oacute;n. En este a&ntilde;o, el premio tuvo 12 premiaciones en dinero, adem&aacute;s de tres menciones de honor, un Premio Maderas Alternativas y un Trofeo Profesor Orientador.<\/p>\n<p>Considerando requisitos como originalidad, forma y funci&oacute;n, ergonom&iacute;a, acabado, seguridad y sostenibilidad, el Sal&atilde;o Design reconoce el talento de estudiantes, profesionales e industrias en &aacute;mbito internacional. En este a&ntilde;o los premiados fueron de Brasil, Argentina y Uruguay.<\/p>\n<p>El director del Premio Sal&atilde;o Design, Eduardo Nuncio, destaca la importancia hist&oacute;rica de esa iniciativa, que completa 30 a&ntilde;os en 2018 y naci&oacute; en el coraz&oacute;n de la Sierra Gaucha, en Bento Gon&ccedil;alves, donde est&aacute; el mayor &nbsp;polo de mobiliario del pa&iacute;s. &ldquo;Nuestro prop&oacute;sito es integrar el dise&ntilde;ador y la industria, adem&aacute;s de valorar la investigaci&oacute;n de estudiantes, reflexionando a&ntilde;o a a&ntilde;o la evoluci&oacute;n de los procesos productivos y revelando nuevos talentos al mercado&rdquo;, puntualiza.&nbsp;<\/p>\n<p>Esta edici&oacute;n del Premio Sal&atilde;o Design, cuyos vencedores ser&aacute;n expuestos en High Design Expo, fue marcada por la pluralidad de tipolog&iacute;as, contando con piezas para usos m&uacute;ltiples y aplicaciones diversas dentro del ambiente: de poltronas a cubiertos y hasta mismo una baranda port&aacute;til. La comisi&oacute;n juzgadora fue compuesta por los dise&ntilde;adores Brunno Jahara, Bruno Faucz, Let&iacute;cia Grisa, Nicole Tomazi y Salvatore Figliuzzi.<\/p>\n<p>&nbsp;<\/p>\n<p><strong>Sobre <\/strong><strong>el Premio Sal&atilde;o Design<\/strong><\/p>\n<p>&nbsp;<\/p>\n<p>Esta edici&oacute;n marca los 30 a&ntilde;os de realizaci&oacute;n del Premio Sal&atilde;o Design por el Sindicato de las Industrias del Mobiliario de Bento Gon&ccedil;alves (Sindm&oacute;veis Bento Gon&ccedil;alves). El premio naci&oacute; en 1988 con el intuito de estimular el sector del mobiliario a agregar valor a sus productos por medio del dise&ntilde;o. Con un historial de 14.213 proyectos inscritos hasta hoy, el Premio Sal&atilde;o Design tiene patrocinio de&nbsp;<a href=\"https:\/\/www.berneck.com.br\/pt\/\" target=\"_blank\" rel=\"noopener\">Berneck&nbsp;<\/a>e&nbsp;<a href=\"https:\/\/www.interprint.com\/\" target=\"_blank\" rel=\"noopener\">Interprint<\/a>.<\/p>\n<p>&nbsp;<\/p>\n<p><strong>Programaci&oacute;n de <em>talks <\/em><\/strong><\/p>\n<p><strong>#1 Internacionalizaci&oacute;n del dise&ntilde;o<\/strong><\/p>\n<p><strong>Feria ICFF NYC &ndash; Experiencia de la exposici&oacute;n de dise&ntilde;adores del Proyecto Ra&iacute;z<\/strong><\/p>\n<p>D&iacute;a 28\/08<\/p>\n<p>Horario: 15h<\/p>\n<p>Conferencistas: Camila Fix, Marta Manente, Paulo Alves y S&eacute;rgio Matos.<\/p>\n<p>&nbsp;<\/p>\n<p><strong>#2 <\/strong><strong>Tendencias y consumo<\/strong><\/p>\n<p><strong>Macro tendencias y Tendencia de consumo y la relaci&oacute;n con el mercado de Muebles &amp; Dise&ntilde;o<\/strong><\/p>\n<p>D&iacute;a 28\/08<\/p>\n<p>Horario: 16h30min<\/p>\n<p>Conferencistas: Andrea Colin Corr&ecirc;a (Berneck) y Carolina Vitola (Interprint)<\/p>\n<p>&nbsp;<\/p>\n<p><strong>#3 Dise&ntilde;o brasile&ntilde;o en el exterior<\/strong><\/p>\n<p><strong>Showroom B2B en Orlando<\/strong><\/p>\n<p>D&iacute;a 28\/08<\/p>\n<p>Horario: 18h<\/p>\n<p>Conferencistas: estudiobola, Fahrer y Paulo Alves<\/p>\n<p>&nbsp;<\/p>\n<p><strong>Servicio<\/strong><\/p>\n<p>\n<strong>High Design Home &amp; Office Expo<\/strong><\/p>\n<p><strong>Fecha<\/strong> &ndash; 28 a 30 de agosto de 2018<\/p>\n<p><strong>Local<\/strong> &ndash; S&atilde;o Paulo Expo I Rodovia dos Imigrantes &#8211; Km 1,5<\/p>\n<p><strong>Horario<\/strong> &ndash; de las 10h a las 20h<\/p>\n<p><a href=\"http:\/\/www.highdesignexpo.com\/\">www.highdesignexpo.com<\/a><\/p>\n<p>&nbsp;<\/p>\n<p><strong>M&aacute;s sobre el Premio Sal&atilde;o Design<\/strong><\/p>\n<p><a href=\"http:\/\/www.salaodesign.com.br\/\">www.salaodesign.com.br<\/a><\/p>\n<p><a href=\"http:\/\/www.facebook.com\/premiosalaodesign\">www.facebook.com\/premiosalaodesign<\/a><\/p>\n<p><a href=\"http:\/\/www.instagram.com\/premiosalaodesign\">www.instagram.com\/premiosalaodesign<\/a><\/p>\n<p><a href=\"http:\/\/www.salaodesign.com.br\/blog\">www.salaodesign.com.br\/blog<\/a><\/p>\n<p><a href=\"https:\/\/br.pinterest.com\/salaodesign\">br.pinterest.com\/salaodesign<\/a><\/p>\n","protected":false},"excerpt":{"rendered":"<p>Stand ser\u00e1 destaque em la feria de mobiliario de alta categor\u00eda que ancla la semana de dise\u00f1o de S\u00e3o Paulo<\/p>\n","protected":false},"author":5,"featured_media":3699,"comment_status":"closed","ping_status":"open","sticky":false,"template":"","format":"standard","meta":{"footnotes":"","_links_to":"","_links_to_target":""},"categories":[21,2],"tags":[],"class_list":["post-1390","post","type-post","status-publish","format-standard","has-post-thumbnail","hentry","category-premio-salao-design","category-sindmoveis"],"yoast_head":"<!-- This site is optimized with the Yoast SEO plugin v27.0 - https:\/\/yoast.com\/product\/yoast-seo-wordpress\/ -->\n<title>Premio Sal\u00e3o Design tendr\u00e1 talks y muestra de vencedores en High Design Expo - Sindm\u00f3veis-RS<\/title>\n<meta name=\"robots\" content=\"index, follow, max-snippet:-1, max-image-preview:large, max-video-preview:-1\" \/>\n<link rel=\"canonical\" href=\"https:\/\/www.sindmoveis.com.br\/es\/premio-salao-design-tera-talks-e-mostra-de-vencedores-na-high-design-expo\/\" \/>\n<meta property=\"og:locale\" content=\"es_ES\" \/>\n<meta property=\"og:type\" content=\"article\" \/>\n<meta property=\"og:title\" content=\"Premio Sal\u00e3o Design tendr\u00e1 talks y muestra de vencedores en High Design Expo - Sindm\u00f3veis-RS\" \/>\n<meta property=\"og:description\" content=\"Stand ser\u00e1 destaque em la feria de mobiliario de alta categor\u00eda que ancla la semana de dise\u00f1o de S\u00e3o Paulo\" \/>\n<meta property=\"og:url\" content=\"https:\/\/www.sindmoveis.com.br\/es\/premio-salao-design-tera-talks-e-mostra-de-vencedores-na-high-design-expo\/\" \/>\n<meta property=\"og:site_name\" content=\"Sindm\u00f3veis-RS\" \/>\n<meta property=\"article:published_time\" content=\"2018-08-15T03:00:00+00:00\" \/>\n<meta property=\"article:modified_time\" content=\"2021-05-26T13:27:47+00:00\" \/>\n<meta property=\"og:image\" content=\"https:\/\/www.sindmoveis.com.br\/es\/wp-content\/uploads\/2021\/05\/p1534356479.jpg\" \/>\n\t<meta property=\"og:image:width\" content=\"1181\" \/>\n\t<meta property=\"og:image:height\" content=\"787\" \/>\n\t<meta property=\"og:image:type\" content=\"image\/jpeg\" \/>\n<meta name=\"author\" content=\"Imprensa Sindm\u00f3veis\" \/>\n<meta name=\"twitter:card\" content=\"summary_large_image\" \/>\n<meta name=\"twitter:label1\" content=\"Escrito por\" \/>\n\t<meta name=\"twitter:data1\" content=\"Imprensa Sindm\u00f3veis\" \/>\n\t<meta name=\"twitter:label2\" content=\"Tiempo de lectura\" \/>\n\t<meta name=\"twitter:data2\" content=\"3 minutos\" \/>\n<script type=\"application\/ld+json\" class=\"yoast-schema-graph\">{\"@context\":\"https:\/\/schema.org\",\"@graph\":[{\"@type\":\"Article\",\"@id\":\"https:\/\/www.sindmoveis.com.br\/es\/premio-salao-design-tera-talks-e-mostra-de-vencedores-na-high-design-expo\/#article\",\"isPartOf\":{\"@id\":\"https:\/\/www.sindmoveis.com.br\/es\/premio-salao-design-tera-talks-e-mostra-de-vencedores-na-high-design-expo\/\"},\"author\":{\"name\":\"Imprensa Sindm\u00f3veis\",\"@id\":\"https:\/\/www.sindmoveis.com.br\/es\/#\/schema\/person\/16d379542db1950a17fe188179340d57\"},\"headline\":\"Premio Sal\u00e3o Design tendr\u00e1 talks y muestra de vencedores en High Design Expo\",\"datePublished\":\"2018-08-15T03:00:00+00:00\",\"dateModified\":\"2021-05-26T13:27:47+00:00\",\"mainEntityOfPage\":{\"@id\":\"https:\/\/www.sindmoveis.com.br\/es\/premio-salao-design-tera-talks-e-mostra-de-vencedores-na-high-design-expo\/\"},\"wordCount\":648,\"image\":{\"@id\":\"https:\/\/www.sindmoveis.com.br\/es\/premio-salao-design-tera-talks-e-mostra-de-vencedores-na-high-design-expo\/#primaryimage\"},\"thumbnailUrl\":\"https:\/\/www.sindmoveis.com.br\/es\/wp-content\/uploads\/2021\/05\/p1534356479.jpg\",\"articleSection\":[\"Premio Sal\u00e3o Design\",\"Sindm\u00f3veis\"],\"inLanguage\":\"es\"},{\"@type\":\"WebPage\",\"@id\":\"https:\/\/www.sindmoveis.com.br\/es\/premio-salao-design-tera-talks-e-mostra-de-vencedores-na-high-design-expo\/\",\"url\":\"https:\/\/www.sindmoveis.com.br\/es\/premio-salao-design-tera-talks-e-mostra-de-vencedores-na-high-design-expo\/\",\"name\":\"Premio Sal\u00e3o Design tendr\u00e1 talks y muestra de vencedores en High Design Expo - Sindm\u00f3veis-RS\",\"isPartOf\":{\"@id\":\"https:\/\/www.sindmoveis.com.br\/es\/#website\"},\"primaryImageOfPage\":{\"@id\":\"https:\/\/www.sindmoveis.com.br\/es\/premio-salao-design-tera-talks-e-mostra-de-vencedores-na-high-design-expo\/#primaryimage\"},\"image\":{\"@id\":\"https:\/\/www.sindmoveis.com.br\/es\/premio-salao-design-tera-talks-e-mostra-de-vencedores-na-high-design-expo\/#primaryimage\"},\"thumbnailUrl\":\"https:\/\/www.sindmoveis.com.br\/es\/wp-content\/uploads\/2021\/05\/p1534356479.jpg\",\"datePublished\":\"2018-08-15T03:00:00+00:00\",\"dateModified\":\"2021-05-26T13:27:47+00:00\",\"author\":{\"@id\":\"https:\/\/www.sindmoveis.com.br\/es\/#\/schema\/person\/16d379542db1950a17fe188179340d57\"},\"inLanguage\":\"es\",\"potentialAction\":[{\"@type\":\"ReadAction\",\"target\":[\"https:\/\/www.sindmoveis.com.br\/es\/premio-salao-design-tera-talks-e-mostra-de-vencedores-na-high-design-expo\/\"]}]},{\"@type\":\"ImageObject\",\"inLanguage\":\"es\",\"@id\":\"https:\/\/www.sindmoveis.com.br\/es\/premio-salao-design-tera-talks-e-mostra-de-vencedores-na-high-design-expo\/#primaryimage\",\"url\":\"https:\/\/www.sindmoveis.com.br\/es\/wp-content\/uploads\/2021\/05\/p1534356479.jpg\",\"contentUrl\":\"https:\/\/www.sindmoveis.com.br\/es\/wp-content\/uploads\/2021\/05\/p1534356479.jpg\",\"width\":1181,\"height\":787},{\"@type\":\"WebSite\",\"@id\":\"https:\/\/www.sindmoveis.com.br\/es\/#website\",\"url\":\"https:\/\/www.sindmoveis.com.br\/es\/\",\"name\":\"Sindm\u00f3veis-RS\",\"description\":\"\",\"potentialAction\":[{\"@type\":\"SearchAction\",\"target\":{\"@type\":\"EntryPoint\",\"urlTemplate\":\"https:\/\/www.sindmoveis.com.br\/es\/?s={search_term_string}\"},\"query-input\":{\"@type\":\"PropertyValueSpecification\",\"valueRequired\":true,\"valueName\":\"search_term_string\"}}],\"inLanguage\":\"es\"},{\"@type\":\"Person\",\"@id\":\"https:\/\/www.sindmoveis.com.br\/es\/#\/schema\/person\/16d379542db1950a17fe188179340d57\",\"name\":\"Imprensa Sindm\u00f3veis\",\"image\":{\"@type\":\"ImageObject\",\"inLanguage\":\"es\",\"@id\":\"https:\/\/www.sindmoveis.com.br\/es\/#\/schema\/person\/image\/\",\"url\":\"https:\/\/secure.gravatar.com\/avatar\/4973e2e2c2a0cb5db30b0c7b770041b8e33d048a16b695a1f99c042449d4bfaf?s=96&d=mm&r=g\",\"contentUrl\":\"https:\/\/secure.gravatar.com\/avatar\/4973e2e2c2a0cb5db30b0c7b770041b8e33d048a16b695a1f99c042449d4bfaf?s=96&d=mm&r=g\",\"caption\":\"Imprensa Sindm\u00f3veis\"},\"url\":\"https:\/\/www.sindmoveis.com.br\/es\/author\/ana\/\"}]}<\/script>\n<!-- \/ Yoast SEO plugin. -->","yoast_head_json":{"title":"Premio Sal\u00e3o Design tendr\u00e1 talks y muestra de vencedores en High Design Expo - Sindm\u00f3veis-RS","robots":{"index":"index","follow":"follow","max-snippet":"max-snippet:-1","max-image-preview":"max-image-preview:large","max-video-preview":"max-video-preview:-1"},"canonical":"https:\/\/www.sindmoveis.com.br\/es\/premio-salao-design-tera-talks-e-mostra-de-vencedores-na-high-design-expo\/","og_locale":"es_ES","og_type":"article","og_title":"Premio Sal\u00e3o Design tendr\u00e1 talks y muestra de vencedores en High Design Expo - Sindm\u00f3veis-RS","og_description":"Stand ser\u00e1 destaque em la feria de mobiliario de alta categor\u00eda que ancla la semana de dise\u00f1o de S\u00e3o Paulo","og_url":"https:\/\/www.sindmoveis.com.br\/es\/premio-salao-design-tera-talks-e-mostra-de-vencedores-na-high-design-expo\/","og_site_name":"Sindm\u00f3veis-RS","article_published_time":"2018-08-15T03:00:00+00:00","article_modified_time":"2021-05-26T13:27:47+00:00","og_image":[{"width":1181,"height":787,"url":"https:\/\/www.sindmoveis.com.br\/es\/wp-content\/uploads\/2021\/05\/p1534356479.jpg","type":"image\/jpeg"}],"author":"Imprensa Sindm\u00f3veis","twitter_card":"summary_large_image","twitter_misc":{"Escrito por":"Imprensa Sindm\u00f3veis","Tiempo de lectura":"3 minutos"},"schema":{"@context":"https:\/\/schema.org","@graph":[{"@type":"Article","@id":"https:\/\/www.sindmoveis.com.br\/es\/premio-salao-design-tera-talks-e-mostra-de-vencedores-na-high-design-expo\/#article","isPartOf":{"@id":"https:\/\/www.sindmoveis.com.br\/es\/premio-salao-design-tera-talks-e-mostra-de-vencedores-na-high-design-expo\/"},"author":{"name":"Imprensa Sindm\u00f3veis","@id":"https:\/\/www.sindmoveis.com.br\/es\/#\/schema\/person\/16d379542db1950a17fe188179340d57"},"headline":"Premio Sal\u00e3o Design tendr\u00e1 talks y muestra de vencedores en High Design Expo","datePublished":"2018-08-15T03:00:00+00:00","dateModified":"2021-05-26T13:27:47+00:00","mainEntityOfPage":{"@id":"https:\/\/www.sindmoveis.com.br\/es\/premio-salao-design-tera-talks-e-mostra-de-vencedores-na-high-design-expo\/"},"wordCount":648,"image":{"@id":"https:\/\/www.sindmoveis.com.br\/es\/premio-salao-design-tera-talks-e-mostra-de-vencedores-na-high-design-expo\/#primaryimage"},"thumbnailUrl":"https:\/\/www.sindmoveis.com.br\/es\/wp-content\/uploads\/2021\/05\/p1534356479.jpg","articleSection":["Premio Sal\u00e3o Design","Sindm\u00f3veis"],"inLanguage":"es"},{"@type":"WebPage","@id":"https:\/\/www.sindmoveis.com.br\/es\/premio-salao-design-tera-talks-e-mostra-de-vencedores-na-high-design-expo\/","url":"https:\/\/www.sindmoveis.com.br\/es\/premio-salao-design-tera-talks-e-mostra-de-vencedores-na-high-design-expo\/","name":"Premio Sal\u00e3o Design tendr\u00e1 talks y muestra de vencedores en High Design Expo - Sindm\u00f3veis-RS","isPartOf":{"@id":"https:\/\/www.sindmoveis.com.br\/es\/#website"},"primaryImageOfPage":{"@id":"https:\/\/www.sindmoveis.com.br\/es\/premio-salao-design-tera-talks-e-mostra-de-vencedores-na-high-design-expo\/#primaryimage"},"image":{"@id":"https:\/\/www.sindmoveis.com.br\/es\/premio-salao-design-tera-talks-e-mostra-de-vencedores-na-high-design-expo\/#primaryimage"},"thumbnailUrl":"https:\/\/www.sindmoveis.com.br\/es\/wp-content\/uploads\/2021\/05\/p1534356479.jpg","datePublished":"2018-08-15T03:00:00+00:00","dateModified":"2021-05-26T13:27:47+00:00","author":{"@id":"https:\/\/www.sindmoveis.com.br\/es\/#\/schema\/person\/16d379542db1950a17fe188179340d57"},"inLanguage":"es","potentialAction":[{"@type":"ReadAction","target":["https:\/\/www.sindmoveis.com.br\/es\/premio-salao-design-tera-talks-e-mostra-de-vencedores-na-high-design-expo\/"]}]},{"@type":"ImageObject","inLanguage":"es","@id":"https:\/\/www.sindmoveis.com.br\/es\/premio-salao-design-tera-talks-e-mostra-de-vencedores-na-high-design-expo\/#primaryimage","url":"https:\/\/www.sindmoveis.com.br\/es\/wp-content\/uploads\/2021\/05\/p1534356479.jpg","contentUrl":"https:\/\/www.sindmoveis.com.br\/es\/wp-content\/uploads\/2021\/05\/p1534356479.jpg","width":1181,"height":787},{"@type":"WebSite","@id":"https:\/\/www.sindmoveis.com.br\/es\/#website","url":"https:\/\/www.sindmoveis.com.br\/es\/","name":"Sindm\u00f3veis-RS","description":"","potentialAction":[{"@type":"SearchAction","target":{"@type":"EntryPoint","urlTemplate":"https:\/\/www.sindmoveis.com.br\/es\/?s={search_term_string}"},"query-input":{"@type":"PropertyValueSpecification","valueRequired":true,"valueName":"search_term_string"}}],"inLanguage":"es"},{"@type":"Person","@id":"https:\/\/www.sindmoveis.com.br\/es\/#\/schema\/person\/16d379542db1950a17fe188179340d57","name":"Imprensa Sindm\u00f3veis","image":{"@type":"ImageObject","inLanguage":"es","@id":"https:\/\/www.sindmoveis.com.br\/es\/#\/schema\/person\/image\/","url":"https:\/\/secure.gravatar.com\/avatar\/4973e2e2c2a0cb5db30b0c7b770041b8e33d048a16b695a1f99c042449d4bfaf?s=96&d=mm&r=g","contentUrl":"https:\/\/secure.gravatar.com\/avatar\/4973e2e2c2a0cb5db30b0c7b770041b8e33d048a16b695a1f99c042449d4bfaf?s=96&d=mm&r=g","caption":"Imprensa Sindm\u00f3veis"},"url":"https:\/\/www.sindmoveis.com.br\/es\/author\/ana\/"}]}},"_links":{"self":[{"href":"https:\/\/www.sindmoveis.com.br\/es\/wp-json\/wp\/v2\/posts\/1390","targetHints":{"allow":["GET"]}}],"collection":[{"href":"https:\/\/www.sindmoveis.com.br\/es\/wp-json\/wp\/v2\/posts"}],"about":[{"href":"https:\/\/www.sindmoveis.com.br\/es\/wp-json\/wp\/v2\/types\/post"}],"author":[{"embeddable":true,"href":"https:\/\/www.sindmoveis.com.br\/es\/wp-json\/wp\/v2\/users\/5"}],"replies":[{"embeddable":true,"href":"https:\/\/www.sindmoveis.com.br\/es\/wp-json\/wp\/v2\/comments?post=1390"}],"version-history":[{"count":2,"href":"https:\/\/www.sindmoveis.com.br\/es\/wp-json\/wp\/v2\/posts\/1390\/revisions"}],"predecessor-version":[{"id":3698,"href":"https:\/\/www.sindmoveis.com.br\/es\/wp-json\/wp\/v2\/posts\/1390\/revisions\/3698"}],"wp:featuredmedia":[{"embeddable":true,"href":"https:\/\/www.sindmoveis.com.br\/es\/wp-json\/wp\/v2\/media\/3699"}],"wp:attachment":[{"href":"https:\/\/www.sindmoveis.com.br\/es\/wp-json\/wp\/v2\/media?parent=1390"}],"wp:term":[{"taxonomy":"category","embeddable":true,"href":"https:\/\/www.sindmoveis.com.br\/es\/wp-json\/wp\/v2\/categories?post=1390"},{"taxonomy":"post_tag","embeddable":true,"href":"https:\/\/www.sindmoveis.com.br\/es\/wp-json\/wp\/v2\/tags?post=1390"}],"curies":[{"name":"wp","href":"https:\/\/api.w.org\/{rel}","templated":true}]}}