{"id":1382,"date":"2018-06-30T00:00:00","date_gmt":"2018-06-30T03:00:00","guid":{"rendered":"http:\/\/sindmoveis.com.br\/imprensa\/noticias\/projeto-comprador-formobile-deve-gerar-us-35-milhoes-em-exportacoes\/"},"modified":"2021-05-26T10:30:05","modified_gmt":"2021-05-26T13:30:05","slug":"projeto-comprador-formobile-deve-gerar-us-35-milhoes-em-exportacoes","status":"publish","type":"post","link":"https:\/\/www.sindmoveis.com.br\/es\/projeto-comprador-formobile-deve-gerar-us-35-milhoes-em-exportacoes\/","title":{"rendered":"Proyecto Comprador ForM\u00f3bile debe generar U$ 3,5 millones en exportaciones"},"content":{"rendered":"<p>De 10 a 13 de julio, durante ForM&oacute;bile, Sindm&oacute;veis m&aacute;s una vez va a coordinar las rondas de negocios del Proyecto Comprador, por medio del Proyecto Orchestra Brasil de incentivo a las exportaciones de proveedoras de la industria del mobiliario &ndash; promovido en asociaci&oacute;n con la Agencia Brasile&ntilde;a de Promoci&oacute;n de Exportaciones e Inversiones (Apex-Brasil). La expectativa es generar U$ 3,5 millones en negocios en el mercado internacional para empresas brasile&ntilde;as fabricantes de insumos, accesorios y tecnolog&iacute;a.<\/p>\n<p>Las rondas de negocios ser&aacute;n los d&iacute;as 12 y 13, en un stand montado especialmente para el Proyecto Comprador. En total, 24 empresas brasile&ntilde;as van a participar de las reuniones con importadores de ocho pa&iacute;ses: Argentina, Bolivia, Chile, Colombia, M&eacute;xico, Paraguay, Per&uacute; y Sud&aacute;frica.<\/p>\n<p>Sindm&oacute;veis Bento Gon&ccedil;alves fomenta el desarrollo de la cadena del mobiliario en todas sus etapas: desde los proveedores, incentivando las exportaciones por medio del Proyecto Orchestra Brasil, hasta el dise&ntilde;o, con la promoci&oacute;n del Premio Sal&atilde;o Design y del Proyecto Ra&iacute;z de internacionalizaci&oacute;n del servicio del dise&ntilde;ador brasile&ntilde;o. La realizaci&oacute;n de Movelsul Brasil completa esa visi&oacute;n integral de la entidad para la cadena. &ldquo;La internacionalizaci&oacute;n de la cadena de proveedores de la industria del mobiliario y del servicio de los dise&ntilde;adores ampara el posicionamiento que deseamos para Brasil en el mercado internacional en lo respecta a la competitividad e innovaci&oacute;n&rdquo;, resalta el presidente de Sindm&oacute;veis, Edson Peliocioli.<\/p>\n<p><strong>Sobre el Proyecto Orchestra Brasil<\/strong><\/p>\n<p>El Proyecto Orchestra Brasil existe desde 2008 y promueve la inserci&oacute;n competitiva de proveedoras del sector del mobiliario en el mercado internacional. Para ello, son promovidos estudios de mercado; misiones prospectivas; acciones individuales; Proyectos Comprador, Vendedor e Imagen, adem&aacute;s de la participaci&oacute;n en las principales ferias mundiales el sector. Los mercados prioritarios para este convenio son Argentina, Bolivia, Colombia, Chile, Estados Unidos, India, M&eacute;xico, Per&uacute;, Rep&uacute;blica Dominicana y Sud&aacute;frica.<\/p>\n<p>&nbsp;<\/p>\n<p><strong>Servicio:<\/strong><\/p>\n<p>ForM&oacute;bile &#8211; Feria Internacional de Proveedores de la Industria de Madera y Muebles<\/p>\n<p>Fecha &ndash; 10 a 13 de julio de 2018<\/p>\n<p>Local &ndash; S&atilde;o Paulo Expo I Rodovia dos Imigrantes &#8211; Km 1,5<\/p>\n<p>Horario &ndash; de las 10h a las 19h<\/p>\n<p>www.feiraformobile.com.br<\/p>\n","protected":false},"excerpt":{"rendered":"<p>Sindm\u00f3veis coordina las rondas de negocios entre importadores y empresas brasile\u00f1as proveedoras de la industria del mobiliario<\/p>\n","protected":false},"author":5,"featured_media":3693,"comment_status":"closed","ping_status":"open","sticky":false,"template":"","format":"standard","meta":{"footnotes":"","_links_to":"","_links_to_target":""},"categories":[11,2],"tags":[],"class_list":["post-1382","post","type-post","status-publish","format-standard","has-post-thumbnail","hentry","category-exportaciones","category-sindmoveis"],"yoast_head":"<!-- This site is optimized with the Yoast SEO plugin v27.0 - https:\/\/yoast.com\/product\/yoast-seo-wordpress\/ -->\n<title>Proyecto Comprador ForM\u00f3bile debe generar U$ 3,5 millones en exportaciones - Sindm\u00f3veis-RS<\/title>\n<meta name=\"robots\" content=\"index, follow, max-snippet:-1, max-image-preview:large, max-video-preview:-1\" \/>\n<link rel=\"canonical\" href=\"https:\/\/www.sindmoveis.com.br\/es\/projeto-comprador-formobile-deve-gerar-us-35-milhoes-em-exportacoes\/\" \/>\n<meta property=\"og:locale\" content=\"es_ES\" \/>\n<meta property=\"og:type\" content=\"article\" \/>\n<meta property=\"og:title\" content=\"Proyecto Comprador ForM\u00f3bile debe generar U$ 3,5 millones en exportaciones - Sindm\u00f3veis-RS\" \/>\n<meta property=\"og:description\" content=\"Sindm\u00f3veis coordina las rondas de negocios entre importadores y empresas brasile\u00f1as proveedoras de la industria del mobiliario\" \/>\n<meta property=\"og:url\" content=\"https:\/\/www.sindmoveis.com.br\/es\/projeto-comprador-formobile-deve-gerar-us-35-milhoes-em-exportacoes\/\" \/>\n<meta property=\"og:site_name\" content=\"Sindm\u00f3veis-RS\" \/>\n<meta property=\"article:published_time\" content=\"2018-06-30T03:00:00+00:00\" \/>\n<meta property=\"article:modified_time\" content=\"2021-05-26T13:30:05+00:00\" \/>\n<meta property=\"og:image\" content=\"https:\/\/www.sindmoveis.com.br\/es\/wp-content\/uploads\/2021\/05\/p1530723981.jpg\" \/>\n\t<meta property=\"og:image:width\" content=\"1181\" \/>\n\t<meta property=\"og:image:height\" content=\"821\" \/>\n\t<meta property=\"og:image:type\" content=\"image\/jpeg\" \/>\n<meta name=\"author\" content=\"Imprensa Sindm\u00f3veis\" \/>\n<meta name=\"twitter:card\" content=\"summary_large_image\" \/>\n<meta name=\"twitter:label1\" content=\"Escrito por\" \/>\n\t<meta name=\"twitter:data1\" content=\"Imprensa Sindm\u00f3veis\" \/>\n\t<meta name=\"twitter:label2\" content=\"Tiempo de lectura\" \/>\n\t<meta name=\"twitter:data2\" content=\"2 minutos\" \/>\n<script type=\"application\/ld+json\" class=\"yoast-schema-graph\">{\"@context\":\"https:\/\/schema.org\",\"@graph\":[{\"@type\":\"Article\",\"@id\":\"https:\/\/www.sindmoveis.com.br\/es\/projeto-comprador-formobile-deve-gerar-us-35-milhoes-em-exportacoes\/#article\",\"isPartOf\":{\"@id\":\"https:\/\/www.sindmoveis.com.br\/es\/projeto-comprador-formobile-deve-gerar-us-35-milhoes-em-exportacoes\/\"},\"author\":{\"name\":\"Imprensa Sindm\u00f3veis\",\"@id\":\"https:\/\/www.sindmoveis.com.br\/es\/#\/schema\/person\/16d379542db1950a17fe188179340d57\"},\"headline\":\"Proyecto Comprador ForM\u00f3bile debe generar U$ 3,5 millones en exportaciones\",\"datePublished\":\"2018-06-30T03:00:00+00:00\",\"dateModified\":\"2021-05-26T13:30:05+00:00\",\"mainEntityOfPage\":{\"@id\":\"https:\/\/www.sindmoveis.com.br\/es\/projeto-comprador-formobile-deve-gerar-us-35-milhoes-em-exportacoes\/\"},\"wordCount\":427,\"image\":{\"@id\":\"https:\/\/www.sindmoveis.com.br\/es\/projeto-comprador-formobile-deve-gerar-us-35-milhoes-em-exportacoes\/#primaryimage\"},\"thumbnailUrl\":\"https:\/\/www.sindmoveis.com.br\/es\/wp-content\/uploads\/2021\/05\/p1530723981.jpg\",\"articleSection\":[\"Exportaciones\",\"Sindm\u00f3veis\"],\"inLanguage\":\"es\"},{\"@type\":\"WebPage\",\"@id\":\"https:\/\/www.sindmoveis.com.br\/es\/projeto-comprador-formobile-deve-gerar-us-35-milhoes-em-exportacoes\/\",\"url\":\"https:\/\/www.sindmoveis.com.br\/es\/projeto-comprador-formobile-deve-gerar-us-35-milhoes-em-exportacoes\/\",\"name\":\"Proyecto Comprador ForM\u00f3bile debe generar U$ 3,5 millones en exportaciones - Sindm\u00f3veis-RS\",\"isPartOf\":{\"@id\":\"https:\/\/www.sindmoveis.com.br\/es\/#website\"},\"primaryImageOfPage\":{\"@id\":\"https:\/\/www.sindmoveis.com.br\/es\/projeto-comprador-formobile-deve-gerar-us-35-milhoes-em-exportacoes\/#primaryimage\"},\"image\":{\"@id\":\"https:\/\/www.sindmoveis.com.br\/es\/projeto-comprador-formobile-deve-gerar-us-35-milhoes-em-exportacoes\/#primaryimage\"},\"thumbnailUrl\":\"https:\/\/www.sindmoveis.com.br\/es\/wp-content\/uploads\/2021\/05\/p1530723981.jpg\",\"datePublished\":\"2018-06-30T03:00:00+00:00\",\"dateModified\":\"2021-05-26T13:30:05+00:00\",\"author\":{\"@id\":\"https:\/\/www.sindmoveis.com.br\/es\/#\/schema\/person\/16d379542db1950a17fe188179340d57\"},\"inLanguage\":\"es\",\"potentialAction\":[{\"@type\":\"ReadAction\",\"target\":[\"https:\/\/www.sindmoveis.com.br\/es\/projeto-comprador-formobile-deve-gerar-us-35-milhoes-em-exportacoes\/\"]}]},{\"@type\":\"ImageObject\",\"inLanguage\":\"es\",\"@id\":\"https:\/\/www.sindmoveis.com.br\/es\/projeto-comprador-formobile-deve-gerar-us-35-milhoes-em-exportacoes\/#primaryimage\",\"url\":\"https:\/\/www.sindmoveis.com.br\/es\/wp-content\/uploads\/2021\/05\/p1530723981.jpg\",\"contentUrl\":\"https:\/\/www.sindmoveis.com.br\/es\/wp-content\/uploads\/2021\/05\/p1530723981.jpg\",\"width\":1181,\"height\":821},{\"@type\":\"WebSite\",\"@id\":\"https:\/\/www.sindmoveis.com.br\/es\/#website\",\"url\":\"https:\/\/www.sindmoveis.com.br\/es\/\",\"name\":\"Sindm\u00f3veis-RS\",\"description\":\"\",\"potentialAction\":[{\"@type\":\"SearchAction\",\"target\":{\"@type\":\"EntryPoint\",\"urlTemplate\":\"https:\/\/www.sindmoveis.com.br\/es\/?s={search_term_string}\"},\"query-input\":{\"@type\":\"PropertyValueSpecification\",\"valueRequired\":true,\"valueName\":\"search_term_string\"}}],\"inLanguage\":\"es\"},{\"@type\":\"Person\",\"@id\":\"https:\/\/www.sindmoveis.com.br\/es\/#\/schema\/person\/16d379542db1950a17fe188179340d57\",\"name\":\"Imprensa Sindm\u00f3veis\",\"image\":{\"@type\":\"ImageObject\",\"inLanguage\":\"es\",\"@id\":\"https:\/\/www.sindmoveis.com.br\/es\/#\/schema\/person\/image\/\",\"url\":\"https:\/\/secure.gravatar.com\/avatar\/4973e2e2c2a0cb5db30b0c7b770041b8e33d048a16b695a1f99c042449d4bfaf?s=96&d=mm&r=g\",\"contentUrl\":\"https:\/\/secure.gravatar.com\/avatar\/4973e2e2c2a0cb5db30b0c7b770041b8e33d048a16b695a1f99c042449d4bfaf?s=96&d=mm&r=g\",\"caption\":\"Imprensa Sindm\u00f3veis\"},\"url\":\"https:\/\/www.sindmoveis.com.br\/es\/author\/ana\/\"}]}<\/script>\n<!-- \/ Yoast SEO plugin. -->","yoast_head_json":{"title":"Proyecto Comprador ForM\u00f3bile debe generar U$ 3,5 millones en exportaciones - Sindm\u00f3veis-RS","robots":{"index":"index","follow":"follow","max-snippet":"max-snippet:-1","max-image-preview":"max-image-preview:large","max-video-preview":"max-video-preview:-1"},"canonical":"https:\/\/www.sindmoveis.com.br\/es\/projeto-comprador-formobile-deve-gerar-us-35-milhoes-em-exportacoes\/","og_locale":"es_ES","og_type":"article","og_title":"Proyecto Comprador ForM\u00f3bile debe generar U$ 3,5 millones en exportaciones - Sindm\u00f3veis-RS","og_description":"Sindm\u00f3veis coordina las rondas de negocios entre importadores y empresas brasile\u00f1as proveedoras de la industria del mobiliario","og_url":"https:\/\/www.sindmoveis.com.br\/es\/projeto-comprador-formobile-deve-gerar-us-35-milhoes-em-exportacoes\/","og_site_name":"Sindm\u00f3veis-RS","article_published_time":"2018-06-30T03:00:00+00:00","article_modified_time":"2021-05-26T13:30:05+00:00","og_image":[{"width":1181,"height":821,"url":"https:\/\/www.sindmoveis.com.br\/es\/wp-content\/uploads\/2021\/05\/p1530723981.jpg","type":"image\/jpeg"}],"author":"Imprensa Sindm\u00f3veis","twitter_card":"summary_large_image","twitter_misc":{"Escrito por":"Imprensa Sindm\u00f3veis","Tiempo de lectura":"2 minutos"},"schema":{"@context":"https:\/\/schema.org","@graph":[{"@type":"Article","@id":"https:\/\/www.sindmoveis.com.br\/es\/projeto-comprador-formobile-deve-gerar-us-35-milhoes-em-exportacoes\/#article","isPartOf":{"@id":"https:\/\/www.sindmoveis.com.br\/es\/projeto-comprador-formobile-deve-gerar-us-35-milhoes-em-exportacoes\/"},"author":{"name":"Imprensa Sindm\u00f3veis","@id":"https:\/\/www.sindmoveis.com.br\/es\/#\/schema\/person\/16d379542db1950a17fe188179340d57"},"headline":"Proyecto Comprador ForM\u00f3bile debe generar U$ 3,5 millones en exportaciones","datePublished":"2018-06-30T03:00:00+00:00","dateModified":"2021-05-26T13:30:05+00:00","mainEntityOfPage":{"@id":"https:\/\/www.sindmoveis.com.br\/es\/projeto-comprador-formobile-deve-gerar-us-35-milhoes-em-exportacoes\/"},"wordCount":427,"image":{"@id":"https:\/\/www.sindmoveis.com.br\/es\/projeto-comprador-formobile-deve-gerar-us-35-milhoes-em-exportacoes\/#primaryimage"},"thumbnailUrl":"https:\/\/www.sindmoveis.com.br\/es\/wp-content\/uploads\/2021\/05\/p1530723981.jpg","articleSection":["Exportaciones","Sindm\u00f3veis"],"inLanguage":"es"},{"@type":"WebPage","@id":"https:\/\/www.sindmoveis.com.br\/es\/projeto-comprador-formobile-deve-gerar-us-35-milhoes-em-exportacoes\/","url":"https:\/\/www.sindmoveis.com.br\/es\/projeto-comprador-formobile-deve-gerar-us-35-milhoes-em-exportacoes\/","name":"Proyecto Comprador ForM\u00f3bile debe generar U$ 3,5 millones en exportaciones - Sindm\u00f3veis-RS","isPartOf":{"@id":"https:\/\/www.sindmoveis.com.br\/es\/#website"},"primaryImageOfPage":{"@id":"https:\/\/www.sindmoveis.com.br\/es\/projeto-comprador-formobile-deve-gerar-us-35-milhoes-em-exportacoes\/#primaryimage"},"image":{"@id":"https:\/\/www.sindmoveis.com.br\/es\/projeto-comprador-formobile-deve-gerar-us-35-milhoes-em-exportacoes\/#primaryimage"},"thumbnailUrl":"https:\/\/www.sindmoveis.com.br\/es\/wp-content\/uploads\/2021\/05\/p1530723981.jpg","datePublished":"2018-06-30T03:00:00+00:00","dateModified":"2021-05-26T13:30:05+00:00","author":{"@id":"https:\/\/www.sindmoveis.com.br\/es\/#\/schema\/person\/16d379542db1950a17fe188179340d57"},"inLanguage":"es","potentialAction":[{"@type":"ReadAction","target":["https:\/\/www.sindmoveis.com.br\/es\/projeto-comprador-formobile-deve-gerar-us-35-milhoes-em-exportacoes\/"]}]},{"@type":"ImageObject","inLanguage":"es","@id":"https:\/\/www.sindmoveis.com.br\/es\/projeto-comprador-formobile-deve-gerar-us-35-milhoes-em-exportacoes\/#primaryimage","url":"https:\/\/www.sindmoveis.com.br\/es\/wp-content\/uploads\/2021\/05\/p1530723981.jpg","contentUrl":"https:\/\/www.sindmoveis.com.br\/es\/wp-content\/uploads\/2021\/05\/p1530723981.jpg","width":1181,"height":821},{"@type":"WebSite","@id":"https:\/\/www.sindmoveis.com.br\/es\/#website","url":"https:\/\/www.sindmoveis.com.br\/es\/","name":"Sindm\u00f3veis-RS","description":"","potentialAction":[{"@type":"SearchAction","target":{"@type":"EntryPoint","urlTemplate":"https:\/\/www.sindmoveis.com.br\/es\/?s={search_term_string}"},"query-input":{"@type":"PropertyValueSpecification","valueRequired":true,"valueName":"search_term_string"}}],"inLanguage":"es"},{"@type":"Person","@id":"https:\/\/www.sindmoveis.com.br\/es\/#\/schema\/person\/16d379542db1950a17fe188179340d57","name":"Imprensa Sindm\u00f3veis","image":{"@type":"ImageObject","inLanguage":"es","@id":"https:\/\/www.sindmoveis.com.br\/es\/#\/schema\/person\/image\/","url":"https:\/\/secure.gravatar.com\/avatar\/4973e2e2c2a0cb5db30b0c7b770041b8e33d048a16b695a1f99c042449d4bfaf?s=96&d=mm&r=g","contentUrl":"https:\/\/secure.gravatar.com\/avatar\/4973e2e2c2a0cb5db30b0c7b770041b8e33d048a16b695a1f99c042449d4bfaf?s=96&d=mm&r=g","caption":"Imprensa Sindm\u00f3veis"},"url":"https:\/\/www.sindmoveis.com.br\/es\/author\/ana\/"}]}},"_links":{"self":[{"href":"https:\/\/www.sindmoveis.com.br\/es\/wp-json\/wp\/v2\/posts\/1382","targetHints":{"allow":["GET"]}}],"collection":[{"href":"https:\/\/www.sindmoveis.com.br\/es\/wp-json\/wp\/v2\/posts"}],"about":[{"href":"https:\/\/www.sindmoveis.com.br\/es\/wp-json\/wp\/v2\/types\/post"}],"author":[{"embeddable":true,"href":"https:\/\/www.sindmoveis.com.br\/es\/wp-json\/wp\/v2\/users\/5"}],"replies":[{"embeddable":true,"href":"https:\/\/www.sindmoveis.com.br\/es\/wp-json\/wp\/v2\/comments?post=1382"}],"version-history":[{"count":2,"href":"https:\/\/www.sindmoveis.com.br\/es\/wp-json\/wp\/v2\/posts\/1382\/revisions"}],"predecessor-version":[{"id":3692,"href":"https:\/\/www.sindmoveis.com.br\/es\/wp-json\/wp\/v2\/posts\/1382\/revisions\/3692"}],"wp:featuredmedia":[{"embeddable":true,"href":"https:\/\/www.sindmoveis.com.br\/es\/wp-json\/wp\/v2\/media\/3693"}],"wp:attachment":[{"href":"https:\/\/www.sindmoveis.com.br\/es\/wp-json\/wp\/v2\/media?parent=1382"}],"wp:term":[{"taxonomy":"category","embeddable":true,"href":"https:\/\/www.sindmoveis.com.br\/es\/wp-json\/wp\/v2\/categories?post=1382"},{"taxonomy":"post_tag","embeddable":true,"href":"https:\/\/www.sindmoveis.com.br\/es\/wp-json\/wp\/v2\/tags?post=1382"}],"curies":[{"name":"wp","href":"https:\/\/api.w.org\/{rel}","templated":true}]}}