{"id":1370,"date":"2018-05-15T00:00:00","date_gmt":"2018-05-15T03:00:00","guid":{"rendered":"http:\/\/sindmoveis.com.br\/imprensa\/noticias\/sindmoveis-anuncia-data-para-a-movelsul-brasil-2020\/"},"modified":"2021-05-26T10:31:42","modified_gmt":"2021-05-26T13:31:42","slug":"sindmoveis-anuncia-data-para-a-movelsul-brasil-2020","status":"publish","type":"post","link":"https:\/\/www.sindmoveis.com.br\/es\/sindmoveis-anuncia-data-para-a-movelsul-brasil-2020\/","title":{"rendered":"Sindm\u00f3veis anuncia fecha para  Movelsul Brasil 2020"},"content":{"rendered":"<p>La mayor feria de muebles de Am&eacute;rica Latina para el revendedor e importador &ndash; Movelsul Brasil &ndash; est&aacute; examinando los resultados de su &uacute;ltima edici&oacute;n, realizada en marzo, y prepar&aacute;ndose para el periodo de renovaci&oacute;n con los expositores. Mientras tanto, el directorio de Sindm&oacute;veis Bento Gon&ccedil;alves anuncia la fecha confirmada para la feria en 2020: ser&aacute; de 16 a 19 de marzo, siguiendo el modelo adoptado este a&ntilde;o con cuatro d&iacute;as de evento, en detrimento de los cinco realizados hasta entonces.<\/p>\n<p>La m&aacute;s reciente edici&oacute;n de Movelsul Brasil, realizada hace dos meses, tuvo 246 expositores y reforz&oacute; su car&aacute;cter internacional con la presencia de revendedores y distribuidores de 32 pa&iacute;ses adem&aacute;s de Brasil, con un p&uacute;blico total de 20.284 profesionales.<\/p>\n<p>Las rondas de negocios del Proyecto Comprador para industrias y dise&ntilde;adores brasile&ntilde;os colocaron frente a frente las empresas exportadoras con compradores en potencial del mueble brasile&ntilde;o. Fueron n&uacute;meros r&eacute;cord para el proyecto, realizado en la feria desde el a&ntilde;o 2000. Al todo, 70 importadores invitados negociaron con 145 empresas.<\/p>\n<p>Con patrocinio de Sayerlack y Banrisul,&nbsp; Movelsul Brasil es realizada desde 1977 por el Sindicato de las Industrias del Mobiliario de Bento Gon&ccedil;alves (Sindm&oacute;veis). La feria promueve el desarrollo del sector del mobiliario nacional, estrechando las relaciones comerciales entre la industria y sus clientes e incentivando las exportaciones a trav&eacute;s de acciones direccionadas al mercado internacional, consumidor del mueble brasile&ntilde;o.<\/p>\n<p>Para informaciones sobre la feria, sus proyectos paralelos y expositores, acceda a:<\/p>\n<p><a href=\"http:\/\/www.movelsul.com.br\/\">www.movelsul.com.br<\/a><\/p>\n<p><a href=\"http:\/\/www.facebook.com\/movelsul.brasil\">www.facebook.com\/movelsul.brasil<\/a>&nbsp;<\/p>\n<p><a href=\"http:\/\/www.instagram.com\/movelsulbrasil\">www.instagram.com\/movelsulbrasil<\/a><\/p>\n","protected":false},"excerpt":{"rendered":"<p>Feria de muebles es considerada la mayor de Am\u00e9rica Latina para el revendedor e importador<\/p>\n","protected":false},"author":5,"featured_media":3687,"comment_status":"closed","ping_status":"open","sticky":false,"template":"","format":"standard","meta":{"footnotes":"","_links_to":"","_links_to_target":""},"categories":[23,2],"tags":[],"class_list":["post-1370","post","type-post","status-publish","format-standard","has-post-thumbnail","hentry","category-movelsul","category-sindmoveis"],"yoast_head":"<!-- This site is optimized with the Yoast SEO plugin v27.0 - https:\/\/yoast.com\/product\/yoast-seo-wordpress\/ -->\n<title>Sindm\u00f3veis anuncia fecha para Movelsul Brasil 2020 - Sindm\u00f3veis-RS<\/title>\n<meta name=\"robots\" content=\"index, follow, max-snippet:-1, max-image-preview:large, max-video-preview:-1\" \/>\n<link rel=\"canonical\" href=\"https:\/\/www.sindmoveis.com.br\/es\/sindmoveis-anuncia-data-para-a-movelsul-brasil-2020\/\" \/>\n<meta property=\"og:locale\" content=\"es_ES\" \/>\n<meta property=\"og:type\" content=\"article\" \/>\n<meta property=\"og:title\" content=\"Sindm\u00f3veis anuncia fecha para Movelsul Brasil 2020 - Sindm\u00f3veis-RS\" \/>\n<meta property=\"og:description\" content=\"Feria de muebles es considerada la mayor de Am\u00e9rica Latina para el revendedor e importador\" \/>\n<meta property=\"og:url\" content=\"https:\/\/www.sindmoveis.com.br\/es\/sindmoveis-anuncia-data-para-a-movelsul-brasil-2020\/\" \/>\n<meta property=\"og:site_name\" content=\"Sindm\u00f3veis-RS\" \/>\n<meta property=\"article:published_time\" content=\"2018-05-15T03:00:00+00:00\" \/>\n<meta property=\"article:modified_time\" content=\"2021-05-26T13:31:42+00:00\" \/>\n<meta property=\"og:image\" content=\"https:\/\/www.sindmoveis.com.br\/es\/wp-content\/uploads\/2021\/05\/p1526414866.jpg\" \/>\n\t<meta property=\"og:image:width\" content=\"1575\" \/>\n\t<meta property=\"og:image:height\" content=\"1049\" \/>\n\t<meta property=\"og:image:type\" content=\"image\/jpeg\" \/>\n<meta name=\"author\" content=\"Imprensa Sindm\u00f3veis\" \/>\n<meta name=\"twitter:card\" content=\"summary_large_image\" \/>\n<meta name=\"twitter:label1\" content=\"Escrito por\" \/>\n\t<meta name=\"twitter:data1\" content=\"Imprensa Sindm\u00f3veis\" \/>\n\t<meta name=\"twitter:label2\" content=\"Tiempo de lectura\" \/>\n\t<meta name=\"twitter:data2\" content=\"1 minuto\" \/>\n<script type=\"application\/ld+json\" class=\"yoast-schema-graph\">{\"@context\":\"https:\/\/schema.org\",\"@graph\":[{\"@type\":\"Article\",\"@id\":\"https:\/\/www.sindmoveis.com.br\/es\/sindmoveis-anuncia-data-para-a-movelsul-brasil-2020\/#article\",\"isPartOf\":{\"@id\":\"https:\/\/www.sindmoveis.com.br\/es\/sindmoveis-anuncia-data-para-a-movelsul-brasil-2020\/\"},\"author\":{\"name\":\"Imprensa Sindm\u00f3veis\",\"@id\":\"https:\/\/www.sindmoveis.com.br\/es\/#\/schema\/person\/16d379542db1950a17fe188179340d57\"},\"headline\":\"Sindm\u00f3veis anuncia fecha para Movelsul Brasil 2020\",\"datePublished\":\"2018-05-15T03:00:00+00:00\",\"dateModified\":\"2021-05-26T13:31:42+00:00\",\"mainEntityOfPage\":{\"@id\":\"https:\/\/www.sindmoveis.com.br\/es\/sindmoveis-anuncia-data-para-a-movelsul-brasil-2020\/\"},\"wordCount\":305,\"image\":{\"@id\":\"https:\/\/www.sindmoveis.com.br\/es\/sindmoveis-anuncia-data-para-a-movelsul-brasil-2020\/#primaryimage\"},\"thumbnailUrl\":\"https:\/\/www.sindmoveis.com.br\/es\/wp-content\/uploads\/2021\/05\/p1526414866.jpg\",\"articleSection\":[\"Movelsul\",\"Sindm\u00f3veis\"],\"inLanguage\":\"es\"},{\"@type\":\"WebPage\",\"@id\":\"https:\/\/www.sindmoveis.com.br\/es\/sindmoveis-anuncia-data-para-a-movelsul-brasil-2020\/\",\"url\":\"https:\/\/www.sindmoveis.com.br\/es\/sindmoveis-anuncia-data-para-a-movelsul-brasil-2020\/\",\"name\":\"Sindm\u00f3veis anuncia fecha para Movelsul Brasil 2020 - Sindm\u00f3veis-RS\",\"isPartOf\":{\"@id\":\"https:\/\/www.sindmoveis.com.br\/es\/#website\"},\"primaryImageOfPage\":{\"@id\":\"https:\/\/www.sindmoveis.com.br\/es\/sindmoveis-anuncia-data-para-a-movelsul-brasil-2020\/#primaryimage\"},\"image\":{\"@id\":\"https:\/\/www.sindmoveis.com.br\/es\/sindmoveis-anuncia-data-para-a-movelsul-brasil-2020\/#primaryimage\"},\"thumbnailUrl\":\"https:\/\/www.sindmoveis.com.br\/es\/wp-content\/uploads\/2021\/05\/p1526414866.jpg\",\"datePublished\":\"2018-05-15T03:00:00+00:00\",\"dateModified\":\"2021-05-26T13:31:42+00:00\",\"author\":{\"@id\":\"https:\/\/www.sindmoveis.com.br\/es\/#\/schema\/person\/16d379542db1950a17fe188179340d57\"},\"inLanguage\":\"es\",\"potentialAction\":[{\"@type\":\"ReadAction\",\"target\":[\"https:\/\/www.sindmoveis.com.br\/es\/sindmoveis-anuncia-data-para-a-movelsul-brasil-2020\/\"]}]},{\"@type\":\"ImageObject\",\"inLanguage\":\"es\",\"@id\":\"https:\/\/www.sindmoveis.com.br\/es\/sindmoveis-anuncia-data-para-a-movelsul-brasil-2020\/#primaryimage\",\"url\":\"https:\/\/www.sindmoveis.com.br\/es\/wp-content\/uploads\/2021\/05\/p1526414866.jpg\",\"contentUrl\":\"https:\/\/www.sindmoveis.com.br\/es\/wp-content\/uploads\/2021\/05\/p1526414866.jpg\",\"width\":1575,\"height\":1049},{\"@type\":\"WebSite\",\"@id\":\"https:\/\/www.sindmoveis.com.br\/es\/#website\",\"url\":\"https:\/\/www.sindmoveis.com.br\/es\/\",\"name\":\"Sindm\u00f3veis-RS\",\"description\":\"\",\"potentialAction\":[{\"@type\":\"SearchAction\",\"target\":{\"@type\":\"EntryPoint\",\"urlTemplate\":\"https:\/\/www.sindmoveis.com.br\/es\/?s={search_term_string}\"},\"query-input\":{\"@type\":\"PropertyValueSpecification\",\"valueRequired\":true,\"valueName\":\"search_term_string\"}}],\"inLanguage\":\"es\"},{\"@type\":\"Person\",\"@id\":\"https:\/\/www.sindmoveis.com.br\/es\/#\/schema\/person\/16d379542db1950a17fe188179340d57\",\"name\":\"Imprensa Sindm\u00f3veis\",\"image\":{\"@type\":\"ImageObject\",\"inLanguage\":\"es\",\"@id\":\"https:\/\/www.sindmoveis.com.br\/es\/#\/schema\/person\/image\/\",\"url\":\"https:\/\/secure.gravatar.com\/avatar\/4973e2e2c2a0cb5db30b0c7b770041b8e33d048a16b695a1f99c042449d4bfaf?s=96&d=mm&r=g\",\"contentUrl\":\"https:\/\/secure.gravatar.com\/avatar\/4973e2e2c2a0cb5db30b0c7b770041b8e33d048a16b695a1f99c042449d4bfaf?s=96&d=mm&r=g\",\"caption\":\"Imprensa Sindm\u00f3veis\"},\"url\":\"https:\/\/www.sindmoveis.com.br\/es\/author\/ana\/\"}]}<\/script>\n<!-- \/ Yoast SEO plugin. -->","yoast_head_json":{"title":"Sindm\u00f3veis anuncia fecha para Movelsul Brasil 2020 - Sindm\u00f3veis-RS","robots":{"index":"index","follow":"follow","max-snippet":"max-snippet:-1","max-image-preview":"max-image-preview:large","max-video-preview":"max-video-preview:-1"},"canonical":"https:\/\/www.sindmoveis.com.br\/es\/sindmoveis-anuncia-data-para-a-movelsul-brasil-2020\/","og_locale":"es_ES","og_type":"article","og_title":"Sindm\u00f3veis anuncia fecha para Movelsul Brasil 2020 - Sindm\u00f3veis-RS","og_description":"Feria de muebles es considerada la mayor de Am\u00e9rica Latina para el revendedor e importador","og_url":"https:\/\/www.sindmoveis.com.br\/es\/sindmoveis-anuncia-data-para-a-movelsul-brasil-2020\/","og_site_name":"Sindm\u00f3veis-RS","article_published_time":"2018-05-15T03:00:00+00:00","article_modified_time":"2021-05-26T13:31:42+00:00","og_image":[{"width":1575,"height":1049,"url":"https:\/\/www.sindmoveis.com.br\/es\/wp-content\/uploads\/2021\/05\/p1526414866.jpg","type":"image\/jpeg"}],"author":"Imprensa Sindm\u00f3veis","twitter_card":"summary_large_image","twitter_misc":{"Escrito por":"Imprensa Sindm\u00f3veis","Tiempo de lectura":"1 minuto"},"schema":{"@context":"https:\/\/schema.org","@graph":[{"@type":"Article","@id":"https:\/\/www.sindmoveis.com.br\/es\/sindmoveis-anuncia-data-para-a-movelsul-brasil-2020\/#article","isPartOf":{"@id":"https:\/\/www.sindmoveis.com.br\/es\/sindmoveis-anuncia-data-para-a-movelsul-brasil-2020\/"},"author":{"name":"Imprensa Sindm\u00f3veis","@id":"https:\/\/www.sindmoveis.com.br\/es\/#\/schema\/person\/16d379542db1950a17fe188179340d57"},"headline":"Sindm\u00f3veis anuncia fecha para Movelsul Brasil 2020","datePublished":"2018-05-15T03:00:00+00:00","dateModified":"2021-05-26T13:31:42+00:00","mainEntityOfPage":{"@id":"https:\/\/www.sindmoveis.com.br\/es\/sindmoveis-anuncia-data-para-a-movelsul-brasil-2020\/"},"wordCount":305,"image":{"@id":"https:\/\/www.sindmoveis.com.br\/es\/sindmoveis-anuncia-data-para-a-movelsul-brasil-2020\/#primaryimage"},"thumbnailUrl":"https:\/\/www.sindmoveis.com.br\/es\/wp-content\/uploads\/2021\/05\/p1526414866.jpg","articleSection":["Movelsul","Sindm\u00f3veis"],"inLanguage":"es"},{"@type":"WebPage","@id":"https:\/\/www.sindmoveis.com.br\/es\/sindmoveis-anuncia-data-para-a-movelsul-brasil-2020\/","url":"https:\/\/www.sindmoveis.com.br\/es\/sindmoveis-anuncia-data-para-a-movelsul-brasil-2020\/","name":"Sindm\u00f3veis anuncia fecha para Movelsul Brasil 2020 - Sindm\u00f3veis-RS","isPartOf":{"@id":"https:\/\/www.sindmoveis.com.br\/es\/#website"},"primaryImageOfPage":{"@id":"https:\/\/www.sindmoveis.com.br\/es\/sindmoveis-anuncia-data-para-a-movelsul-brasil-2020\/#primaryimage"},"image":{"@id":"https:\/\/www.sindmoveis.com.br\/es\/sindmoveis-anuncia-data-para-a-movelsul-brasil-2020\/#primaryimage"},"thumbnailUrl":"https:\/\/www.sindmoveis.com.br\/es\/wp-content\/uploads\/2021\/05\/p1526414866.jpg","datePublished":"2018-05-15T03:00:00+00:00","dateModified":"2021-05-26T13:31:42+00:00","author":{"@id":"https:\/\/www.sindmoveis.com.br\/es\/#\/schema\/person\/16d379542db1950a17fe188179340d57"},"inLanguage":"es","potentialAction":[{"@type":"ReadAction","target":["https:\/\/www.sindmoveis.com.br\/es\/sindmoveis-anuncia-data-para-a-movelsul-brasil-2020\/"]}]},{"@type":"ImageObject","inLanguage":"es","@id":"https:\/\/www.sindmoveis.com.br\/es\/sindmoveis-anuncia-data-para-a-movelsul-brasil-2020\/#primaryimage","url":"https:\/\/www.sindmoveis.com.br\/es\/wp-content\/uploads\/2021\/05\/p1526414866.jpg","contentUrl":"https:\/\/www.sindmoveis.com.br\/es\/wp-content\/uploads\/2021\/05\/p1526414866.jpg","width":1575,"height":1049},{"@type":"WebSite","@id":"https:\/\/www.sindmoveis.com.br\/es\/#website","url":"https:\/\/www.sindmoveis.com.br\/es\/","name":"Sindm\u00f3veis-RS","description":"","potentialAction":[{"@type":"SearchAction","target":{"@type":"EntryPoint","urlTemplate":"https:\/\/www.sindmoveis.com.br\/es\/?s={search_term_string}"},"query-input":{"@type":"PropertyValueSpecification","valueRequired":true,"valueName":"search_term_string"}}],"inLanguage":"es"},{"@type":"Person","@id":"https:\/\/www.sindmoveis.com.br\/es\/#\/schema\/person\/16d379542db1950a17fe188179340d57","name":"Imprensa Sindm\u00f3veis","image":{"@type":"ImageObject","inLanguage":"es","@id":"https:\/\/www.sindmoveis.com.br\/es\/#\/schema\/person\/image\/","url":"https:\/\/secure.gravatar.com\/avatar\/4973e2e2c2a0cb5db30b0c7b770041b8e33d048a16b695a1f99c042449d4bfaf?s=96&d=mm&r=g","contentUrl":"https:\/\/secure.gravatar.com\/avatar\/4973e2e2c2a0cb5db30b0c7b770041b8e33d048a16b695a1f99c042449d4bfaf?s=96&d=mm&r=g","caption":"Imprensa Sindm\u00f3veis"},"url":"https:\/\/www.sindmoveis.com.br\/es\/author\/ana\/"}]}},"_links":{"self":[{"href":"https:\/\/www.sindmoveis.com.br\/es\/wp-json\/wp\/v2\/posts\/1370","targetHints":{"allow":["GET"]}}],"collection":[{"href":"https:\/\/www.sindmoveis.com.br\/es\/wp-json\/wp\/v2\/posts"}],"about":[{"href":"https:\/\/www.sindmoveis.com.br\/es\/wp-json\/wp\/v2\/types\/post"}],"author":[{"embeddable":true,"href":"https:\/\/www.sindmoveis.com.br\/es\/wp-json\/wp\/v2\/users\/5"}],"replies":[{"embeddable":true,"href":"https:\/\/www.sindmoveis.com.br\/es\/wp-json\/wp\/v2\/comments?post=1370"}],"version-history":[{"count":2,"href":"https:\/\/www.sindmoveis.com.br\/es\/wp-json\/wp\/v2\/posts\/1370\/revisions"}],"predecessor-version":[{"id":3686,"href":"https:\/\/www.sindmoveis.com.br\/es\/wp-json\/wp\/v2\/posts\/1370\/revisions\/3686"}],"wp:featuredmedia":[{"embeddable":true,"href":"https:\/\/www.sindmoveis.com.br\/es\/wp-json\/wp\/v2\/media\/3687"}],"wp:attachment":[{"href":"https:\/\/www.sindmoveis.com.br\/es\/wp-json\/wp\/v2\/media?parent=1370"}],"wp:term":[{"taxonomy":"category","embeddable":true,"href":"https:\/\/www.sindmoveis.com.br\/es\/wp-json\/wp\/v2\/categories?post=1370"},{"taxonomy":"post_tag","embeddable":true,"href":"https:\/\/www.sindmoveis.com.br\/es\/wp-json\/wp\/v2\/tags?post=1370"}],"curies":[{"name":"wp","href":"https:\/\/api.w.org\/{rel}","templated":true}]}}