{"id":1369,"date":"2018-05-14T00:00:00","date_gmt":"2018-05-14T03:00:00","guid":{"rendered":"http:\/\/sindmoveis.com.br\/imprensa\/noticias\/sindmoveis-promove-designers-brasileiros-em-nova-iorque\/"},"modified":"2021-05-26T10:24:21","modified_gmt":"2021-05-26T13:24:21","slug":"sindmoveis-promove-designers-brasileiros-em-nova-iorque","status":"publish","type":"post","link":"https:\/\/www.sindmoveis.com.br\/es\/sindmoveis-promove-designers-brasileiros-em-nova-iorque\/","title":{"rendered":"Sindm\u00f3veis promueve dise\u00f1adores brasile\u00f1os en Nueva York"},"content":{"rendered":"<p>El Sindicato de las Industrias del Mobiliario de Bento Gon&ccedil;alves (Sindm&oacute;veis) y la Agencia Brasile&ntilde;a de Promoci&oacute;n de Exportaciones e Inversiones (Apex-Brasil_ promueven el Proyecto Ra&iacute;z (Raiz Project), iniciativa que busca fortalecer y posicionar dise&ntilde;adores brasile&ntilde;os en el mercado externo por medio de acciones especialmente direccionadas. Focalizando Am&eacute;rica del Norte, por el tercer a&ntilde;o consecutivo los profesionales participan de la 30&ordf; edici&oacute;n de la <em>International Contemporary Furniture Fair (ICFF),<\/em> considerada la principal vitrina del sector de mobiliario en los Estados Unidos,&nbsp; que ocurre entre los d&iacute;as 20 y 23 de mayo en Nueva York.<\/p>\n<p>En este a&ntilde;o 12 estudios de dise&ntilde;o presentan, individualmente, lo que hay de m&aacute;s conceptual y creativo en sus productos. Son ellos: Faro Design, Guto Indio da Costa, Jader Almeida, Marta Manente, NDT Design, Noemi Saga Atelier, Paulo Alves, Plataforma 4, Reboh Design, Sergio Matos, Studio Poli y Wagner Archella.La acci&oacute;n tiene apoyo del Consulado General de Brasil en Nueva York. La direcci&oacute;n del proyecto eval&uacute;a la competencia de cada dise&ntilde;ador para atender las exigencias del consumidor americano, adem&aacute;s de dar una atenci&oacute;n individual y personalizada a los profesionales que desean fomentar el contacto comercial en la regi&oacute;n. La inteligencia estrat&eacute;gica del Proyecto Ra&iacute;z busca oportunidades en dos frentes: promoci&oacute;n de los dise&ntilde;adores para inclusi&oacute;n de los profesionales en las cadenas de licenciamiento y distribuci&oacute;n y la b&uacute;squeda de nichos propios de mercado por medio de la innovaci&oacute;n en procesos y productos, hecho que posibilita la negociaci&oacute;n de proyectos especiales y cesiones de patentes; oportunidades para exportaci&oacute;n del mueble firmado, asociando al dise&ntilde;ador y la industria. Actualmente, cerca de 40 estudios de dise&ntilde;o hacen parte del proyecto, que se mantiene siempre disponible a nuevas adhesiones..&nbsp; &nbsp;&nbsp;&nbsp;&nbsp;&nbsp;&nbsp;&nbsp;<br \/>\nICFF comprende aproximadamente 700 expositores y aguarda la visita de m&aacute;s de 30 mil profesionales, entre dise&ntilde;adores de interiores, arquitectos, revendedores, representantes, distribuidores, gerentes de instalaciones, desarrolladores, fabricantes, dise&ntilde;adores de tiendas y visual <em>merchandising.<\/em> El dise&ntilde;o nacional ser&aacute; representado por piezas de mobiliario para interior y exterior y objetos de decoraci&oacute;n. Los brasile&ntilde;os trabajan con una extensa gama de materiales y procesos, y poseen una mir&iacute;ada de estilos e identidades est&eacute;ticas que traducen la riqueza de la cultura vern&aacute;cula. Las piezas de alto nivel mezclan materiales sostenibles como aluminio reciclado, madera de reforestaci&oacute;n, fibras y colorantes naturales, materias primas de bajo impacto para el medio ambiente.<\/p>\n<p>&nbsp;Desde el inicio de 2017, despu&eacute;s de una inversi&oacute;n de U$ 500 mil d&oacute;lares, el proyecto particip&oacute; de las principales ferias nacionales e internacionales del sector. En Europa, adem&aacute;s de la tradicional Semana de Dise&ntilde;o de &nbsp;Mil&aacute;n, una exposici&oacute;n itinerante circul&oacute; por las Embajadas de Brasil en Roma, Par&iacute;s y Estocolmo. En lo que respecta al mercado americano y adyacencias, adem&aacute;s de la ICFF, los dise&ntilde;adores que integran el Proyecto Ra&iacute;z inauguraron un <em>showroom poup-up<\/em> en Miami, y participaron de prospecci&oacute;n de negocios con industrias en la feria High Point en Carolina del Norte. En Brasil, las acciones comenzaron durante&nbsp; High Design Home &amp; Office Expo con la presencia de empresarios, importadores y periodista interesados en el producto brasile&ntilde;o y la promoci&oacute;n de rondas de negocios. &nbsp;&nbsp;&nbsp;&nbsp;&nbsp;&nbsp;&nbsp;&nbsp;<\/p>\n<p>S&oacute;lo en este a&ntilde;o, el Proyecto encabez&oacute; la presencia de 70 compradores internacionales a Movelsul Brasil, mayor feria de mobiliario de Am&eacute;rica Latina y promovi&oacute; una exposici&oacute;n sobre el modo de &nbsp;sentar del brasile&ntilde;o durante el FuoriSalone, en Mil&aacute;n. En esta ocasi&oacute;n, algunos dise&ntilde;adores que integran el Proyecto Ra&iacute;z posicionaron individualmente sus muestras para lanzamientos de colecci&oacute;n en la capital italiana del dise&ntilde;o.<\/p>\n<p>&nbsp;<strong>Sobre <\/strong><strong>el Proyecto Ra&iacute;z<\/strong><\/p>\n<p>El Proyecto Ra&iacute;z (Raiz Project) fue creado en 2012, como un brazo del Proyecto Orchestra Brasil (existente desde 2006), una asociaci&oacute;n&nbsp; entre&nbsp; Sindm&oacute;veis y&nbsp;&nbsp; Apex-Brasil, volcada para la internacionalizaci&oacute;n de la cadena de proveedores de la industria del mobiliario&nbsp; brasile&ntilde;a. En 2012 fue entonces incluido el segmento de dise&ntilde;o que en 2014 recibi&oacute; el nombre de Proyecto Ra&iacute;z (Raiz Project), como resultado del <em>Design Challenge<\/em>, una iniciativa desarrollada a lo largo del &uacute;ltimo a&ntilde;o con los estudios, donde el objetivo era generar experiencia en la creaci&oacute;n de productos a partir de la visi&oacute;n de un equipo norteamericano. La marca expresa la suma de culturas que alimenta la creatividad nacional.<\/p>\n<p>A partir de acciones volcadas para la conquista del mercado internacional el Proyecto Ra&iacute;z (Raiz Project) intensifica estrategias de posicionamiento del sector en el mercado externo, potencia la utilizaci&oacute;n de contactos e informes de inteligencia comercial para los dise&ntilde;adores, promueve mayor intercambio de informaciones y experiencias entre las empresas, orienta el avance de la promoci&oacute;n y la entrada de los dise&ntilde;adores de muebles en los mercados prioritarios, con todo el soporte necesario y a partir de la segmentaci&oacute;n del grupo conforme su nivel de internacionalizaci&oacute;n.<\/p>\n<p><strong>Proyecto Ra&iacute;z<\/strong><strong> &ndash; ICFF 2018<\/strong><\/p>\n<p><a href=\"http:\/\/www.raizproject.com\/\">http:\/\/www.raizproject.com\/<\/a><\/p>\n<p><strong>Fecha<\/strong>: 20 a 23 de mayo<\/p>\n<p>Domingo, de las 10h a las 17h; Lunes y Martes, de las 10h a las 18h; Mi&eacute;rcoles, de las 10h a las 16h<\/p>\n<p><strong>Local<\/strong>: Javits Center, Nueva York<\/p>\n<p>655 W. 34th St. (11th Avenue at 38th Street)<\/p>\n<p><a href=\"https:\/\/www.facebook.com\/raizprojectoficial\/\">https:\/\/www.facebook.com\/raizprojectoficial\/<\/a><\/p>\n<p>@raizproject<\/p>\n","protected":false},"excerpt":{"rendered":"<p>Participaci\u00f3n de 12 estudios brasile\u00f1os en ICFF es una acci\u00f3n del Proyecto Ra\u00edz de promoci\u00f3n de la internacionalizaci\u00f3n<\/p>\n","protected":false},"author":5,"featured_media":3685,"comment_status":"closed","ping_status":"open","sticky":false,"template":"","format":"standard","meta":{"footnotes":"","_links_to":"","_links_to_target":""},"categories":[2],"tags":[],"class_list":["post-1369","post","type-post","status-publish","format-standard","has-post-thumbnail","hentry","category-sindmoveis"],"yoast_head":"<!-- This site is optimized with the Yoast SEO plugin v27.0 - https:\/\/yoast.com\/product\/yoast-seo-wordpress\/ -->\n<title>Sindm\u00f3veis promueve dise\u00f1adores brasile\u00f1os en Nueva York - Sindm\u00f3veis-RS<\/title>\n<meta name=\"robots\" content=\"index, follow, max-snippet:-1, max-image-preview:large, max-video-preview:-1\" \/>\n<link rel=\"canonical\" href=\"https:\/\/www.sindmoveis.com.br\/es\/sindmoveis-promove-designers-brasileiros-em-nova-iorque\/\" \/>\n<meta property=\"og:locale\" content=\"es_ES\" \/>\n<meta property=\"og:type\" content=\"article\" \/>\n<meta property=\"og:title\" content=\"Sindm\u00f3veis promueve dise\u00f1adores brasile\u00f1os en Nueva York - Sindm\u00f3veis-RS\" \/>\n<meta property=\"og:description\" content=\"Participaci\u00f3n de 12 estudios brasile\u00f1os en ICFF es una acci\u00f3n del Proyecto Ra\u00edz de promoci\u00f3n de la internacionalizaci\u00f3n\" \/>\n<meta property=\"og:url\" content=\"https:\/\/www.sindmoveis.com.br\/es\/sindmoveis-promove-designers-brasileiros-em-nova-iorque\/\" \/>\n<meta property=\"og:site_name\" content=\"Sindm\u00f3veis-RS\" \/>\n<meta property=\"article:published_time\" content=\"2018-05-14T03:00:00+00:00\" \/>\n<meta property=\"article:modified_time\" content=\"2021-05-26T13:24:21+00:00\" \/>\n<meta property=\"og:image\" content=\"https:\/\/www.sindmoveis.com.br\/es\/wp-content\/uploads\/2021\/05\/p1526323107.jpg\" \/>\n\t<meta property=\"og:image:width\" content=\"1575\" \/>\n\t<meta property=\"og:image:height\" content=\"988\" \/>\n\t<meta property=\"og:image:type\" content=\"image\/jpeg\" \/>\n<meta name=\"author\" content=\"Imprensa Sindm\u00f3veis\" \/>\n<meta name=\"twitter:card\" content=\"summary_large_image\" \/>\n<meta name=\"twitter:label1\" content=\"Escrito por\" \/>\n\t<meta name=\"twitter:data1\" content=\"Imprensa Sindm\u00f3veis\" \/>\n\t<meta name=\"twitter:label2\" content=\"Tiempo de lectura\" \/>\n\t<meta name=\"twitter:data2\" content=\"5 minutos\" \/>\n<script type=\"application\/ld+json\" class=\"yoast-schema-graph\">{\"@context\":\"https:\/\/schema.org\",\"@graph\":[{\"@type\":\"Article\",\"@id\":\"https:\/\/www.sindmoveis.com.br\/es\/sindmoveis-promove-designers-brasileiros-em-nova-iorque\/#article\",\"isPartOf\":{\"@id\":\"https:\/\/www.sindmoveis.com.br\/es\/sindmoveis-promove-designers-brasileiros-em-nova-iorque\/\"},\"author\":{\"name\":\"Imprensa Sindm\u00f3veis\",\"@id\":\"https:\/\/www.sindmoveis.com.br\/es\/#\/schema\/person\/16d379542db1950a17fe188179340d57\"},\"headline\":\"Sindm\u00f3veis promueve dise\u00f1adores brasile\u00f1os en Nueva York\",\"datePublished\":\"2018-05-14T03:00:00+00:00\",\"dateModified\":\"2021-05-26T13:24:21+00:00\",\"mainEntityOfPage\":{\"@id\":\"https:\/\/www.sindmoveis.com.br\/es\/sindmoveis-promove-designers-brasileiros-em-nova-iorque\/\"},\"wordCount\":1033,\"image\":{\"@id\":\"https:\/\/www.sindmoveis.com.br\/es\/sindmoveis-promove-designers-brasileiros-em-nova-iorque\/#primaryimage\"},\"thumbnailUrl\":\"https:\/\/www.sindmoveis.com.br\/es\/wp-content\/uploads\/2021\/05\/p1526323107.jpg\",\"articleSection\":[\"Sindm\u00f3veis\"],\"inLanguage\":\"es\"},{\"@type\":\"WebPage\",\"@id\":\"https:\/\/www.sindmoveis.com.br\/es\/sindmoveis-promove-designers-brasileiros-em-nova-iorque\/\",\"url\":\"https:\/\/www.sindmoveis.com.br\/es\/sindmoveis-promove-designers-brasileiros-em-nova-iorque\/\",\"name\":\"Sindm\u00f3veis promueve dise\u00f1adores brasile\u00f1os en Nueva York - Sindm\u00f3veis-RS\",\"isPartOf\":{\"@id\":\"https:\/\/www.sindmoveis.com.br\/es\/#website\"},\"primaryImageOfPage\":{\"@id\":\"https:\/\/www.sindmoveis.com.br\/es\/sindmoveis-promove-designers-brasileiros-em-nova-iorque\/#primaryimage\"},\"image\":{\"@id\":\"https:\/\/www.sindmoveis.com.br\/es\/sindmoveis-promove-designers-brasileiros-em-nova-iorque\/#primaryimage\"},\"thumbnailUrl\":\"https:\/\/www.sindmoveis.com.br\/es\/wp-content\/uploads\/2021\/05\/p1526323107.jpg\",\"datePublished\":\"2018-05-14T03:00:00+00:00\",\"dateModified\":\"2021-05-26T13:24:21+00:00\",\"author\":{\"@id\":\"https:\/\/www.sindmoveis.com.br\/es\/#\/schema\/person\/16d379542db1950a17fe188179340d57\"},\"inLanguage\":\"es\",\"potentialAction\":[{\"@type\":\"ReadAction\",\"target\":[\"https:\/\/www.sindmoveis.com.br\/es\/sindmoveis-promove-designers-brasileiros-em-nova-iorque\/\"]}]},{\"@type\":\"ImageObject\",\"inLanguage\":\"es\",\"@id\":\"https:\/\/www.sindmoveis.com.br\/es\/sindmoveis-promove-designers-brasileiros-em-nova-iorque\/#primaryimage\",\"url\":\"https:\/\/www.sindmoveis.com.br\/es\/wp-content\/uploads\/2021\/05\/p1526323107.jpg\",\"contentUrl\":\"https:\/\/www.sindmoveis.com.br\/es\/wp-content\/uploads\/2021\/05\/p1526323107.jpg\",\"width\":1575,\"height\":988},{\"@type\":\"WebSite\",\"@id\":\"https:\/\/www.sindmoveis.com.br\/es\/#website\",\"url\":\"https:\/\/www.sindmoveis.com.br\/es\/\",\"name\":\"Sindm\u00f3veis-RS\",\"description\":\"\",\"potentialAction\":[{\"@type\":\"SearchAction\",\"target\":{\"@type\":\"EntryPoint\",\"urlTemplate\":\"https:\/\/www.sindmoveis.com.br\/es\/?s={search_term_string}\"},\"query-input\":{\"@type\":\"PropertyValueSpecification\",\"valueRequired\":true,\"valueName\":\"search_term_string\"}}],\"inLanguage\":\"es\"},{\"@type\":\"Person\",\"@id\":\"https:\/\/www.sindmoveis.com.br\/es\/#\/schema\/person\/16d379542db1950a17fe188179340d57\",\"name\":\"Imprensa Sindm\u00f3veis\",\"image\":{\"@type\":\"ImageObject\",\"inLanguage\":\"es\",\"@id\":\"https:\/\/www.sindmoveis.com.br\/es\/#\/schema\/person\/image\/\",\"url\":\"https:\/\/secure.gravatar.com\/avatar\/4973e2e2c2a0cb5db30b0c7b770041b8e33d048a16b695a1f99c042449d4bfaf?s=96&d=mm&r=g\",\"contentUrl\":\"https:\/\/secure.gravatar.com\/avatar\/4973e2e2c2a0cb5db30b0c7b770041b8e33d048a16b695a1f99c042449d4bfaf?s=96&d=mm&r=g\",\"caption\":\"Imprensa Sindm\u00f3veis\"},\"url\":\"https:\/\/www.sindmoveis.com.br\/es\/author\/ana\/\"}]}<\/script>\n<!-- \/ Yoast SEO plugin. -->","yoast_head_json":{"title":"Sindm\u00f3veis promueve dise\u00f1adores brasile\u00f1os en Nueva York - Sindm\u00f3veis-RS","robots":{"index":"index","follow":"follow","max-snippet":"max-snippet:-1","max-image-preview":"max-image-preview:large","max-video-preview":"max-video-preview:-1"},"canonical":"https:\/\/www.sindmoveis.com.br\/es\/sindmoveis-promove-designers-brasileiros-em-nova-iorque\/","og_locale":"es_ES","og_type":"article","og_title":"Sindm\u00f3veis promueve dise\u00f1adores brasile\u00f1os en Nueva York - Sindm\u00f3veis-RS","og_description":"Participaci\u00f3n de 12 estudios brasile\u00f1os en ICFF es una acci\u00f3n del Proyecto Ra\u00edz de promoci\u00f3n de la internacionalizaci\u00f3n","og_url":"https:\/\/www.sindmoveis.com.br\/es\/sindmoveis-promove-designers-brasileiros-em-nova-iorque\/","og_site_name":"Sindm\u00f3veis-RS","article_published_time":"2018-05-14T03:00:00+00:00","article_modified_time":"2021-05-26T13:24:21+00:00","og_image":[{"width":1575,"height":988,"url":"https:\/\/www.sindmoveis.com.br\/es\/wp-content\/uploads\/2021\/05\/p1526323107.jpg","type":"image\/jpeg"}],"author":"Imprensa Sindm\u00f3veis","twitter_card":"summary_large_image","twitter_misc":{"Escrito por":"Imprensa Sindm\u00f3veis","Tiempo de lectura":"5 minutos"},"schema":{"@context":"https:\/\/schema.org","@graph":[{"@type":"Article","@id":"https:\/\/www.sindmoveis.com.br\/es\/sindmoveis-promove-designers-brasileiros-em-nova-iorque\/#article","isPartOf":{"@id":"https:\/\/www.sindmoveis.com.br\/es\/sindmoveis-promove-designers-brasileiros-em-nova-iorque\/"},"author":{"name":"Imprensa Sindm\u00f3veis","@id":"https:\/\/www.sindmoveis.com.br\/es\/#\/schema\/person\/16d379542db1950a17fe188179340d57"},"headline":"Sindm\u00f3veis promueve dise\u00f1adores brasile\u00f1os en Nueva York","datePublished":"2018-05-14T03:00:00+00:00","dateModified":"2021-05-26T13:24:21+00:00","mainEntityOfPage":{"@id":"https:\/\/www.sindmoveis.com.br\/es\/sindmoveis-promove-designers-brasileiros-em-nova-iorque\/"},"wordCount":1033,"image":{"@id":"https:\/\/www.sindmoveis.com.br\/es\/sindmoveis-promove-designers-brasileiros-em-nova-iorque\/#primaryimage"},"thumbnailUrl":"https:\/\/www.sindmoveis.com.br\/es\/wp-content\/uploads\/2021\/05\/p1526323107.jpg","articleSection":["Sindm\u00f3veis"],"inLanguage":"es"},{"@type":"WebPage","@id":"https:\/\/www.sindmoveis.com.br\/es\/sindmoveis-promove-designers-brasileiros-em-nova-iorque\/","url":"https:\/\/www.sindmoveis.com.br\/es\/sindmoveis-promove-designers-brasileiros-em-nova-iorque\/","name":"Sindm\u00f3veis promueve dise\u00f1adores brasile\u00f1os en Nueva York - Sindm\u00f3veis-RS","isPartOf":{"@id":"https:\/\/www.sindmoveis.com.br\/es\/#website"},"primaryImageOfPage":{"@id":"https:\/\/www.sindmoveis.com.br\/es\/sindmoveis-promove-designers-brasileiros-em-nova-iorque\/#primaryimage"},"image":{"@id":"https:\/\/www.sindmoveis.com.br\/es\/sindmoveis-promove-designers-brasileiros-em-nova-iorque\/#primaryimage"},"thumbnailUrl":"https:\/\/www.sindmoveis.com.br\/es\/wp-content\/uploads\/2021\/05\/p1526323107.jpg","datePublished":"2018-05-14T03:00:00+00:00","dateModified":"2021-05-26T13:24:21+00:00","author":{"@id":"https:\/\/www.sindmoveis.com.br\/es\/#\/schema\/person\/16d379542db1950a17fe188179340d57"},"inLanguage":"es","potentialAction":[{"@type":"ReadAction","target":["https:\/\/www.sindmoveis.com.br\/es\/sindmoveis-promove-designers-brasileiros-em-nova-iorque\/"]}]},{"@type":"ImageObject","inLanguage":"es","@id":"https:\/\/www.sindmoveis.com.br\/es\/sindmoveis-promove-designers-brasileiros-em-nova-iorque\/#primaryimage","url":"https:\/\/www.sindmoveis.com.br\/es\/wp-content\/uploads\/2021\/05\/p1526323107.jpg","contentUrl":"https:\/\/www.sindmoveis.com.br\/es\/wp-content\/uploads\/2021\/05\/p1526323107.jpg","width":1575,"height":988},{"@type":"WebSite","@id":"https:\/\/www.sindmoveis.com.br\/es\/#website","url":"https:\/\/www.sindmoveis.com.br\/es\/","name":"Sindm\u00f3veis-RS","description":"","potentialAction":[{"@type":"SearchAction","target":{"@type":"EntryPoint","urlTemplate":"https:\/\/www.sindmoveis.com.br\/es\/?s={search_term_string}"},"query-input":{"@type":"PropertyValueSpecification","valueRequired":true,"valueName":"search_term_string"}}],"inLanguage":"es"},{"@type":"Person","@id":"https:\/\/www.sindmoveis.com.br\/es\/#\/schema\/person\/16d379542db1950a17fe188179340d57","name":"Imprensa Sindm\u00f3veis","image":{"@type":"ImageObject","inLanguage":"es","@id":"https:\/\/www.sindmoveis.com.br\/es\/#\/schema\/person\/image\/","url":"https:\/\/secure.gravatar.com\/avatar\/4973e2e2c2a0cb5db30b0c7b770041b8e33d048a16b695a1f99c042449d4bfaf?s=96&d=mm&r=g","contentUrl":"https:\/\/secure.gravatar.com\/avatar\/4973e2e2c2a0cb5db30b0c7b770041b8e33d048a16b695a1f99c042449d4bfaf?s=96&d=mm&r=g","caption":"Imprensa Sindm\u00f3veis"},"url":"https:\/\/www.sindmoveis.com.br\/es\/author\/ana\/"}]}},"_links":{"self":[{"href":"https:\/\/www.sindmoveis.com.br\/es\/wp-json\/wp\/v2\/posts\/1369","targetHints":{"allow":["GET"]}}],"collection":[{"href":"https:\/\/www.sindmoveis.com.br\/es\/wp-json\/wp\/v2\/posts"}],"about":[{"href":"https:\/\/www.sindmoveis.com.br\/es\/wp-json\/wp\/v2\/types\/post"}],"author":[{"embeddable":true,"href":"https:\/\/www.sindmoveis.com.br\/es\/wp-json\/wp\/v2\/users\/5"}],"replies":[{"embeddable":true,"href":"https:\/\/www.sindmoveis.com.br\/es\/wp-json\/wp\/v2\/comments?post=1369"}],"version-history":[{"count":2,"href":"https:\/\/www.sindmoveis.com.br\/es\/wp-json\/wp\/v2\/posts\/1369\/revisions"}],"predecessor-version":[{"id":3684,"href":"https:\/\/www.sindmoveis.com.br\/es\/wp-json\/wp\/v2\/posts\/1369\/revisions\/3684"}],"wp:featuredmedia":[{"embeddable":true,"href":"https:\/\/www.sindmoveis.com.br\/es\/wp-json\/wp\/v2\/media\/3685"}],"wp:attachment":[{"href":"https:\/\/www.sindmoveis.com.br\/es\/wp-json\/wp\/v2\/media?parent=1369"}],"wp:term":[{"taxonomy":"category","embeddable":true,"href":"https:\/\/www.sindmoveis.com.br\/es\/wp-json\/wp\/v2\/categories?post=1369"},{"taxonomy":"post_tag","embeddable":true,"href":"https:\/\/www.sindmoveis.com.br\/es\/wp-json\/wp\/v2\/tags?post=1369"}],"curies":[{"name":"wp","href":"https:\/\/api.w.org\/{rel}","templated":true}]}}