{"id":1367,"date":"2018-05-02T00:00:00","date_gmt":"2018-05-02T03:00:00","guid":{"rendered":"http:\/\/sindmoveis.com.br\/imprensa\/noticias\/design-brasileiro-ganha-notoriedade-com-milao-2018\/"},"modified":"2021-05-26T10:24:21","modified_gmt":"2021-05-26T13:24:21","slug":"design-brasileiro-ganha-notoriedade-com-milao-2018","status":"publish","type":"post","link":"https:\/\/www.sindmoveis.com.br\/es\/design-brasileiro-ganha-notoriedade-com-milao-2018\/","title":{"rendered":"Dise\u00f1o brasile\u00f1o gana notoriedad en Mil\u00e1n 2018"},"content":{"rendered":"<p>Dentro y fuera del Sal&oacute;n Internacional del Mueble de Mil&aacute;n, los <em>trends <\/em>de la semana de dise&ntilde;o m&aacute;s disputada en el mundo mostraron que el dise&ntilde;o brasile&ntilde;o est&aacute; bien posicionado internacionalmente. Con piezas de 25 dise&ntilde;adores brasile&ntilde;os, la participaci&oacute;n del proyecto Ra&iacute;z en la muestra de Brasil, de Apex-Brasil, puso en evidencia la evoluci&oacute;n del trazo brasile&ntilde;o combinado a las referencias culturales.<\/p>\n<p>Al mismo tiempo, el gui&oacute;n principal dentro del iSaloni estuvo bien alineado a nuestro dise&ntilde;o autoral. La preocupaci&oacute;n con materiales ecol&oacute;gicos y sostenibles presente en la feria, tambi&eacute;n es un hilo conductor en las acciones del Proyecto Ra&iacute;z &nbsp;junto a cuestiones de innovaci&oacute;n e identidad. La innovaci&oacute;n, a prop&oacute;sito, apareci&oacute; en Mil&aacute;n muy vinculada al desarrollo de nuevos materiales y a la preocupaci&oacute;n de lograr con ello una viabilidad comercial.<\/p>\n<p>El presidente de Sindm&oacute;veis, Edson Pelicioli, que visit&oacute; atracciones del iSaloni y FuoriSalone en una agenda prospectiva, cuenta que el reciclaje y reaprovechamiento de materiales que ir&iacute;an para la basura fue un abordaje percibido en varios expositores. &ldquo;Esto va en una l&iacute;nea de la econom&iacute;a circular, partiendo del campo de investigaci&oacute;n para la aplicaci&oacute;n en la industria&rdquo; puntualiza.<\/p>\n<p>Otro punto interesante fue la valoraci&oacute;n de dise&ntilde;adores de los pa&iacute;ses emergentes en el Sal&oacute;n Sat&eacute;lite, con destaque para trabajos de &Aacute;frica y Am&eacute;rica Latina. Aqu&iacute;, nacen nuevas oportunidades para el proyecto Ra&iacute;z, que fortalece el posicionamiento internacional del dise&ntilde;ador brasile&ntilde;o, mostrando creatividad, innovaci&oacute;n y potencial de crecimiento en el mercado externo. Despu&eacute;s de esa exposici&oacute;n en Mil&aacute;n, las piezas de los dise&ntilde;adores del proyecto siguen para la Embajada de Brasil en Londres, dando secuencia al cronograma de muestras itinerantes del Proyecto Ra&iacute;z, prevista para la Semana de Dise&ntilde;o de Londres, en septiembre.<\/p>\n","protected":false},"excerpt":{"rendered":"<p>Despu\u00e9s de esa exposici\u00f3n en Mil\u00e1n, las piezas de los dise\u00f1adores del proyecto siguen para la Embajada de Brasil en Londres.<\/p>\n","protected":false},"author":5,"featured_media":3683,"comment_status":"closed","ping_status":"open","sticky":false,"template":"","format":"standard","meta":{"footnotes":"","_links_to":"","_links_to_target":""},"categories":[2],"tags":[],"class_list":["post-1367","post","type-post","status-publish","format-standard","has-post-thumbnail","hentry","category-sindmoveis"],"yoast_head":"<!-- This site is optimized with the Yoast SEO plugin v27.0 - https:\/\/yoast.com\/product\/yoast-seo-wordpress\/ -->\n<title>Dise\u00f1o brasile\u00f1o gana notoriedad en Mil\u00e1n 2018 - Sindm\u00f3veis-RS<\/title>\n<meta name=\"robots\" content=\"index, follow, max-snippet:-1, max-image-preview:large, max-video-preview:-1\" \/>\n<link rel=\"canonical\" href=\"https:\/\/www.sindmoveis.com.br\/es\/design-brasileiro-ganha-notoriedade-com-milao-2018\/\" \/>\n<meta property=\"og:locale\" content=\"es_ES\" \/>\n<meta property=\"og:type\" content=\"article\" \/>\n<meta property=\"og:title\" content=\"Dise\u00f1o brasile\u00f1o gana notoriedad en Mil\u00e1n 2018 - Sindm\u00f3veis-RS\" \/>\n<meta property=\"og:description\" content=\"Despu\u00e9s de esa exposici\u00f3n en Mil\u00e1n, las piezas de los dise\u00f1adores del proyecto siguen para la Embajada de Brasil en Londres.\" \/>\n<meta property=\"og:url\" content=\"https:\/\/www.sindmoveis.com.br\/es\/design-brasileiro-ganha-notoriedade-com-milao-2018\/\" \/>\n<meta property=\"og:site_name\" content=\"Sindm\u00f3veis-RS\" \/>\n<meta property=\"article:published_time\" content=\"2018-05-02T03:00:00+00:00\" \/>\n<meta property=\"article:modified_time\" content=\"2021-05-26T13:24:21+00:00\" \/>\n<meta property=\"og:image\" content=\"https:\/\/www.sindmoveis.com.br\/es\/wp-content\/uploads\/2021\/05\/p1525277599.jpg\" \/>\n\t<meta property=\"og:image:width\" content=\"1181\" \/>\n\t<meta property=\"og:image:height\" content=\"787\" \/>\n\t<meta property=\"og:image:type\" content=\"image\/jpeg\" \/>\n<meta name=\"author\" content=\"Imprensa Sindm\u00f3veis\" \/>\n<meta name=\"twitter:card\" content=\"summary_large_image\" \/>\n<meta name=\"twitter:label1\" content=\"Escrito por\" \/>\n\t<meta name=\"twitter:data1\" content=\"Imprensa Sindm\u00f3veis\" \/>\n\t<meta name=\"twitter:label2\" content=\"Tiempo de lectura\" \/>\n\t<meta name=\"twitter:data2\" content=\"2 minutos\" \/>\n<script type=\"application\/ld+json\" class=\"yoast-schema-graph\">{\"@context\":\"https:\/\/schema.org\",\"@graph\":[{\"@type\":\"Article\",\"@id\":\"https:\/\/www.sindmoveis.com.br\/es\/design-brasileiro-ganha-notoriedade-com-milao-2018\/#article\",\"isPartOf\":{\"@id\":\"https:\/\/www.sindmoveis.com.br\/es\/design-brasileiro-ganha-notoriedade-com-milao-2018\/\"},\"author\":{\"name\":\"Imprensa Sindm\u00f3veis\",\"@id\":\"https:\/\/www.sindmoveis.com.br\/es\/#\/schema\/person\/16d379542db1950a17fe188179340d57\"},\"headline\":\"Dise\u00f1o brasile\u00f1o gana notoriedad en Mil\u00e1n 2018\",\"datePublished\":\"2018-05-02T03:00:00+00:00\",\"dateModified\":\"2021-05-26T13:24:21+00:00\",\"mainEntityOfPage\":{\"@id\":\"https:\/\/www.sindmoveis.com.br\/es\/design-brasileiro-ganha-notoriedade-com-milao-2018\/\"},\"wordCount\":389,\"image\":{\"@id\":\"https:\/\/www.sindmoveis.com.br\/es\/design-brasileiro-ganha-notoriedade-com-milao-2018\/#primaryimage\"},\"thumbnailUrl\":\"https:\/\/www.sindmoveis.com.br\/es\/wp-content\/uploads\/2021\/05\/p1525277599.jpg\",\"articleSection\":[\"Sindm\u00f3veis\"],\"inLanguage\":\"es\"},{\"@type\":\"WebPage\",\"@id\":\"https:\/\/www.sindmoveis.com.br\/es\/design-brasileiro-ganha-notoriedade-com-milao-2018\/\",\"url\":\"https:\/\/www.sindmoveis.com.br\/es\/design-brasileiro-ganha-notoriedade-com-milao-2018\/\",\"name\":\"Dise\u00f1o brasile\u00f1o gana notoriedad en Mil\u00e1n 2018 - Sindm\u00f3veis-RS\",\"isPartOf\":{\"@id\":\"https:\/\/www.sindmoveis.com.br\/es\/#website\"},\"primaryImageOfPage\":{\"@id\":\"https:\/\/www.sindmoveis.com.br\/es\/design-brasileiro-ganha-notoriedade-com-milao-2018\/#primaryimage\"},\"image\":{\"@id\":\"https:\/\/www.sindmoveis.com.br\/es\/design-brasileiro-ganha-notoriedade-com-milao-2018\/#primaryimage\"},\"thumbnailUrl\":\"https:\/\/www.sindmoveis.com.br\/es\/wp-content\/uploads\/2021\/05\/p1525277599.jpg\",\"datePublished\":\"2018-05-02T03:00:00+00:00\",\"dateModified\":\"2021-05-26T13:24:21+00:00\",\"author\":{\"@id\":\"https:\/\/www.sindmoveis.com.br\/es\/#\/schema\/person\/16d379542db1950a17fe188179340d57\"},\"inLanguage\":\"es\",\"potentialAction\":[{\"@type\":\"ReadAction\",\"target\":[\"https:\/\/www.sindmoveis.com.br\/es\/design-brasileiro-ganha-notoriedade-com-milao-2018\/\"]}]},{\"@type\":\"ImageObject\",\"inLanguage\":\"es\",\"@id\":\"https:\/\/www.sindmoveis.com.br\/es\/design-brasileiro-ganha-notoriedade-com-milao-2018\/#primaryimage\",\"url\":\"https:\/\/www.sindmoveis.com.br\/es\/wp-content\/uploads\/2021\/05\/p1525277599.jpg\",\"contentUrl\":\"https:\/\/www.sindmoveis.com.br\/es\/wp-content\/uploads\/2021\/05\/p1525277599.jpg\",\"width\":1181,\"height\":787},{\"@type\":\"WebSite\",\"@id\":\"https:\/\/www.sindmoveis.com.br\/es\/#website\",\"url\":\"https:\/\/www.sindmoveis.com.br\/es\/\",\"name\":\"Sindm\u00f3veis-RS\",\"description\":\"\",\"potentialAction\":[{\"@type\":\"SearchAction\",\"target\":{\"@type\":\"EntryPoint\",\"urlTemplate\":\"https:\/\/www.sindmoveis.com.br\/es\/?s={search_term_string}\"},\"query-input\":{\"@type\":\"PropertyValueSpecification\",\"valueRequired\":true,\"valueName\":\"search_term_string\"}}],\"inLanguage\":\"es\"},{\"@type\":\"Person\",\"@id\":\"https:\/\/www.sindmoveis.com.br\/es\/#\/schema\/person\/16d379542db1950a17fe188179340d57\",\"name\":\"Imprensa Sindm\u00f3veis\",\"image\":{\"@type\":\"ImageObject\",\"inLanguage\":\"es\",\"@id\":\"https:\/\/www.sindmoveis.com.br\/es\/#\/schema\/person\/image\/\",\"url\":\"https:\/\/secure.gravatar.com\/avatar\/4973e2e2c2a0cb5db30b0c7b770041b8e33d048a16b695a1f99c042449d4bfaf?s=96&d=mm&r=g\",\"contentUrl\":\"https:\/\/secure.gravatar.com\/avatar\/4973e2e2c2a0cb5db30b0c7b770041b8e33d048a16b695a1f99c042449d4bfaf?s=96&d=mm&r=g\",\"caption\":\"Imprensa Sindm\u00f3veis\"},\"url\":\"https:\/\/www.sindmoveis.com.br\/es\/author\/ana\/\"}]}<\/script>\n<!-- \/ Yoast SEO plugin. -->","yoast_head_json":{"title":"Dise\u00f1o brasile\u00f1o gana notoriedad en Mil\u00e1n 2018 - Sindm\u00f3veis-RS","robots":{"index":"index","follow":"follow","max-snippet":"max-snippet:-1","max-image-preview":"max-image-preview:large","max-video-preview":"max-video-preview:-1"},"canonical":"https:\/\/www.sindmoveis.com.br\/es\/design-brasileiro-ganha-notoriedade-com-milao-2018\/","og_locale":"es_ES","og_type":"article","og_title":"Dise\u00f1o brasile\u00f1o gana notoriedad en Mil\u00e1n 2018 - Sindm\u00f3veis-RS","og_description":"Despu\u00e9s de esa exposici\u00f3n en Mil\u00e1n, las piezas de los dise\u00f1adores del proyecto siguen para la Embajada de Brasil en Londres.","og_url":"https:\/\/www.sindmoveis.com.br\/es\/design-brasileiro-ganha-notoriedade-com-milao-2018\/","og_site_name":"Sindm\u00f3veis-RS","article_published_time":"2018-05-02T03:00:00+00:00","article_modified_time":"2021-05-26T13:24:21+00:00","og_image":[{"width":1181,"height":787,"url":"https:\/\/www.sindmoveis.com.br\/es\/wp-content\/uploads\/2021\/05\/p1525277599.jpg","type":"image\/jpeg"}],"author":"Imprensa Sindm\u00f3veis","twitter_card":"summary_large_image","twitter_misc":{"Escrito por":"Imprensa Sindm\u00f3veis","Tiempo de lectura":"2 minutos"},"schema":{"@context":"https:\/\/schema.org","@graph":[{"@type":"Article","@id":"https:\/\/www.sindmoveis.com.br\/es\/design-brasileiro-ganha-notoriedade-com-milao-2018\/#article","isPartOf":{"@id":"https:\/\/www.sindmoveis.com.br\/es\/design-brasileiro-ganha-notoriedade-com-milao-2018\/"},"author":{"name":"Imprensa Sindm\u00f3veis","@id":"https:\/\/www.sindmoveis.com.br\/es\/#\/schema\/person\/16d379542db1950a17fe188179340d57"},"headline":"Dise\u00f1o brasile\u00f1o gana notoriedad en Mil\u00e1n 2018","datePublished":"2018-05-02T03:00:00+00:00","dateModified":"2021-05-26T13:24:21+00:00","mainEntityOfPage":{"@id":"https:\/\/www.sindmoveis.com.br\/es\/design-brasileiro-ganha-notoriedade-com-milao-2018\/"},"wordCount":389,"image":{"@id":"https:\/\/www.sindmoveis.com.br\/es\/design-brasileiro-ganha-notoriedade-com-milao-2018\/#primaryimage"},"thumbnailUrl":"https:\/\/www.sindmoveis.com.br\/es\/wp-content\/uploads\/2021\/05\/p1525277599.jpg","articleSection":["Sindm\u00f3veis"],"inLanguage":"es"},{"@type":"WebPage","@id":"https:\/\/www.sindmoveis.com.br\/es\/design-brasileiro-ganha-notoriedade-com-milao-2018\/","url":"https:\/\/www.sindmoveis.com.br\/es\/design-brasileiro-ganha-notoriedade-com-milao-2018\/","name":"Dise\u00f1o brasile\u00f1o gana notoriedad en Mil\u00e1n 2018 - Sindm\u00f3veis-RS","isPartOf":{"@id":"https:\/\/www.sindmoveis.com.br\/es\/#website"},"primaryImageOfPage":{"@id":"https:\/\/www.sindmoveis.com.br\/es\/design-brasileiro-ganha-notoriedade-com-milao-2018\/#primaryimage"},"image":{"@id":"https:\/\/www.sindmoveis.com.br\/es\/design-brasileiro-ganha-notoriedade-com-milao-2018\/#primaryimage"},"thumbnailUrl":"https:\/\/www.sindmoveis.com.br\/es\/wp-content\/uploads\/2021\/05\/p1525277599.jpg","datePublished":"2018-05-02T03:00:00+00:00","dateModified":"2021-05-26T13:24:21+00:00","author":{"@id":"https:\/\/www.sindmoveis.com.br\/es\/#\/schema\/person\/16d379542db1950a17fe188179340d57"},"inLanguage":"es","potentialAction":[{"@type":"ReadAction","target":["https:\/\/www.sindmoveis.com.br\/es\/design-brasileiro-ganha-notoriedade-com-milao-2018\/"]}]},{"@type":"ImageObject","inLanguage":"es","@id":"https:\/\/www.sindmoveis.com.br\/es\/design-brasileiro-ganha-notoriedade-com-milao-2018\/#primaryimage","url":"https:\/\/www.sindmoveis.com.br\/es\/wp-content\/uploads\/2021\/05\/p1525277599.jpg","contentUrl":"https:\/\/www.sindmoveis.com.br\/es\/wp-content\/uploads\/2021\/05\/p1525277599.jpg","width":1181,"height":787},{"@type":"WebSite","@id":"https:\/\/www.sindmoveis.com.br\/es\/#website","url":"https:\/\/www.sindmoveis.com.br\/es\/","name":"Sindm\u00f3veis-RS","description":"","potentialAction":[{"@type":"SearchAction","target":{"@type":"EntryPoint","urlTemplate":"https:\/\/www.sindmoveis.com.br\/es\/?s={search_term_string}"},"query-input":{"@type":"PropertyValueSpecification","valueRequired":true,"valueName":"search_term_string"}}],"inLanguage":"es"},{"@type":"Person","@id":"https:\/\/www.sindmoveis.com.br\/es\/#\/schema\/person\/16d379542db1950a17fe188179340d57","name":"Imprensa Sindm\u00f3veis","image":{"@type":"ImageObject","inLanguage":"es","@id":"https:\/\/www.sindmoveis.com.br\/es\/#\/schema\/person\/image\/","url":"https:\/\/secure.gravatar.com\/avatar\/4973e2e2c2a0cb5db30b0c7b770041b8e33d048a16b695a1f99c042449d4bfaf?s=96&d=mm&r=g","contentUrl":"https:\/\/secure.gravatar.com\/avatar\/4973e2e2c2a0cb5db30b0c7b770041b8e33d048a16b695a1f99c042449d4bfaf?s=96&d=mm&r=g","caption":"Imprensa Sindm\u00f3veis"},"url":"https:\/\/www.sindmoveis.com.br\/es\/author\/ana\/"}]}},"_links":{"self":[{"href":"https:\/\/www.sindmoveis.com.br\/es\/wp-json\/wp\/v2\/posts\/1367","targetHints":{"allow":["GET"]}}],"collection":[{"href":"https:\/\/www.sindmoveis.com.br\/es\/wp-json\/wp\/v2\/posts"}],"about":[{"href":"https:\/\/www.sindmoveis.com.br\/es\/wp-json\/wp\/v2\/types\/post"}],"author":[{"embeddable":true,"href":"https:\/\/www.sindmoveis.com.br\/es\/wp-json\/wp\/v2\/users\/5"}],"replies":[{"embeddable":true,"href":"https:\/\/www.sindmoveis.com.br\/es\/wp-json\/wp\/v2\/comments?post=1367"}],"version-history":[{"count":2,"href":"https:\/\/www.sindmoveis.com.br\/es\/wp-json\/wp\/v2\/posts\/1367\/revisions"}],"predecessor-version":[{"id":3682,"href":"https:\/\/www.sindmoveis.com.br\/es\/wp-json\/wp\/v2\/posts\/1367\/revisions\/3682"}],"wp:featuredmedia":[{"embeddable":true,"href":"https:\/\/www.sindmoveis.com.br\/es\/wp-json\/wp\/v2\/media\/3683"}],"wp:attachment":[{"href":"https:\/\/www.sindmoveis.com.br\/es\/wp-json\/wp\/v2\/media?parent=1367"}],"wp:term":[{"taxonomy":"category","embeddable":true,"href":"https:\/\/www.sindmoveis.com.br\/es\/wp-json\/wp\/v2\/categories?post=1367"},{"taxonomy":"post_tag","embeddable":true,"href":"https:\/\/www.sindmoveis.com.br\/es\/wp-json\/wp\/v2\/tags?post=1367"}],"curies":[{"name":"wp","href":"https:\/\/api.w.org\/{rel}","templated":true}]}}