{"id":1365,"date":"2018-04-02T00:00:00","date_gmt":"2018-04-02T03:00:00","guid":{"rendered":"http:\/\/sindmoveis.com.br\/imprensa\/noticias\/sindmoveis-apresenta-mostra-o-sentar-do-brasileiro-na-semana-de-design-de-milao\/"},"modified":"2021-05-26T10:24:21","modified_gmt":"2021-05-26T13:24:21","slug":"sindmoveis-apresenta-mostra-o-sentar-do-brasileiro-na-semana-de-design-de-milao","status":"publish","type":"post","link":"https:\/\/www.sindmoveis.com.br\/es\/sindmoveis-apresenta-mostra-o-sentar-do-brasileiro-na-semana-de-design-de-milao\/","title":{"rendered":"Sindm\u00f3veis presenta muestra \u201cEl sentar del brasile\u00f1o\u201d en la Semana de Dise\u00f1o de Mil\u00e1n"},"content":{"rendered":"<p>El Proyecto Ra&iacute;z de incentivo a la internacionalizaci&oacute;n de dise&ntilde;adores nacionales, promovido por el Sindicato de las Industrias del Mobiliario de Bento Gon&ccedil;alves (Sindm&oacute;veis) y por la Agencia Brasile&ntilde;a de Promoci&oacute;n de Exportaciones e Inversiones (Apex-Brasil), participa de la Semana de Dise&ntilde;o de Mil&aacute;n, que se realiza de 17 a 22 de abril y hace parte de las acciones realizadas por Be Brasil.<\/p>\n<p>&nbsp;&nbsp;&nbsp;&nbsp;&nbsp;&nbsp;&nbsp;&nbsp;&nbsp;&nbsp;&nbsp;&nbsp;&nbsp;&nbsp;&nbsp;<br \/>\nEn la exposici&oacute;n, el gran mestizaje del pa&iacute;s y la&nbsp; decurrente cultura de or&iacute;genes variados son traducidas en piezas que explotan el acto de sentar del brasile&ntilde;o, sea por v&iacute;as de celebraci&oacute;n, trabajo, religi&oacute;n o reposo. Un panorama va a trazar la importancia hist&oacute;rica de esta posici&oacute;n para la naci&oacute;n verde amarilla, bajo la mirada de Ethel Leon, periodista y profesora de Historia del Dise&ntilde;o. <em>&ldquo;Destino de tantos flujos migratorios, Brasil presenta, hasta hoy, a&uacute;n despu&eacute;s de la gran ola de occidentalizar y universalizar ocurrida en el siglo XX, gran variedad de formas de sentarse. Es muy com&uacute;n encontrar, fuera de los grandes centros urbanos, grupos de mujeres artesanas de la cester&iacute;a o que realizan labores de costura sentadas en el suelo, piernas cruzadas, columna erecta, herencia de los muchos pueblos ind&iacute;genas, pero tambi&eacute;n postura pr&oacute;xima a aquella de los descendientes de japoneses en sus casas tradicionales del sudeste y del sur del pa&iacute;s&rdquo; completa la historiadora.<\/em><\/p>\n<p><em>&nbsp;<\/em><\/p>\n<p>La evoluci&oacute;n de los trazos y las inspiraciones de los dise&ntilde;adores del pa&iacute;s son combinados a las costumbres culturales y a la a variedad natural de Brasil, multiplicidad capaz de agregar caracter&iacute;sticas &uacute;nicas a los productos. Sobre tal punto tambi&eacute;n expuesto durante la muestra, Ethel comenta:&nbsp;<em>&ldquo;El mobiliario brasile&ntilde;o moderno nunca ha ignorado la producci&oacute;n de los grandes maestros internacionales y ha &nbsp;consolidado tradiciones propias, que se anclan, sobre todo, en el uso de los le&ntilde;os nativos, de diferentes densidades, colores y texturas. Una poltrona cuya base sea de madera maciza, si bien proyectada y fabricada, dura m&aacute;s de cien a&ntilde;os, tiempo suficiente para reponer la materia-prima en escala&rdquo;.<\/em><\/p>\n<p>&nbsp;<\/p>\n<p>Participan de la muestra los dise&ntilde;adores y estudios:&nbsp;<strong>Alessandra Delgado, Andrea Macruz, Aristeu Pires, Carol Gay, Daniela Ziegler, estudiobola, Fahrer, Faro Design, Gustavo Martini, Guto Indio da Costa, Jader Almeida, Larissa Batista, Lattoog, Leo Romano, Marta Manente, NDT Design, Noemi Saga, Paulo Alves, Quadrante, Renata Rubim Design &amp; Cores, Reboh Design, Roberta Rampazzo Design, Ronald Sasson, Tora Brasil y Wagner Archella.&nbsp;<\/strong>&nbsp;La iniciativa busca fortalecer el posicionamiento del profesional, dise&ntilde;ador brasile&ntilde;o, destacando creatividad, innovaci&oacute;n y potencial de crecimiento en el mercado externo. Los productos fueron seleccionados a trav&eacute;s de la curadur&iacute;a especializada de las entidades y destacan los principales atributos del dise&ntilde;o nacional: creatividad, innovaci&oacute;n y sostenibilidad. Las empresas tambi&eacute;n van a participar de rondas de negocios con compradores internacionales, fomentando la relaci&oacute;n comercial entre las partes interesadas. Despu&eacute;s de la&nbsp; exposici&oacute;n, las piezas siguen para la Embajada de Brasil en Londres, dando secuencia al cronograma de muestras itinerantes del Proyecto Ra&iacute;z, prevista para la Semana de Dise&ntilde;o de Londres, en septiembre.&nbsp;&nbsp;&nbsp;&nbsp; &nbsp;&nbsp;&nbsp;&nbsp;&nbsp;&nbsp;<br \/>\n&nbsp;<\/p>\n<p>&nbsp;<\/p>\n<p><strong>Proyecto Ra&iacute;z &ndash; Be Brasil en la Semana de Dise&ntilde;o de Mil&aacute;n 2018<\/strong><\/p>\n<p><strong>Fecha<\/strong>: 17 a 22 de abril<\/p>\n<p><strong>Lugar<\/strong>: BE BRASIL &#8211; Via Maroncelli 14, 20154, Mil&aacute;n, Italia<\/p>\n<p><a href=\"http:\/\/www.raizproject.com\/\">www.raizproject.com<\/a>&nbsp; &nbsp;&nbsp;&nbsp;<\/p>\n<p><a href=\"https:\/\/www.facebook.com\/raizprojectoficial\/\">https:\/\/www.facebook.com\/raizprojectoficial\/<\/a><\/p>\n<p>@raizproject<\/p>\n","protected":false},"excerpt":{"rendered":"<p>Exposici\u00f3n va a reunir piezas de 25 dise\u00f1adores participantes del Proyecto Ra\u00edz de incentivo a las exportaciones, una asociaci\u00f3n entre  Sindm\u00f3veis y Apex-Brasil<\/p>\n","protected":false},"author":5,"featured_media":3681,"comment_status":"closed","ping_status":"open","sticky":false,"template":"","format":"standard","meta":{"footnotes":"","_links_to":"","_links_to_target":""},"categories":[2],"tags":[],"class_list":["post-1365","post","type-post","status-publish","format-standard","has-post-thumbnail","hentry","category-sindmoveis"],"yoast_head":"<!-- This site is optimized with the Yoast SEO plugin v27.0 - https:\/\/yoast.com\/product\/yoast-seo-wordpress\/ -->\n<title>Sindm\u00f3veis presenta muestra \u201cEl sentar del brasile\u00f1o\u201d en la Semana de Dise\u00f1o de Mil\u00e1n - Sindm\u00f3veis-RS<\/title>\n<meta name=\"robots\" content=\"index, follow, max-snippet:-1, max-image-preview:large, max-video-preview:-1\" \/>\n<link rel=\"canonical\" href=\"https:\/\/www.sindmoveis.com.br\/es\/sindmoveis-apresenta-mostra-o-sentar-do-brasileiro-na-semana-de-design-de-milao\/\" \/>\n<meta property=\"og:locale\" content=\"es_ES\" \/>\n<meta property=\"og:type\" content=\"article\" \/>\n<meta property=\"og:title\" content=\"Sindm\u00f3veis presenta muestra \u201cEl sentar del brasile\u00f1o\u201d en la Semana de Dise\u00f1o de Mil\u00e1n - Sindm\u00f3veis-RS\" \/>\n<meta property=\"og:description\" content=\"Exposici\u00f3n va a reunir piezas de 25 dise\u00f1adores participantes del Proyecto Ra\u00edz de incentivo a las exportaciones, una asociaci\u00f3n entre Sindm\u00f3veis y Apex-Brasil\" \/>\n<meta property=\"og:url\" content=\"https:\/\/www.sindmoveis.com.br\/es\/sindmoveis-apresenta-mostra-o-sentar-do-brasileiro-na-semana-de-design-de-milao\/\" \/>\n<meta property=\"og:site_name\" content=\"Sindm\u00f3veis-RS\" \/>\n<meta property=\"article:published_time\" content=\"2018-04-02T03:00:00+00:00\" \/>\n<meta property=\"article:modified_time\" content=\"2021-05-26T13:24:21+00:00\" \/>\n<meta property=\"og:image\" content=\"https:\/\/www.sindmoveis.com.br\/es\/wp-content\/uploads\/2021\/05\/p1522695213.jpg\" \/>\n\t<meta property=\"og:image:width\" content=\"1206\" \/>\n\t<meta property=\"og:image:height\" content=\"786\" \/>\n\t<meta property=\"og:image:type\" content=\"image\/jpeg\" \/>\n<meta name=\"author\" content=\"Imprensa Sindm\u00f3veis\" \/>\n<meta name=\"twitter:card\" content=\"summary_large_image\" \/>\n<meta name=\"twitter:label1\" content=\"Escrito por\" \/>\n\t<meta name=\"twitter:data1\" content=\"Imprensa Sindm\u00f3veis\" \/>\n\t<meta name=\"twitter:label2\" content=\"Tiempo de lectura\" \/>\n\t<meta name=\"twitter:data2\" content=\"3 minutos\" \/>\n<script type=\"application\/ld+json\" class=\"yoast-schema-graph\">{\"@context\":\"https:\/\/schema.org\",\"@graph\":[{\"@type\":\"Article\",\"@id\":\"https:\/\/www.sindmoveis.com.br\/es\/sindmoveis-apresenta-mostra-o-sentar-do-brasileiro-na-semana-de-design-de-milao\/#article\",\"isPartOf\":{\"@id\":\"https:\/\/www.sindmoveis.com.br\/es\/sindmoveis-apresenta-mostra-o-sentar-do-brasileiro-na-semana-de-design-de-milao\/\"},\"author\":{\"name\":\"Imprensa Sindm\u00f3veis\",\"@id\":\"https:\/\/www.sindmoveis.com.br\/es\/#\/schema\/person\/16d379542db1950a17fe188179340d57\"},\"headline\":\"Sindm\u00f3veis presenta muestra \u201cEl sentar del brasile\u00f1o\u201d en la Semana de Dise\u00f1o de Mil\u00e1n\",\"datePublished\":\"2018-04-02T03:00:00+00:00\",\"dateModified\":\"2021-05-26T13:24:21+00:00\",\"mainEntityOfPage\":{\"@id\":\"https:\/\/www.sindmoveis.com.br\/es\/sindmoveis-apresenta-mostra-o-sentar-do-brasileiro-na-semana-de-design-de-milao\/\"},\"wordCount\":697,\"image\":{\"@id\":\"https:\/\/www.sindmoveis.com.br\/es\/sindmoveis-apresenta-mostra-o-sentar-do-brasileiro-na-semana-de-design-de-milao\/#primaryimage\"},\"thumbnailUrl\":\"https:\/\/www.sindmoveis.com.br\/es\/wp-content\/uploads\/2021\/05\/p1522695213.jpg\",\"articleSection\":[\"Sindm\u00f3veis\"],\"inLanguage\":\"es\"},{\"@type\":\"WebPage\",\"@id\":\"https:\/\/www.sindmoveis.com.br\/es\/sindmoveis-apresenta-mostra-o-sentar-do-brasileiro-na-semana-de-design-de-milao\/\",\"url\":\"https:\/\/www.sindmoveis.com.br\/es\/sindmoveis-apresenta-mostra-o-sentar-do-brasileiro-na-semana-de-design-de-milao\/\",\"name\":\"Sindm\u00f3veis presenta muestra \u201cEl sentar del brasile\u00f1o\u201d en la Semana de Dise\u00f1o de Mil\u00e1n - Sindm\u00f3veis-RS\",\"isPartOf\":{\"@id\":\"https:\/\/www.sindmoveis.com.br\/es\/#website\"},\"primaryImageOfPage\":{\"@id\":\"https:\/\/www.sindmoveis.com.br\/es\/sindmoveis-apresenta-mostra-o-sentar-do-brasileiro-na-semana-de-design-de-milao\/#primaryimage\"},\"image\":{\"@id\":\"https:\/\/www.sindmoveis.com.br\/es\/sindmoveis-apresenta-mostra-o-sentar-do-brasileiro-na-semana-de-design-de-milao\/#primaryimage\"},\"thumbnailUrl\":\"https:\/\/www.sindmoveis.com.br\/es\/wp-content\/uploads\/2021\/05\/p1522695213.jpg\",\"datePublished\":\"2018-04-02T03:00:00+00:00\",\"dateModified\":\"2021-05-26T13:24:21+00:00\",\"author\":{\"@id\":\"https:\/\/www.sindmoveis.com.br\/es\/#\/schema\/person\/16d379542db1950a17fe188179340d57\"},\"inLanguage\":\"es\",\"potentialAction\":[{\"@type\":\"ReadAction\",\"target\":[\"https:\/\/www.sindmoveis.com.br\/es\/sindmoveis-apresenta-mostra-o-sentar-do-brasileiro-na-semana-de-design-de-milao\/\"]}]},{\"@type\":\"ImageObject\",\"inLanguage\":\"es\",\"@id\":\"https:\/\/www.sindmoveis.com.br\/es\/sindmoveis-apresenta-mostra-o-sentar-do-brasileiro-na-semana-de-design-de-milao\/#primaryimage\",\"url\":\"https:\/\/www.sindmoveis.com.br\/es\/wp-content\/uploads\/2021\/05\/p1522695213.jpg\",\"contentUrl\":\"https:\/\/www.sindmoveis.com.br\/es\/wp-content\/uploads\/2021\/05\/p1522695213.jpg\",\"width\":1206,\"height\":786},{\"@type\":\"WebSite\",\"@id\":\"https:\/\/www.sindmoveis.com.br\/es\/#website\",\"url\":\"https:\/\/www.sindmoveis.com.br\/es\/\",\"name\":\"Sindm\u00f3veis-RS\",\"description\":\"\",\"potentialAction\":[{\"@type\":\"SearchAction\",\"target\":{\"@type\":\"EntryPoint\",\"urlTemplate\":\"https:\/\/www.sindmoveis.com.br\/es\/?s={search_term_string}\"},\"query-input\":{\"@type\":\"PropertyValueSpecification\",\"valueRequired\":true,\"valueName\":\"search_term_string\"}}],\"inLanguage\":\"es\"},{\"@type\":\"Person\",\"@id\":\"https:\/\/www.sindmoveis.com.br\/es\/#\/schema\/person\/16d379542db1950a17fe188179340d57\",\"name\":\"Imprensa Sindm\u00f3veis\",\"image\":{\"@type\":\"ImageObject\",\"inLanguage\":\"es\",\"@id\":\"https:\/\/www.sindmoveis.com.br\/es\/#\/schema\/person\/image\/\",\"url\":\"https:\/\/secure.gravatar.com\/avatar\/4973e2e2c2a0cb5db30b0c7b770041b8e33d048a16b695a1f99c042449d4bfaf?s=96&d=mm&r=g\",\"contentUrl\":\"https:\/\/secure.gravatar.com\/avatar\/4973e2e2c2a0cb5db30b0c7b770041b8e33d048a16b695a1f99c042449d4bfaf?s=96&d=mm&r=g\",\"caption\":\"Imprensa Sindm\u00f3veis\"},\"url\":\"https:\/\/www.sindmoveis.com.br\/es\/author\/ana\/\"}]}<\/script>\n<!-- \/ Yoast SEO plugin. -->","yoast_head_json":{"title":"Sindm\u00f3veis presenta muestra \u201cEl sentar del brasile\u00f1o\u201d en la Semana de Dise\u00f1o de Mil\u00e1n - Sindm\u00f3veis-RS","robots":{"index":"index","follow":"follow","max-snippet":"max-snippet:-1","max-image-preview":"max-image-preview:large","max-video-preview":"max-video-preview:-1"},"canonical":"https:\/\/www.sindmoveis.com.br\/es\/sindmoveis-apresenta-mostra-o-sentar-do-brasileiro-na-semana-de-design-de-milao\/","og_locale":"es_ES","og_type":"article","og_title":"Sindm\u00f3veis presenta muestra \u201cEl sentar del brasile\u00f1o\u201d en la Semana de Dise\u00f1o de Mil\u00e1n - Sindm\u00f3veis-RS","og_description":"Exposici\u00f3n va a reunir piezas de 25 dise\u00f1adores participantes del Proyecto Ra\u00edz de incentivo a las exportaciones, una asociaci\u00f3n entre Sindm\u00f3veis y Apex-Brasil","og_url":"https:\/\/www.sindmoveis.com.br\/es\/sindmoveis-apresenta-mostra-o-sentar-do-brasileiro-na-semana-de-design-de-milao\/","og_site_name":"Sindm\u00f3veis-RS","article_published_time":"2018-04-02T03:00:00+00:00","article_modified_time":"2021-05-26T13:24:21+00:00","og_image":[{"width":1206,"height":786,"url":"https:\/\/www.sindmoveis.com.br\/es\/wp-content\/uploads\/2021\/05\/p1522695213.jpg","type":"image\/jpeg"}],"author":"Imprensa Sindm\u00f3veis","twitter_card":"summary_large_image","twitter_misc":{"Escrito por":"Imprensa Sindm\u00f3veis","Tiempo de lectura":"3 minutos"},"schema":{"@context":"https:\/\/schema.org","@graph":[{"@type":"Article","@id":"https:\/\/www.sindmoveis.com.br\/es\/sindmoveis-apresenta-mostra-o-sentar-do-brasileiro-na-semana-de-design-de-milao\/#article","isPartOf":{"@id":"https:\/\/www.sindmoveis.com.br\/es\/sindmoveis-apresenta-mostra-o-sentar-do-brasileiro-na-semana-de-design-de-milao\/"},"author":{"name":"Imprensa Sindm\u00f3veis","@id":"https:\/\/www.sindmoveis.com.br\/es\/#\/schema\/person\/16d379542db1950a17fe188179340d57"},"headline":"Sindm\u00f3veis presenta muestra \u201cEl sentar del brasile\u00f1o\u201d en la Semana de Dise\u00f1o de Mil\u00e1n","datePublished":"2018-04-02T03:00:00+00:00","dateModified":"2021-05-26T13:24:21+00:00","mainEntityOfPage":{"@id":"https:\/\/www.sindmoveis.com.br\/es\/sindmoveis-apresenta-mostra-o-sentar-do-brasileiro-na-semana-de-design-de-milao\/"},"wordCount":697,"image":{"@id":"https:\/\/www.sindmoveis.com.br\/es\/sindmoveis-apresenta-mostra-o-sentar-do-brasileiro-na-semana-de-design-de-milao\/#primaryimage"},"thumbnailUrl":"https:\/\/www.sindmoveis.com.br\/es\/wp-content\/uploads\/2021\/05\/p1522695213.jpg","articleSection":["Sindm\u00f3veis"],"inLanguage":"es"},{"@type":"WebPage","@id":"https:\/\/www.sindmoveis.com.br\/es\/sindmoveis-apresenta-mostra-o-sentar-do-brasileiro-na-semana-de-design-de-milao\/","url":"https:\/\/www.sindmoveis.com.br\/es\/sindmoveis-apresenta-mostra-o-sentar-do-brasileiro-na-semana-de-design-de-milao\/","name":"Sindm\u00f3veis presenta muestra \u201cEl sentar del brasile\u00f1o\u201d en la Semana de Dise\u00f1o de Mil\u00e1n - Sindm\u00f3veis-RS","isPartOf":{"@id":"https:\/\/www.sindmoveis.com.br\/es\/#website"},"primaryImageOfPage":{"@id":"https:\/\/www.sindmoveis.com.br\/es\/sindmoveis-apresenta-mostra-o-sentar-do-brasileiro-na-semana-de-design-de-milao\/#primaryimage"},"image":{"@id":"https:\/\/www.sindmoveis.com.br\/es\/sindmoveis-apresenta-mostra-o-sentar-do-brasileiro-na-semana-de-design-de-milao\/#primaryimage"},"thumbnailUrl":"https:\/\/www.sindmoveis.com.br\/es\/wp-content\/uploads\/2021\/05\/p1522695213.jpg","datePublished":"2018-04-02T03:00:00+00:00","dateModified":"2021-05-26T13:24:21+00:00","author":{"@id":"https:\/\/www.sindmoveis.com.br\/es\/#\/schema\/person\/16d379542db1950a17fe188179340d57"},"inLanguage":"es","potentialAction":[{"@type":"ReadAction","target":["https:\/\/www.sindmoveis.com.br\/es\/sindmoveis-apresenta-mostra-o-sentar-do-brasileiro-na-semana-de-design-de-milao\/"]}]},{"@type":"ImageObject","inLanguage":"es","@id":"https:\/\/www.sindmoveis.com.br\/es\/sindmoveis-apresenta-mostra-o-sentar-do-brasileiro-na-semana-de-design-de-milao\/#primaryimage","url":"https:\/\/www.sindmoveis.com.br\/es\/wp-content\/uploads\/2021\/05\/p1522695213.jpg","contentUrl":"https:\/\/www.sindmoveis.com.br\/es\/wp-content\/uploads\/2021\/05\/p1522695213.jpg","width":1206,"height":786},{"@type":"WebSite","@id":"https:\/\/www.sindmoveis.com.br\/es\/#website","url":"https:\/\/www.sindmoveis.com.br\/es\/","name":"Sindm\u00f3veis-RS","description":"","potentialAction":[{"@type":"SearchAction","target":{"@type":"EntryPoint","urlTemplate":"https:\/\/www.sindmoveis.com.br\/es\/?s={search_term_string}"},"query-input":{"@type":"PropertyValueSpecification","valueRequired":true,"valueName":"search_term_string"}}],"inLanguage":"es"},{"@type":"Person","@id":"https:\/\/www.sindmoveis.com.br\/es\/#\/schema\/person\/16d379542db1950a17fe188179340d57","name":"Imprensa Sindm\u00f3veis","image":{"@type":"ImageObject","inLanguage":"es","@id":"https:\/\/www.sindmoveis.com.br\/es\/#\/schema\/person\/image\/","url":"https:\/\/secure.gravatar.com\/avatar\/4973e2e2c2a0cb5db30b0c7b770041b8e33d048a16b695a1f99c042449d4bfaf?s=96&d=mm&r=g","contentUrl":"https:\/\/secure.gravatar.com\/avatar\/4973e2e2c2a0cb5db30b0c7b770041b8e33d048a16b695a1f99c042449d4bfaf?s=96&d=mm&r=g","caption":"Imprensa Sindm\u00f3veis"},"url":"https:\/\/www.sindmoveis.com.br\/es\/author\/ana\/"}]}},"_links":{"self":[{"href":"https:\/\/www.sindmoveis.com.br\/es\/wp-json\/wp\/v2\/posts\/1365","targetHints":{"allow":["GET"]}}],"collection":[{"href":"https:\/\/www.sindmoveis.com.br\/es\/wp-json\/wp\/v2\/posts"}],"about":[{"href":"https:\/\/www.sindmoveis.com.br\/es\/wp-json\/wp\/v2\/types\/post"}],"author":[{"embeddable":true,"href":"https:\/\/www.sindmoveis.com.br\/es\/wp-json\/wp\/v2\/users\/5"}],"replies":[{"embeddable":true,"href":"https:\/\/www.sindmoveis.com.br\/es\/wp-json\/wp\/v2\/comments?post=1365"}],"version-history":[{"count":2,"href":"https:\/\/www.sindmoveis.com.br\/es\/wp-json\/wp\/v2\/posts\/1365\/revisions"}],"predecessor-version":[{"id":3680,"href":"https:\/\/www.sindmoveis.com.br\/es\/wp-json\/wp\/v2\/posts\/1365\/revisions\/3680"}],"wp:featuredmedia":[{"embeddable":true,"href":"https:\/\/www.sindmoveis.com.br\/es\/wp-json\/wp\/v2\/media\/3681"}],"wp:attachment":[{"href":"https:\/\/www.sindmoveis.com.br\/es\/wp-json\/wp\/v2\/media?parent=1365"}],"wp:term":[{"taxonomy":"category","embeddable":true,"href":"https:\/\/www.sindmoveis.com.br\/es\/wp-json\/wp\/v2\/categories?post=1365"},{"taxonomy":"post_tag","embeddable":true,"href":"https:\/\/www.sindmoveis.com.br\/es\/wp-json\/wp\/v2\/tags?post=1365"}],"curies":[{"name":"wp","href":"https:\/\/api.w.org\/{rel}","templated":true}]}}