{"id":1364,"date":"2018-03-16T00:00:00","date_gmt":"2018-03-16T03:00:00","guid":{"rendered":"http:\/\/sindmoveis.com.br\/imprensa\/noticias\/movelsul-brasil-2018-encerra-com-30284-mil-visitantes\/"},"modified":"2021-05-26T10:31:42","modified_gmt":"2021-05-26T13:31:42","slug":"movelsul-brasil-2018-encerra-com-30284-mil-visitantes","status":"publish","type":"post","link":"https:\/\/www.sindmoveis.com.br\/es\/movelsul-brasil-2018-encerra-com-30284-mil-visitantes\/","title":{"rendered":"Movelsul Brasil 2018 finaliza con 30.284 mil visitantes"},"content":{"rendered":"<p>Movelsul Brasil reafirm&oacute; esta semana para el sector del mobiliario nacional con el &eacute;xito de su 21&ordf; edici&oacute;n, realizada de 12 a 15 de marzo, en el Parque de Eventos de Bento Gon&ccedil;alves. A&uacute;n con la reducci&oacute;n de un d&iacute;a frente a las ediciones anteriores, la mayor feria de muebles de Am&eacute;rica Latina para el revendedor y el importador finaliz&oacute; con la visita de 30.284 profesionales de 33 pa&iacute;ses.<\/p>\n<p>Para los 246 expositores participantes, queda la expectativa de un buen desempe&ntilde;o en el a&ntilde;o a partir de los negocios fomentados en la feria, que deben sobrepasar los 300 millones de reales proyectados inicialmente por el Sindicato de las Industrias del Mobiliario de Bento Gon&ccedil;alves &ndash; Sindm&oacute;veis, entidad promotora de Movelsul Brasil. Para la organizaci&oacute;n &nbsp;resta la satisfacci&oacute;n del deber cumplido en m&aacute;s una edici&oacute;n del evento, que en este a&ntilde;o trabaj&oacute; la tem&aacute;tica del turismo aliado a los negocios para atraer el visitante al coraz&oacute;n de la Sierra Gaucha.<\/p>\n<p>En todos sus pronunciamientos antes y durante la feria, el presidente de Movelsul Brasil, Edson Pelicioli, resalt&oacute; la relevancia del trabajo realizado por Sindm&oacute;veis en la promoci&oacute;n del sector del mobiliario nacional. Movelsul surgi&oacute; hace 40 a&ntilde;os para engrandecer el sector del mobiliario local. Sin embargo, en su trayectoria, acab&oacute; fortaleciendo la industria del mobiliario nacional y llevando el nombre de Bento Gon&ccedil;alves para Brasil y para el mundo. &ldquo;Sindm&oacute;veis conoce las necesidades del sector y sab&iacute;a que la necesidad de este momento era un impulso fuerte de retomada. Fueron meses buscando alternativas, buscando reinventar, buscando atraer el expositor y el revendedor. El resultado muestra que lo hemos logrado&rdquo;, afirm&oacute; el presidente.<\/p>\n<p>&nbsp;<\/p>\n<p><strong>Internacionalizaci&oacute;n de la feria<\/strong><\/p>\n<p>El car&aacute;cter internacional de la feria se comprob&oacute; por la circulaci&oacute;n de revendedores y distribuidores de 32 pa&iacute;ses adem&aacute;s de Brasil: Alemania, Argentina, Bolivia, Camer&uacute;n, Chile, China Colombia, Costa Rica, Curazao, Ecuador, Escocia, Espa&ntilde;a, Estados Unidos, Francia, Gana, Guatemala, Irlanda, Italia, M&eacute;xico, Mozambique, Nicaragua, Panam&aacute;, Paraguay, Per&uacute;, Portugal, Puerto Rico, Kenia, Rep&uacute;blica Dominicana, Reino Unido, Sud&aacute;frica, Trinidad y Tobago, Uruguay.&nbsp;<\/p>\n<p>Las rondas de negocios del Proyecto Comprador para industrias y dise&ntilde;adores brasile&ntilde;os colocaron frente a frente nuestras empresas exportadoras con compradores en potencial para el mueble brasile&ntilde;o. Los n&uacute;meros fueron un r&eacute;cord para el proyecto realizado en la feria desde el a&ntilde;o 2000. Al todo, 70 importadores invitados negociaron con 145 empresas y la expectativa es una generaci&oacute;n de exportaciones que alcanza 60 millones de d&oacute;lares a partir de esas reuniones.<\/p>\n<p>Ello muestra la visi&oacute;n de largo plazo de Sindm&oacute;veis Bento Gon&ccedil;alves y de Movelsul Brasil para exportaciones, considerando que el contacto con las exigencias y peculiaridades del mercado internacional hace que las empresas sean todav&iacute;a m&aacute;s competitivas en el mercado dom&eacute;stico, promoviendo el desarrollo del sector del mobiliario como un todo. &ldquo;Tenemos un escenario de retomada de la competitividad de la industria brasile&ntilde;a en el mercado internacional con oportunidades para todos los segmentos, desde el mueble RTA hasta el dise&ntilde;o innovador, con muchos casos de un mismo comprador buscando l&iacute;neas variadas para su portafolio&rdquo;, apunta la consultora de Sindm&oacute;veis para el mercado internacional, Ana Cristina Scheneider.<\/p>\n<p>&nbsp;<\/p>\n<p><strong>Innovaci&oacute;n y conocimiento en otras acciones paralelas<\/strong><\/p>\n<p>Movelsul Brasil 2018 tuvo cuatro proyectos paralelos que trajeron dise&ntilde;o, conocimiento e innovaci&oacute;n para la feria, fomentando a&uacute;n m&aacute;s los negocios. Adem&aacute;s del proyecto Comprador con sus rondas de negocios volcadas a las exportaciones, la feria provoc&oacute; al expositor a crear novedades para el revendedor nacional, desafiando las industrias a desarrollar lanzamientos con dise&ntilde;o firmado en el Proyecto Comercio Minorista. Fueron 19 expositores participantes que crearon 50 nuevos productos para las principales redes de ventas al por menor&nbsp; y <em>e-commerce<\/em> del pa&iacute;s.<\/p>\n<p>Ya el Premio Sal&atilde;o Design, en su conmemoraci&oacute;n de 30 a&ntilde;os, revel&oacute; durante Movelsul Brasil la clasificaci&oacute;n de los vencedores en las modalidades Estudiante, Profesional e Industria. Fueron concedidos, tambi&eacute;n, tres s&uacute;per premios para los mejores productos de la edici&oacute;n: primer s&uacute;per premio para la l&aacute;mpara Costureira, de Andr&eacute; Ferri (Belo Horizonte); segundo s&uacute;per premio para Biblioteca Laterna, del estudio Enbruto (C&oacute;rdoba); y tercer s&uacute;per premio para la l&iacute;nea Zina, del estudio Zanini (R&iacute;o de Janeiro). Con patrocinio de Berneck e Interprint, el premio tendr&aacute; una segunda muestra de productos este a&ntilde;o. Ser&aacute; en agosto, en la feria High Design Home &amp; Office Expo, en S&atilde;o Paulo, durante DW! S&atilde;o Paulo Design Weekend.<\/p>\n<p>Finalmente, las conferencias del primer Foro Movelsul Brasil reunieron revendedores, expositores y representantes para hacer una reflexi&oacute;n sobre el tema de los nuevos modelos de comercio minorista y como el consumo all line van a impactar el sector del mobiliario. Ese abordaje que la feria trajo est&aacute; alineado a las discusiones mundiales sobre la relaci&oacute;n con el consumidor. En la &uacute;ltima edici&oacute;n de NRF Annual Convention, llamada de Big Show del Comercio Minorista, realizada en Nueva York, el comercio minorista all line fue tema principal. Adem&aacute;s de quebrar todas las barreras existentes entre plataformas de compra f&iacute;sica y electr&oacute;nica, el concepto all line prioriza el envolvimiento, la audiencia y la jornada del consumidor hasta el producto.<\/p>\n<p>Con patrocinio de Sayerlack y Banrisul,&nbsp; Movelsul Brasil es realizada desde 1977 por el Sindicato de las Industrias del Mobiliario de Bento Gon&ccedil;alves (Sindm&oacute;veis). La pr&oacute;xima edici&oacute;n de la feria ser&aacute; en 2020.<\/p>\n","protected":false},"excerpt":{"rendered":"<p>Organizaci\u00f3n conmemora la visita y negocios generados, mismo con reducci\u00f3n de un d\u00eda en la feria<\/p>\n","protected":false},"author":5,"featured_media":3679,"comment_status":"closed","ping_status":"open","sticky":false,"template":"","format":"standard","meta":{"footnotes":"","_links_to":"","_links_to_target":""},"categories":[23,2],"tags":[],"class_list":["post-1364","post","type-post","status-publish","format-standard","has-post-thumbnail","hentry","category-movelsul","category-sindmoveis"],"yoast_head":"<!-- This site is optimized with the Yoast SEO plugin v27.0 - https:\/\/yoast.com\/product\/yoast-seo-wordpress\/ -->\n<title>Movelsul Brasil 2018 finaliza con 30.284 mil visitantes - Sindm\u00f3veis-RS<\/title>\n<meta name=\"robots\" content=\"index, follow, max-snippet:-1, max-image-preview:large, max-video-preview:-1\" \/>\n<link rel=\"canonical\" href=\"https:\/\/www.sindmoveis.com.br\/es\/movelsul-brasil-2018-encerra-com-30284-mil-visitantes\/\" \/>\n<meta property=\"og:locale\" content=\"es_ES\" \/>\n<meta property=\"og:type\" content=\"article\" \/>\n<meta property=\"og:title\" content=\"Movelsul Brasil 2018 finaliza con 30.284 mil visitantes - Sindm\u00f3veis-RS\" \/>\n<meta property=\"og:description\" content=\"Organizaci\u00f3n conmemora la visita y negocios generados, mismo con reducci\u00f3n de un d\u00eda en la feria\" \/>\n<meta property=\"og:url\" content=\"https:\/\/www.sindmoveis.com.br\/es\/movelsul-brasil-2018-encerra-com-30284-mil-visitantes\/\" \/>\n<meta property=\"og:site_name\" content=\"Sindm\u00f3veis-RS\" \/>\n<meta property=\"article:published_time\" content=\"2018-03-16T03:00:00+00:00\" \/>\n<meta property=\"article:modified_time\" content=\"2021-05-26T13:31:42+00:00\" \/>\n<meta property=\"og:image\" content=\"https:\/\/www.sindmoveis.com.br\/es\/wp-content\/uploads\/2021\/05\/p1521208938.jpg\" \/>\n\t<meta property=\"og:image:width\" content=\"1575\" \/>\n\t<meta property=\"og:image:height\" content=\"1050\" \/>\n\t<meta property=\"og:image:type\" content=\"image\/jpeg\" \/>\n<meta name=\"author\" content=\"Imprensa Sindm\u00f3veis\" \/>\n<meta name=\"twitter:card\" content=\"summary_large_image\" \/>\n<meta name=\"twitter:label1\" content=\"Escrito por\" \/>\n\t<meta name=\"twitter:data1\" content=\"Imprensa Sindm\u00f3veis\" \/>\n\t<meta name=\"twitter:label2\" content=\"Tiempo de lectura\" \/>\n\t<meta name=\"twitter:data2\" content=\"5 minutos\" \/>\n<script type=\"application\/ld+json\" class=\"yoast-schema-graph\">{\"@context\":\"https:\/\/schema.org\",\"@graph\":[{\"@type\":\"Article\",\"@id\":\"https:\/\/www.sindmoveis.com.br\/es\/movelsul-brasil-2018-encerra-com-30284-mil-visitantes\/#article\",\"isPartOf\":{\"@id\":\"https:\/\/www.sindmoveis.com.br\/es\/movelsul-brasil-2018-encerra-com-30284-mil-visitantes\/\"},\"author\":{\"name\":\"Imprensa Sindm\u00f3veis\",\"@id\":\"https:\/\/www.sindmoveis.com.br\/es\/#\/schema\/person\/16d379542db1950a17fe188179340d57\"},\"headline\":\"Movelsul Brasil 2018 finaliza con 30.284 mil visitantes\",\"datePublished\":\"2018-03-16T03:00:00+00:00\",\"dateModified\":\"2021-05-26T13:31:42+00:00\",\"mainEntityOfPage\":{\"@id\":\"https:\/\/www.sindmoveis.com.br\/es\/movelsul-brasil-2018-encerra-com-30284-mil-visitantes\/\"},\"wordCount\":1054,\"image\":{\"@id\":\"https:\/\/www.sindmoveis.com.br\/es\/movelsul-brasil-2018-encerra-com-30284-mil-visitantes\/#primaryimage\"},\"thumbnailUrl\":\"https:\/\/www.sindmoveis.com.br\/es\/wp-content\/uploads\/2021\/05\/p1521208938.jpg\",\"articleSection\":[\"Movelsul\",\"Sindm\u00f3veis\"],\"inLanguage\":\"es\"},{\"@type\":\"WebPage\",\"@id\":\"https:\/\/www.sindmoveis.com.br\/es\/movelsul-brasil-2018-encerra-com-30284-mil-visitantes\/\",\"url\":\"https:\/\/www.sindmoveis.com.br\/es\/movelsul-brasil-2018-encerra-com-30284-mil-visitantes\/\",\"name\":\"Movelsul Brasil 2018 finaliza con 30.284 mil visitantes - Sindm\u00f3veis-RS\",\"isPartOf\":{\"@id\":\"https:\/\/www.sindmoveis.com.br\/es\/#website\"},\"primaryImageOfPage\":{\"@id\":\"https:\/\/www.sindmoveis.com.br\/es\/movelsul-brasil-2018-encerra-com-30284-mil-visitantes\/#primaryimage\"},\"image\":{\"@id\":\"https:\/\/www.sindmoveis.com.br\/es\/movelsul-brasil-2018-encerra-com-30284-mil-visitantes\/#primaryimage\"},\"thumbnailUrl\":\"https:\/\/www.sindmoveis.com.br\/es\/wp-content\/uploads\/2021\/05\/p1521208938.jpg\",\"datePublished\":\"2018-03-16T03:00:00+00:00\",\"dateModified\":\"2021-05-26T13:31:42+00:00\",\"author\":{\"@id\":\"https:\/\/www.sindmoveis.com.br\/es\/#\/schema\/person\/16d379542db1950a17fe188179340d57\"},\"inLanguage\":\"es\",\"potentialAction\":[{\"@type\":\"ReadAction\",\"target\":[\"https:\/\/www.sindmoveis.com.br\/es\/movelsul-brasil-2018-encerra-com-30284-mil-visitantes\/\"]}]},{\"@type\":\"ImageObject\",\"inLanguage\":\"es\",\"@id\":\"https:\/\/www.sindmoveis.com.br\/es\/movelsul-brasil-2018-encerra-com-30284-mil-visitantes\/#primaryimage\",\"url\":\"https:\/\/www.sindmoveis.com.br\/es\/wp-content\/uploads\/2021\/05\/p1521208938.jpg\",\"contentUrl\":\"https:\/\/www.sindmoveis.com.br\/es\/wp-content\/uploads\/2021\/05\/p1521208938.jpg\",\"width\":1575,\"height\":1050},{\"@type\":\"WebSite\",\"@id\":\"https:\/\/www.sindmoveis.com.br\/es\/#website\",\"url\":\"https:\/\/www.sindmoveis.com.br\/es\/\",\"name\":\"Sindm\u00f3veis-RS\",\"description\":\"\",\"potentialAction\":[{\"@type\":\"SearchAction\",\"target\":{\"@type\":\"EntryPoint\",\"urlTemplate\":\"https:\/\/www.sindmoveis.com.br\/es\/?s={search_term_string}\"},\"query-input\":{\"@type\":\"PropertyValueSpecification\",\"valueRequired\":true,\"valueName\":\"search_term_string\"}}],\"inLanguage\":\"es\"},{\"@type\":\"Person\",\"@id\":\"https:\/\/www.sindmoveis.com.br\/es\/#\/schema\/person\/16d379542db1950a17fe188179340d57\",\"name\":\"Imprensa Sindm\u00f3veis\",\"image\":{\"@type\":\"ImageObject\",\"inLanguage\":\"es\",\"@id\":\"https:\/\/www.sindmoveis.com.br\/es\/#\/schema\/person\/image\/\",\"url\":\"https:\/\/secure.gravatar.com\/avatar\/4973e2e2c2a0cb5db30b0c7b770041b8e33d048a16b695a1f99c042449d4bfaf?s=96&d=mm&r=g\",\"contentUrl\":\"https:\/\/secure.gravatar.com\/avatar\/4973e2e2c2a0cb5db30b0c7b770041b8e33d048a16b695a1f99c042449d4bfaf?s=96&d=mm&r=g\",\"caption\":\"Imprensa Sindm\u00f3veis\"},\"url\":\"https:\/\/www.sindmoveis.com.br\/es\/author\/ana\/\"}]}<\/script>\n<!-- \/ Yoast SEO plugin. -->","yoast_head_json":{"title":"Movelsul Brasil 2018 finaliza con 30.284 mil visitantes - Sindm\u00f3veis-RS","robots":{"index":"index","follow":"follow","max-snippet":"max-snippet:-1","max-image-preview":"max-image-preview:large","max-video-preview":"max-video-preview:-1"},"canonical":"https:\/\/www.sindmoveis.com.br\/es\/movelsul-brasil-2018-encerra-com-30284-mil-visitantes\/","og_locale":"es_ES","og_type":"article","og_title":"Movelsul Brasil 2018 finaliza con 30.284 mil visitantes - Sindm\u00f3veis-RS","og_description":"Organizaci\u00f3n conmemora la visita y negocios generados, mismo con reducci\u00f3n de un d\u00eda en la feria","og_url":"https:\/\/www.sindmoveis.com.br\/es\/movelsul-brasil-2018-encerra-com-30284-mil-visitantes\/","og_site_name":"Sindm\u00f3veis-RS","article_published_time":"2018-03-16T03:00:00+00:00","article_modified_time":"2021-05-26T13:31:42+00:00","og_image":[{"width":1575,"height":1050,"url":"https:\/\/www.sindmoveis.com.br\/es\/wp-content\/uploads\/2021\/05\/p1521208938.jpg","type":"image\/jpeg"}],"author":"Imprensa Sindm\u00f3veis","twitter_card":"summary_large_image","twitter_misc":{"Escrito por":"Imprensa Sindm\u00f3veis","Tiempo de lectura":"5 minutos"},"schema":{"@context":"https:\/\/schema.org","@graph":[{"@type":"Article","@id":"https:\/\/www.sindmoveis.com.br\/es\/movelsul-brasil-2018-encerra-com-30284-mil-visitantes\/#article","isPartOf":{"@id":"https:\/\/www.sindmoveis.com.br\/es\/movelsul-brasil-2018-encerra-com-30284-mil-visitantes\/"},"author":{"name":"Imprensa Sindm\u00f3veis","@id":"https:\/\/www.sindmoveis.com.br\/es\/#\/schema\/person\/16d379542db1950a17fe188179340d57"},"headline":"Movelsul Brasil 2018 finaliza con 30.284 mil visitantes","datePublished":"2018-03-16T03:00:00+00:00","dateModified":"2021-05-26T13:31:42+00:00","mainEntityOfPage":{"@id":"https:\/\/www.sindmoveis.com.br\/es\/movelsul-brasil-2018-encerra-com-30284-mil-visitantes\/"},"wordCount":1054,"image":{"@id":"https:\/\/www.sindmoveis.com.br\/es\/movelsul-brasil-2018-encerra-com-30284-mil-visitantes\/#primaryimage"},"thumbnailUrl":"https:\/\/www.sindmoveis.com.br\/es\/wp-content\/uploads\/2021\/05\/p1521208938.jpg","articleSection":["Movelsul","Sindm\u00f3veis"],"inLanguage":"es"},{"@type":"WebPage","@id":"https:\/\/www.sindmoveis.com.br\/es\/movelsul-brasil-2018-encerra-com-30284-mil-visitantes\/","url":"https:\/\/www.sindmoveis.com.br\/es\/movelsul-brasil-2018-encerra-com-30284-mil-visitantes\/","name":"Movelsul Brasil 2018 finaliza con 30.284 mil visitantes - Sindm\u00f3veis-RS","isPartOf":{"@id":"https:\/\/www.sindmoveis.com.br\/es\/#website"},"primaryImageOfPage":{"@id":"https:\/\/www.sindmoveis.com.br\/es\/movelsul-brasil-2018-encerra-com-30284-mil-visitantes\/#primaryimage"},"image":{"@id":"https:\/\/www.sindmoveis.com.br\/es\/movelsul-brasil-2018-encerra-com-30284-mil-visitantes\/#primaryimage"},"thumbnailUrl":"https:\/\/www.sindmoveis.com.br\/es\/wp-content\/uploads\/2021\/05\/p1521208938.jpg","datePublished":"2018-03-16T03:00:00+00:00","dateModified":"2021-05-26T13:31:42+00:00","author":{"@id":"https:\/\/www.sindmoveis.com.br\/es\/#\/schema\/person\/16d379542db1950a17fe188179340d57"},"inLanguage":"es","potentialAction":[{"@type":"ReadAction","target":["https:\/\/www.sindmoveis.com.br\/es\/movelsul-brasil-2018-encerra-com-30284-mil-visitantes\/"]}]},{"@type":"ImageObject","inLanguage":"es","@id":"https:\/\/www.sindmoveis.com.br\/es\/movelsul-brasil-2018-encerra-com-30284-mil-visitantes\/#primaryimage","url":"https:\/\/www.sindmoveis.com.br\/es\/wp-content\/uploads\/2021\/05\/p1521208938.jpg","contentUrl":"https:\/\/www.sindmoveis.com.br\/es\/wp-content\/uploads\/2021\/05\/p1521208938.jpg","width":1575,"height":1050},{"@type":"WebSite","@id":"https:\/\/www.sindmoveis.com.br\/es\/#website","url":"https:\/\/www.sindmoveis.com.br\/es\/","name":"Sindm\u00f3veis-RS","description":"","potentialAction":[{"@type":"SearchAction","target":{"@type":"EntryPoint","urlTemplate":"https:\/\/www.sindmoveis.com.br\/es\/?s={search_term_string}"},"query-input":{"@type":"PropertyValueSpecification","valueRequired":true,"valueName":"search_term_string"}}],"inLanguage":"es"},{"@type":"Person","@id":"https:\/\/www.sindmoveis.com.br\/es\/#\/schema\/person\/16d379542db1950a17fe188179340d57","name":"Imprensa Sindm\u00f3veis","image":{"@type":"ImageObject","inLanguage":"es","@id":"https:\/\/www.sindmoveis.com.br\/es\/#\/schema\/person\/image\/","url":"https:\/\/secure.gravatar.com\/avatar\/4973e2e2c2a0cb5db30b0c7b770041b8e33d048a16b695a1f99c042449d4bfaf?s=96&d=mm&r=g","contentUrl":"https:\/\/secure.gravatar.com\/avatar\/4973e2e2c2a0cb5db30b0c7b770041b8e33d048a16b695a1f99c042449d4bfaf?s=96&d=mm&r=g","caption":"Imprensa Sindm\u00f3veis"},"url":"https:\/\/www.sindmoveis.com.br\/es\/author\/ana\/"}]}},"_links":{"self":[{"href":"https:\/\/www.sindmoveis.com.br\/es\/wp-json\/wp\/v2\/posts\/1364","targetHints":{"allow":["GET"]}}],"collection":[{"href":"https:\/\/www.sindmoveis.com.br\/es\/wp-json\/wp\/v2\/posts"}],"about":[{"href":"https:\/\/www.sindmoveis.com.br\/es\/wp-json\/wp\/v2\/types\/post"}],"author":[{"embeddable":true,"href":"https:\/\/www.sindmoveis.com.br\/es\/wp-json\/wp\/v2\/users\/5"}],"replies":[{"embeddable":true,"href":"https:\/\/www.sindmoveis.com.br\/es\/wp-json\/wp\/v2\/comments?post=1364"}],"version-history":[{"count":2,"href":"https:\/\/www.sindmoveis.com.br\/es\/wp-json\/wp\/v2\/posts\/1364\/revisions"}],"predecessor-version":[{"id":3678,"href":"https:\/\/www.sindmoveis.com.br\/es\/wp-json\/wp\/v2\/posts\/1364\/revisions\/3678"}],"wp:featuredmedia":[{"embeddable":true,"href":"https:\/\/www.sindmoveis.com.br\/es\/wp-json\/wp\/v2\/media\/3679"}],"wp:attachment":[{"href":"https:\/\/www.sindmoveis.com.br\/es\/wp-json\/wp\/v2\/media?parent=1364"}],"wp:term":[{"taxonomy":"category","embeddable":true,"href":"https:\/\/www.sindmoveis.com.br\/es\/wp-json\/wp\/v2\/categories?post=1364"},{"taxonomy":"post_tag","embeddable":true,"href":"https:\/\/www.sindmoveis.com.br\/es\/wp-json\/wp\/v2\/tags?post=1364"}],"curies":[{"name":"wp","href":"https:\/\/api.w.org\/{rel}","templated":true}]}}