{"id":1358,"date":"2018-03-11T00:00:00","date_gmt":"2018-03-11T03:00:00","guid":{"rendered":"http:\/\/sindmoveis.com.br\/imprensa\/noticias\/movelsul-brasil-2018-a-feira-da-retomada\/"},"modified":"2021-05-26T10:31:42","modified_gmt":"2021-05-26T13:31:42","slug":"movelsul-brasil-2018-a-feira-da-retomada","status":"publish","type":"post","link":"https:\/\/www.sindmoveis.com.br\/es\/movelsul-brasil-2018-a-feira-da-retomada\/","title":{"rendered":"Movelsul Brasil 2018: la feria de la retomada"},"content":{"rendered":"<p><strong>La industria brasile&ntilde;a de muebles est&aacute; preparada para la reanimaci&oacute;n de la econom&iacute;a a partir de este a&ntilde;o y el puntapi&eacute; de la retomada es Movelsul Brasil 2018, mayor feria de muebles para el comercio minorista e importador, que ocurre de 12 a 15 de marzo, en el coraz&oacute;n de la Sierra Gaucha. Son esperados revendedores, especificadores y distribuidores de por lo menos 50 nacionalidades en el Parque de Eventos de Bento Gon&ccedil;alves, donde se concentran 246 expositores en esos cuatro d&iacute;as de evento &ndash; 5% m&aacute;s que en la edici&oacute;n pasada, en 2016.<\/strong><\/p>\n<p><strong>La 21&ordf; edici&oacute;n de la feria, promovida por el Sindicato de las Industrias del Mobiliario de Bento Gon&ccedil;alves (Sindm&oacute;veis), re&uacute;ne novedades para la temporada en los segmentos de oficina, cocina, dormitorios, lavadero\/&aacute;rea de servicio, ba&ntilde;o, muebles para jard&iacute;n, electrodom&eacute;sticos, comedores de diario, juegos de comedor y salas de estar, alfombras, muebles tapizados y colchones. Es esperada la visita de 30 mil profesionales.<\/strong><\/p>\n<p><strong>La programaci&oacute;n paralela de Movelsul Brasil fomenta de manera positiva la generaci&oacute;n de negocios, a ejemplo de los Proyectos Comprador, con reuniones direccionadas a las exportaciones, y el Proyecto Comercio Minorista, que desafi&oacute; la industria del mobiliario a crear productos que respondiesen a demandas apuntadas por revendedores nacionales. Para la feria, la integraci&oacute;n con el mercado internacional es esencial para la sostenibilidad de los negocios en el propio mercado dom&eacute;stico, ampliando la competitividad global, adem&aacute;s del desarrollo de la cadena del mobiliario como un todo.<\/strong><\/p>\n<p><strong>Al mismo tiempo, la generaci&oacute;n de conocimiento para la cadena tendr&aacute; destaque con la realizaci&oacute;n del primer Foro Movelsul Brasil. Son tres d&iacute;as de conferencias en las ma&ntilde;anas de 13 a 15 de marzo, abordando la tem&aacute;tica &ldquo;La reinvenci&oacute;n del comercio minorista: El consumo all line&rdquo;. En diferentes abordajes, los conferencistas proponen una conexi&oacute;n entre el punto de venta f&iacute;sica y las plataformas de consumo online, el llamado &ldquo;on y off&rdquo;. Esas conferencias tienen inscripciones gratuitas, pero los lugares ya est&aacute;n agotados. Ya el dise&ntilde;o como estrategia de diferenciaci&oacute;n para el sector del mobiliario tradicionalmente est&aacute; presente en la feria con la muestra de productos finalistas y vencedores del Premio Sal&atilde;o Design, que en 2018, completa 30 a&ntilde;os.<\/strong><\/p>\n<p><strong>El presidente de Sindm&oacute;veis Bento Gon&ccedil;alves, Edson Pelicioli, resalta que una feria del porte de Movelsul Brasil es m&aacute;s que un evento de cuatro d&iacute;as para la industria del mobiliario. Por detr&aacute;s de cada edici&oacute;n, existe un trabajo permanente de la entidad en la construcci&oacute;n de una percepci&oacute;n positiva sobre la competitividad del mueble brasile&ntilde;o. Durante los cuatro d&iacute;as de exposici&oacute;n, Sindm&oacute;veis refuerza ese trabajo colocando frente a frente al fabricante de muebles y su cliente &ndash; sea el revendedor, el especificador o importador de muebles. &ldquo;La diferencia entre el escenario de tiempos pasados y las ediciones recientes de la feria es que ella pasa a ser un lugar de posicionamiento, comunicaci&oacute;n de estrategia y encantamiento para el p&uacute;blico&rdquo;, puntualiza<\/strong><\/p>\n<p><strong>Con patrocinio de Sayerlack y Banrisul,&nbsp; Movelsul Brasil es una feria profesional, abierta a revendedores, representantes, arquitectos, dise&ntilde;adores, decoradores, importadores, profesionales de la construcci&oacute;n civil y prensa. <\/strong><\/p>\n<p>&nbsp;<\/p>\n<p>Acciones paralelas de la feria<\/p>\n<p>&nbsp;<\/p>\n<p>Proyecto Comprador<\/p>\n<p>&nbsp;<\/p>\n<p><strong>El Proyecto Comprador de Movelsul Brasil 2018 tendr&aacute; 70 importadores invitados y 145 industrias de mobiliario y dise&ntilde;adores brasile&ntilde;os participantes, siendo el mayor de la historia de la feria. Las rondas de negocios con importadores ser&aacute;n realizadas con cita marcada tanto en los stands de las industrias expositoras como en el Lounge Internacional, que servir&aacute; de apoyo al proyecto. Adem&aacute;s de las empresas expositoras en Movelsul Brasil 2018, participan de las rondas empresas apoyadas por los proyectos Ra&iacute;z, Brazilian Furniture y Lux Brasil &ndash; todos proyectos sectoriales de incentivo a las exportaciones apoyados por Apex-Brasil.<\/strong><\/p>\n<p><strong>El Proyecto Comprador Movelsul Brasil existe desde el a&ntilde;o 2000 y, este a&ntilde;o, el n&uacute;mero de importadores es m&aacute;s que el doble con relaci&oacute;n a la &uacute;ltima edici&oacute;n de la feria. Los invitados vienen de los principales mercados para el sector del mobiliario nacional: pa&iacute;ses de &Aacute;frica, Argentina, Bolivia, Chile, Colombia, Emiratos &Aacute;rabes Unidos, Estados Unidos, Guatemala, M&eacute;xico, Paraguay, Per&uacute;, Uruguay y Reino Unido (con expansi&oacute;n para los dem&aacute;s pa&iacute;ses de Europa).<\/strong><\/p>\n<p>&nbsp;<\/p>\n<p>Projeto Comercio Minorista<\/p>\n<p>&nbsp;<\/p>\n<p><strong>Novedad en Movelsul Brasil 2018 es el Proyecto Comercio Minorista, una acci&oacute;n in&eacute;dita y valerosa que desafi&oacute; la industria expositora a desarrollar productos firmados por dise&ntilde;adores que atiendan a demandas espec&iacute;ficas del comercio minorista nacional. Conectando la feria, la industria, los dise&ntilde;adores y revendedores, el proyecto aumenta la sinton&iacute;a entre el sector del mobiliario y los principales <em>players<\/em> nacionales del comercio minorista en la actualidad. Esa iniciativa result&oacute; en cerca de 50 piezas in&eacute;ditas de casi 20 expositores que apostaron en esa inversi&oacute;n en innovaci&oacute;n.<\/strong><\/p>\n<p><strong>Para llegar a esas demandas de innovaci&oacute;n, tipo de producto y apelo de ventas, el equipo de Sindm&oacute;veis condujo, el a&ntilde;o pasado, una investigaci&oacute;n cualitativa con algunas de las principales redes de tiendas clientes de las industrias del mobiliario participantes de Movelsul Brasil. La compilaci&oacute;n de esas informaciones ayud&oacute; la industria del mobiliario en el desarrollo de piezas in&eacute;ditas que ser&aacute;n presentadas para el comercio minorista durante la feria. Los muebles son firmados por dise&ntilde;adores, que pueden ser equipos internos o estudios contratados.<\/strong><\/p>\n<p>&nbsp;<\/p>\n<p>Los 30 a&ntilde;os del Premio Sal&atilde;o Design<\/p>\n<p>&nbsp;<\/p>\n<p><strong>Orgullosamente, el Premio Sal&atilde;o Design presenta en Movelsul Brasil 2018 la muestra de finalistas y vencedores que marca sus 30 a&ntilde;os de realizaci&oacute;n por Sindm&oacute;veis Bento Gon&ccedil;alves. Adem&aacute;s de la exposici&oacute;n de productos en el Pabell&oacute;n F durante la feria, el d&iacute;a 14 de marzo ocurre la ceremonia de premiaci&oacute;n. Son 12 premios en dinero para Estudiantes, Profesionales e Industria\/Comercio Minorista, adem&aacute;s de tres Menciones de Honor, un Premio Maderas Alternativas y un Trofeo Profesor Orientador. <\/strong><\/p>\n<p><strong>Esta edici&oacute;n es la primera en que las tradicionales categor&iacute;as (muebles para dormitorio, cocina, etc.) fueron sustituidas por la colocaci&oacute;n en primer, segundo y tercer lugares en cada modalidad. Habr&aacute;, tambi&eacute;n, tres s&uacute;per premios para aquellos considerados como los mejores productos de la edici&oacute;n independiente de su modalidad. La colocaci&oacute;n de cada premiado ser&aacute; revelada solamente en la ceremonia, en estilo Oscar. Los vencedores son proyectos de Brasil, Argentina y Uruguay.<\/strong><\/p>\n<p><strong>Con patrocinio de Berneck e Interprint, el Premio Sal&atilde;o Design es la m&aacute;s representativa premiaci&oacute;n de dise&ntilde;o de producto de Am&eacute;rica Latina y ya tuvo 14.213 mil proyectos inscritos en su trayectoria. La comisi&oacute;n juzgadora de esta edici&oacute;n fue compuesta por los dise&ntilde;adores Brunno Jahara, Bruno Faucz, Leticia Grisa, Nicole Tomazi y el alem&aacute;n Salvatore Figliuzzi.<\/strong><\/p>\n<p>&nbsp;<\/p>\n<p>Foro Movelsul Brasil: el comercio minorista all line<\/p>\n<p>&nbsp;<\/p>\n<p><strong>El Foro Movelsul Brasil ser&aacute; en las ma&ntilde;anas de los d&iacute;as 13, 14 y 15 de marzo, en el auditorio de la nueva sede de Sindm&oacute;veis, dentro del Parque de Eventos de Bento Gon&ccedil;alves, R&iacute;o Grande do Sul. Con el tema &ldquo;La reinvenci&oacute;n del comercio minorista: El consumo all line&rdquo;, conferencistas de diversas &aacute;reas promueven asuntos que establecen la conexi&oacute;n entre el punto de venta f&iacute;sico y las plataformas de consumo online, el llamado &ldquo;on y off&rdquo;, presentando con profundidad cu&aacute;les las directrices y competencias necesarias para adaptaci&oacute;n de este nuevo modelo empresarial altamente conectado.<\/strong><\/p>\n<p>Temas correlacionados a las necesidades de la industria del mobiliario, como dise&ntilde;o, tendencias y recursos humanos tambi&eacute;n hacen parte de la programaci&oacute;n. Participan Ricardo Martinez Finger, CEO del Grupo Netshoes en M&eacute;xico, con actuaci&oacute;n especializada en comercio electr&oacute;nico; Alberto Sorrentino, socio fundador de Varese Retail Strateg y vicepresidente del consejo deliberativo de SBVC, Sociedad Brasile&ntilde;a de Comercio Minorista y Consumo; Salvatore Figliuzzi, Director de Marketing y Dise&ntilde;o de Interprint, multinacional alemana l&iacute;der en el mercado de papeles decorativos; Felipe Pojo, representante de IBM Watson, tecnolog&iacute;a de inteligencia artificial para el comercio minorista; Francisco Lumertz, especialista en conferencias motivacionales volcadas para instituciones de mediano y gran porte en todo el pa&iacute;s; y Fabio Jacques de Freitas, creador del modelo de Gesti&oacute;n a trav&eacute;s de Ideas Atratoras.<\/p>\n<p>&nbsp;<\/p>\n<p>Destinado a revendedores, representantes y empresarios del sector, las inscripciones son gratuitas y limitadas.<\/p>\n<p>&nbsp;<\/p>\n<p>Bento Gon&ccedil;alves, polo de muebles y vinos<\/p>\n<p>&nbsp;<\/p>\n<p><strong>Realizada desde 1977 por el Sindicato de las Industrias del Mobiliario de Bento Gon&ccedil;alves (Sindm&oacute;veis), Movelsul Brasil consolid&oacute; el polo mobiliario local como el principal del pa&iacute;s y viene apuntalando el desempe&ntilde;o de las empresas en el mercado interno e internacional en esos m&aacute;s de 40 a&ntilde;os. Esta 21&ordf; edici&oacute;n de la feria valora los atributos tur&iacute;sticos de la Sierra Gaucha y la tradici&oacute;n de su polo mobiliario por el mote del dise&ntilde;o. La campa&ntilde;a de comunicaci&oacute;n provoca el expositor y visitante: &ldquo;Dise&ntilde;o es de nuestra naturaleza&rdquo;.<\/strong><\/p>\n<p><strong>El dise&ntilde;o est&aacute; en el ADN de Movelsul Brasil, en el d&iacute;a a d&iacute;a de la feria, en el ambiente de Bento Gon&ccedil;alves, en el paisaje, en todo lo que circunda esta regi&oacute;n de grandes muebles y grandes vinos. Ese <em>terroir<\/em> que existe en el polo mobiliario de Bento Gon&ccedil;alves es el gran diferencial de la regi&oacute;n y personaje de destaque en la campa&ntilde;a del evento. Ninguna otra feria de muebles tiene como escenario el principal destino enotur&iacute;stico del pa&iacute;s. Si el revendedor y el importador vienen a la Sierra Gaucha para buenos negocios con la industria expositora, Sindm&oacute;veis desea y estimula que ellos tambi&eacute;n conozcan buenos vinos, aprecien los bellos paisajes y disfruten de las excelentes atractivos tur&iacute;sticos.<\/strong><\/p>\n<p>&nbsp;<\/p>\n<p>M&aacute;s sobre&nbsp; Movelsul Brasil<\/p>\n<p>&nbsp;<\/p>\n<p><strong>Al final de la d&eacute;cada de 1960, el sector del mobiliario de Bento Gon&ccedil;alves despuntaba en la regi&oacute;n. En pocos a&ntilde;os, pas&oacute; a representar la principal actividad econ&oacute;mica de la ciudad, superando el tradicional y centenario sector vin&iacute;cola. Con el desarrollo del sector en profusi&oacute;n, en abril de 1977 nace el Sindicato de las Industrias de la Construcci&oacute;n y del Mobiliario de Bento Gon&ccedil;alves (Sindm&oacute;veis), momento en que se organiz&oacute; la feria.<\/strong><\/p>\n<p><strong>La feria de muebles de Bento Gon&ccedil;alves surgi&oacute; en una &eacute;poca favorable, impulsada por el optimismo de los empresarios locales con el crecimiento de la industria de muebles. La primera edici&oacute;n ocurri&oacute; como evento paralelo a la Fiesta Nacional del Vino (Fenavinho), en el a&ntilde;o en que el sector del mobiliario se consolid&oacute; como actividad l&iacute;der en la econom&iacute;a de la ciudad y reuniendo 24 expositores. A partir de 1988, el evento recibe el nombre de Movelsul, reuniendo m&aacute;s de 100 expositores. La fecha marc&oacute;, tambi&eacute;n, la primera edici&oacute;n del Premio Sal&atilde;o Design, que conmemora ahora 30 a&ntilde;os fomentando el dise&ntilde;o como diferencial competitivo para la industria del mobiliario. La internacionalizaci&oacute;n de la feria se consolida en 2000, cuando se realiza la primera edici&oacute;n del Proyecto Comprador.<\/strong><\/p>\n<p><strong>Considerada la mayor feria de muebles de Am&eacute;rica Latina, la feria viene promoviendo el desarrollo del sector del mobiliario nacional, estrechando las relaciones comerciales entre la industria y sus clientes e incentivando las exportaciones a trav&eacute;s de acciones direccionadas al mercado internacional, consumidor del mueble brasile&ntilde;o.<\/strong><\/p>\n<p>&nbsp;<\/p>\n<p>&nbsp;<\/p>\n<p>Servicio | Movelsul Brasil 2018<\/p>\n<p>&nbsp;<\/p>\n<p>Feria de Muebles y complementos para el revendedor y especificador<\/p>\n<p>Cuando<strong>: 12 a 15 de marzo de 2018, de las 12 a las 20h<\/strong><\/p>\n<p>Donde<strong>: Parque de Eventos de Bento Gon&ccedil;alves (Alameda Fenavinho, 481)<\/strong><\/p>\n<p><strong>Entrada gratuita mediante acreditaci&oacute;n. Abierta apenas al p&uacute;blico profesional.<\/strong><\/p>\n<p>&nbsp;<\/p>\n<p>Para m&aacute;s informaciones:<\/p>\n<p>&nbsp;<\/p>\n<p><a href=\"http:\/\/www.movelsul.com.br\/\"><strong>www.movelsul.com.br<\/strong><\/a><\/p>\n<p><a href=\"http:\/\/www.facebook.com\/movelsul.brasil\"><strong>www.facebook.com\/movelsul.brasil<\/strong><\/a><\/p>\n<p><a href=\"http:\/\/www.salaodesign.com.br\/\"><strong>www.salaodesign.com.br<\/strong><\/a><\/p>\n<p><a href=\"http:\/\/www.facebook.com\/premiosalaodesign\"><strong>www.facebook.com\/premiosalaodesign<\/strong><\/a><\/p>\n<p><a href=\"http:\/\/www.instagram.com\/premiosalaodesign\"><strong>www.instagram.com\/premiosalaodesign<\/strong><\/a><\/p>\n<p>&nbsp;<\/p>\n","protected":false},"excerpt":{"rendered":"<p>Grandes negocios re\u00fanen la industria del mobiliario con el comercio minorista  e importadores de 12 a 15 de marzo, en Bento Gon\u00e7alves<\/p>\n","protected":false},"author":5,"featured_media":3677,"comment_status":"closed","ping_status":"open","sticky":false,"template":"","format":"standard","meta":{"footnotes":"","_links_to":"","_links_to_target":""},"categories":[23,2],"tags":[],"class_list":["post-1358","post","type-post","status-publish","format-standard","has-post-thumbnail","hentry","category-movelsul","category-sindmoveis"],"yoast_head":"<!-- This site is optimized with the Yoast SEO plugin v27.0 - https:\/\/yoast.com\/product\/yoast-seo-wordpress\/ -->\n<title>Movelsul Brasil 2018: la feria de la retomada - Sindm\u00f3veis-RS<\/title>\n<meta name=\"robots\" content=\"index, follow, max-snippet:-1, max-image-preview:large, max-video-preview:-1\" \/>\n<link rel=\"canonical\" href=\"https:\/\/www.sindmoveis.com.br\/es\/movelsul-brasil-2018-a-feira-da-retomada\/\" \/>\n<meta property=\"og:locale\" content=\"es_ES\" \/>\n<meta property=\"og:type\" content=\"article\" \/>\n<meta property=\"og:title\" content=\"Movelsul Brasil 2018: la feria de la retomada - Sindm\u00f3veis-RS\" \/>\n<meta property=\"og:description\" content=\"Grandes negocios re\u00fanen la industria del mobiliario con el comercio minorista e importadores de 12 a 15 de marzo, en Bento Gon\u00e7alves\" \/>\n<meta property=\"og:url\" content=\"https:\/\/www.sindmoveis.com.br\/es\/movelsul-brasil-2018-a-feira-da-retomada\/\" \/>\n<meta property=\"og:site_name\" content=\"Sindm\u00f3veis-RS\" \/>\n<meta property=\"article:published_time\" content=\"2018-03-11T03:00:00+00:00\" \/>\n<meta property=\"article:modified_time\" content=\"2021-05-26T13:31:42+00:00\" \/>\n<meta property=\"og:image\" content=\"https:\/\/www.sindmoveis.com.br\/es\/wp-content\/uploads\/2021\/05\/p1520797236.jpg\" \/>\n\t<meta property=\"og:image:width\" content=\"1181\" \/>\n\t<meta property=\"og:image:height\" content=\"754\" \/>\n\t<meta property=\"og:image:type\" content=\"image\/jpeg\" \/>\n<meta name=\"author\" content=\"Imprensa Sindm\u00f3veis\" \/>\n<meta name=\"twitter:card\" content=\"summary_large_image\" \/>\n<meta name=\"twitter:label1\" content=\"Escrito por\" \/>\n\t<meta name=\"twitter:data1\" content=\"Imprensa Sindm\u00f3veis\" \/>\n\t<meta name=\"twitter:label2\" content=\"Tiempo de lectura\" \/>\n\t<meta name=\"twitter:data2\" content=\"11 minutos\" \/>\n<script type=\"application\/ld+json\" class=\"yoast-schema-graph\">{\"@context\":\"https:\/\/schema.org\",\"@graph\":[{\"@type\":\"Article\",\"@id\":\"https:\/\/www.sindmoveis.com.br\/es\/movelsul-brasil-2018-a-feira-da-retomada\/#article\",\"isPartOf\":{\"@id\":\"https:\/\/www.sindmoveis.com.br\/es\/movelsul-brasil-2018-a-feira-da-retomada\/\"},\"author\":{\"name\":\"Imprensa Sindm\u00f3veis\",\"@id\":\"https:\/\/www.sindmoveis.com.br\/es\/#\/schema\/person\/16d379542db1950a17fe188179340d57\"},\"headline\":\"Movelsul Brasil 2018: la feria de la retomada\",\"datePublished\":\"2018-03-11T03:00:00+00:00\",\"dateModified\":\"2021-05-26T13:31:42+00:00\",\"mainEntityOfPage\":{\"@id\":\"https:\/\/www.sindmoveis.com.br\/es\/movelsul-brasil-2018-a-feira-da-retomada\/\"},\"wordCount\":2249,\"image\":{\"@id\":\"https:\/\/www.sindmoveis.com.br\/es\/movelsul-brasil-2018-a-feira-da-retomada\/#primaryimage\"},\"thumbnailUrl\":\"https:\/\/www.sindmoveis.com.br\/es\/wp-content\/uploads\/2021\/05\/p1520797236.jpg\",\"articleSection\":[\"Movelsul\",\"Sindm\u00f3veis\"],\"inLanguage\":\"es\"},{\"@type\":\"WebPage\",\"@id\":\"https:\/\/www.sindmoveis.com.br\/es\/movelsul-brasil-2018-a-feira-da-retomada\/\",\"url\":\"https:\/\/www.sindmoveis.com.br\/es\/movelsul-brasil-2018-a-feira-da-retomada\/\",\"name\":\"Movelsul Brasil 2018: la feria de la retomada - Sindm\u00f3veis-RS\",\"isPartOf\":{\"@id\":\"https:\/\/www.sindmoveis.com.br\/es\/#website\"},\"primaryImageOfPage\":{\"@id\":\"https:\/\/www.sindmoveis.com.br\/es\/movelsul-brasil-2018-a-feira-da-retomada\/#primaryimage\"},\"image\":{\"@id\":\"https:\/\/www.sindmoveis.com.br\/es\/movelsul-brasil-2018-a-feira-da-retomada\/#primaryimage\"},\"thumbnailUrl\":\"https:\/\/www.sindmoveis.com.br\/es\/wp-content\/uploads\/2021\/05\/p1520797236.jpg\",\"datePublished\":\"2018-03-11T03:00:00+00:00\",\"dateModified\":\"2021-05-26T13:31:42+00:00\",\"author\":{\"@id\":\"https:\/\/www.sindmoveis.com.br\/es\/#\/schema\/person\/16d379542db1950a17fe188179340d57\"},\"inLanguage\":\"es\",\"potentialAction\":[{\"@type\":\"ReadAction\",\"target\":[\"https:\/\/www.sindmoveis.com.br\/es\/movelsul-brasil-2018-a-feira-da-retomada\/\"]}]},{\"@type\":\"ImageObject\",\"inLanguage\":\"es\",\"@id\":\"https:\/\/www.sindmoveis.com.br\/es\/movelsul-brasil-2018-a-feira-da-retomada\/#primaryimage\",\"url\":\"https:\/\/www.sindmoveis.com.br\/es\/wp-content\/uploads\/2021\/05\/p1520797236.jpg\",\"contentUrl\":\"https:\/\/www.sindmoveis.com.br\/es\/wp-content\/uploads\/2021\/05\/p1520797236.jpg\",\"width\":1181,\"height\":754},{\"@type\":\"WebSite\",\"@id\":\"https:\/\/www.sindmoveis.com.br\/es\/#website\",\"url\":\"https:\/\/www.sindmoveis.com.br\/es\/\",\"name\":\"Sindm\u00f3veis-RS\",\"description\":\"\",\"potentialAction\":[{\"@type\":\"SearchAction\",\"target\":{\"@type\":\"EntryPoint\",\"urlTemplate\":\"https:\/\/www.sindmoveis.com.br\/es\/?s={search_term_string}\"},\"query-input\":{\"@type\":\"PropertyValueSpecification\",\"valueRequired\":true,\"valueName\":\"search_term_string\"}}],\"inLanguage\":\"es\"},{\"@type\":\"Person\",\"@id\":\"https:\/\/www.sindmoveis.com.br\/es\/#\/schema\/person\/16d379542db1950a17fe188179340d57\",\"name\":\"Imprensa Sindm\u00f3veis\",\"image\":{\"@type\":\"ImageObject\",\"inLanguage\":\"es\",\"@id\":\"https:\/\/www.sindmoveis.com.br\/es\/#\/schema\/person\/image\/\",\"url\":\"https:\/\/secure.gravatar.com\/avatar\/4973e2e2c2a0cb5db30b0c7b770041b8e33d048a16b695a1f99c042449d4bfaf?s=96&d=mm&r=g\",\"contentUrl\":\"https:\/\/secure.gravatar.com\/avatar\/4973e2e2c2a0cb5db30b0c7b770041b8e33d048a16b695a1f99c042449d4bfaf?s=96&d=mm&r=g\",\"caption\":\"Imprensa Sindm\u00f3veis\"},\"url\":\"https:\/\/www.sindmoveis.com.br\/es\/author\/ana\/\"}]}<\/script>\n<!-- \/ Yoast SEO plugin. -->","yoast_head_json":{"title":"Movelsul Brasil 2018: la feria de la retomada - Sindm\u00f3veis-RS","robots":{"index":"index","follow":"follow","max-snippet":"max-snippet:-1","max-image-preview":"max-image-preview:large","max-video-preview":"max-video-preview:-1"},"canonical":"https:\/\/www.sindmoveis.com.br\/es\/movelsul-brasil-2018-a-feira-da-retomada\/","og_locale":"es_ES","og_type":"article","og_title":"Movelsul Brasil 2018: la feria de la retomada - Sindm\u00f3veis-RS","og_description":"Grandes negocios re\u00fanen la industria del mobiliario con el comercio minorista e importadores de 12 a 15 de marzo, en Bento Gon\u00e7alves","og_url":"https:\/\/www.sindmoveis.com.br\/es\/movelsul-brasil-2018-a-feira-da-retomada\/","og_site_name":"Sindm\u00f3veis-RS","article_published_time":"2018-03-11T03:00:00+00:00","article_modified_time":"2021-05-26T13:31:42+00:00","og_image":[{"width":1181,"height":754,"url":"https:\/\/www.sindmoveis.com.br\/es\/wp-content\/uploads\/2021\/05\/p1520797236.jpg","type":"image\/jpeg"}],"author":"Imprensa Sindm\u00f3veis","twitter_card":"summary_large_image","twitter_misc":{"Escrito por":"Imprensa Sindm\u00f3veis","Tiempo de lectura":"11 minutos"},"schema":{"@context":"https:\/\/schema.org","@graph":[{"@type":"Article","@id":"https:\/\/www.sindmoveis.com.br\/es\/movelsul-brasil-2018-a-feira-da-retomada\/#article","isPartOf":{"@id":"https:\/\/www.sindmoveis.com.br\/es\/movelsul-brasil-2018-a-feira-da-retomada\/"},"author":{"name":"Imprensa Sindm\u00f3veis","@id":"https:\/\/www.sindmoveis.com.br\/es\/#\/schema\/person\/16d379542db1950a17fe188179340d57"},"headline":"Movelsul Brasil 2018: la feria de la retomada","datePublished":"2018-03-11T03:00:00+00:00","dateModified":"2021-05-26T13:31:42+00:00","mainEntityOfPage":{"@id":"https:\/\/www.sindmoveis.com.br\/es\/movelsul-brasil-2018-a-feira-da-retomada\/"},"wordCount":2249,"image":{"@id":"https:\/\/www.sindmoveis.com.br\/es\/movelsul-brasil-2018-a-feira-da-retomada\/#primaryimage"},"thumbnailUrl":"https:\/\/www.sindmoveis.com.br\/es\/wp-content\/uploads\/2021\/05\/p1520797236.jpg","articleSection":["Movelsul","Sindm\u00f3veis"],"inLanguage":"es"},{"@type":"WebPage","@id":"https:\/\/www.sindmoveis.com.br\/es\/movelsul-brasil-2018-a-feira-da-retomada\/","url":"https:\/\/www.sindmoveis.com.br\/es\/movelsul-brasil-2018-a-feira-da-retomada\/","name":"Movelsul Brasil 2018: la feria de la retomada - Sindm\u00f3veis-RS","isPartOf":{"@id":"https:\/\/www.sindmoveis.com.br\/es\/#website"},"primaryImageOfPage":{"@id":"https:\/\/www.sindmoveis.com.br\/es\/movelsul-brasil-2018-a-feira-da-retomada\/#primaryimage"},"image":{"@id":"https:\/\/www.sindmoveis.com.br\/es\/movelsul-brasil-2018-a-feira-da-retomada\/#primaryimage"},"thumbnailUrl":"https:\/\/www.sindmoveis.com.br\/es\/wp-content\/uploads\/2021\/05\/p1520797236.jpg","datePublished":"2018-03-11T03:00:00+00:00","dateModified":"2021-05-26T13:31:42+00:00","author":{"@id":"https:\/\/www.sindmoveis.com.br\/es\/#\/schema\/person\/16d379542db1950a17fe188179340d57"},"inLanguage":"es","potentialAction":[{"@type":"ReadAction","target":["https:\/\/www.sindmoveis.com.br\/es\/movelsul-brasil-2018-a-feira-da-retomada\/"]}]},{"@type":"ImageObject","inLanguage":"es","@id":"https:\/\/www.sindmoveis.com.br\/es\/movelsul-brasil-2018-a-feira-da-retomada\/#primaryimage","url":"https:\/\/www.sindmoveis.com.br\/es\/wp-content\/uploads\/2021\/05\/p1520797236.jpg","contentUrl":"https:\/\/www.sindmoveis.com.br\/es\/wp-content\/uploads\/2021\/05\/p1520797236.jpg","width":1181,"height":754},{"@type":"WebSite","@id":"https:\/\/www.sindmoveis.com.br\/es\/#website","url":"https:\/\/www.sindmoveis.com.br\/es\/","name":"Sindm\u00f3veis-RS","description":"","potentialAction":[{"@type":"SearchAction","target":{"@type":"EntryPoint","urlTemplate":"https:\/\/www.sindmoveis.com.br\/es\/?s={search_term_string}"},"query-input":{"@type":"PropertyValueSpecification","valueRequired":true,"valueName":"search_term_string"}}],"inLanguage":"es"},{"@type":"Person","@id":"https:\/\/www.sindmoveis.com.br\/es\/#\/schema\/person\/16d379542db1950a17fe188179340d57","name":"Imprensa Sindm\u00f3veis","image":{"@type":"ImageObject","inLanguage":"es","@id":"https:\/\/www.sindmoveis.com.br\/es\/#\/schema\/person\/image\/","url":"https:\/\/secure.gravatar.com\/avatar\/4973e2e2c2a0cb5db30b0c7b770041b8e33d048a16b695a1f99c042449d4bfaf?s=96&d=mm&r=g","contentUrl":"https:\/\/secure.gravatar.com\/avatar\/4973e2e2c2a0cb5db30b0c7b770041b8e33d048a16b695a1f99c042449d4bfaf?s=96&d=mm&r=g","caption":"Imprensa Sindm\u00f3veis"},"url":"https:\/\/www.sindmoveis.com.br\/es\/author\/ana\/"}]}},"_links":{"self":[{"href":"https:\/\/www.sindmoveis.com.br\/es\/wp-json\/wp\/v2\/posts\/1358","targetHints":{"allow":["GET"]}}],"collection":[{"href":"https:\/\/www.sindmoveis.com.br\/es\/wp-json\/wp\/v2\/posts"}],"about":[{"href":"https:\/\/www.sindmoveis.com.br\/es\/wp-json\/wp\/v2\/types\/post"}],"author":[{"embeddable":true,"href":"https:\/\/www.sindmoveis.com.br\/es\/wp-json\/wp\/v2\/users\/5"}],"replies":[{"embeddable":true,"href":"https:\/\/www.sindmoveis.com.br\/es\/wp-json\/wp\/v2\/comments?post=1358"}],"version-history":[{"count":2,"href":"https:\/\/www.sindmoveis.com.br\/es\/wp-json\/wp\/v2\/posts\/1358\/revisions"}],"predecessor-version":[{"id":3676,"href":"https:\/\/www.sindmoveis.com.br\/es\/wp-json\/wp\/v2\/posts\/1358\/revisions\/3676"}],"wp:featuredmedia":[{"embeddable":true,"href":"https:\/\/www.sindmoveis.com.br\/es\/wp-json\/wp\/v2\/media\/3677"}],"wp:attachment":[{"href":"https:\/\/www.sindmoveis.com.br\/es\/wp-json\/wp\/v2\/media?parent=1358"}],"wp:term":[{"taxonomy":"category","embeddable":true,"href":"https:\/\/www.sindmoveis.com.br\/es\/wp-json\/wp\/v2\/categories?post=1358"},{"taxonomy":"post_tag","embeddable":true,"href":"https:\/\/www.sindmoveis.com.br\/es\/wp-json\/wp\/v2\/tags?post=1358"}],"curies":[{"name":"wp","href":"https:\/\/api.w.org\/{rel}","templated":true}]}}