{"id":1349,"date":"2018-02-06T00:00:00","date_gmt":"2018-02-06T02:00:00","guid":{"rendered":"http:\/\/sindmoveis.com.br\/imprensa\/noticias\/projeto-raiz-fomenta-o-design-brasileiro-em-estocolmo\/"},"modified":"2021-05-26T10:29:06","modified_gmt":"2021-05-26T13:29:06","slug":"projeto-raiz-fomenta-o-design-brasileiro-em-estocolmo","status":"publish","type":"post","link":"https:\/\/www.sindmoveis.com.br\/es\/projeto-raiz-fomenta-o-design-brasileiro-em-estocolmo\/","title":{"rendered":"Proyecto Ra\u00edz fomenta el dise\u00f1o brasile\u00f1o en Estocolmo"},"content":{"rendered":"<p>El Proyecto Ra&iacute;z de incentivo a la internacionalizaci&oacute;n de dise&ntilde;adores nacionales, promovido por el Sindicato de las Industrias del Mobiliario de Bento Gon&ccedil;alves (Sindm&oacute;veis) y por la Agencia Brasile&ntilde;a de Promoci&oacute;n de Exportaciones e Inversiones (Apex-Brasil), inicia las actividades del a&ntilde;o dando secuencia al cronograma de exposiciones itinerantes por Europa. Despu&eacute;s del &eacute;xito de las dos ediciones realizadas en Roma, Italia (junio de 2017) y Par&iacute;s, Francia (septiembre de 2017), las creaciones de 18 estudios de dise&ntilde;o siguen para la capital de Suecia, en Estocolmo. Participan studiopoli, Noem&iacute; Saga, Sergio Fahrer y Jack Fahrer, NTD Design, Aristeu Pires, Paulo Alves, estudiobola, Ronald Sasson, ITENS por Ana Neute, Jader Almeida, Leo Romano, Guto Indio da Costa, Marta Manente, Alessandra Delgado, Plataforma 4, Carol Gay, Cristiano Valle y Gustavo Martini.&nbsp;&nbsp;&nbsp;&nbsp;<\/p>\n<p>Con el apoyo de la Embajada de Brasil en Estocolmo y del Ministerio de&nbsp; Relaciones Exteriores, el evento ocurre entre los d&iacute;as 06 y 28 de febrero en la galer&iacute;a de arte Alma Gallery, y hace parte del cat&aacute;logo oficial de atracciones del circuito de la <em>Stockholm Design Week<\/em>. Adem&aacute;s de exponer la calidad del trazo brasile&ntilde;o, la propuesta es establecer la conexi&oacute;n directa entre dise&ntilde;adores, revendedores, fabricantes e inversionistas para la creciente inserci&oacute;n a las cadenas de licenciamiento&nbsp; y distribuci&oacute;n en el mercado europeo.<\/p>\n<p>Para inaugurar la exposici&oacute;n, son previstas conferencias de los dise&ntilde;adores Camila Fix (Plataforma 4), Gustavo Martini y Ricardo Rodrigues&nbsp; (NTD Design), miembros del Proyecto Ra&iacute;z, que presentar&aacute;n individualmente un panorama de la carrera y sus principales creaciones. Edson Busin, director de comunicaci&oacute;n de Sindm&oacute;veis, tambi&eacute;n participar&aacute; de la ceremonia, destacando el valor de los profesionales brasile&ntilde;os e invitando para que visiten la Feria Movelsul, mayor feria del mobiliario en Am&eacute;rica Latina, de 12 a 15 de marzo de 2018 en Bento Gon&ccedil;alves, que ser&aacute; escenario de los premiados del Sal&atilde;o Design &ndash; premio de dise&ntilde;o de producto as&iacute; como de los dise&ntilde;adores brasile&ntilde;os que ambientar&aacute;n el lounge VIP de la Feria. La pr&oacute;xima acci&oacute;n del Proyecto Ra&iacute;z suceder&aacute; en la Feria Movelsul, con Proyecto Comprador e Imagen y luego despu&eacute;s, durante la Semana de Dise&ntilde;o de Mil&aacute;n y el tradicional <em>iSaloni<\/em>, en abril.<\/p>\n<p><strong>Sobre el Proyecto Ra&iacute;z<\/strong><\/p>\n<p>La cultura brasile&ntilde;a goza de reconocimiento internacional y el mobiliario autoral de Brasil siempre deja su marca en los principales circuitos de dise&ntilde;o en el mundo. Esta es la percepci&oacute;n del Sindicato de las Industrias del Mobiliario de Bento Gon&ccedil;alves y de la Agencia Brasile&ntilde;a de Promoci&oacute;n de Exportaciones e Inversiones, que a trav&eacute;s del Proyecto Ra&iacute;z (Ra&iacute;z Project), estimula la generaci&oacute;n de negocios para los estudios de dise&ntilde;adores con madurez para actuar en el mercado internacional y con inter&eacute;s en los mercados norteamericanos&nbsp; y europeo.&nbsp;&nbsp;&nbsp;<\/p>\n<p>A partir de acciones volcadas para la conquista del mercado internacional, el Proyecto intensifica estrategias de posicionamiento del sector en el mercado externo, potencia la utilizaci&oacute;n de contactos e informes de inteligencia comercial para los dise&ntilde;adores, promueve mayor intercambio de informaciones y experiencias entre las empresas, orienta el avance de la promoci&oacute;n y &nbsp;la entrada de los dise&ntilde;adores de muebles en los mercados prioritarios con todo el soporte necesario y a partir de la segmentaci&oacute;n del grupo conforme su nivel de internacionalizaci&oacute;n.<\/p>\n<p>Sindm&oacute;veis Bento Gon&ccedil;alves invierte y apuesta en el dise&ntilde;o como diferencial competitivo para el sector del mobiliario nacional desde 1988, con la creaci&oacute;n del Premio Sal&atilde;o Design. M&aacute;s tarde, en 2007 Sindm&oacute;ves cre&oacute; Casa Brasil, feria de mobiliario de complemento de alta categor&iacute;a que, a partir de 2016 pas&oacute; a ser realizada en S&atilde;o Paulo con nuevo nombre: High Design-Home &amp; Office Expo.<\/p>\n<p>Exposici&oacute;n Ra&iacute;z Project- Estocolmo<\/p>\n<p>Fecha: 06 a 28 de febrero de 2018<\/p>\n<p>Lunes a Viernes de las 12h a las 18h<\/p>\n<p>Local: Alma Gallery&nbsp;<\/p>\n<p>Nybrogatan 8, 114 34 Estocolmo- Suecia<\/p>\n<p>www.raizproject.com&nbsp;&nbsp;<\/p>\n<p>www.facebook.com\/raizprojectoficial<\/p>\n<p>@raizproject<\/p>\n","protected":false},"excerpt":{"rendered":"<p>Despu\u00e9s del \u00e9xito de muestras realizadas en las embajadas de Brasil en Roma y Par\u00eds, las creaciones de 18 estudios estar\u00e1n presentes en exposici\u00f3n en la capital de Suecia hasta el d\u00eda 28 de febrero.<\/p>\n","protected":false},"author":5,"featured_media":3672,"comment_status":"closed","ping_status":"open","sticky":false,"template":"","format":"standard","meta":{"footnotes":"","_links_to":"","_links_to_target":""},"categories":[24,2],"tags":[],"class_list":["post-1349","post","type-post","status-publish","format-standard","has-post-thumbnail","hentry","category-projeto-raiz","category-sindmoveis"],"yoast_head":"<!-- This site is optimized with the Yoast SEO plugin v27.0 - https:\/\/yoast.com\/product\/yoast-seo-wordpress\/ -->\n<title>Proyecto Ra\u00edz fomenta el dise\u00f1o brasile\u00f1o en Estocolmo - Sindm\u00f3veis-RS<\/title>\n<meta name=\"robots\" content=\"index, follow, max-snippet:-1, max-image-preview:large, max-video-preview:-1\" \/>\n<link rel=\"canonical\" href=\"https:\/\/www.sindmoveis.com.br\/es\/projeto-raiz-fomenta-o-design-brasileiro-em-estocolmo\/\" \/>\n<meta property=\"og:locale\" content=\"es_ES\" \/>\n<meta property=\"og:type\" content=\"article\" \/>\n<meta property=\"og:title\" content=\"Proyecto Ra\u00edz fomenta el dise\u00f1o brasile\u00f1o en Estocolmo - Sindm\u00f3veis-RS\" \/>\n<meta property=\"og:description\" content=\"Despu\u00e9s del \u00e9xito de muestras realizadas en las embajadas de Brasil en Roma y Par\u00eds, las creaciones de 18 estudios estar\u00e1n presentes en exposici\u00f3n en la capital de Suecia hasta el d\u00eda 28 de febrero.\" \/>\n<meta property=\"og:url\" content=\"https:\/\/www.sindmoveis.com.br\/es\/projeto-raiz-fomenta-o-design-brasileiro-em-estocolmo\/\" \/>\n<meta property=\"og:site_name\" content=\"Sindm\u00f3veis-RS\" \/>\n<meta property=\"article:published_time\" content=\"2018-02-06T02:00:00+00:00\" \/>\n<meta property=\"article:modified_time\" content=\"2021-05-26T13:29:06+00:00\" \/>\n<meta property=\"og:image\" content=\"https:\/\/www.sindmoveis.com.br\/es\/wp-content\/uploads\/2021\/05\/p1517937328.jpg\" \/>\n\t<meta property=\"og:image:width\" content=\"886\" \/>\n\t<meta property=\"og:image:height\" content=\"563\" \/>\n\t<meta property=\"og:image:type\" content=\"image\/jpeg\" \/>\n<meta name=\"author\" content=\"Imprensa Sindm\u00f3veis\" \/>\n<meta name=\"twitter:card\" content=\"summary_large_image\" \/>\n<meta name=\"twitter:label1\" content=\"Escrito por\" \/>\n\t<meta name=\"twitter:data1\" content=\"Imprensa Sindm\u00f3veis\" \/>\n\t<meta name=\"twitter:label2\" content=\"Tiempo de lectura\" \/>\n\t<meta name=\"twitter:data2\" content=\"4 minutos\" \/>\n<script type=\"application\/ld+json\" class=\"yoast-schema-graph\">{\"@context\":\"https:\/\/schema.org\",\"@graph\":[{\"@type\":\"Article\",\"@id\":\"https:\/\/www.sindmoveis.com.br\/es\/projeto-raiz-fomenta-o-design-brasileiro-em-estocolmo\/#article\",\"isPartOf\":{\"@id\":\"https:\/\/www.sindmoveis.com.br\/es\/projeto-raiz-fomenta-o-design-brasileiro-em-estocolmo\/\"},\"author\":{\"name\":\"Imprensa Sindm\u00f3veis\",\"@id\":\"https:\/\/www.sindmoveis.com.br\/es\/#\/schema\/person\/16d379542db1950a17fe188179340d57\"},\"headline\":\"Proyecto Ra\u00edz fomenta el dise\u00f1o brasile\u00f1o en Estocolmo\",\"datePublished\":\"2018-02-06T02:00:00+00:00\",\"dateModified\":\"2021-05-26T13:29:06+00:00\",\"mainEntityOfPage\":{\"@id\":\"https:\/\/www.sindmoveis.com.br\/es\/projeto-raiz-fomenta-o-design-brasileiro-em-estocolmo\/\"},\"wordCount\":786,\"image\":{\"@id\":\"https:\/\/www.sindmoveis.com.br\/es\/projeto-raiz-fomenta-o-design-brasileiro-em-estocolmo\/#primaryimage\"},\"thumbnailUrl\":\"https:\/\/www.sindmoveis.com.br\/es\/wp-content\/uploads\/2021\/05\/p1517937328.jpg\",\"articleSection\":[\"Proyecto Ra\u00edz\",\"Sindm\u00f3veis\"],\"inLanguage\":\"es\"},{\"@type\":\"WebPage\",\"@id\":\"https:\/\/www.sindmoveis.com.br\/es\/projeto-raiz-fomenta-o-design-brasileiro-em-estocolmo\/\",\"url\":\"https:\/\/www.sindmoveis.com.br\/es\/projeto-raiz-fomenta-o-design-brasileiro-em-estocolmo\/\",\"name\":\"Proyecto Ra\u00edz fomenta el dise\u00f1o brasile\u00f1o en Estocolmo - Sindm\u00f3veis-RS\",\"isPartOf\":{\"@id\":\"https:\/\/www.sindmoveis.com.br\/es\/#website\"},\"primaryImageOfPage\":{\"@id\":\"https:\/\/www.sindmoveis.com.br\/es\/projeto-raiz-fomenta-o-design-brasileiro-em-estocolmo\/#primaryimage\"},\"image\":{\"@id\":\"https:\/\/www.sindmoveis.com.br\/es\/projeto-raiz-fomenta-o-design-brasileiro-em-estocolmo\/#primaryimage\"},\"thumbnailUrl\":\"https:\/\/www.sindmoveis.com.br\/es\/wp-content\/uploads\/2021\/05\/p1517937328.jpg\",\"datePublished\":\"2018-02-06T02:00:00+00:00\",\"dateModified\":\"2021-05-26T13:29:06+00:00\",\"author\":{\"@id\":\"https:\/\/www.sindmoveis.com.br\/es\/#\/schema\/person\/16d379542db1950a17fe188179340d57\"},\"inLanguage\":\"es\",\"potentialAction\":[{\"@type\":\"ReadAction\",\"target\":[\"https:\/\/www.sindmoveis.com.br\/es\/projeto-raiz-fomenta-o-design-brasileiro-em-estocolmo\/\"]}]},{\"@type\":\"ImageObject\",\"inLanguage\":\"es\",\"@id\":\"https:\/\/www.sindmoveis.com.br\/es\/projeto-raiz-fomenta-o-design-brasileiro-em-estocolmo\/#primaryimage\",\"url\":\"https:\/\/www.sindmoveis.com.br\/es\/wp-content\/uploads\/2021\/05\/p1517937328.jpg\",\"contentUrl\":\"https:\/\/www.sindmoveis.com.br\/es\/wp-content\/uploads\/2021\/05\/p1517937328.jpg\",\"width\":886,\"height\":563},{\"@type\":\"WebSite\",\"@id\":\"https:\/\/www.sindmoveis.com.br\/es\/#website\",\"url\":\"https:\/\/www.sindmoveis.com.br\/es\/\",\"name\":\"Sindm\u00f3veis-RS\",\"description\":\"\",\"potentialAction\":[{\"@type\":\"SearchAction\",\"target\":{\"@type\":\"EntryPoint\",\"urlTemplate\":\"https:\/\/www.sindmoveis.com.br\/es\/?s={search_term_string}\"},\"query-input\":{\"@type\":\"PropertyValueSpecification\",\"valueRequired\":true,\"valueName\":\"search_term_string\"}}],\"inLanguage\":\"es\"},{\"@type\":\"Person\",\"@id\":\"https:\/\/www.sindmoveis.com.br\/es\/#\/schema\/person\/16d379542db1950a17fe188179340d57\",\"name\":\"Imprensa Sindm\u00f3veis\",\"image\":{\"@type\":\"ImageObject\",\"inLanguage\":\"es\",\"@id\":\"https:\/\/www.sindmoveis.com.br\/es\/#\/schema\/person\/image\/\",\"url\":\"https:\/\/secure.gravatar.com\/avatar\/4973e2e2c2a0cb5db30b0c7b770041b8e33d048a16b695a1f99c042449d4bfaf?s=96&d=mm&r=g\",\"contentUrl\":\"https:\/\/secure.gravatar.com\/avatar\/4973e2e2c2a0cb5db30b0c7b770041b8e33d048a16b695a1f99c042449d4bfaf?s=96&d=mm&r=g\",\"caption\":\"Imprensa Sindm\u00f3veis\"},\"url\":\"https:\/\/www.sindmoveis.com.br\/es\/author\/ana\/\"}]}<\/script>\n<!-- \/ Yoast SEO plugin. -->","yoast_head_json":{"title":"Proyecto Ra\u00edz fomenta el dise\u00f1o brasile\u00f1o en Estocolmo - Sindm\u00f3veis-RS","robots":{"index":"index","follow":"follow","max-snippet":"max-snippet:-1","max-image-preview":"max-image-preview:large","max-video-preview":"max-video-preview:-1"},"canonical":"https:\/\/www.sindmoveis.com.br\/es\/projeto-raiz-fomenta-o-design-brasileiro-em-estocolmo\/","og_locale":"es_ES","og_type":"article","og_title":"Proyecto Ra\u00edz fomenta el dise\u00f1o brasile\u00f1o en Estocolmo - Sindm\u00f3veis-RS","og_description":"Despu\u00e9s del \u00e9xito de muestras realizadas en las embajadas de Brasil en Roma y Par\u00eds, las creaciones de 18 estudios estar\u00e1n presentes en exposici\u00f3n en la capital de Suecia hasta el d\u00eda 28 de febrero.","og_url":"https:\/\/www.sindmoveis.com.br\/es\/projeto-raiz-fomenta-o-design-brasileiro-em-estocolmo\/","og_site_name":"Sindm\u00f3veis-RS","article_published_time":"2018-02-06T02:00:00+00:00","article_modified_time":"2021-05-26T13:29:06+00:00","og_image":[{"width":886,"height":563,"url":"https:\/\/www.sindmoveis.com.br\/es\/wp-content\/uploads\/2021\/05\/p1517937328.jpg","type":"image\/jpeg"}],"author":"Imprensa Sindm\u00f3veis","twitter_card":"summary_large_image","twitter_misc":{"Escrito por":"Imprensa Sindm\u00f3veis","Tiempo de lectura":"4 minutos"},"schema":{"@context":"https:\/\/schema.org","@graph":[{"@type":"Article","@id":"https:\/\/www.sindmoveis.com.br\/es\/projeto-raiz-fomenta-o-design-brasileiro-em-estocolmo\/#article","isPartOf":{"@id":"https:\/\/www.sindmoveis.com.br\/es\/projeto-raiz-fomenta-o-design-brasileiro-em-estocolmo\/"},"author":{"name":"Imprensa Sindm\u00f3veis","@id":"https:\/\/www.sindmoveis.com.br\/es\/#\/schema\/person\/16d379542db1950a17fe188179340d57"},"headline":"Proyecto Ra\u00edz fomenta el dise\u00f1o brasile\u00f1o en Estocolmo","datePublished":"2018-02-06T02:00:00+00:00","dateModified":"2021-05-26T13:29:06+00:00","mainEntityOfPage":{"@id":"https:\/\/www.sindmoveis.com.br\/es\/projeto-raiz-fomenta-o-design-brasileiro-em-estocolmo\/"},"wordCount":786,"image":{"@id":"https:\/\/www.sindmoveis.com.br\/es\/projeto-raiz-fomenta-o-design-brasileiro-em-estocolmo\/#primaryimage"},"thumbnailUrl":"https:\/\/www.sindmoveis.com.br\/es\/wp-content\/uploads\/2021\/05\/p1517937328.jpg","articleSection":["Proyecto Ra\u00edz","Sindm\u00f3veis"],"inLanguage":"es"},{"@type":"WebPage","@id":"https:\/\/www.sindmoveis.com.br\/es\/projeto-raiz-fomenta-o-design-brasileiro-em-estocolmo\/","url":"https:\/\/www.sindmoveis.com.br\/es\/projeto-raiz-fomenta-o-design-brasileiro-em-estocolmo\/","name":"Proyecto Ra\u00edz fomenta el dise\u00f1o brasile\u00f1o en Estocolmo - Sindm\u00f3veis-RS","isPartOf":{"@id":"https:\/\/www.sindmoveis.com.br\/es\/#website"},"primaryImageOfPage":{"@id":"https:\/\/www.sindmoveis.com.br\/es\/projeto-raiz-fomenta-o-design-brasileiro-em-estocolmo\/#primaryimage"},"image":{"@id":"https:\/\/www.sindmoveis.com.br\/es\/projeto-raiz-fomenta-o-design-brasileiro-em-estocolmo\/#primaryimage"},"thumbnailUrl":"https:\/\/www.sindmoveis.com.br\/es\/wp-content\/uploads\/2021\/05\/p1517937328.jpg","datePublished":"2018-02-06T02:00:00+00:00","dateModified":"2021-05-26T13:29:06+00:00","author":{"@id":"https:\/\/www.sindmoveis.com.br\/es\/#\/schema\/person\/16d379542db1950a17fe188179340d57"},"inLanguage":"es","potentialAction":[{"@type":"ReadAction","target":["https:\/\/www.sindmoveis.com.br\/es\/projeto-raiz-fomenta-o-design-brasileiro-em-estocolmo\/"]}]},{"@type":"ImageObject","inLanguage":"es","@id":"https:\/\/www.sindmoveis.com.br\/es\/projeto-raiz-fomenta-o-design-brasileiro-em-estocolmo\/#primaryimage","url":"https:\/\/www.sindmoveis.com.br\/es\/wp-content\/uploads\/2021\/05\/p1517937328.jpg","contentUrl":"https:\/\/www.sindmoveis.com.br\/es\/wp-content\/uploads\/2021\/05\/p1517937328.jpg","width":886,"height":563},{"@type":"WebSite","@id":"https:\/\/www.sindmoveis.com.br\/es\/#website","url":"https:\/\/www.sindmoveis.com.br\/es\/","name":"Sindm\u00f3veis-RS","description":"","potentialAction":[{"@type":"SearchAction","target":{"@type":"EntryPoint","urlTemplate":"https:\/\/www.sindmoveis.com.br\/es\/?s={search_term_string}"},"query-input":{"@type":"PropertyValueSpecification","valueRequired":true,"valueName":"search_term_string"}}],"inLanguage":"es"},{"@type":"Person","@id":"https:\/\/www.sindmoveis.com.br\/es\/#\/schema\/person\/16d379542db1950a17fe188179340d57","name":"Imprensa Sindm\u00f3veis","image":{"@type":"ImageObject","inLanguage":"es","@id":"https:\/\/www.sindmoveis.com.br\/es\/#\/schema\/person\/image\/","url":"https:\/\/secure.gravatar.com\/avatar\/4973e2e2c2a0cb5db30b0c7b770041b8e33d048a16b695a1f99c042449d4bfaf?s=96&d=mm&r=g","contentUrl":"https:\/\/secure.gravatar.com\/avatar\/4973e2e2c2a0cb5db30b0c7b770041b8e33d048a16b695a1f99c042449d4bfaf?s=96&d=mm&r=g","caption":"Imprensa Sindm\u00f3veis"},"url":"https:\/\/www.sindmoveis.com.br\/es\/author\/ana\/"}]}},"_links":{"self":[{"href":"https:\/\/www.sindmoveis.com.br\/es\/wp-json\/wp\/v2\/posts\/1349","targetHints":{"allow":["GET"]}}],"collection":[{"href":"https:\/\/www.sindmoveis.com.br\/es\/wp-json\/wp\/v2\/posts"}],"about":[{"href":"https:\/\/www.sindmoveis.com.br\/es\/wp-json\/wp\/v2\/types\/post"}],"author":[{"embeddable":true,"href":"https:\/\/www.sindmoveis.com.br\/es\/wp-json\/wp\/v2\/users\/5"}],"replies":[{"embeddable":true,"href":"https:\/\/www.sindmoveis.com.br\/es\/wp-json\/wp\/v2\/comments?post=1349"}],"version-history":[{"count":2,"href":"https:\/\/www.sindmoveis.com.br\/es\/wp-json\/wp\/v2\/posts\/1349\/revisions"}],"predecessor-version":[{"id":3671,"href":"https:\/\/www.sindmoveis.com.br\/es\/wp-json\/wp\/v2\/posts\/1349\/revisions\/3671"}],"wp:featuredmedia":[{"embeddable":true,"href":"https:\/\/www.sindmoveis.com.br\/es\/wp-json\/wp\/v2\/media\/3672"}],"wp:attachment":[{"href":"https:\/\/www.sindmoveis.com.br\/es\/wp-json\/wp\/v2\/media?parent=1349"}],"wp:term":[{"taxonomy":"category","embeddable":true,"href":"https:\/\/www.sindmoveis.com.br\/es\/wp-json\/wp\/v2\/categories?post=1349"},{"taxonomy":"post_tag","embeddable":true,"href":"https:\/\/www.sindmoveis.com.br\/es\/wp-json\/wp\/v2\/tags?post=1349"}],"curies":[{"name":"wp","href":"https:\/\/api.w.org\/{rel}","templated":true}]}}