{"id":1348,"date":"2018-02-05T00:00:00","date_gmt":"2018-02-05T02:00:00","guid":{"rendered":"http:\/\/sindmoveis.com.br\/imprensa\/noticias\/conheca-os-vencedores-do-premio-salao-design-2018\/"},"modified":"2021-05-26T10:27:47","modified_gmt":"2021-05-26T13:27:47","slug":"conheca-os-vencedores-do-premio-salao-design-2018","status":"publish","type":"post","link":"https:\/\/www.sindmoveis.com.br\/es\/conheca-os-vencedores-do-premio-salao-design-2018\/","title":{"rendered":"Conozca los vencedores del Premio Sal\u00e3o Design 2018"},"content":{"rendered":"<p>Orgullosamente, el Premio Sal&atilde;o Design anuncia la lista de vencedores de su 22&ordf; edici&oacute;n, que marca los 30 a&ntilde;os de realizaci&oacute;n del proyecto por Sindm&oacute;veis Bento Gon&ccedil;alves. Son 12 premiaciones en dinero para Estudiantes, Profesionales e Industria\/Comercio Minorista, adem&aacute;s de 3 menciones de honor, el Premio Maderas Alternativas y el Trofeo Profesor Orientador. Esta edici&oacute;n, la primera en que las tradicionales categor&iacute;as fueron sustituidas por la colocaci&oacute;n en primer, segundo y tercer lugares, mostr&oacute; tipolog&iacute;as diferentes de productos, con nuevas posibilidades de uso y piezas con distintas aplicaciones dentro del ambiente. Los premiados son proyectos de Brasil, Argentina y Uruguay.<\/p>\n<p>El Premio Sal&atilde;o Design es la m&aacute;s representativa premiaci&oacute;n de dise&ntilde;o de producto de Am&eacute;rica Latina y ha tenido 14.213 proyectos inscritos en su trayectoria. El director del premio, Eduardo Nuncio, recuerda que la idea surgi&oacute; en un momento crucial para la industria del mobiliario nacional, en 1988 &ndash; cuando el pa&iacute;s enfrentaba una crisis econ&oacute;mica y exist&iacute;a una demanda de diferenciaci&oacute;n para la retomada del consumo de muebles. &ldquo;En esos 30 a&ntilde;os, creamos un ambiente de genuino intercambio entre los concurrentes, la organizaci&oacute;n y la comisi&oacute;n juzgadora. Muchos de los principales nombres del dise&ntilde;o brasile&ntilde;o de la actualidad fueron revelados a partir del premio, que extiende su alcance tambi&eacute;n para Am&eacute;rica Latina&rdquo;, destaca.<\/p>\n<p>La comisi&oacute;n juzgadora de esta edici&oacute;n fue integrada por los dise&ntilde;adores Brunno Jahara, Bruno Faucz, Leticia Grisa, Nicole Tomazi y el alem&aacute;n Salvatora Figliuzzi. Para Brunno Jahara, el grupo de vencedores presenta cierta unidad de conceptos, a partir de piezas que muestran una mejora en el entendimiento del mercado y sus tendencias. &ldquo;Yo siempre insisto que los estudiantes, profesionales y dise&ntilde;adores inscriban sus piezas en el premio, pues es una buena manera de perfeccionar la calidad del producto y por el reconocimiento del real valor de un buen proyecto&rdquo;, refuerza.<\/p>\n<p>Adem&aacute;s de los premios en dinero y menciones de honor, el Premio Sal&atilde;o Design reconoce el trabajo de los profesores de dise&ntilde;o en la orientaci&oacute;n de sus alumnos con el Trofeo Profesor Orientador &ndash; en este a&ntilde;o concedido al profesor Gabriel Deber, de la Escuela Universitaria Centro de Dise&ntilde;o, de Montevideo, por el proyecto Mesa Quebrada, del alumno Agust&iacute;n dos Santos Far&iacute;as. Otra categor&iacute;a especial es el Premio Maderas Alternativas, promovido en asociaci&oacute;n con el Servicio Forestal Brasile&ntilde;o, que premia la mejor pieza de la edici&oacute;n construida con maderas consideradas no muy exploradas por la industria maderera. Como premiaci&oacute;n por la Peinadora Nena, el estudio Em2 Design, de R&iacute;o de Janeiro, va a ganar una expedici&oacute;n al Laboratorio de Productos Forestales, en Brasilia, y &aacute;reas de manejo forestal sostenible en Rondonia.<\/p>\n<p>Con patrocinio de Berneck e Interprint, el premio cambia este a&ntilde;o su din&aacute;mica de premiaci&oacute;n. En lugar de las tradicionales categor&iacute;as como muebles para sala y accesorios dom&eacute;sticos, cada modalidad (Estudiante, Profesional e Industria\/Comercio Minorista) tendr&aacute; primer, segundo y tercer lugares, adem&aacute;s de tres s&uacute;per premios para los mejores productos de la edici&oacute;n, independiente de su modalidad. La colocaci&oacute;n de los vencedores, sin embargo, es una sorpresa que ser&aacute; revelada solamente en marzo, durante la feria Movelsul Brasil 2018 &ndash; cuando ocurre la ceremonia de premiaci&oacute;n y muestra de los productos, de 12 a 15 de marzo, en el Parque de Eventos de Bento Gon&ccedil;alves. Despu&eacute;s, en agosto, los proyectos vencedores ser&aacute;n expuestos durante DW! S&atilde;o Paulo Design Weekend, en la feria High Design &ndash; Home &amp; Office Expo.<\/p>\n<p>Para m&aacute;s informaciones, acceda a <a href=\"http:\/\/www.salaodesign.com.br\/\">www.salaodesign.com.br<\/a> e <a href=\"http:\/\/www.movelsulbrasil.com.br\/\">www.movelsulbrasil.com.br<\/a>.<\/p>\n<p>&nbsp;<\/p>\n<p><strong>Premiaciones &ndash; en orden alfab&eacute;tico<\/strong><\/p>\n<p>&nbsp;<\/p>\n<p><strong>Estudiantes:<\/strong><\/p>\n<p>&nbsp;<\/p>\n<p><strong>Colecci&oacute;n Diagonal, dise&ntilde;o de Gabriel Paim Barbeiro (Universidade de Caxias do Sul\/Caxias do Sul RS)<\/strong><\/p>\n<p>Inspirada por l&iacute;neas simples, agrupadas, inclinadas y tambi&eacute;n dispuestas paralelamente, utilizadas como base y cuerpo de luminarias.<\/p>\n<p>&nbsp;<\/p>\n<p><strong>Mesa Quebrada, dise&ntilde;o de Agust&iacute;n dos Santos Far&iacute;as (Escuela Universitaria Centro de Dise&ntilde;o\/Montevideo) y Premio Profesor Orientador para Gabriel Deber<\/strong><\/p>\n<p>Pieza auxiliar de tama&ntilde;o peque&ntilde;o hecha con varillas de hierro. Sencillo as&iacute;. Toda la est&eacute;tica de la pieza se construye a partir de los espacios vac&iacute;os entre sus astas.<\/p>\n<p>&nbsp;<\/p>\n<p><strong>Poltrona Flor, <\/strong><strong>dise&ntilde;o de Artur de Menezes Fernandes (Universidade Norte do Paran&aacute;\/Londrina PR)<\/strong><\/p>\n<p>Resultado del estudio de formas traducidas en l&iacute;neas fluidas.<\/p>\n<p>&nbsp;<\/p>\n<p><strong>Profesionales:<\/strong><\/p>\n<p>&nbsp;<\/p>\n<p><strong>Biblioteca Latorna, dise&ntilde;o de Marcela Coppari y Agust&iacute;n Barrionuevo (C&oacute;rdoba\/Argentina)<\/strong><\/p>\n<p>Sistema abierto que puede&nbsp; adaptarse en configuraciones diversas. Son apenas dos elementos: columnas y estantes.<\/p>\n<p>&nbsp;<\/p>\n<p><strong>HUM, design de Federico Mujica Iturria e Carolina Arias Bianchi, Muar <\/strong><strong>Dise&ntilde;o (Montevideo\/UY)<\/strong><\/p>\n<p>De aspecto leve, es hecho en roble y revestido en fibras naturales.&nbsp;Disponible en tres tama&ntilde;os: sof&aacute; simple, sof&aacute; de 3 lugares y <em>chaise longue. <\/em><\/p>\n<p>&nbsp;<\/p>\n<p><strong>L&iacute;nea Zina<\/strong><strong>, dise&ntilde;o de Zanini de Zanine, Studio Zanini (Rio de Janeiro\/RJ)<\/strong><\/p>\n<p>L&iacute;nea inspirada en muebles de hierro brasile&ntilde;os de los a&ntilde;os 1950, reuniendo un mix de materiales contrastantes como el acero carbono, tejido y madera maciza.&nbsp;<\/p>\n<p>&nbsp;<\/p>\n<p><strong>Luminaria Costurera, dise&ntilde;o de Andr&eacute; Ferri (Belo Horizonte\/MG)<\/strong><\/p>\n<p>Luminaria hecha artesanalmente en carpinter&iacute;a, puede tener su tubo girado en 360&ordm;, controlando la luminosidad.<\/p>\n<p>&nbsp;<\/p>\n<p><strong>Poltrona Lina, <\/strong><strong>dise&ntilde;o de Leo e Fernanda Mangiavacchi, Fant&aacute;stico Studio di Design (Rio de Janeiro\/RJ)<\/strong><\/p>\n<p>La estructura que conjuga metal y madera trae una mezcla de levedad con riqueza sensorial.&nbsp;<\/p>\n<p>&nbsp;<\/p>\n<p><strong>Varanda: <\/strong><strong>dise&ntilde;o de Menini Nicola y Bernardo Senna (Montevideo\/UY)<\/strong><\/p>\n<p>La l&iacute;nea Varanda crea jardines urbanos considerando los peque&ntilde;os espacios de convivencia que tenemos a nuestro alrededor. La colecci&oacute;n es compuesta por jardinera, bancos y mesas.<\/p>\n<p>&nbsp;<\/p>\n<p><strong>Industrias:<\/strong><\/p>\n<p>&nbsp;<\/p>\n<p><strong>Mesa Fal&eacute;sia, Lider Interiores (Carmo do Cajuru\/MG<\/strong><strong>) con dise&ntilde;o de Am&eacute;lia Tarozzo, Camila Fix, Fl&aacute;via Pagotti Silva y Rejane Carvalho Leite &ndash; Plataforma 4 <\/strong><\/p>\n<p>Estructura en madera maciza y tapa laminada. Destaque para la fenda central con aplicaci&oacute;n de marqueter&iacute;a en las extremidades.<\/p>\n<p>&nbsp;<\/p>\n<p><strong>Mini Nadda, Iluminar (Belo Horizonte\/MG) con dise&ntilde;o de Francisco Esteban Terroba <\/strong><\/p>\n<p>la diferenciaci&oacute;n principal del proyecto, adem&aacute;s de sus dimensiones reducidas, es el sistema basculante de regulaci&oacute;n manual de &nbsp;inclinaci&oacute;n vertical.<\/p>\n<p>&nbsp;<\/p>\n<p><strong>O2 <\/strong><strong>cubiertos, Alma Design d&rsquo;Auteur (Curitiba\/PR) con dise&ntilde;o de Jos&eacute; Manuel Carvalho Ara&uacute;jo <\/strong><\/p>\n<p>Con doble funci&oacute;n &ndash; hashi + tenedor\/cuchillo &ndash;, ese conjunto es hecho en acero inoxidable 316 modelado.<\/p>\n<p>&nbsp;<\/p>\n<p><strong>Premio Madeiras Alternativas<\/strong><\/p>\n<p>&nbsp;<\/p>\n<p><strong>Peinadora Nena, dise&ntilde;o de Mariana Beting Ferrarezi y Roberto Hercowitz, Em2 Design (Rio de Janeiro\/RJ)<\/strong><\/p>\n<p>Creada para ser una peinadora, Nena tiene espejo retro iluminado con cintas de led y acabado &nbsp;biselado, adem&aacute;s de los cajones con m&uacute;ltiples compartimientos para acomodar objetos. Madera identificada: Cariniana SP y laminado<\/p>\n<p>&nbsp;<\/p>\n<p><strong>Menciones de Honor<\/strong><\/p>\n<p><strong>Candelabro Veleiro, dise&ntilde;o de Giuliano Perretto y Max Kampa, Ventura Lab (Curitiba\/PR)<\/strong><\/p>\n<p>&iquest;Vela para iluminar o navegar? Ese finalista del Premio Sal&atilde;o Design juega con el doble sentido de la palabra.&nbsp;<\/p>\n<p>&nbsp;<\/p>\n<p><strong>F.LY, design de Andrea Bezerra de Carvalho Macruz, Nolii (S&atilde;o Paulo\/SP)<\/strong><\/p>\n<p>Osada, la l&aacute;mpara F.LY es una representaci&oacute;n de las ramificaciones de una hoja no sim&eacute;trica. Es hecha en papel especial con PH neutro, lo que evita amarillear y aumenta la durabilidad de la pieza.<\/p>\n<p>&nbsp;<\/p>\n<p><strong>Hoop Lamp, dise&ntilde;o de Daniel Simonini y Niccolo Adolini, Adolini+Simonini para Martinelli Luce (S&atilde;o Paulo\/SP)<\/strong><\/p>\n<p>Esta l&aacute;mpara de mesa presta un homenaje a Angelo Mangiarotti, al reinterpretar la mesa Eros, concebida por el maestro italiano en los a&ntilde;os 1970.&nbsp;<\/p>\n","protected":false},"excerpt":{"rendered":"<p>Al todo, son 12 premios en dinero y tres menciones de honor, adem\u00e1s del Premio Maderas Alternativas y el trofeo Profesor Orientador<\/p>\n","protected":false},"author":5,"featured_media":3670,"comment_status":"closed","ping_status":"open","sticky":false,"template":"","format":"standard","meta":{"footnotes":"","_links_to":"","_links_to_target":""},"categories":[21,2],"tags":[],"class_list":["post-1348","post","type-post","status-publish","format-standard","has-post-thumbnail","hentry","category-premio-salao-design","category-sindmoveis"],"yoast_head":"<!-- This site is optimized with the Yoast SEO plugin v27.0 - https:\/\/yoast.com\/product\/yoast-seo-wordpress\/ -->\n<title>Conozca los vencedores del Premio Sal\u00e3o Design 2018 - Sindm\u00f3veis-RS<\/title>\n<meta name=\"robots\" content=\"index, follow, max-snippet:-1, max-image-preview:large, max-video-preview:-1\" \/>\n<link rel=\"canonical\" href=\"https:\/\/www.sindmoveis.com.br\/es\/conheca-os-vencedores-do-premio-salao-design-2018\/\" \/>\n<meta property=\"og:locale\" content=\"es_ES\" \/>\n<meta property=\"og:type\" content=\"article\" \/>\n<meta property=\"og:title\" content=\"Conozca los vencedores del Premio Sal\u00e3o Design 2018 - Sindm\u00f3veis-RS\" \/>\n<meta property=\"og:description\" content=\"Al todo, son 12 premios en dinero y tres menciones de honor, adem\u00e1s del Premio Maderas Alternativas y el trofeo Profesor Orientador\" \/>\n<meta property=\"og:url\" content=\"https:\/\/www.sindmoveis.com.br\/es\/conheca-os-vencedores-do-premio-salao-design-2018\/\" \/>\n<meta property=\"og:site_name\" content=\"Sindm\u00f3veis-RS\" \/>\n<meta property=\"article:published_time\" content=\"2018-02-05T02:00:00+00:00\" \/>\n<meta property=\"article:modified_time\" content=\"2021-05-26T13:27:47+00:00\" \/>\n<meta property=\"og:image\" content=\"https:\/\/www.sindmoveis.com.br\/es\/wp-content\/uploads\/2021\/05\/p1517828803.jpg\" \/>\n\t<meta property=\"og:image:width\" content=\"945\" \/>\n\t<meta property=\"og:image:height\" content=\"591\" \/>\n\t<meta property=\"og:image:type\" content=\"image\/jpeg\" \/>\n<meta name=\"author\" content=\"Imprensa Sindm\u00f3veis\" \/>\n<meta name=\"twitter:card\" content=\"summary_large_image\" \/>\n<meta name=\"twitter:label1\" content=\"Escrito por\" \/>\n\t<meta name=\"twitter:data1\" content=\"Imprensa Sindm\u00f3veis\" \/>\n\t<meta name=\"twitter:label2\" content=\"Tiempo de lectura\" \/>\n\t<meta name=\"twitter:data2\" content=\"7 minutos\" \/>\n<script type=\"application\/ld+json\" class=\"yoast-schema-graph\">{\"@context\":\"https:\/\/schema.org\",\"@graph\":[{\"@type\":\"Article\",\"@id\":\"https:\/\/www.sindmoveis.com.br\/es\/conheca-os-vencedores-do-premio-salao-design-2018\/#article\",\"isPartOf\":{\"@id\":\"https:\/\/www.sindmoveis.com.br\/es\/conheca-os-vencedores-do-premio-salao-design-2018\/\"},\"author\":{\"name\":\"Imprensa Sindm\u00f3veis\",\"@id\":\"https:\/\/www.sindmoveis.com.br\/es\/#\/schema\/person\/16d379542db1950a17fe188179340d57\"},\"headline\":\"Conozca los vencedores del Premio Sal\u00e3o Design 2018\",\"datePublished\":\"2018-02-05T02:00:00+00:00\",\"dateModified\":\"2021-05-26T13:27:47+00:00\",\"mainEntityOfPage\":{\"@id\":\"https:\/\/www.sindmoveis.com.br\/es\/conheca-os-vencedores-do-premio-salao-design-2018\/\"},\"wordCount\":1456,\"image\":{\"@id\":\"https:\/\/www.sindmoveis.com.br\/es\/conheca-os-vencedores-do-premio-salao-design-2018\/#primaryimage\"},\"thumbnailUrl\":\"https:\/\/www.sindmoveis.com.br\/es\/wp-content\/uploads\/2021\/05\/p1517828803.jpg\",\"articleSection\":[\"Premio Sal\u00e3o Design\",\"Sindm\u00f3veis\"],\"inLanguage\":\"es\"},{\"@type\":\"WebPage\",\"@id\":\"https:\/\/www.sindmoveis.com.br\/es\/conheca-os-vencedores-do-premio-salao-design-2018\/\",\"url\":\"https:\/\/www.sindmoveis.com.br\/es\/conheca-os-vencedores-do-premio-salao-design-2018\/\",\"name\":\"Conozca los vencedores del Premio Sal\u00e3o Design 2018 - Sindm\u00f3veis-RS\",\"isPartOf\":{\"@id\":\"https:\/\/www.sindmoveis.com.br\/es\/#website\"},\"primaryImageOfPage\":{\"@id\":\"https:\/\/www.sindmoveis.com.br\/es\/conheca-os-vencedores-do-premio-salao-design-2018\/#primaryimage\"},\"image\":{\"@id\":\"https:\/\/www.sindmoveis.com.br\/es\/conheca-os-vencedores-do-premio-salao-design-2018\/#primaryimage\"},\"thumbnailUrl\":\"https:\/\/www.sindmoveis.com.br\/es\/wp-content\/uploads\/2021\/05\/p1517828803.jpg\",\"datePublished\":\"2018-02-05T02:00:00+00:00\",\"dateModified\":\"2021-05-26T13:27:47+00:00\",\"author\":{\"@id\":\"https:\/\/www.sindmoveis.com.br\/es\/#\/schema\/person\/16d379542db1950a17fe188179340d57\"},\"inLanguage\":\"es\",\"potentialAction\":[{\"@type\":\"ReadAction\",\"target\":[\"https:\/\/www.sindmoveis.com.br\/es\/conheca-os-vencedores-do-premio-salao-design-2018\/\"]}]},{\"@type\":\"ImageObject\",\"inLanguage\":\"es\",\"@id\":\"https:\/\/www.sindmoveis.com.br\/es\/conheca-os-vencedores-do-premio-salao-design-2018\/#primaryimage\",\"url\":\"https:\/\/www.sindmoveis.com.br\/es\/wp-content\/uploads\/2021\/05\/p1517828803.jpg\",\"contentUrl\":\"https:\/\/www.sindmoveis.com.br\/es\/wp-content\/uploads\/2021\/05\/p1517828803.jpg\",\"width\":945,\"height\":591},{\"@type\":\"WebSite\",\"@id\":\"https:\/\/www.sindmoveis.com.br\/es\/#website\",\"url\":\"https:\/\/www.sindmoveis.com.br\/es\/\",\"name\":\"Sindm\u00f3veis-RS\",\"description\":\"\",\"potentialAction\":[{\"@type\":\"SearchAction\",\"target\":{\"@type\":\"EntryPoint\",\"urlTemplate\":\"https:\/\/www.sindmoveis.com.br\/es\/?s={search_term_string}\"},\"query-input\":{\"@type\":\"PropertyValueSpecification\",\"valueRequired\":true,\"valueName\":\"search_term_string\"}}],\"inLanguage\":\"es\"},{\"@type\":\"Person\",\"@id\":\"https:\/\/www.sindmoveis.com.br\/es\/#\/schema\/person\/16d379542db1950a17fe188179340d57\",\"name\":\"Imprensa Sindm\u00f3veis\",\"image\":{\"@type\":\"ImageObject\",\"inLanguage\":\"es\",\"@id\":\"https:\/\/www.sindmoveis.com.br\/es\/#\/schema\/person\/image\/\",\"url\":\"https:\/\/secure.gravatar.com\/avatar\/4973e2e2c2a0cb5db30b0c7b770041b8e33d048a16b695a1f99c042449d4bfaf?s=96&d=mm&r=g\",\"contentUrl\":\"https:\/\/secure.gravatar.com\/avatar\/4973e2e2c2a0cb5db30b0c7b770041b8e33d048a16b695a1f99c042449d4bfaf?s=96&d=mm&r=g\",\"caption\":\"Imprensa Sindm\u00f3veis\"},\"url\":\"https:\/\/www.sindmoveis.com.br\/es\/author\/ana\/\"}]}<\/script>\n<!-- \/ Yoast SEO plugin. -->","yoast_head_json":{"title":"Conozca los vencedores del Premio Sal\u00e3o Design 2018 - Sindm\u00f3veis-RS","robots":{"index":"index","follow":"follow","max-snippet":"max-snippet:-1","max-image-preview":"max-image-preview:large","max-video-preview":"max-video-preview:-1"},"canonical":"https:\/\/www.sindmoveis.com.br\/es\/conheca-os-vencedores-do-premio-salao-design-2018\/","og_locale":"es_ES","og_type":"article","og_title":"Conozca los vencedores del Premio Sal\u00e3o Design 2018 - Sindm\u00f3veis-RS","og_description":"Al todo, son 12 premios en dinero y tres menciones de honor, adem\u00e1s del Premio Maderas Alternativas y el trofeo Profesor Orientador","og_url":"https:\/\/www.sindmoveis.com.br\/es\/conheca-os-vencedores-do-premio-salao-design-2018\/","og_site_name":"Sindm\u00f3veis-RS","article_published_time":"2018-02-05T02:00:00+00:00","article_modified_time":"2021-05-26T13:27:47+00:00","og_image":[{"width":945,"height":591,"url":"https:\/\/www.sindmoveis.com.br\/es\/wp-content\/uploads\/2021\/05\/p1517828803.jpg","type":"image\/jpeg"}],"author":"Imprensa Sindm\u00f3veis","twitter_card":"summary_large_image","twitter_misc":{"Escrito por":"Imprensa Sindm\u00f3veis","Tiempo de lectura":"7 minutos"},"schema":{"@context":"https:\/\/schema.org","@graph":[{"@type":"Article","@id":"https:\/\/www.sindmoveis.com.br\/es\/conheca-os-vencedores-do-premio-salao-design-2018\/#article","isPartOf":{"@id":"https:\/\/www.sindmoveis.com.br\/es\/conheca-os-vencedores-do-premio-salao-design-2018\/"},"author":{"name":"Imprensa Sindm\u00f3veis","@id":"https:\/\/www.sindmoveis.com.br\/es\/#\/schema\/person\/16d379542db1950a17fe188179340d57"},"headline":"Conozca los vencedores del Premio Sal\u00e3o Design 2018","datePublished":"2018-02-05T02:00:00+00:00","dateModified":"2021-05-26T13:27:47+00:00","mainEntityOfPage":{"@id":"https:\/\/www.sindmoveis.com.br\/es\/conheca-os-vencedores-do-premio-salao-design-2018\/"},"wordCount":1456,"image":{"@id":"https:\/\/www.sindmoveis.com.br\/es\/conheca-os-vencedores-do-premio-salao-design-2018\/#primaryimage"},"thumbnailUrl":"https:\/\/www.sindmoveis.com.br\/es\/wp-content\/uploads\/2021\/05\/p1517828803.jpg","articleSection":["Premio Sal\u00e3o Design","Sindm\u00f3veis"],"inLanguage":"es"},{"@type":"WebPage","@id":"https:\/\/www.sindmoveis.com.br\/es\/conheca-os-vencedores-do-premio-salao-design-2018\/","url":"https:\/\/www.sindmoveis.com.br\/es\/conheca-os-vencedores-do-premio-salao-design-2018\/","name":"Conozca los vencedores del Premio Sal\u00e3o Design 2018 - Sindm\u00f3veis-RS","isPartOf":{"@id":"https:\/\/www.sindmoveis.com.br\/es\/#website"},"primaryImageOfPage":{"@id":"https:\/\/www.sindmoveis.com.br\/es\/conheca-os-vencedores-do-premio-salao-design-2018\/#primaryimage"},"image":{"@id":"https:\/\/www.sindmoveis.com.br\/es\/conheca-os-vencedores-do-premio-salao-design-2018\/#primaryimage"},"thumbnailUrl":"https:\/\/www.sindmoveis.com.br\/es\/wp-content\/uploads\/2021\/05\/p1517828803.jpg","datePublished":"2018-02-05T02:00:00+00:00","dateModified":"2021-05-26T13:27:47+00:00","author":{"@id":"https:\/\/www.sindmoveis.com.br\/es\/#\/schema\/person\/16d379542db1950a17fe188179340d57"},"inLanguage":"es","potentialAction":[{"@type":"ReadAction","target":["https:\/\/www.sindmoveis.com.br\/es\/conheca-os-vencedores-do-premio-salao-design-2018\/"]}]},{"@type":"ImageObject","inLanguage":"es","@id":"https:\/\/www.sindmoveis.com.br\/es\/conheca-os-vencedores-do-premio-salao-design-2018\/#primaryimage","url":"https:\/\/www.sindmoveis.com.br\/es\/wp-content\/uploads\/2021\/05\/p1517828803.jpg","contentUrl":"https:\/\/www.sindmoveis.com.br\/es\/wp-content\/uploads\/2021\/05\/p1517828803.jpg","width":945,"height":591},{"@type":"WebSite","@id":"https:\/\/www.sindmoveis.com.br\/es\/#website","url":"https:\/\/www.sindmoveis.com.br\/es\/","name":"Sindm\u00f3veis-RS","description":"","potentialAction":[{"@type":"SearchAction","target":{"@type":"EntryPoint","urlTemplate":"https:\/\/www.sindmoveis.com.br\/es\/?s={search_term_string}"},"query-input":{"@type":"PropertyValueSpecification","valueRequired":true,"valueName":"search_term_string"}}],"inLanguage":"es"},{"@type":"Person","@id":"https:\/\/www.sindmoveis.com.br\/es\/#\/schema\/person\/16d379542db1950a17fe188179340d57","name":"Imprensa Sindm\u00f3veis","image":{"@type":"ImageObject","inLanguage":"es","@id":"https:\/\/www.sindmoveis.com.br\/es\/#\/schema\/person\/image\/","url":"https:\/\/secure.gravatar.com\/avatar\/4973e2e2c2a0cb5db30b0c7b770041b8e33d048a16b695a1f99c042449d4bfaf?s=96&d=mm&r=g","contentUrl":"https:\/\/secure.gravatar.com\/avatar\/4973e2e2c2a0cb5db30b0c7b770041b8e33d048a16b695a1f99c042449d4bfaf?s=96&d=mm&r=g","caption":"Imprensa Sindm\u00f3veis"},"url":"https:\/\/www.sindmoveis.com.br\/es\/author\/ana\/"}]}},"_links":{"self":[{"href":"https:\/\/www.sindmoveis.com.br\/es\/wp-json\/wp\/v2\/posts\/1348","targetHints":{"allow":["GET"]}}],"collection":[{"href":"https:\/\/www.sindmoveis.com.br\/es\/wp-json\/wp\/v2\/posts"}],"about":[{"href":"https:\/\/www.sindmoveis.com.br\/es\/wp-json\/wp\/v2\/types\/post"}],"author":[{"embeddable":true,"href":"https:\/\/www.sindmoveis.com.br\/es\/wp-json\/wp\/v2\/users\/5"}],"replies":[{"embeddable":true,"href":"https:\/\/www.sindmoveis.com.br\/es\/wp-json\/wp\/v2\/comments?post=1348"}],"version-history":[{"count":2,"href":"https:\/\/www.sindmoveis.com.br\/es\/wp-json\/wp\/v2\/posts\/1348\/revisions"}],"predecessor-version":[{"id":3669,"href":"https:\/\/www.sindmoveis.com.br\/es\/wp-json\/wp\/v2\/posts\/1348\/revisions\/3669"}],"wp:featuredmedia":[{"embeddable":true,"href":"https:\/\/www.sindmoveis.com.br\/es\/wp-json\/wp\/v2\/media\/3670"}],"wp:attachment":[{"href":"https:\/\/www.sindmoveis.com.br\/es\/wp-json\/wp\/v2\/media?parent=1348"}],"wp:term":[{"taxonomy":"category","embeddable":true,"href":"https:\/\/www.sindmoveis.com.br\/es\/wp-json\/wp\/v2\/categories?post=1348"},{"taxonomy":"post_tag","embeddable":true,"href":"https:\/\/www.sindmoveis.com.br\/es\/wp-json\/wp\/v2\/tags?post=1348"}],"curies":[{"name":"wp","href":"https:\/\/api.w.org\/{rel}","templated":true}]}}