{"id":1340,"date":"2018-01-11T00:00:00","date_gmt":"2018-01-11T02:00:00","guid":{"rendered":"http:\/\/sindmoveis.com.br\/imprensa\/noticias\/setor-moveleiro-comeca-o-ano-ensaiando-recuperacao\/"},"modified":"2021-05-26T10:24:22","modified_gmt":"2021-05-26T13:24:22","slug":"setor-moveleiro-comeca-o-ano-ensaiando-recuperacao","status":"publish","type":"post","link":"https:\/\/www.sindmoveis.com.br\/es\/setor-moveleiro-comeca-o-ano-ensaiando-recuperacao\/","title":{"rendered":"Sector del mobiliario empieza el a\u00f1o ensayando recuperaci\u00f3n"},"content":{"rendered":"<p>Despu&eacute;s de un primer semestre dif&iacute;cil para el polo mobiliario de Bento Gon&ccedil;alves en 2017, los &iacute;ndices levantados por el sector de Inteligencia Comercial del Sindicato de las Industria del Mobiliario de Bento Gon&ccedil;alves (Sindm&oacute;veis) muestran el principio de una recuperaci&oacute;n con el cierre del a&ntilde;o. De enero a noviembre por la primera vez en casi cuatro a&ntilde;os, la producci&oacute;n industrial acumulada fue positiva -4,4% con relaci&oacute;n al mismo periodo del a&ntilde;o pasado. En el mismo periodo, fueron creados 2.847 nuevos puestos de trabajo por la industria del mueble.<\/p>\n<p>Considerando la expectativa de reanimaci&oacute;n del mercado, cerca de 200 fabricantes de mobiliario residencial, corporativo y complementos preparan sus novedades para Movelsul Brasil, de 12 a 15 de marzo de 2018, en Bento Gon&ccedil;alves. Sindm&oacute;veis, como entidad promotora, est&aacute; estructurando una serie de acciones simult&aacute;neas que ampl&iacute;an &nbsp;el fomento a los negocios y generaci&oacute;n de conocimiento. Todo ello para garantizar un ambiente de negocios asertivo para los principales revendedores de muebles de Brasil e importadores de 50 nacionalidades esperados en el evento.<\/p>\n<p>El presidente de Sindm&oacute;veis, Edson Pelicioli, puntualiza que la feria tendr&aacute; papel fundamental para la confianza del comercio minorista nacional y tambi&eacute;n por fomentar negocios en el mercado externo, El directorio de Movelsul Brasil est&aacute; trabajando en acciones para la atracci&oacute;n de los principales revendedores nacionales y tambi&eacute;n promover&aacute; este a&ntilde;o su mayor edici&oacute;n de Proyecto Comprador ya realizada, con 50 revendedores y distribuidores extranjeros invitados para negociar con industrias y dise&ntilde;adores.<\/p>\n<p>En el curso de este mes de enero, Movelsul Brasil pondr&aacute; a disposici&oacute;n la acreditaci&oacute;n anticipada por medio de su sitio web.<\/p>\n<p>&nbsp;<\/p>\n<p><strong>Servicio:<\/strong><\/p>\n<p>&nbsp;<\/p>\n<p><strong>Movelsul Brasil 2018<\/strong><\/p>\n<p>Feria de Muebles y complementos para el revendedor y especificador<\/p>\n<p><strong>Cuando<\/strong>: 12 a 15 de marzo de 2018, de las 12 a las 20h<\/p>\n<p><strong>Donde<\/strong>: Parque de Eventos de Bento Gon&ccedil;alves (Alameda Fenavinho, 481)<\/p>\n<p><strong>Entrada gratuita mediante <\/strong><strong>acreditaci&oacute;n<\/strong>. Abierta apenas al p&uacute;blico profesional (revendedores, representantes, arquitectos, dise&ntilde;adores, decoradores, importadores, profesionales de la construcci&oacute;n civil y prensa)<\/p>\n<p>&nbsp;<\/p>\n<p><strong>Para m&aacute;s <\/strong><strong>informaciones:<\/strong><\/p>\n<p><a href=\"http:\/\/www.movelsul.com.br\/\">www.movelsul.com.br<\/a><\/p>\n<p><a href=\"http:\/\/www.facebook.com\/movelsul.brasil\">www.facebook.com\/movelsul.brasil<\/a><\/p>\n<p><a href=\"http:\/\/www.salaodesign.com.br\/\">www.salaodesign.com.br<\/a><\/p>\n<p><a href=\"http:\/\/www.facebook.com\/premiosalaodesign\">www.facebook.com\/premiosalaodesign<\/a><\/p>\n<p><a href=\"http:\/\/www.instagram.com\/premiosalaodesign\">www.instagram.com\/premiosalaodesign<\/a><\/p>\n<p>&nbsp;<\/p>\n<p><strong>Informaciones para la<\/strong> <strong>prensa: <\/strong><\/p>\n<p>Ana Carolina Azevedo<\/p>\n<p><a href=\"mailto:imprensa@sindmoveis.com.br\">imprensa@sindmoveis.com.br<\/a><\/p>\n<p>54 99938-7897<\/p>\n<p>54 2102-6800<\/p>\n","protected":false},"excerpt":{"rendered":"<p>Datos parciales de 2017 apuntan para 2.847 nuevos puestos de trabajo en el polo mobiliario de Bento Gon\u00e7alves<\/p>\n","protected":false},"author":5,"featured_media":3666,"comment_status":"closed","ping_status":"open","sticky":false,"template":"","format":"standard","meta":{"footnotes":"","_links_to":"","_links_to_target":""},"categories":[2],"tags":[],"class_list":["post-1340","post","type-post","status-publish","format-standard","has-post-thumbnail","hentry","category-sindmoveis"],"yoast_head":"<!-- This site is optimized with the Yoast SEO plugin v27.0 - https:\/\/yoast.com\/product\/yoast-seo-wordpress\/ -->\n<title>Sector del mobiliario empieza el a\u00f1o ensayando recuperaci\u00f3n - Sindm\u00f3veis-RS<\/title>\n<meta name=\"robots\" content=\"index, follow, max-snippet:-1, max-image-preview:large, max-video-preview:-1\" \/>\n<link rel=\"canonical\" href=\"https:\/\/www.sindmoveis.com.br\/es\/setor-moveleiro-comeca-o-ano-ensaiando-recuperacao\/\" \/>\n<meta property=\"og:locale\" content=\"es_ES\" \/>\n<meta property=\"og:type\" content=\"article\" \/>\n<meta property=\"og:title\" content=\"Sector del mobiliario empieza el a\u00f1o ensayando recuperaci\u00f3n - Sindm\u00f3veis-RS\" \/>\n<meta property=\"og:description\" content=\"Datos parciales de 2017 apuntan para 2.847 nuevos puestos de trabajo en el polo mobiliario de Bento Gon\u00e7alves\" \/>\n<meta property=\"og:url\" content=\"https:\/\/www.sindmoveis.com.br\/es\/setor-moveleiro-comeca-o-ano-ensaiando-recuperacao\/\" \/>\n<meta property=\"og:site_name\" content=\"Sindm\u00f3veis-RS\" \/>\n<meta property=\"article:published_time\" content=\"2018-01-11T02:00:00+00:00\" \/>\n<meta property=\"article:modified_time\" content=\"2021-05-26T13:24:22+00:00\" \/>\n<meta property=\"og:image\" content=\"https:\/\/www.sindmoveis.com.br\/es\/wp-content\/uploads\/2021\/05\/p1515668477.jpg\" \/>\n\t<meta property=\"og:image:width\" content=\"1575\" \/>\n\t<meta property=\"og:image:height\" content=\"1051\" \/>\n\t<meta property=\"og:image:type\" content=\"image\/jpeg\" \/>\n<meta name=\"author\" content=\"Imprensa Sindm\u00f3veis\" \/>\n<meta name=\"twitter:card\" content=\"summary_large_image\" \/>\n<meta name=\"twitter:label1\" content=\"Escrito por\" \/>\n\t<meta name=\"twitter:data1\" content=\"Imprensa Sindm\u00f3veis\" \/>\n\t<meta name=\"twitter:label2\" content=\"Tiempo de lectura\" \/>\n\t<meta name=\"twitter:data2\" content=\"2 minutos\" \/>\n<script type=\"application\/ld+json\" class=\"yoast-schema-graph\">{\"@context\":\"https:\/\/schema.org\",\"@graph\":[{\"@type\":\"Article\",\"@id\":\"https:\/\/www.sindmoveis.com.br\/es\/setor-moveleiro-comeca-o-ano-ensaiando-recuperacao\/#article\",\"isPartOf\":{\"@id\":\"https:\/\/www.sindmoveis.com.br\/es\/setor-moveleiro-comeca-o-ano-ensaiando-recuperacao\/\"},\"author\":{\"name\":\"Imprensa Sindm\u00f3veis\",\"@id\":\"https:\/\/www.sindmoveis.com.br\/es\/#\/schema\/person\/16d379542db1950a17fe188179340d57\"},\"headline\":\"Sector del mobiliario empieza el a\u00f1o ensayando recuperaci\u00f3n\",\"datePublished\":\"2018-01-11T02:00:00+00:00\",\"dateModified\":\"2021-05-26T13:24:22+00:00\",\"mainEntityOfPage\":{\"@id\":\"https:\/\/www.sindmoveis.com.br\/es\/setor-moveleiro-comeca-o-ano-ensaiando-recuperacao\/\"},\"wordCount\":433,\"image\":{\"@id\":\"https:\/\/www.sindmoveis.com.br\/es\/setor-moveleiro-comeca-o-ano-ensaiando-recuperacao\/#primaryimage\"},\"thumbnailUrl\":\"https:\/\/www.sindmoveis.com.br\/es\/wp-content\/uploads\/2021\/05\/p1515668477.jpg\",\"articleSection\":[\"Sindm\u00f3veis\"],\"inLanguage\":\"es\"},{\"@type\":\"WebPage\",\"@id\":\"https:\/\/www.sindmoveis.com.br\/es\/setor-moveleiro-comeca-o-ano-ensaiando-recuperacao\/\",\"url\":\"https:\/\/www.sindmoveis.com.br\/es\/setor-moveleiro-comeca-o-ano-ensaiando-recuperacao\/\",\"name\":\"Sector del mobiliario empieza el a\u00f1o ensayando recuperaci\u00f3n - Sindm\u00f3veis-RS\",\"isPartOf\":{\"@id\":\"https:\/\/www.sindmoveis.com.br\/es\/#website\"},\"primaryImageOfPage\":{\"@id\":\"https:\/\/www.sindmoveis.com.br\/es\/setor-moveleiro-comeca-o-ano-ensaiando-recuperacao\/#primaryimage\"},\"image\":{\"@id\":\"https:\/\/www.sindmoveis.com.br\/es\/setor-moveleiro-comeca-o-ano-ensaiando-recuperacao\/#primaryimage\"},\"thumbnailUrl\":\"https:\/\/www.sindmoveis.com.br\/es\/wp-content\/uploads\/2021\/05\/p1515668477.jpg\",\"datePublished\":\"2018-01-11T02:00:00+00:00\",\"dateModified\":\"2021-05-26T13:24:22+00:00\",\"author\":{\"@id\":\"https:\/\/www.sindmoveis.com.br\/es\/#\/schema\/person\/16d379542db1950a17fe188179340d57\"},\"inLanguage\":\"es\",\"potentialAction\":[{\"@type\":\"ReadAction\",\"target\":[\"https:\/\/www.sindmoveis.com.br\/es\/setor-moveleiro-comeca-o-ano-ensaiando-recuperacao\/\"]}]},{\"@type\":\"ImageObject\",\"inLanguage\":\"es\",\"@id\":\"https:\/\/www.sindmoveis.com.br\/es\/setor-moveleiro-comeca-o-ano-ensaiando-recuperacao\/#primaryimage\",\"url\":\"https:\/\/www.sindmoveis.com.br\/es\/wp-content\/uploads\/2021\/05\/p1515668477.jpg\",\"contentUrl\":\"https:\/\/www.sindmoveis.com.br\/es\/wp-content\/uploads\/2021\/05\/p1515668477.jpg\",\"width\":1575,\"height\":1051},{\"@type\":\"WebSite\",\"@id\":\"https:\/\/www.sindmoveis.com.br\/es\/#website\",\"url\":\"https:\/\/www.sindmoveis.com.br\/es\/\",\"name\":\"Sindm\u00f3veis-RS\",\"description\":\"\",\"potentialAction\":[{\"@type\":\"SearchAction\",\"target\":{\"@type\":\"EntryPoint\",\"urlTemplate\":\"https:\/\/www.sindmoveis.com.br\/es\/?s={search_term_string}\"},\"query-input\":{\"@type\":\"PropertyValueSpecification\",\"valueRequired\":true,\"valueName\":\"search_term_string\"}}],\"inLanguage\":\"es\"},{\"@type\":\"Person\",\"@id\":\"https:\/\/www.sindmoveis.com.br\/es\/#\/schema\/person\/16d379542db1950a17fe188179340d57\",\"name\":\"Imprensa Sindm\u00f3veis\",\"image\":{\"@type\":\"ImageObject\",\"inLanguage\":\"es\",\"@id\":\"https:\/\/www.sindmoveis.com.br\/es\/#\/schema\/person\/image\/\",\"url\":\"https:\/\/secure.gravatar.com\/avatar\/4973e2e2c2a0cb5db30b0c7b770041b8e33d048a16b695a1f99c042449d4bfaf?s=96&d=mm&r=g\",\"contentUrl\":\"https:\/\/secure.gravatar.com\/avatar\/4973e2e2c2a0cb5db30b0c7b770041b8e33d048a16b695a1f99c042449d4bfaf?s=96&d=mm&r=g\",\"caption\":\"Imprensa Sindm\u00f3veis\"},\"url\":\"https:\/\/www.sindmoveis.com.br\/es\/author\/ana\/\"}]}<\/script>\n<!-- \/ Yoast SEO plugin. -->","yoast_head_json":{"title":"Sector del mobiliario empieza el a\u00f1o ensayando recuperaci\u00f3n - Sindm\u00f3veis-RS","robots":{"index":"index","follow":"follow","max-snippet":"max-snippet:-1","max-image-preview":"max-image-preview:large","max-video-preview":"max-video-preview:-1"},"canonical":"https:\/\/www.sindmoveis.com.br\/es\/setor-moveleiro-comeca-o-ano-ensaiando-recuperacao\/","og_locale":"es_ES","og_type":"article","og_title":"Sector del mobiliario empieza el a\u00f1o ensayando recuperaci\u00f3n - Sindm\u00f3veis-RS","og_description":"Datos parciales de 2017 apuntan para 2.847 nuevos puestos de trabajo en el polo mobiliario de Bento Gon\u00e7alves","og_url":"https:\/\/www.sindmoveis.com.br\/es\/setor-moveleiro-comeca-o-ano-ensaiando-recuperacao\/","og_site_name":"Sindm\u00f3veis-RS","article_published_time":"2018-01-11T02:00:00+00:00","article_modified_time":"2021-05-26T13:24:22+00:00","og_image":[{"width":1575,"height":1051,"url":"https:\/\/www.sindmoveis.com.br\/es\/wp-content\/uploads\/2021\/05\/p1515668477.jpg","type":"image\/jpeg"}],"author":"Imprensa Sindm\u00f3veis","twitter_card":"summary_large_image","twitter_misc":{"Escrito por":"Imprensa Sindm\u00f3veis","Tiempo de lectura":"2 minutos"},"schema":{"@context":"https:\/\/schema.org","@graph":[{"@type":"Article","@id":"https:\/\/www.sindmoveis.com.br\/es\/setor-moveleiro-comeca-o-ano-ensaiando-recuperacao\/#article","isPartOf":{"@id":"https:\/\/www.sindmoveis.com.br\/es\/setor-moveleiro-comeca-o-ano-ensaiando-recuperacao\/"},"author":{"name":"Imprensa Sindm\u00f3veis","@id":"https:\/\/www.sindmoveis.com.br\/es\/#\/schema\/person\/16d379542db1950a17fe188179340d57"},"headline":"Sector del mobiliario empieza el a\u00f1o ensayando recuperaci\u00f3n","datePublished":"2018-01-11T02:00:00+00:00","dateModified":"2021-05-26T13:24:22+00:00","mainEntityOfPage":{"@id":"https:\/\/www.sindmoveis.com.br\/es\/setor-moveleiro-comeca-o-ano-ensaiando-recuperacao\/"},"wordCount":433,"image":{"@id":"https:\/\/www.sindmoveis.com.br\/es\/setor-moveleiro-comeca-o-ano-ensaiando-recuperacao\/#primaryimage"},"thumbnailUrl":"https:\/\/www.sindmoveis.com.br\/es\/wp-content\/uploads\/2021\/05\/p1515668477.jpg","articleSection":["Sindm\u00f3veis"],"inLanguage":"es"},{"@type":"WebPage","@id":"https:\/\/www.sindmoveis.com.br\/es\/setor-moveleiro-comeca-o-ano-ensaiando-recuperacao\/","url":"https:\/\/www.sindmoveis.com.br\/es\/setor-moveleiro-comeca-o-ano-ensaiando-recuperacao\/","name":"Sector del mobiliario empieza el a\u00f1o ensayando recuperaci\u00f3n - Sindm\u00f3veis-RS","isPartOf":{"@id":"https:\/\/www.sindmoveis.com.br\/es\/#website"},"primaryImageOfPage":{"@id":"https:\/\/www.sindmoveis.com.br\/es\/setor-moveleiro-comeca-o-ano-ensaiando-recuperacao\/#primaryimage"},"image":{"@id":"https:\/\/www.sindmoveis.com.br\/es\/setor-moveleiro-comeca-o-ano-ensaiando-recuperacao\/#primaryimage"},"thumbnailUrl":"https:\/\/www.sindmoveis.com.br\/es\/wp-content\/uploads\/2021\/05\/p1515668477.jpg","datePublished":"2018-01-11T02:00:00+00:00","dateModified":"2021-05-26T13:24:22+00:00","author":{"@id":"https:\/\/www.sindmoveis.com.br\/es\/#\/schema\/person\/16d379542db1950a17fe188179340d57"},"inLanguage":"es","potentialAction":[{"@type":"ReadAction","target":["https:\/\/www.sindmoveis.com.br\/es\/setor-moveleiro-comeca-o-ano-ensaiando-recuperacao\/"]}]},{"@type":"ImageObject","inLanguage":"es","@id":"https:\/\/www.sindmoveis.com.br\/es\/setor-moveleiro-comeca-o-ano-ensaiando-recuperacao\/#primaryimage","url":"https:\/\/www.sindmoveis.com.br\/es\/wp-content\/uploads\/2021\/05\/p1515668477.jpg","contentUrl":"https:\/\/www.sindmoveis.com.br\/es\/wp-content\/uploads\/2021\/05\/p1515668477.jpg","width":1575,"height":1051},{"@type":"WebSite","@id":"https:\/\/www.sindmoveis.com.br\/es\/#website","url":"https:\/\/www.sindmoveis.com.br\/es\/","name":"Sindm\u00f3veis-RS","description":"","potentialAction":[{"@type":"SearchAction","target":{"@type":"EntryPoint","urlTemplate":"https:\/\/www.sindmoveis.com.br\/es\/?s={search_term_string}"},"query-input":{"@type":"PropertyValueSpecification","valueRequired":true,"valueName":"search_term_string"}}],"inLanguage":"es"},{"@type":"Person","@id":"https:\/\/www.sindmoveis.com.br\/es\/#\/schema\/person\/16d379542db1950a17fe188179340d57","name":"Imprensa Sindm\u00f3veis","image":{"@type":"ImageObject","inLanguage":"es","@id":"https:\/\/www.sindmoveis.com.br\/es\/#\/schema\/person\/image\/","url":"https:\/\/secure.gravatar.com\/avatar\/4973e2e2c2a0cb5db30b0c7b770041b8e33d048a16b695a1f99c042449d4bfaf?s=96&d=mm&r=g","contentUrl":"https:\/\/secure.gravatar.com\/avatar\/4973e2e2c2a0cb5db30b0c7b770041b8e33d048a16b695a1f99c042449d4bfaf?s=96&d=mm&r=g","caption":"Imprensa Sindm\u00f3veis"},"url":"https:\/\/www.sindmoveis.com.br\/es\/author\/ana\/"}]}},"_links":{"self":[{"href":"https:\/\/www.sindmoveis.com.br\/es\/wp-json\/wp\/v2\/posts\/1340","targetHints":{"allow":["GET"]}}],"collection":[{"href":"https:\/\/www.sindmoveis.com.br\/es\/wp-json\/wp\/v2\/posts"}],"about":[{"href":"https:\/\/www.sindmoveis.com.br\/es\/wp-json\/wp\/v2\/types\/post"}],"author":[{"embeddable":true,"href":"https:\/\/www.sindmoveis.com.br\/es\/wp-json\/wp\/v2\/users\/5"}],"replies":[{"embeddable":true,"href":"https:\/\/www.sindmoveis.com.br\/es\/wp-json\/wp\/v2\/comments?post=1340"}],"version-history":[{"count":2,"href":"https:\/\/www.sindmoveis.com.br\/es\/wp-json\/wp\/v2\/posts\/1340\/revisions"}],"predecessor-version":[{"id":3665,"href":"https:\/\/www.sindmoveis.com.br\/es\/wp-json\/wp\/v2\/posts\/1340\/revisions\/3665"}],"wp:featuredmedia":[{"embeddable":true,"href":"https:\/\/www.sindmoveis.com.br\/es\/wp-json\/wp\/v2\/media\/3666"}],"wp:attachment":[{"href":"https:\/\/www.sindmoveis.com.br\/es\/wp-json\/wp\/v2\/media?parent=1340"}],"wp:term":[{"taxonomy":"category","embeddable":true,"href":"https:\/\/www.sindmoveis.com.br\/es\/wp-json\/wp\/v2\/categories?post=1340"},{"taxonomy":"post_tag","embeddable":true,"href":"https:\/\/www.sindmoveis.com.br\/es\/wp-json\/wp\/v2\/tags?post=1340"}],"curies":[{"name":"wp","href":"https:\/\/api.w.org\/{rel}","templated":true}]}}