{"id":1338,"date":"2017-12-14T00:00:00","date_gmt":"2017-12-14T02:00:00","guid":{"rendered":"http:\/\/sindmoveis.com.br\/imprensa\/noticias\/movelsul-brasil-2018-a-grande-feira-da-retomada-para-o-setor-moveleiro\/"},"modified":"2021-05-26T10:31:42","modified_gmt":"2021-05-26T13:31:42","slug":"movelsul-brasil-2018-a-grande-feira-da-retomada-para-o-setor-moveleiro","status":"publish","type":"post","link":"https:\/\/www.sindmoveis.com.br\/es\/movelsul-brasil-2018-a-grande-feira-da-retomada-para-o-setor-moveleiro\/","title":{"rendered":"Movelsul Brasil 2018: la gran feria de la retomada para el sector del mobiliario"},"content":{"rendered":"<p>Los principales revendedores de muebles de Brasil e importadores de 50 &nbsp;nacionalidades son esperados en Bento Gon&ccedil;alves, R&iacute;o Grande do Sul, de 12 a 15 de marzo de 2018, para la 21&ordf; edici&oacute;n de Movelsul Brasil &ndash; la principal feria de muebles de Am&eacute;rica Latina para profesionales vinculados a este ramo. Durante cuatro d&iacute;as la Sierra Gaucha centraliza los lanzamientos del sector del mobiliario que van a influenciar las ventas al por menor en el segundo semestre del pr&oacute;ximo a&ntilde;o, con expectativa de una reactivaci&oacute;n del mercado.<\/p>\n<p>La feria re&uacute;ne 200 industrias de los segmentos de oficina, cocina, dormitorios, &aacute;rea de servicio\/lavadero, ba&ntilde;o, muebles para jard&iacute;n, electrodom&eacute;sticos, comedores de diario, juegos de comedor, salas de estar, alfombras, muebles tapizados y colchones. Importantes fabricantes como Kappesberg, M&oacute;veis Carraro, CBP Colch&otilde;es, Tramontina, Bertolini, Telasul, Santos Andir&aacute;, Caemmun y Kits Paran&aacute; est&aacute;n entre los expositores confirmados.<\/p>\n<p>Realizada desde 1977 por el Sindicato de las Industrias del Mobiliario de Bento Gon&ccedil;alves (Sindm&oacute;veis), Movelsul Brasil llega a su 21&ordf; edici&oacute;n con el m&eacute;rito de haber consolidado el polo mobiliario local como principal del pa&iacute;s y apuntalado el desempe&ntilde;o de las empresas en el mercado interno e internacional. Prueba de ello es el consolidado Proyecto Comprador, que fomenta las exportaciones durante la feria, En la edici&oacute;n pasado, en 2016, Movelsul Brasil recibi&oacute; la visita de 29 mil profesionales de 48 pa&iacute;ses.<\/p>\n<p>&nbsp;<\/p>\n<p><strong>Bento Gon&ccedil;alves: polo de muebles, innovaci&oacute;n y turismo<\/strong><\/p>\n<p>&nbsp;<\/p>\n<p>La consolidaci&oacute;n del polo mobiliario de Bento Gon&ccedil;alves, actualmente el mayor de Brasil en n&uacute;mero de piezas producidas (IEMI), en mucho est&aacute; relacionada a la historia del Sindicato de las Industrias del Mobiliario de Bento Gon&ccedil;alves (Sindm&oacute;veisd) y de la feria Movelsul Brasil. El polo es formado por 300 industrias y responde por 41% de la industria local. En 2016 las industrias fabricantes de muebles locales facturaron 1.810 millones de reales.<\/p>\n<p>Dentro de la industria de transformaci&oacute;n, este segmento es el que m&aacute;s genera empleo. Es, por lo tanto, de significativa contribuci&oacute;n para el desarrollo econ&oacute;mico y social de la ciudad, que tiene 144 mil habitantes conforme datos del Instituto Brasile&ntilde;o de Geograf&iacute;a y Estad&iacute;stica &ndash;IBGE. Bento Gon&ccedil;alves que posee el t&iacute;tulo de &ldquo;Capital Brasile&ntilde;a de la Uva y del Vino&rdquo;, es la primera regi&oacute;n de Brasil a obtener la indicaci&oacute;n de Procedencia para sus vinos y tambi&eacute;n Denominaci&oacute;n de Origen para el &ldquo;<em>Vale dos<\/em> <em>Vinhedos&rdquo;<\/em>. Es uno de los 65 Destinos Inductores del Turismo en Brasil.<\/p>\n<p>Apostando en la retomada que el sector del mobiliario ya muestra en los &uacute;ltimos meses, la 21&ordf; edici&oacute;n de Movelsul Brasil valora los atributos tur&iacute;sticos de la Sierra Gaucha y la tradici&oacute;n de su polo mobiliario por el slogan del dise&ntilde;o, la campa&ntilde;a de la feria de muebles provoca el expositor y visitante: &ldquo;Dise&ntilde;o es de nuestra naturaleza&rdquo;.<\/p>\n<p>El dise&ntilde;o est&aacute; en el ADN de Movelsul Brasil, en el d&iacute;a a d&iacute;a de la feria, en el ambiente de Bento Gon&ccedil;alves, en el paisaje, en todo lo que circunda esta regi&oacute;n de grandes muebles y grandes vinos. Ese <em>terroir<\/em> que existe en el polo mobiliario de Bento Gon&ccedil;alves es el gran diferencial de la regi&oacute;n y personaje de destaque en la campa&ntilde;a del evento. Ninguna otra feria de muebles tiene como escenario el principal destino enotur&iacute;stico del pa&iacute;s. Si el revendedor y el importador vienen a la Sierra Gaucha para buenos negocios con la industria expositora,&nbsp; Sindm&oacute;veis desea y estimula que ellos tambi&eacute;n conozcan buenos vinos, aprecien los bellos paisajes y disfruten de los excelentes atractivos tur&iacute;sticos.<\/p>\n<p>El presidente de Sindm&oacute;veis, Edson Pelicioli, explica que la campa&ntilde;a &ndash; creada por la agencia Rep&uacute;blica de las Ideas &ndash; se desdobla en otros atributos de la ciudad y su industria de muebles: innovaci&oacute;n, hospitalidad y bienestar tambi&eacute;n son de nuestra naturaleza. &ldquo;Una feria de muebles puede existir en cualquier lugar, pero&nbsp; nuestra historia y el legado de ese polo mobiliario es lo que hacen de Movelsul Brasil ser &uacute;nica en su segmento, considerando, tambi&eacute;n, la excelencia de Sindm&oacute;veis Bento Gon&ccedil;alves en la promoci&oacute;n del evento&rdquo;, destaca.<\/p>\n<p>&nbsp;<\/p>\n<p><strong>Acciones simult&aacute;neas fortalecen la generaci&oacute;n de negocios y conocimiento<\/strong><\/p>\n<p>&nbsp;<\/p>\n<p><strong>Proyecto Comprador Movelsul tendr&aacute; mayor edici&oacute;n de su historia<\/strong><\/p>\n<p>&nbsp;<\/p>\n<p>Apostando en el optimismo del sector del mobiliario con relaci&oacute;n al mercado internacional, Movelsul Brasil prepara para 2018 la mayor edici&oacute;n del Proyecto Comprador de su historia. Ser&aacute;n 50 revendedores y distribuidores extranjeros invitados a negociar con industrias y dise&ntilde;adores brasile&ntilde;os en rondas de negocios realizadas durante la feria, de 12 a 15 de marzo de 2018.<\/p>\n<p>Acciones como esas refuerzan el compromiso de Sindm&oacute;veis Bento Gon&ccedil;alves con la cadena del mobiliario como un todo, desde el proveedor de insumos y tecnolog&iacute;as, pasando por la industria, hasta el servicio de dise&ntilde;ador. El presidente de Sindm&oacute;veis, Edson Pelicioli, defiende Movelsul Brasil como estrategia de posicionamiento y ventas, reforzada por las acciones volcadas a las exportaciones del mueble brasile&ntilde;o.<\/p>\n<p>&ldquo;Creemos que el tama&ntilde;o del mercado internacional y el potencial de la industria del mobiliario justifican plenamente la inversi&oacute;n en las exportaciones y negocios internacionales&rdquo;.<\/p>\n<p>Las exportaciones de la industria brasile&ntilde;a en 2017 fueron relevantes y tuvieron una expansi&oacute;n superior, inclusive, a las del sector agr&iacute;cola. El Proyecto Comprador Movelsul Brasil es realizado por Sindm&oacute;veis Bento Gon&ccedil;alves con apoyo de Apex-Brasil, por medio de los proyectos sectoriales Brazilian Furniture (Abim&oacute;vel) y Ra&iacute;z (Sindm&oacute;veis)<\/p>\n<p>&nbsp;<\/p>\n<p><strong>Proyecto Comercio Minorista: una acci&oacute;n in&eacute;dita volcada a los revendedores nacionales<\/strong><\/p>\n<p>&nbsp;<\/p>\n<p>La principal novedad de la pr&oacute;xima Movelsul Brasil ser&aacute; el Proyecto Varejo (Comercio Minorista), una acci&oacute;n in&eacute;dita y valerosa que desaf&iacute;a la industria expositora a desarrollar productos firmados por dise&ntilde;adores que atiendan a demandas espec&iacute;ficas del comercio minorista nacional. Vinculando la feria, la industria, los dise&ntilde;adores y revendedores, el proy7ecto aumenta la sinton&iacute;a entre el sector del mobiliario y los principales <em>players <\/em>nacionales de las ventas al por menor en la actualidad.<\/p>\n<p>Para llegar a esas demandas de innovaci&oacute;n, tipo de producto y apelo de ventas, el equipo de Sindm&oacute;veis condujo en los &uacute;ltimos meses un estudio cualitativo con algunas de las principales redes de tiendas clientes de la industria de muebles participantes de Movelsul Brasil. La compilaci&oacute;n de esas informaciones est&aacute; subsidiando el desarrollo de piezas in&eacute;ditas que ser&aacute;n presentadas durante la feria. Los muebles deben ser firmados por dise&ntilde;adores, que pueden ser equipos internos o estudios contratados.<\/p>\n<p>Esos lanzamientos tendr&aacute;n destaque durante Movelsul Brasil 2018, siendo presentados en el stand de cada expositor con un sello que comprueba la participaci&oacute;n y la preocupaci&oacute;n de esa empresa en acoger y atender las demandas del comercio minorista.<\/p>\n<p>&nbsp;<\/p>\n<p><strong>Los 30 a&ntilde;os del Premio Sal&atilde;o Design<\/strong><\/p>\n<p>&nbsp;<\/p>\n<p>El Premio Sal&atilde;o Design, mayor premiaci&oacute;n de dise&ntilde;o de producto de Am&eacute;rica Latina, presentar&aacute; durante Movelsul Brasil 2018 los proyectos premiados de esa edici&oacute;n, que marca los 30 a&ntilde;os de realizaci&oacute;n por Sindm&oacute;veis Bento Gon&ccedil;alves. El premio naci&oacute; en 1988 como un proyecto paralelo de la feria con el intuito de estimular el sector del mobiliario a agregar valor a sus productos por medio del dise&ntilde;o.<\/p>\n<p>Esta edici&oacute;n, actualmente, est&aacute; en la fase final de juicio. En enero, los 58 proyectos finalistas ser&aacute;n evaluados en Bento Gon&ccedil;alves por la comisi&oacute;n juzgadora, integrada por los dise&ntilde;adores Bruno Faucz, Brunno Jahara, Leticia Grisa, Nicole Tomazi y el alem&aacute;n Salvatore Figliuzzi. Est&aacute;n concurriendo productos de Brasil, Argentina, Cuba y Uruguay.<\/p>\n<p>Destaque en este a&ntilde;o para cambios en el reglamento. En lugar de las tradicionales categor&iacute;as, ser&aacute;n concedidas premiaciones para primer, segundo y tercer lugar para cada una de las modalidades &ndash; Estudiante, Profesional e Industria\/Comercio Minorista. Ser&aacute;n concedidos, tambi&eacute;n, tres s&uacute;per premios para los mejores productos de la edici&oacute;n. Ya tradicionales en la premiaci&oacute;n, permanecen siendo concedidos el trofeo Profesor Orientador para los mejores productos de estudiantes y tambi&eacute;n el Premio Maderas Alternativas, este &uacute;ltimo en asociaci&oacute;n con el Servicio Forestal Brasile&ntilde;o y que reconoce el uso de maderas consideradas no muy utilizadas en le industria.<\/p>\n<p>Con un historial de 14.213 proyectos inscritos hasta hoy, el Premio Sal&atilde;o Design tiene patrocinio de&nbsp;<a href=\"https:\/\/www.berneck.com.br\/pt\/\" target=\"_blank\" rel=\"noopener\">Berneck&nbsp;<\/a>e&nbsp;<a href=\"https:\/\/www.interprint.com\/\" target=\"_blank\" rel=\"noopener\">Interprint<\/a>.<\/p>\n<p>&nbsp;<\/p>\n<p>F&oacute;rum Movelsul: La reinvenci&oacute;n del comercio minorista &ndash; Consumo all line<\/p>\n<p>&nbsp;&nbsp;&nbsp;&nbsp;&nbsp;&nbsp;&nbsp;&nbsp;&nbsp;&nbsp;&nbsp; La generaci&oacute;n de conocimiento para la cadena del mobiliario tendr&aacute; destaque en Movelsul Brasil 2018 con la realizaci&oacute;n del F&oacute;rum Movelsul. Con el tema La Reinvenci&oacute;n del comercio minorista all line, el evento tendr&aacute; conferencias en los d&iacute;as 13,14 y 15 de marzo, siempre de las 9:30 a las 12:00 horas, en el Centro Empresarial Bento Gon&ccedil;alves (acceso por el Parque de Eventos)<\/p>\n<p>&nbsp;&nbsp;&nbsp;&nbsp;&nbsp;&nbsp;&nbsp;&nbsp;&nbsp;&nbsp;&nbsp; Ser&aacute;n dos conferencias por d&iacute;a, abiertas a toda la cadena del mobiliario. Este ser&aacute; un evento con lugares limitados e inscripciones pagadas, que pueden ser hechas por el sitio web de la feria. Ricardo Morales, de Netshoes M&eacute;xico; Salvatore Figliuzzi, dise&ntilde;ador alem&aacute;n da Interprint; Felipe Pojo, de IBM Watson y Francisco Kieling Lumertz, de Selcon Consultor&iacute;a, especializada en negociaci&oacute;n, son conferencistas ya confirmados.<\/p>\n<p>&nbsp;<\/p>\n<p><strong>M&aacute;s sobre&nbsp; Movelsul Brasil<\/strong><\/p>\n<p>&nbsp;<\/p>\n<p>Al final de la d&eacute;cada de 1960 el sector del mobiliario de Bento Gon&ccedil;alves, comenzaba en la regi&oacute;n. En pocos a&ntilde;os, pas&oacute; a representar la principal actividad econ&oacute;mica de la ciudad, superando el tradicional y centenario sector vin&iacute;cola. Con el desarrollo del sector en profusi&oacute;n, en abril de 1977 nace el Sindicato de las Industrias del Mobiliario de Bento Gon&ccedil;alves (Sindm&oacute;veis), momento en que se organiz&oacute; la feria.<\/p>\n<p>La feria de muebles de Bento Gon&ccedil;alves, surgi&oacute; en una &eacute;poca favorable, impulsada por el optimismo de los empresarios locales con el crecimiento de la industria de muebles. La primera edici&oacute;n ocurri&oacute; como evento paralelo a la Fiesta Nacional del Vino (Fenavinho), en el a&ntilde;o en que el sector del mobiliario se consolid&oacute; como actividad l&iacute;der en la econom&iacute;a de la ciudad, habiendo reunido 24 expositores.<\/p>\n<p>A partir de 1988, el evento recibe el nombre de Movelsul, reuniendo m&aacute;s de 100 expositores. La fecha marc&oacute;, tambi&eacute;n, la primera edici&oacute;n del Premio Sal&atilde;o Design, que conmemora ahora 30 a&ntilde;os fomentando el dise&ntilde;o como diferencial competitivo para la industria del mobiliario. La internacionalizaci&oacute;n de la feria se consolida en 2000, cuando ocurre la primera edici&oacute;n del Proyecto Comprador.<\/p>\n<p>Considerada la mayor feria de muebles de Am&eacute;rica Latina, la feria viene promoviendo el desarrollo del sector del mobiliario nacional, estrechando las relaciones comerciales entre la industria y sus clientes e incentivando las exportaciones a trav&eacute;s de acciones dirigidas al mercado internacional, consumidor del mueble brasile&ntilde;o.<\/p>\n<p>&nbsp;<\/p>\n<p><strong>Servicio | Movelsul Brasil 2018<\/strong><\/p>\n<p>&nbsp;<\/p>\n<p>Feria de Muebles y complementos para el revendedor y especificador<\/p>\n<p>Cuando: 12 a 15 de marzo de 2018, de lasas 12 a las 20h<\/p>\n<p>Donde: Parque de Eventos de Bento Gon&ccedil;alves (Alameda Fenavinho, 481)<\/p>\n<p>Entrada gratuita mediante acreditaci&oacute;n. Abierta apenas al p&uacute;blico profesional (revendedores, representantes, arquitectos, dise&ntilde;adores, decoradores, importadores, profesionales de la construcci&oacute;n civil y prensa)<\/p>\n<p>&nbsp;<\/p>\n<p>Para m&aacute;s informaciones:<\/p>\n<p>&nbsp;<\/p>\n<p><a href=\"http:\/\/www.movelsul.com.br\/\">www.movelsul.com.br<\/a><\/p>\n<p><a href=\"http:\/\/www.facebook.com\/movelsul.brasil\">www.facebook.com\/movelsul.brasil<\/a><\/p>\n<p><a href=\"http:\/\/www.salaodesign.com.br\/\">www.salaodesign.com.br<\/a><\/p>\n<p><a href=\"http:\/\/www.facebook.com\/premiosalaodesign\">www.facebook.com\/premiosalaodesign<\/a><\/p>\n<p><a href=\"http:\/\/www.instagram.com\/premiosalaodesign\">www.instagram.com\/premiosalaodesign<\/a><\/p>\n<p>&nbsp;<\/p>\n<p>Informaciones para la prensa:<\/p>\n<p>Ana Carolina Azevedo | <a href=\"mailto:imprensa@sindmoveis.com.br\">imprensa@sindmoveis.com.br<\/a> | 54 99938-7897 2102-6800<\/p>\n","protected":false},"excerpt":{"rendered":"<p>De 12 a 15 de marzo, Bento Gon\u00e7alves recibe los principales fabricantes nacionales de muebles para cuatro d\u00edas de negocios con revendedores e importadores<\/p>\n","protected":false},"author":5,"featured_media":3662,"comment_status":"closed","ping_status":"open","sticky":false,"template":"","format":"standard","meta":{"footnotes":"","_links_to":"","_links_to_target":""},"categories":[23,2],"tags":[],"class_list":["post-1338","post","type-post","status-publish","format-standard","has-post-thumbnail","hentry","category-movelsul","category-sindmoveis"],"yoast_head":"<!-- This site is optimized with the Yoast SEO plugin v27.0 - https:\/\/yoast.com\/product\/yoast-seo-wordpress\/ -->\n<title>Movelsul Brasil 2018: la gran feria de la retomada para el sector del mobiliario - Sindm\u00f3veis-RS<\/title>\n<meta name=\"robots\" content=\"index, follow, max-snippet:-1, max-image-preview:large, max-video-preview:-1\" \/>\n<link rel=\"canonical\" href=\"https:\/\/www.sindmoveis.com.br\/es\/movelsul-brasil-2018-a-grande-feira-da-retomada-para-o-setor-moveleiro\/\" \/>\n<meta property=\"og:locale\" content=\"es_ES\" \/>\n<meta property=\"og:type\" content=\"article\" \/>\n<meta property=\"og:title\" content=\"Movelsul Brasil 2018: la gran feria de la retomada para el sector del mobiliario - Sindm\u00f3veis-RS\" \/>\n<meta property=\"og:description\" content=\"De 12 a 15 de marzo, Bento Gon\u00e7alves recibe los principales fabricantes nacionales de muebles para cuatro d\u00edas de negocios con revendedores e importadores\" \/>\n<meta property=\"og:url\" content=\"https:\/\/www.sindmoveis.com.br\/es\/movelsul-brasil-2018-a-grande-feira-da-retomada-para-o-setor-moveleiro\/\" \/>\n<meta property=\"og:site_name\" content=\"Sindm\u00f3veis-RS\" \/>\n<meta property=\"article:published_time\" content=\"2017-12-14T02:00:00+00:00\" \/>\n<meta property=\"article:modified_time\" content=\"2021-05-26T13:31:42+00:00\" \/>\n<meta property=\"og:image\" content=\"https:\/\/www.sindmoveis.com.br\/es\/wp-content\/uploads\/2021\/05\/p1513276550.jpg\" \/>\n\t<meta property=\"og:image:width\" content=\"1575\" \/>\n\t<meta property=\"og:image:height\" content=\"1048\" \/>\n\t<meta property=\"og:image:type\" content=\"image\/jpeg\" \/>\n<meta name=\"author\" content=\"Imprensa Sindm\u00f3veis\" \/>\n<meta name=\"twitter:card\" content=\"summary_large_image\" \/>\n<meta name=\"twitter:label1\" content=\"Escrito por\" \/>\n\t<meta name=\"twitter:data1\" content=\"Imprensa Sindm\u00f3veis\" \/>\n\t<meta name=\"twitter:label2\" content=\"Tiempo de lectura\" \/>\n\t<meta name=\"twitter:data2\" content=\"11 minutos\" \/>\n<script type=\"application\/ld+json\" class=\"yoast-schema-graph\">{\"@context\":\"https:\/\/schema.org\",\"@graph\":[{\"@type\":\"Article\",\"@id\":\"https:\/\/www.sindmoveis.com.br\/es\/movelsul-brasil-2018-a-grande-feira-da-retomada-para-o-setor-moveleiro\/#article\",\"isPartOf\":{\"@id\":\"https:\/\/www.sindmoveis.com.br\/es\/movelsul-brasil-2018-a-grande-feira-da-retomada-para-o-setor-moveleiro\/\"},\"author\":{\"name\":\"Imprensa Sindm\u00f3veis\",\"@id\":\"https:\/\/www.sindmoveis.com.br\/es\/#\/schema\/person\/16d379542db1950a17fe188179340d57\"},\"headline\":\"Movelsul Brasil 2018: la gran feria de la retomada para el sector del mobiliario\",\"datePublished\":\"2017-12-14T02:00:00+00:00\",\"dateModified\":\"2021-05-26T13:31:42+00:00\",\"mainEntityOfPage\":{\"@id\":\"https:\/\/www.sindmoveis.com.br\/es\/movelsul-brasil-2018-a-grande-feira-da-retomada-para-o-setor-moveleiro\/\"},\"wordCount\":2226,\"image\":{\"@id\":\"https:\/\/www.sindmoveis.com.br\/es\/movelsul-brasil-2018-a-grande-feira-da-retomada-para-o-setor-moveleiro\/#primaryimage\"},\"thumbnailUrl\":\"https:\/\/www.sindmoveis.com.br\/es\/wp-content\/uploads\/2021\/05\/p1513276550.jpg\",\"articleSection\":[\"Movelsul\",\"Sindm\u00f3veis\"],\"inLanguage\":\"es\"},{\"@type\":\"WebPage\",\"@id\":\"https:\/\/www.sindmoveis.com.br\/es\/movelsul-brasil-2018-a-grande-feira-da-retomada-para-o-setor-moveleiro\/\",\"url\":\"https:\/\/www.sindmoveis.com.br\/es\/movelsul-brasil-2018-a-grande-feira-da-retomada-para-o-setor-moveleiro\/\",\"name\":\"Movelsul Brasil 2018: la gran feria de la retomada para el sector del mobiliario - Sindm\u00f3veis-RS\",\"isPartOf\":{\"@id\":\"https:\/\/www.sindmoveis.com.br\/es\/#website\"},\"primaryImageOfPage\":{\"@id\":\"https:\/\/www.sindmoveis.com.br\/es\/movelsul-brasil-2018-a-grande-feira-da-retomada-para-o-setor-moveleiro\/#primaryimage\"},\"image\":{\"@id\":\"https:\/\/www.sindmoveis.com.br\/es\/movelsul-brasil-2018-a-grande-feira-da-retomada-para-o-setor-moveleiro\/#primaryimage\"},\"thumbnailUrl\":\"https:\/\/www.sindmoveis.com.br\/es\/wp-content\/uploads\/2021\/05\/p1513276550.jpg\",\"datePublished\":\"2017-12-14T02:00:00+00:00\",\"dateModified\":\"2021-05-26T13:31:42+00:00\",\"author\":{\"@id\":\"https:\/\/www.sindmoveis.com.br\/es\/#\/schema\/person\/16d379542db1950a17fe188179340d57\"},\"inLanguage\":\"es\",\"potentialAction\":[{\"@type\":\"ReadAction\",\"target\":[\"https:\/\/www.sindmoveis.com.br\/es\/movelsul-brasil-2018-a-grande-feira-da-retomada-para-o-setor-moveleiro\/\"]}]},{\"@type\":\"ImageObject\",\"inLanguage\":\"es\",\"@id\":\"https:\/\/www.sindmoveis.com.br\/es\/movelsul-brasil-2018-a-grande-feira-da-retomada-para-o-setor-moveleiro\/#primaryimage\",\"url\":\"https:\/\/www.sindmoveis.com.br\/es\/wp-content\/uploads\/2021\/05\/p1513276550.jpg\",\"contentUrl\":\"https:\/\/www.sindmoveis.com.br\/es\/wp-content\/uploads\/2021\/05\/p1513276550.jpg\",\"width\":1575,\"height\":1048},{\"@type\":\"WebSite\",\"@id\":\"https:\/\/www.sindmoveis.com.br\/es\/#website\",\"url\":\"https:\/\/www.sindmoveis.com.br\/es\/\",\"name\":\"Sindm\u00f3veis-RS\",\"description\":\"\",\"potentialAction\":[{\"@type\":\"SearchAction\",\"target\":{\"@type\":\"EntryPoint\",\"urlTemplate\":\"https:\/\/www.sindmoveis.com.br\/es\/?s={search_term_string}\"},\"query-input\":{\"@type\":\"PropertyValueSpecification\",\"valueRequired\":true,\"valueName\":\"search_term_string\"}}],\"inLanguage\":\"es\"},{\"@type\":\"Person\",\"@id\":\"https:\/\/www.sindmoveis.com.br\/es\/#\/schema\/person\/16d379542db1950a17fe188179340d57\",\"name\":\"Imprensa Sindm\u00f3veis\",\"image\":{\"@type\":\"ImageObject\",\"inLanguage\":\"es\",\"@id\":\"https:\/\/www.sindmoveis.com.br\/es\/#\/schema\/person\/image\/\",\"url\":\"https:\/\/secure.gravatar.com\/avatar\/4973e2e2c2a0cb5db30b0c7b770041b8e33d048a16b695a1f99c042449d4bfaf?s=96&d=mm&r=g\",\"contentUrl\":\"https:\/\/secure.gravatar.com\/avatar\/4973e2e2c2a0cb5db30b0c7b770041b8e33d048a16b695a1f99c042449d4bfaf?s=96&d=mm&r=g\",\"caption\":\"Imprensa Sindm\u00f3veis\"},\"url\":\"https:\/\/www.sindmoveis.com.br\/es\/author\/ana\/\"}]}<\/script>\n<!-- \/ Yoast SEO plugin. -->","yoast_head_json":{"title":"Movelsul Brasil 2018: la gran feria de la retomada para el sector del mobiliario - Sindm\u00f3veis-RS","robots":{"index":"index","follow":"follow","max-snippet":"max-snippet:-1","max-image-preview":"max-image-preview:large","max-video-preview":"max-video-preview:-1"},"canonical":"https:\/\/www.sindmoveis.com.br\/es\/movelsul-brasil-2018-a-grande-feira-da-retomada-para-o-setor-moveleiro\/","og_locale":"es_ES","og_type":"article","og_title":"Movelsul Brasil 2018: la gran feria de la retomada para el sector del mobiliario - Sindm\u00f3veis-RS","og_description":"De 12 a 15 de marzo, Bento Gon\u00e7alves recibe los principales fabricantes nacionales de muebles para cuatro d\u00edas de negocios con revendedores e importadores","og_url":"https:\/\/www.sindmoveis.com.br\/es\/movelsul-brasil-2018-a-grande-feira-da-retomada-para-o-setor-moveleiro\/","og_site_name":"Sindm\u00f3veis-RS","article_published_time":"2017-12-14T02:00:00+00:00","article_modified_time":"2021-05-26T13:31:42+00:00","og_image":[{"width":1575,"height":1048,"url":"https:\/\/www.sindmoveis.com.br\/es\/wp-content\/uploads\/2021\/05\/p1513276550.jpg","type":"image\/jpeg"}],"author":"Imprensa Sindm\u00f3veis","twitter_card":"summary_large_image","twitter_misc":{"Escrito por":"Imprensa Sindm\u00f3veis","Tiempo de lectura":"11 minutos"},"schema":{"@context":"https:\/\/schema.org","@graph":[{"@type":"Article","@id":"https:\/\/www.sindmoveis.com.br\/es\/movelsul-brasil-2018-a-grande-feira-da-retomada-para-o-setor-moveleiro\/#article","isPartOf":{"@id":"https:\/\/www.sindmoveis.com.br\/es\/movelsul-brasil-2018-a-grande-feira-da-retomada-para-o-setor-moveleiro\/"},"author":{"name":"Imprensa Sindm\u00f3veis","@id":"https:\/\/www.sindmoveis.com.br\/es\/#\/schema\/person\/16d379542db1950a17fe188179340d57"},"headline":"Movelsul Brasil 2018: la gran feria de la retomada para el sector del mobiliario","datePublished":"2017-12-14T02:00:00+00:00","dateModified":"2021-05-26T13:31:42+00:00","mainEntityOfPage":{"@id":"https:\/\/www.sindmoveis.com.br\/es\/movelsul-brasil-2018-a-grande-feira-da-retomada-para-o-setor-moveleiro\/"},"wordCount":2226,"image":{"@id":"https:\/\/www.sindmoveis.com.br\/es\/movelsul-brasil-2018-a-grande-feira-da-retomada-para-o-setor-moveleiro\/#primaryimage"},"thumbnailUrl":"https:\/\/www.sindmoveis.com.br\/es\/wp-content\/uploads\/2021\/05\/p1513276550.jpg","articleSection":["Movelsul","Sindm\u00f3veis"],"inLanguage":"es"},{"@type":"WebPage","@id":"https:\/\/www.sindmoveis.com.br\/es\/movelsul-brasil-2018-a-grande-feira-da-retomada-para-o-setor-moveleiro\/","url":"https:\/\/www.sindmoveis.com.br\/es\/movelsul-brasil-2018-a-grande-feira-da-retomada-para-o-setor-moveleiro\/","name":"Movelsul Brasil 2018: la gran feria de la retomada para el sector del mobiliario - Sindm\u00f3veis-RS","isPartOf":{"@id":"https:\/\/www.sindmoveis.com.br\/es\/#website"},"primaryImageOfPage":{"@id":"https:\/\/www.sindmoveis.com.br\/es\/movelsul-brasil-2018-a-grande-feira-da-retomada-para-o-setor-moveleiro\/#primaryimage"},"image":{"@id":"https:\/\/www.sindmoveis.com.br\/es\/movelsul-brasil-2018-a-grande-feira-da-retomada-para-o-setor-moveleiro\/#primaryimage"},"thumbnailUrl":"https:\/\/www.sindmoveis.com.br\/es\/wp-content\/uploads\/2021\/05\/p1513276550.jpg","datePublished":"2017-12-14T02:00:00+00:00","dateModified":"2021-05-26T13:31:42+00:00","author":{"@id":"https:\/\/www.sindmoveis.com.br\/es\/#\/schema\/person\/16d379542db1950a17fe188179340d57"},"inLanguage":"es","potentialAction":[{"@type":"ReadAction","target":["https:\/\/www.sindmoveis.com.br\/es\/movelsul-brasil-2018-a-grande-feira-da-retomada-para-o-setor-moveleiro\/"]}]},{"@type":"ImageObject","inLanguage":"es","@id":"https:\/\/www.sindmoveis.com.br\/es\/movelsul-brasil-2018-a-grande-feira-da-retomada-para-o-setor-moveleiro\/#primaryimage","url":"https:\/\/www.sindmoveis.com.br\/es\/wp-content\/uploads\/2021\/05\/p1513276550.jpg","contentUrl":"https:\/\/www.sindmoveis.com.br\/es\/wp-content\/uploads\/2021\/05\/p1513276550.jpg","width":1575,"height":1048},{"@type":"WebSite","@id":"https:\/\/www.sindmoveis.com.br\/es\/#website","url":"https:\/\/www.sindmoveis.com.br\/es\/","name":"Sindm\u00f3veis-RS","description":"","potentialAction":[{"@type":"SearchAction","target":{"@type":"EntryPoint","urlTemplate":"https:\/\/www.sindmoveis.com.br\/es\/?s={search_term_string}"},"query-input":{"@type":"PropertyValueSpecification","valueRequired":true,"valueName":"search_term_string"}}],"inLanguage":"es"},{"@type":"Person","@id":"https:\/\/www.sindmoveis.com.br\/es\/#\/schema\/person\/16d379542db1950a17fe188179340d57","name":"Imprensa Sindm\u00f3veis","image":{"@type":"ImageObject","inLanguage":"es","@id":"https:\/\/www.sindmoveis.com.br\/es\/#\/schema\/person\/image\/","url":"https:\/\/secure.gravatar.com\/avatar\/4973e2e2c2a0cb5db30b0c7b770041b8e33d048a16b695a1f99c042449d4bfaf?s=96&d=mm&r=g","contentUrl":"https:\/\/secure.gravatar.com\/avatar\/4973e2e2c2a0cb5db30b0c7b770041b8e33d048a16b695a1f99c042449d4bfaf?s=96&d=mm&r=g","caption":"Imprensa Sindm\u00f3veis"},"url":"https:\/\/www.sindmoveis.com.br\/es\/author\/ana\/"}]}},"_links":{"self":[{"href":"https:\/\/www.sindmoveis.com.br\/es\/wp-json\/wp\/v2\/posts\/1338","targetHints":{"allow":["GET"]}}],"collection":[{"href":"https:\/\/www.sindmoveis.com.br\/es\/wp-json\/wp\/v2\/posts"}],"about":[{"href":"https:\/\/www.sindmoveis.com.br\/es\/wp-json\/wp\/v2\/types\/post"}],"author":[{"embeddable":true,"href":"https:\/\/www.sindmoveis.com.br\/es\/wp-json\/wp\/v2\/users\/5"}],"replies":[{"embeddable":true,"href":"https:\/\/www.sindmoveis.com.br\/es\/wp-json\/wp\/v2\/comments?post=1338"}],"version-history":[{"count":2,"href":"https:\/\/www.sindmoveis.com.br\/es\/wp-json\/wp\/v2\/posts\/1338\/revisions"}],"predecessor-version":[{"id":3661,"href":"https:\/\/www.sindmoveis.com.br\/es\/wp-json\/wp\/v2\/posts\/1338\/revisions\/3661"}],"wp:featuredmedia":[{"embeddable":true,"href":"https:\/\/www.sindmoveis.com.br\/es\/wp-json\/wp\/v2\/media\/3662"}],"wp:attachment":[{"href":"https:\/\/www.sindmoveis.com.br\/es\/wp-json\/wp\/v2\/media?parent=1338"}],"wp:term":[{"taxonomy":"category","embeddable":true,"href":"https:\/\/www.sindmoveis.com.br\/es\/wp-json\/wp\/v2\/categories?post=1338"},{"taxonomy":"post_tag","embeddable":true,"href":"https:\/\/www.sindmoveis.com.br\/es\/wp-json\/wp\/v2\/tags?post=1338"}],"curies":[{"name":"wp","href":"https:\/\/api.w.org\/{rel}","templated":true}]}}