{"id":1328,"date":"2017-10-31T00:00:00","date_gmt":"2017-10-31T02:00:00","guid":{"rendered":"http:\/\/sindmoveis.com.br\/imprensa\/noticias\/movelsul-brasil-e-industria-moveleira-unidos-em-um-projeto-para-o-varejo-nacional\/"},"modified":"2021-05-26T10:31:42","modified_gmt":"2021-05-26T13:31:42","slug":"movelsul-brasil-e-industria-moveleira-unidos-em-um-projeto-para-o-varejo-nacional","status":"publish","type":"post","link":"https:\/\/www.sindmoveis.com.br\/es\/movelsul-brasil-e-industria-moveleira-unidos-em-um-projeto-para-o-varejo-nacional\/","title":{"rendered":"Movelsul Brasil e industria del mobiliario unidas en un proyecto para el comercio minorista nacional"},"content":{"rendered":"<p>Movelsul Brasil, principal feria de muebles para el revendedor y especificador de Am&eacute;rica Latina, lanza un proyecto in&eacute;dito y valeroso para su pr&oacute;xima edici&oacute;n, que ser&aacute; realizada de 12 a 15 de marzo&nbsp; de 2018 en Bento Gon&ccedil;alves, R&iacute;o Grande do Sul. Llamado Proyecto Varejo, la acci&oacute;n desaf&iacute;a la industria expositora a desarrollar productos firmados por dise&ntilde;adores &nbsp;que atiendan a demandas espec&iacute;ficas del comercio minorista nacional. Vinculando entre s&iacute; la feria, la industria, los dise&ntilde;adores y el comercio minorista, el proyecto aumenta la sinton&iacute;a entre el sector del mobiliario y los principales <em>players<\/em> nacionales del comercio minorista en la actualidad.<\/p>\n<p>Para llegar a esas demandas de innovaci&oacute;n, tipo de producto y apelo de ventas, el equipo de Sindm&oacute;veis condujo en los &uacute;ltimos meses un sondeo cualitativo con algunas de las principales redes de tiendas clientes de la industria del mobiliario participante de Movelsul Brasil. La compilaci&oacute;n de esas informaciones tuvo como resultado un <em>briefing<\/em> que fue presentado a los expositores e ir&aacute; a subsidiar el desarrollo de esas piezas, que pueden ser firmadas por dise&ntilde;adores internos o estudios contratados.<\/p>\n<p>El director del Premio Sal&atilde;o Design, Eduardo Nuncio, fue el portavoz de Sindm&oacute;veis en la presentaci&oacute;n del Proyecto Varejo para los expositores. &Eacute;l exalt&oacute; los proyectos desarrollados por Sindm&oacute;veis Bento Gon&ccedil;alves a lo largo de su historia de 40 a&ntilde;os para apuntalar la industria del mobiliario nacional, a ejemplo de la creaci&oacute;n de Movelsul Brasil, del Premio Sal&atilde;o Design, de los proyectos de internacionalizaci&oacute;n conducidos por la entidad y ahora del Proyecto Varejo.<\/p>\n<p>Nuncio puntualiza que fue esencial el sondeo conducido por Sindm&oacute;veis con los revendedores para alineamiento de las expectativas y realidad de sus diferentes p&uacute;blicos.&nbsp; Sindm&oacute;veis, conforme Nuncio, cree que el dise&ntilde;o es una de las mayores herramientas de competitividad de la industria. Es justamente a partir de esa propuesta de unir innovaci&oacute;n y dise&ntilde;o que la feria quiere generar m&aacute;s negocios para la industria dentro de la feria. Asertividad dar&aacute; el tono de Movelsul Brasil 2018. &ldquo;Nuestro objetivo m&aacute;ximo es que las vendas sean exitosas, pero el beneficio va m&aacute;s all&aacute;. Nuestra misi&oacute;n como sindicato y representante de la industria es promover el eslab&oacute;n entre industria y las ventas al por menor a partir del dise&ntilde;o, lo que tambi&eacute;n tiene que ver en lo que concierne a la sostenibilidad de la industria en el futuro&rdquo;, resalta.<\/p>\n<p>&nbsp;<\/p>\n<p><strong>Demandas <\/strong><strong>apuntadas<\/strong><\/p>\n<p>Para dar secuencia al Proyecto Varejo, cada industria expositora podr&aacute; producir hasta tres productos entre los <em>briefings<\/em> presentados. Ellos, obligatoriamente, deber&aacute;n ser firmados por dise&ntilde;adores internos o contratados y deber&aacute;n estar alineados a las demandas propuestas. Esos lanzamientos tendr&aacute;n presencia destacada durante&nbsp; Movelsul Brasil 2018, siendo presentados en el stand de cada expositor con un sello que comprueba la participaci&oacute;n y la preocupaci&oacute;n de esa empresa en acoger y atender las demandas del comercio minorista.<\/p>\n<p>De modo general, la acci&oacute;n conducida por Sindm&oacute;veis apunt&oacute; gran preocupaci&oacute;n de las tiendas con la adecuaci&oacute;n de los productos al <em>e-commerce<\/em> &ndash; no solamente con facilidad de transporte y resistencia de las piezas, sino tambi&eacute;n presentaci&oacute;n de manuales simplificados y fichas t&eacute;cnicas adecuadas para montaje por el propio consumidor.<\/p>\n<p>&nbsp;<\/p>\n<p><strong>Proyecto alineado a la campa&ntilde;a de la feria<\/strong><\/p>\n<p>Apostando en la gradual retomada de desempe&ntilde;o para el sector del mobiliario nacional, Movelsul Brasil 2018 trae una campa&ntilde;a que valora los atributos tur&iacute;sticos de la Sierra Gaucha y la tradici&oacute;n de su polo de mobiliario por el slogan del dise&ntilde;o, la campa&ntilde;a de la feria de muebles provoca el expositor y visitante: &ldquo;Dise&ntilde;o es de nuestra naturaleza&rdquo;. Ello porque el dise&ntilde;o est&aacute; en el ADN de Movelsul Brasil, en el d&iacute;a a d&iacute;a de la feria, en el ambiente de Bento Gon&ccedil;alves, en el paisaje, en todo lo que circunda esta regi&oacute;n de grandes muebles y grandes vinos. Ese <em>terroir<\/em> que existe en el polo de mobiliario de Bento Gon&ccedil;alves es el gran diferencial de la regi&oacute;n y personaje que se destaca en la campa&ntilde;a del evento.<\/p>\n<p>Movelsul Brasil 2018, feria de muebles para el revendedor y especificador, ser&aacute; realizada de 12 a 15 de marzo, de lunes a jueves, en el Parque de Eventos de Bento Gon&ccedil;alves, R&iacute;o Grande do Sul. Son esperados 200 expositores de los segmentos de oficina, cocina, dormitorios, &aacute;rea de servicio\/lavadero, ba&ntilde;o, muebles para jard&iacute;n, electrodom&eacute;sticos, comedores de diario, juegos de comedor y salas de estar, alfombras, muebles tapizados y colchones.<\/p>\n<p>Para mais informa&ccedil;&otilde;es, acesse <a href=\"http:\/\/www.movelsul.com.br\/\">www.movelsul.com.br<\/a> ou <a href=\"http:\/\/www.facebook.com.br\/movelsul.brasil\">www.facebook.com.br\/movelsul.brasil<\/a>.<\/p>\n<p>&nbsp;<\/p>\n<p><strong>Servicio:<\/strong><\/p>\n<p>&nbsp;<\/p>\n<p><strong>Movelsul Brasil 2018<\/strong><\/p>\n<p><strong>Feria de Muebles y complementos para el revendedor y especificador<\/strong><\/p>\n<p><strong>Cuando:<\/strong> 12 a 15 de marzo de 2018, de las 12 a las 20h<\/p>\n<p><strong>Donde: <\/strong>Parque de Eventos de Bento Gon&ccedil;alves (Alameda Fenavinho, 481)<\/p>\n<p>Entrada gratuita mediante acreditaci&oacute;n. Abierta apenas al p&uacute;blico profesional (revendedores, representantes, arquitectos, dise&ntilde;adores, decoradores, importadores, profesionales de la construcci&oacute;n civil y prensa)<\/p>\n<p>Para m&aacute;s <strong>informaciones<\/strong>, acceda a <a href=\"http:\/\/www.movelsul.com.br\/\">www.movelsul.com.br<\/a> y <a href=\"http:\/\/www.facebook.com\/movelsul.brasil\">www.facebook.com\/movelsul.brasil<\/a><\/p>\n","protected":false},"excerpt":{"rendered":"<p>Proyecto Varejo va a aproximar industrias y dise\u00f1adores para la creaci\u00f3n de productos que atiendan a demandas espec\u00edficas apuntadas por redes de tiendas<\/p>\n","protected":false},"author":5,"featured_media":3656,"comment_status":"closed","ping_status":"open","sticky":false,"template":"","format":"standard","meta":{"footnotes":"","_links_to":"","_links_to_target":""},"categories":[23,2],"tags":[],"class_list":["post-1328","post","type-post","status-publish","format-standard","has-post-thumbnail","hentry","category-movelsul","category-sindmoveis"],"yoast_head":"<!-- This site is optimized with the Yoast SEO plugin v27.0 - https:\/\/yoast.com\/product\/yoast-seo-wordpress\/ -->\n<title>Movelsul Brasil e industria del mobiliario unidas en un proyecto para el comercio minorista nacional - Sindm\u00f3veis-RS<\/title>\n<meta name=\"robots\" content=\"index, follow, max-snippet:-1, max-image-preview:large, max-video-preview:-1\" \/>\n<link rel=\"canonical\" href=\"https:\/\/www.sindmoveis.com.br\/es\/movelsul-brasil-e-industria-moveleira-unidos-em-um-projeto-para-o-varejo-nacional\/\" \/>\n<meta property=\"og:locale\" content=\"es_ES\" \/>\n<meta property=\"og:type\" content=\"article\" \/>\n<meta property=\"og:title\" content=\"Movelsul Brasil e industria del mobiliario unidas en un proyecto para el comercio minorista nacional - Sindm\u00f3veis-RS\" \/>\n<meta property=\"og:description\" content=\"Proyecto Varejo va a aproximar industrias y dise\u00f1adores para la creaci\u00f3n de productos que atiendan a demandas espec\u00edficas apuntadas por redes de tiendas\" \/>\n<meta property=\"og:url\" content=\"https:\/\/www.sindmoveis.com.br\/es\/movelsul-brasil-e-industria-moveleira-unidos-em-um-projeto-para-o-varejo-nacional\/\" \/>\n<meta property=\"og:site_name\" content=\"Sindm\u00f3veis-RS\" \/>\n<meta property=\"article:published_time\" content=\"2017-10-31T02:00:00+00:00\" \/>\n<meta property=\"article:modified_time\" content=\"2021-05-26T13:31:42+00:00\" \/>\n<meta property=\"og:image\" content=\"https:\/\/www.sindmoveis.com.br\/es\/wp-content\/uploads\/2021\/05\/p1509472302.jpg\" \/>\n\t<meta property=\"og:image:width\" content=\"1181\" \/>\n\t<meta property=\"og:image:height\" content=\"760\" \/>\n\t<meta property=\"og:image:type\" content=\"image\/jpeg\" \/>\n<meta name=\"author\" content=\"Imprensa Sindm\u00f3veis\" \/>\n<meta name=\"twitter:card\" content=\"summary_large_image\" \/>\n<meta name=\"twitter:label1\" content=\"Escrito por\" \/>\n\t<meta name=\"twitter:data1\" content=\"Imprensa Sindm\u00f3veis\" \/>\n\t<meta name=\"twitter:label2\" content=\"Tiempo de lectura\" \/>\n\t<meta name=\"twitter:data2\" content=\"5 minutos\" \/>\n<script type=\"application\/ld+json\" class=\"yoast-schema-graph\">{\"@context\":\"https:\/\/schema.org\",\"@graph\":[{\"@type\":\"Article\",\"@id\":\"https:\/\/www.sindmoveis.com.br\/es\/movelsul-brasil-e-industria-moveleira-unidos-em-um-projeto-para-o-varejo-nacional\/#article\",\"isPartOf\":{\"@id\":\"https:\/\/www.sindmoveis.com.br\/es\/movelsul-brasil-e-industria-moveleira-unidos-em-um-projeto-para-o-varejo-nacional\/\"},\"author\":{\"name\":\"Imprensa Sindm\u00f3veis\",\"@id\":\"https:\/\/www.sindmoveis.com.br\/es\/#\/schema\/person\/16d379542db1950a17fe188179340d57\"},\"headline\":\"Movelsul Brasil e industria del mobiliario unidas en un proyecto para el comercio minorista nacional\",\"datePublished\":\"2017-10-31T02:00:00+00:00\",\"dateModified\":\"2021-05-26T13:31:42+00:00\",\"mainEntityOfPage\":{\"@id\":\"https:\/\/www.sindmoveis.com.br\/es\/movelsul-brasil-e-industria-moveleira-unidos-em-um-projeto-para-o-varejo-nacional\/\"},\"wordCount\":993,\"image\":{\"@id\":\"https:\/\/www.sindmoveis.com.br\/es\/movelsul-brasil-e-industria-moveleira-unidos-em-um-projeto-para-o-varejo-nacional\/#primaryimage\"},\"thumbnailUrl\":\"https:\/\/www.sindmoveis.com.br\/es\/wp-content\/uploads\/2021\/05\/p1509472302.jpg\",\"articleSection\":[\"Movelsul\",\"Sindm\u00f3veis\"],\"inLanguage\":\"es\"},{\"@type\":\"WebPage\",\"@id\":\"https:\/\/www.sindmoveis.com.br\/es\/movelsul-brasil-e-industria-moveleira-unidos-em-um-projeto-para-o-varejo-nacional\/\",\"url\":\"https:\/\/www.sindmoveis.com.br\/es\/movelsul-brasil-e-industria-moveleira-unidos-em-um-projeto-para-o-varejo-nacional\/\",\"name\":\"Movelsul Brasil e industria del mobiliario unidas en un proyecto para el comercio minorista nacional - Sindm\u00f3veis-RS\",\"isPartOf\":{\"@id\":\"https:\/\/www.sindmoveis.com.br\/es\/#website\"},\"primaryImageOfPage\":{\"@id\":\"https:\/\/www.sindmoveis.com.br\/es\/movelsul-brasil-e-industria-moveleira-unidos-em-um-projeto-para-o-varejo-nacional\/#primaryimage\"},\"image\":{\"@id\":\"https:\/\/www.sindmoveis.com.br\/es\/movelsul-brasil-e-industria-moveleira-unidos-em-um-projeto-para-o-varejo-nacional\/#primaryimage\"},\"thumbnailUrl\":\"https:\/\/www.sindmoveis.com.br\/es\/wp-content\/uploads\/2021\/05\/p1509472302.jpg\",\"datePublished\":\"2017-10-31T02:00:00+00:00\",\"dateModified\":\"2021-05-26T13:31:42+00:00\",\"author\":{\"@id\":\"https:\/\/www.sindmoveis.com.br\/es\/#\/schema\/person\/16d379542db1950a17fe188179340d57\"},\"inLanguage\":\"es\",\"potentialAction\":[{\"@type\":\"ReadAction\",\"target\":[\"https:\/\/www.sindmoveis.com.br\/es\/movelsul-brasil-e-industria-moveleira-unidos-em-um-projeto-para-o-varejo-nacional\/\"]}]},{\"@type\":\"ImageObject\",\"inLanguage\":\"es\",\"@id\":\"https:\/\/www.sindmoveis.com.br\/es\/movelsul-brasil-e-industria-moveleira-unidos-em-um-projeto-para-o-varejo-nacional\/#primaryimage\",\"url\":\"https:\/\/www.sindmoveis.com.br\/es\/wp-content\/uploads\/2021\/05\/p1509472302.jpg\",\"contentUrl\":\"https:\/\/www.sindmoveis.com.br\/es\/wp-content\/uploads\/2021\/05\/p1509472302.jpg\",\"width\":1181,\"height\":760},{\"@type\":\"WebSite\",\"@id\":\"https:\/\/www.sindmoveis.com.br\/es\/#website\",\"url\":\"https:\/\/www.sindmoveis.com.br\/es\/\",\"name\":\"Sindm\u00f3veis-RS\",\"description\":\"\",\"potentialAction\":[{\"@type\":\"SearchAction\",\"target\":{\"@type\":\"EntryPoint\",\"urlTemplate\":\"https:\/\/www.sindmoveis.com.br\/es\/?s={search_term_string}\"},\"query-input\":{\"@type\":\"PropertyValueSpecification\",\"valueRequired\":true,\"valueName\":\"search_term_string\"}}],\"inLanguage\":\"es\"},{\"@type\":\"Person\",\"@id\":\"https:\/\/www.sindmoveis.com.br\/es\/#\/schema\/person\/16d379542db1950a17fe188179340d57\",\"name\":\"Imprensa Sindm\u00f3veis\",\"image\":{\"@type\":\"ImageObject\",\"inLanguage\":\"es\",\"@id\":\"https:\/\/www.sindmoveis.com.br\/es\/#\/schema\/person\/image\/\",\"url\":\"https:\/\/secure.gravatar.com\/avatar\/4973e2e2c2a0cb5db30b0c7b770041b8e33d048a16b695a1f99c042449d4bfaf?s=96&d=mm&r=g\",\"contentUrl\":\"https:\/\/secure.gravatar.com\/avatar\/4973e2e2c2a0cb5db30b0c7b770041b8e33d048a16b695a1f99c042449d4bfaf?s=96&d=mm&r=g\",\"caption\":\"Imprensa Sindm\u00f3veis\"},\"url\":\"https:\/\/www.sindmoveis.com.br\/es\/author\/ana\/\"}]}<\/script>\n<!-- \/ Yoast SEO plugin. -->","yoast_head_json":{"title":"Movelsul Brasil e industria del mobiliario unidas en un proyecto para el comercio minorista nacional - Sindm\u00f3veis-RS","robots":{"index":"index","follow":"follow","max-snippet":"max-snippet:-1","max-image-preview":"max-image-preview:large","max-video-preview":"max-video-preview:-1"},"canonical":"https:\/\/www.sindmoveis.com.br\/es\/movelsul-brasil-e-industria-moveleira-unidos-em-um-projeto-para-o-varejo-nacional\/","og_locale":"es_ES","og_type":"article","og_title":"Movelsul Brasil e industria del mobiliario unidas en un proyecto para el comercio minorista nacional - Sindm\u00f3veis-RS","og_description":"Proyecto Varejo va a aproximar industrias y dise\u00f1adores para la creaci\u00f3n de productos que atiendan a demandas espec\u00edficas apuntadas por redes de tiendas","og_url":"https:\/\/www.sindmoveis.com.br\/es\/movelsul-brasil-e-industria-moveleira-unidos-em-um-projeto-para-o-varejo-nacional\/","og_site_name":"Sindm\u00f3veis-RS","article_published_time":"2017-10-31T02:00:00+00:00","article_modified_time":"2021-05-26T13:31:42+00:00","og_image":[{"width":1181,"height":760,"url":"https:\/\/www.sindmoveis.com.br\/es\/wp-content\/uploads\/2021\/05\/p1509472302.jpg","type":"image\/jpeg"}],"author":"Imprensa Sindm\u00f3veis","twitter_card":"summary_large_image","twitter_misc":{"Escrito por":"Imprensa Sindm\u00f3veis","Tiempo de lectura":"5 minutos"},"schema":{"@context":"https:\/\/schema.org","@graph":[{"@type":"Article","@id":"https:\/\/www.sindmoveis.com.br\/es\/movelsul-brasil-e-industria-moveleira-unidos-em-um-projeto-para-o-varejo-nacional\/#article","isPartOf":{"@id":"https:\/\/www.sindmoveis.com.br\/es\/movelsul-brasil-e-industria-moveleira-unidos-em-um-projeto-para-o-varejo-nacional\/"},"author":{"name":"Imprensa Sindm\u00f3veis","@id":"https:\/\/www.sindmoveis.com.br\/es\/#\/schema\/person\/16d379542db1950a17fe188179340d57"},"headline":"Movelsul Brasil e industria del mobiliario unidas en un proyecto para el comercio minorista nacional","datePublished":"2017-10-31T02:00:00+00:00","dateModified":"2021-05-26T13:31:42+00:00","mainEntityOfPage":{"@id":"https:\/\/www.sindmoveis.com.br\/es\/movelsul-brasil-e-industria-moveleira-unidos-em-um-projeto-para-o-varejo-nacional\/"},"wordCount":993,"image":{"@id":"https:\/\/www.sindmoveis.com.br\/es\/movelsul-brasil-e-industria-moveleira-unidos-em-um-projeto-para-o-varejo-nacional\/#primaryimage"},"thumbnailUrl":"https:\/\/www.sindmoveis.com.br\/es\/wp-content\/uploads\/2021\/05\/p1509472302.jpg","articleSection":["Movelsul","Sindm\u00f3veis"],"inLanguage":"es"},{"@type":"WebPage","@id":"https:\/\/www.sindmoveis.com.br\/es\/movelsul-brasil-e-industria-moveleira-unidos-em-um-projeto-para-o-varejo-nacional\/","url":"https:\/\/www.sindmoveis.com.br\/es\/movelsul-brasil-e-industria-moveleira-unidos-em-um-projeto-para-o-varejo-nacional\/","name":"Movelsul Brasil e industria del mobiliario unidas en un proyecto para el comercio minorista nacional - Sindm\u00f3veis-RS","isPartOf":{"@id":"https:\/\/www.sindmoveis.com.br\/es\/#website"},"primaryImageOfPage":{"@id":"https:\/\/www.sindmoveis.com.br\/es\/movelsul-brasil-e-industria-moveleira-unidos-em-um-projeto-para-o-varejo-nacional\/#primaryimage"},"image":{"@id":"https:\/\/www.sindmoveis.com.br\/es\/movelsul-brasil-e-industria-moveleira-unidos-em-um-projeto-para-o-varejo-nacional\/#primaryimage"},"thumbnailUrl":"https:\/\/www.sindmoveis.com.br\/es\/wp-content\/uploads\/2021\/05\/p1509472302.jpg","datePublished":"2017-10-31T02:00:00+00:00","dateModified":"2021-05-26T13:31:42+00:00","author":{"@id":"https:\/\/www.sindmoveis.com.br\/es\/#\/schema\/person\/16d379542db1950a17fe188179340d57"},"inLanguage":"es","potentialAction":[{"@type":"ReadAction","target":["https:\/\/www.sindmoveis.com.br\/es\/movelsul-brasil-e-industria-moveleira-unidos-em-um-projeto-para-o-varejo-nacional\/"]}]},{"@type":"ImageObject","inLanguage":"es","@id":"https:\/\/www.sindmoveis.com.br\/es\/movelsul-brasil-e-industria-moveleira-unidos-em-um-projeto-para-o-varejo-nacional\/#primaryimage","url":"https:\/\/www.sindmoveis.com.br\/es\/wp-content\/uploads\/2021\/05\/p1509472302.jpg","contentUrl":"https:\/\/www.sindmoveis.com.br\/es\/wp-content\/uploads\/2021\/05\/p1509472302.jpg","width":1181,"height":760},{"@type":"WebSite","@id":"https:\/\/www.sindmoveis.com.br\/es\/#website","url":"https:\/\/www.sindmoveis.com.br\/es\/","name":"Sindm\u00f3veis-RS","description":"","potentialAction":[{"@type":"SearchAction","target":{"@type":"EntryPoint","urlTemplate":"https:\/\/www.sindmoveis.com.br\/es\/?s={search_term_string}"},"query-input":{"@type":"PropertyValueSpecification","valueRequired":true,"valueName":"search_term_string"}}],"inLanguage":"es"},{"@type":"Person","@id":"https:\/\/www.sindmoveis.com.br\/es\/#\/schema\/person\/16d379542db1950a17fe188179340d57","name":"Imprensa Sindm\u00f3veis","image":{"@type":"ImageObject","inLanguage":"es","@id":"https:\/\/www.sindmoveis.com.br\/es\/#\/schema\/person\/image\/","url":"https:\/\/secure.gravatar.com\/avatar\/4973e2e2c2a0cb5db30b0c7b770041b8e33d048a16b695a1f99c042449d4bfaf?s=96&d=mm&r=g","contentUrl":"https:\/\/secure.gravatar.com\/avatar\/4973e2e2c2a0cb5db30b0c7b770041b8e33d048a16b695a1f99c042449d4bfaf?s=96&d=mm&r=g","caption":"Imprensa Sindm\u00f3veis"},"url":"https:\/\/www.sindmoveis.com.br\/es\/author\/ana\/"}]}},"_links":{"self":[{"href":"https:\/\/www.sindmoveis.com.br\/es\/wp-json\/wp\/v2\/posts\/1328","targetHints":{"allow":["GET"]}}],"collection":[{"href":"https:\/\/www.sindmoveis.com.br\/es\/wp-json\/wp\/v2\/posts"}],"about":[{"href":"https:\/\/www.sindmoveis.com.br\/es\/wp-json\/wp\/v2\/types\/post"}],"author":[{"embeddable":true,"href":"https:\/\/www.sindmoveis.com.br\/es\/wp-json\/wp\/v2\/users\/5"}],"replies":[{"embeddable":true,"href":"https:\/\/www.sindmoveis.com.br\/es\/wp-json\/wp\/v2\/comments?post=1328"}],"version-history":[{"count":2,"href":"https:\/\/www.sindmoveis.com.br\/es\/wp-json\/wp\/v2\/posts\/1328\/revisions"}],"predecessor-version":[{"id":3655,"href":"https:\/\/www.sindmoveis.com.br\/es\/wp-json\/wp\/v2\/posts\/1328\/revisions\/3655"}],"wp:featuredmedia":[{"embeddable":true,"href":"https:\/\/www.sindmoveis.com.br\/es\/wp-json\/wp\/v2\/media\/3656"}],"wp:attachment":[{"href":"https:\/\/www.sindmoveis.com.br\/es\/wp-json\/wp\/v2\/media?parent=1328"}],"wp:term":[{"taxonomy":"category","embeddable":true,"href":"https:\/\/www.sindmoveis.com.br\/es\/wp-json\/wp\/v2\/categories?post=1328"},{"taxonomy":"post_tag","embeddable":true,"href":"https:\/\/www.sindmoveis.com.br\/es\/wp-json\/wp\/v2\/tags?post=1328"}],"curies":[{"name":"wp","href":"https:\/\/api.w.org\/{rel}","templated":true}]}}