{"id":1325,"date":"2017-10-18T00:00:00","date_gmt":"2017-10-18T02:00:00","guid":{"rendered":"http:\/\/sindmoveis.com.br\/imprensa\/noticias\/movelsul-brasil-une-industria-e-varejo-em-projeto-inedito\/"},"modified":"2021-05-26T10:31:42","modified_gmt":"2021-05-26T13:31:42","slug":"movelsul-brasil-une-industria-e-varejo-em-projeto-inedito","status":"publish","type":"post","link":"https:\/\/www.sindmoveis.com.br\/es\/movelsul-brasil-une-industria-e-varejo-em-projeto-inedito\/","title":{"rendered":"Movelsul Brasil une industria y ventas al por menor en proyecto in\u00e9dito"},"content":{"rendered":"<p>El Sindicato de las Industrias del Mobiliario de Bento Gon&ccedil;alves (Sindm&oacute;veis), lanza el pr&oacute;ximo jueves d&iacute;a 26, una acci&oacute;n in&eacute;dita y valerosa que fortalece la sinton&iacute;a en el sector del mobiliario y los principales <em>players n<\/em>acionales del comercio minorista&nbsp; en la actualidad. En un desayuno que ser&aacute; ofrecido a los expositores, el directorio de la feria presentar&aacute; un proyecto creado especialmente para la pr&oacute;xima edici&oacute;n del evento, desafiando la industria a crear productos firmados por dise&ntilde;adores para el comercio minorista nacional, con lanzamiento en Movelsul Brasil 2018, de 12 a 15 de marzo, en Bento Gon&ccedil;alves, R&iacute;o Grande do Sul.<\/p>\n<p>Para llegar a la demanda ideal de innovaci&oacute;n, tipo de producto y apelo de ventas que el comercio minorista espera para la pr&oacute;xima temporada, el equipo de Sindm&oacute;veis condujo un sondeo cualitativo con un grupo seleccionado y relevante de revendedores. La compilaci&oacute;n de esas informaciones podr&aacute; subsidiar las inversiones de la industria en lanzamientos para el pr&oacute;ximo a&ntilde;o. El reto que Movelsul Brasil propone es la adecuaci&oacute;n de los proveedores a las necesidades del comercio minorista, con apoyo de dise&ntilde;adores en el desarrollo de esos productos.<\/p>\n<p>Conforme el presidente de Sindm&oacute;veis, Edson Pelicioli, la feria toma la delantera en un proyecto que va a fundamentar los lanzamientos de la industria del mobiliario a partir de criterios que el comercio minorista demuestra ser esenciales para el consumidor. Cuestiones como mercados espec&iacute;ficos, canales de venta y apelo de innovaci&oacute;n aparecieron como puntos centrales en el estudio conducido por la entidad. &ldquo;Movelsul Brasil es una feria consolidada y, como tal, tiene un fuerte compromiso con el desarrollo sostenible del sector del mobiliario. Iniciativas que fomenten el conocimiento y <em>networking<\/em> complementan la exposici&oacute;n de las industrias del mobiliario, ampliando las oportunidades de negocios en la feria&rdquo;, resalta el presidente.<\/p>\n<p>Para el evento, Sindm&oacute;veis Bento Gon&ccedil;alves est&aacute; invitando un grupo de dise&ntilde;adores brasile&ntilde;os actuantes en el mercado del mobiliario, ofreciendo con prontitud, la oportunidad de asociaciones para las industrias. Este ser&aacute; uno de los proyectos simult&aacute;neos de Movelsul Brasil 2018, adem&aacute;s de rondas de negocios con compradores internacionales y la muestra del Premio Sal&atilde;o Design, la mayor premiaci&oacute;n de dise&ntilde;o de producto de Am&eacute;rica Latina, que completa 30 a&ntilde;os de realizaci&oacute;n en 2018.<\/p>\n<p>Movelsul Brasil 2018, feria de muebles para el revendedor e importador, ser&aacute; realizada de 12 a 15 de marzo de 2018, de lunes a jueves, en el Parque de Eventos de Bento Gon&ccedil;alves, Rio Grande do Sul. Son esperados 200 expositores de los segmentos de oficina, cocina, dormitorios, &aacute;rea de servicio\/lavadero, ba&ntilde;o, muebles para jard&iacute;n, salas de estar y comedores, alfombras, muebles tapizados y colchones.<\/p>\n<p>Para m&aacute;s informaciones, acceda a&nbsp;<a href=\"http:\/\/www.movelsul.com.br\/\">www.movelsul.com.br<\/a>&nbsp;o&nbsp;<a href=\"http:\/\/www.facebook.com.br\/movelsul.brasil\">www.facebook.com.br\/movelsul.brasil<\/a>.<\/p>\n<p>&nbsp;<strong>Servicio<\/strong><\/p>\n<p>&nbsp;Desayuno<strong> con expositores de Movelsul Brasil<\/strong><\/p>\n<p><strong>Fecha<\/strong>: 26\/10\/2017 &#8211; jueves<\/p>\n<p><strong>Horario<\/strong>: 8h<\/p>\n<p><strong>Local<\/strong>: Hotel Villa Michelon | RS-444 km 18,9 | Vale dos Vinhedos, Bento Gon&ccedil;alves (RS)<\/p>\n<p><strong>Participaci&oacute;n<\/strong>&nbsp;<strong>gratuita<\/strong>. Lugares limitados.<\/p>\n<p><strong>Inscripciones<\/strong>:&nbsp;<a href=\"http:\/\/sindmoveis.com.br\/palestras\/cafe-movelsul\"><strong>http:\/\/sindmoveis.com.br\/palestras\/cafe-movelsul<\/strong><\/a><\/p>\n","protected":false},"excerpt":{"rendered":"<p>Acci\u00f3n va a fomentar asociaci\u00f3n entre industrias y dise\u00f1adores para la creaci\u00f3n de productos que atiendan a demandas espec\u00edficas del comercio minolrista nacional.<\/p>\n","protected":false},"author":5,"featured_media":3654,"comment_status":"closed","ping_status":"open","sticky":false,"template":"","format":"standard","meta":{"footnotes":"","_links_to":"","_links_to_target":""},"categories":[23,2],"tags":[],"class_list":["post-1325","post","type-post","status-publish","format-standard","has-post-thumbnail","hentry","category-movelsul","category-sindmoveis"],"yoast_head":"<!-- This site is optimized with the Yoast SEO plugin v27.0 - https:\/\/yoast.com\/product\/yoast-seo-wordpress\/ -->\n<title>Movelsul Brasil une industria y ventas al por menor en proyecto in\u00e9dito - Sindm\u00f3veis-RS<\/title>\n<meta name=\"robots\" content=\"index, follow, max-snippet:-1, max-image-preview:large, max-video-preview:-1\" \/>\n<link rel=\"canonical\" href=\"https:\/\/www.sindmoveis.com.br\/es\/movelsul-brasil-une-industria-e-varejo-em-projeto-inedito\/\" \/>\n<meta property=\"og:locale\" content=\"es_ES\" \/>\n<meta property=\"og:type\" content=\"article\" \/>\n<meta property=\"og:title\" content=\"Movelsul Brasil une industria y ventas al por menor en proyecto in\u00e9dito - Sindm\u00f3veis-RS\" \/>\n<meta property=\"og:description\" content=\"Acci\u00f3n va a fomentar asociaci\u00f3n entre industrias y dise\u00f1adores para la creaci\u00f3n de productos que atiendan a demandas espec\u00edficas del comercio minolrista nacional.\" \/>\n<meta property=\"og:url\" content=\"https:\/\/www.sindmoveis.com.br\/es\/movelsul-brasil-une-industria-e-varejo-em-projeto-inedito\/\" \/>\n<meta property=\"og:site_name\" content=\"Sindm\u00f3veis-RS\" \/>\n<meta property=\"article:published_time\" content=\"2017-10-18T02:00:00+00:00\" \/>\n<meta property=\"article:modified_time\" content=\"2021-05-26T13:31:42+00:00\" \/>\n<meta property=\"og:image\" content=\"https:\/\/www.sindmoveis.com.br\/es\/wp-content\/uploads\/2021\/05\/p1508353778.jpg\" \/>\n\t<meta property=\"og:image:width\" content=\"1034\" \/>\n\t<meta property=\"og:image:height\" content=\"530\" \/>\n\t<meta property=\"og:image:type\" content=\"image\/jpeg\" \/>\n<meta name=\"author\" content=\"Imprensa Sindm\u00f3veis\" \/>\n<meta name=\"twitter:card\" content=\"summary_large_image\" \/>\n<meta name=\"twitter:label1\" content=\"Escrito por\" \/>\n\t<meta name=\"twitter:data1\" content=\"Imprensa Sindm\u00f3veis\" \/>\n\t<meta name=\"twitter:label2\" content=\"Tiempo de lectura\" \/>\n\t<meta name=\"twitter:data2\" content=\"3 minutos\" \/>\n<script type=\"application\/ld+json\" class=\"yoast-schema-graph\">{\"@context\":\"https:\/\/schema.org\",\"@graph\":[{\"@type\":\"Article\",\"@id\":\"https:\/\/www.sindmoveis.com.br\/es\/movelsul-brasil-une-industria-e-varejo-em-projeto-inedito\/#article\",\"isPartOf\":{\"@id\":\"https:\/\/www.sindmoveis.com.br\/es\/movelsul-brasil-une-industria-e-varejo-em-projeto-inedito\/\"},\"author\":{\"name\":\"Imprensa Sindm\u00f3veis\",\"@id\":\"https:\/\/www.sindmoveis.com.br\/es\/#\/schema\/person\/16d379542db1950a17fe188179340d57\"},\"headline\":\"Movelsul Brasil une industria y ventas al por menor en proyecto in\u00e9dito\",\"datePublished\":\"2017-10-18T02:00:00+00:00\",\"dateModified\":\"2021-05-26T13:31:42+00:00\",\"mainEntityOfPage\":{\"@id\":\"https:\/\/www.sindmoveis.com.br\/es\/movelsul-brasil-une-industria-e-varejo-em-projeto-inedito\/\"},\"wordCount\":587,\"image\":{\"@id\":\"https:\/\/www.sindmoveis.com.br\/es\/movelsul-brasil-une-industria-e-varejo-em-projeto-inedito\/#primaryimage\"},\"thumbnailUrl\":\"https:\/\/www.sindmoveis.com.br\/es\/wp-content\/uploads\/2021\/05\/p1508353778.jpg\",\"articleSection\":[\"Movelsul\",\"Sindm\u00f3veis\"],\"inLanguage\":\"es\"},{\"@type\":\"WebPage\",\"@id\":\"https:\/\/www.sindmoveis.com.br\/es\/movelsul-brasil-une-industria-e-varejo-em-projeto-inedito\/\",\"url\":\"https:\/\/www.sindmoveis.com.br\/es\/movelsul-brasil-une-industria-e-varejo-em-projeto-inedito\/\",\"name\":\"Movelsul Brasil une industria y ventas al por menor en proyecto in\u00e9dito - Sindm\u00f3veis-RS\",\"isPartOf\":{\"@id\":\"https:\/\/www.sindmoveis.com.br\/es\/#website\"},\"primaryImageOfPage\":{\"@id\":\"https:\/\/www.sindmoveis.com.br\/es\/movelsul-brasil-une-industria-e-varejo-em-projeto-inedito\/#primaryimage\"},\"image\":{\"@id\":\"https:\/\/www.sindmoveis.com.br\/es\/movelsul-brasil-une-industria-e-varejo-em-projeto-inedito\/#primaryimage\"},\"thumbnailUrl\":\"https:\/\/www.sindmoveis.com.br\/es\/wp-content\/uploads\/2021\/05\/p1508353778.jpg\",\"datePublished\":\"2017-10-18T02:00:00+00:00\",\"dateModified\":\"2021-05-26T13:31:42+00:00\",\"author\":{\"@id\":\"https:\/\/www.sindmoveis.com.br\/es\/#\/schema\/person\/16d379542db1950a17fe188179340d57\"},\"inLanguage\":\"es\",\"potentialAction\":[{\"@type\":\"ReadAction\",\"target\":[\"https:\/\/www.sindmoveis.com.br\/es\/movelsul-brasil-une-industria-e-varejo-em-projeto-inedito\/\"]}]},{\"@type\":\"ImageObject\",\"inLanguage\":\"es\",\"@id\":\"https:\/\/www.sindmoveis.com.br\/es\/movelsul-brasil-une-industria-e-varejo-em-projeto-inedito\/#primaryimage\",\"url\":\"https:\/\/www.sindmoveis.com.br\/es\/wp-content\/uploads\/2021\/05\/p1508353778.jpg\",\"contentUrl\":\"https:\/\/www.sindmoveis.com.br\/es\/wp-content\/uploads\/2021\/05\/p1508353778.jpg\",\"width\":1034,\"height\":530},{\"@type\":\"WebSite\",\"@id\":\"https:\/\/www.sindmoveis.com.br\/es\/#website\",\"url\":\"https:\/\/www.sindmoveis.com.br\/es\/\",\"name\":\"Sindm\u00f3veis-RS\",\"description\":\"\",\"potentialAction\":[{\"@type\":\"SearchAction\",\"target\":{\"@type\":\"EntryPoint\",\"urlTemplate\":\"https:\/\/www.sindmoveis.com.br\/es\/?s={search_term_string}\"},\"query-input\":{\"@type\":\"PropertyValueSpecification\",\"valueRequired\":true,\"valueName\":\"search_term_string\"}}],\"inLanguage\":\"es\"},{\"@type\":\"Person\",\"@id\":\"https:\/\/www.sindmoveis.com.br\/es\/#\/schema\/person\/16d379542db1950a17fe188179340d57\",\"name\":\"Imprensa Sindm\u00f3veis\",\"image\":{\"@type\":\"ImageObject\",\"inLanguage\":\"es\",\"@id\":\"https:\/\/www.sindmoveis.com.br\/es\/#\/schema\/person\/image\/\",\"url\":\"https:\/\/secure.gravatar.com\/avatar\/4973e2e2c2a0cb5db30b0c7b770041b8e33d048a16b695a1f99c042449d4bfaf?s=96&d=mm&r=g\",\"contentUrl\":\"https:\/\/secure.gravatar.com\/avatar\/4973e2e2c2a0cb5db30b0c7b770041b8e33d048a16b695a1f99c042449d4bfaf?s=96&d=mm&r=g\",\"caption\":\"Imprensa Sindm\u00f3veis\"},\"url\":\"https:\/\/www.sindmoveis.com.br\/es\/author\/ana\/\"}]}<\/script>\n<!-- \/ Yoast SEO plugin. -->","yoast_head_json":{"title":"Movelsul Brasil une industria y ventas al por menor en proyecto in\u00e9dito - Sindm\u00f3veis-RS","robots":{"index":"index","follow":"follow","max-snippet":"max-snippet:-1","max-image-preview":"max-image-preview:large","max-video-preview":"max-video-preview:-1"},"canonical":"https:\/\/www.sindmoveis.com.br\/es\/movelsul-brasil-une-industria-e-varejo-em-projeto-inedito\/","og_locale":"es_ES","og_type":"article","og_title":"Movelsul Brasil une industria y ventas al por menor en proyecto in\u00e9dito - Sindm\u00f3veis-RS","og_description":"Acci\u00f3n va a fomentar asociaci\u00f3n entre industrias y dise\u00f1adores para la creaci\u00f3n de productos que atiendan a demandas espec\u00edficas del comercio minolrista nacional.","og_url":"https:\/\/www.sindmoveis.com.br\/es\/movelsul-brasil-une-industria-e-varejo-em-projeto-inedito\/","og_site_name":"Sindm\u00f3veis-RS","article_published_time":"2017-10-18T02:00:00+00:00","article_modified_time":"2021-05-26T13:31:42+00:00","og_image":[{"width":1034,"height":530,"url":"https:\/\/www.sindmoveis.com.br\/es\/wp-content\/uploads\/2021\/05\/p1508353778.jpg","type":"image\/jpeg"}],"author":"Imprensa Sindm\u00f3veis","twitter_card":"summary_large_image","twitter_misc":{"Escrito por":"Imprensa Sindm\u00f3veis","Tiempo de lectura":"3 minutos"},"schema":{"@context":"https:\/\/schema.org","@graph":[{"@type":"Article","@id":"https:\/\/www.sindmoveis.com.br\/es\/movelsul-brasil-une-industria-e-varejo-em-projeto-inedito\/#article","isPartOf":{"@id":"https:\/\/www.sindmoveis.com.br\/es\/movelsul-brasil-une-industria-e-varejo-em-projeto-inedito\/"},"author":{"name":"Imprensa Sindm\u00f3veis","@id":"https:\/\/www.sindmoveis.com.br\/es\/#\/schema\/person\/16d379542db1950a17fe188179340d57"},"headline":"Movelsul Brasil une industria y ventas al por menor en proyecto in\u00e9dito","datePublished":"2017-10-18T02:00:00+00:00","dateModified":"2021-05-26T13:31:42+00:00","mainEntityOfPage":{"@id":"https:\/\/www.sindmoveis.com.br\/es\/movelsul-brasil-une-industria-e-varejo-em-projeto-inedito\/"},"wordCount":587,"image":{"@id":"https:\/\/www.sindmoveis.com.br\/es\/movelsul-brasil-une-industria-e-varejo-em-projeto-inedito\/#primaryimage"},"thumbnailUrl":"https:\/\/www.sindmoveis.com.br\/es\/wp-content\/uploads\/2021\/05\/p1508353778.jpg","articleSection":["Movelsul","Sindm\u00f3veis"],"inLanguage":"es"},{"@type":"WebPage","@id":"https:\/\/www.sindmoveis.com.br\/es\/movelsul-brasil-une-industria-e-varejo-em-projeto-inedito\/","url":"https:\/\/www.sindmoveis.com.br\/es\/movelsul-brasil-une-industria-e-varejo-em-projeto-inedito\/","name":"Movelsul Brasil une industria y ventas al por menor en proyecto in\u00e9dito - Sindm\u00f3veis-RS","isPartOf":{"@id":"https:\/\/www.sindmoveis.com.br\/es\/#website"},"primaryImageOfPage":{"@id":"https:\/\/www.sindmoveis.com.br\/es\/movelsul-brasil-une-industria-e-varejo-em-projeto-inedito\/#primaryimage"},"image":{"@id":"https:\/\/www.sindmoveis.com.br\/es\/movelsul-brasil-une-industria-e-varejo-em-projeto-inedito\/#primaryimage"},"thumbnailUrl":"https:\/\/www.sindmoveis.com.br\/es\/wp-content\/uploads\/2021\/05\/p1508353778.jpg","datePublished":"2017-10-18T02:00:00+00:00","dateModified":"2021-05-26T13:31:42+00:00","author":{"@id":"https:\/\/www.sindmoveis.com.br\/es\/#\/schema\/person\/16d379542db1950a17fe188179340d57"},"inLanguage":"es","potentialAction":[{"@type":"ReadAction","target":["https:\/\/www.sindmoveis.com.br\/es\/movelsul-brasil-une-industria-e-varejo-em-projeto-inedito\/"]}]},{"@type":"ImageObject","inLanguage":"es","@id":"https:\/\/www.sindmoveis.com.br\/es\/movelsul-brasil-une-industria-e-varejo-em-projeto-inedito\/#primaryimage","url":"https:\/\/www.sindmoveis.com.br\/es\/wp-content\/uploads\/2021\/05\/p1508353778.jpg","contentUrl":"https:\/\/www.sindmoveis.com.br\/es\/wp-content\/uploads\/2021\/05\/p1508353778.jpg","width":1034,"height":530},{"@type":"WebSite","@id":"https:\/\/www.sindmoveis.com.br\/es\/#website","url":"https:\/\/www.sindmoveis.com.br\/es\/","name":"Sindm\u00f3veis-RS","description":"","potentialAction":[{"@type":"SearchAction","target":{"@type":"EntryPoint","urlTemplate":"https:\/\/www.sindmoveis.com.br\/es\/?s={search_term_string}"},"query-input":{"@type":"PropertyValueSpecification","valueRequired":true,"valueName":"search_term_string"}}],"inLanguage":"es"},{"@type":"Person","@id":"https:\/\/www.sindmoveis.com.br\/es\/#\/schema\/person\/16d379542db1950a17fe188179340d57","name":"Imprensa Sindm\u00f3veis","image":{"@type":"ImageObject","inLanguage":"es","@id":"https:\/\/www.sindmoveis.com.br\/es\/#\/schema\/person\/image\/","url":"https:\/\/secure.gravatar.com\/avatar\/4973e2e2c2a0cb5db30b0c7b770041b8e33d048a16b695a1f99c042449d4bfaf?s=96&d=mm&r=g","contentUrl":"https:\/\/secure.gravatar.com\/avatar\/4973e2e2c2a0cb5db30b0c7b770041b8e33d048a16b695a1f99c042449d4bfaf?s=96&d=mm&r=g","caption":"Imprensa Sindm\u00f3veis"},"url":"https:\/\/www.sindmoveis.com.br\/es\/author\/ana\/"}]}},"_links":{"self":[{"href":"https:\/\/www.sindmoveis.com.br\/es\/wp-json\/wp\/v2\/posts\/1325","targetHints":{"allow":["GET"]}}],"collection":[{"href":"https:\/\/www.sindmoveis.com.br\/es\/wp-json\/wp\/v2\/posts"}],"about":[{"href":"https:\/\/www.sindmoveis.com.br\/es\/wp-json\/wp\/v2\/types\/post"}],"author":[{"embeddable":true,"href":"https:\/\/www.sindmoveis.com.br\/es\/wp-json\/wp\/v2\/users\/5"}],"replies":[{"embeddable":true,"href":"https:\/\/www.sindmoveis.com.br\/es\/wp-json\/wp\/v2\/comments?post=1325"}],"version-history":[{"count":2,"href":"https:\/\/www.sindmoveis.com.br\/es\/wp-json\/wp\/v2\/posts\/1325\/revisions"}],"predecessor-version":[{"id":3653,"href":"https:\/\/www.sindmoveis.com.br\/es\/wp-json\/wp\/v2\/posts\/1325\/revisions\/3653"}],"wp:featuredmedia":[{"embeddable":true,"href":"https:\/\/www.sindmoveis.com.br\/es\/wp-json\/wp\/v2\/media\/3654"}],"wp:attachment":[{"href":"https:\/\/www.sindmoveis.com.br\/es\/wp-json\/wp\/v2\/media?parent=1325"}],"wp:term":[{"taxonomy":"category","embeddable":true,"href":"https:\/\/www.sindmoveis.com.br\/es\/wp-json\/wp\/v2\/categories?post=1325"},{"taxonomy":"post_tag","embeddable":true,"href":"https:\/\/www.sindmoveis.com.br\/es\/wp-json\/wp\/v2\/tags?post=1325"}],"curies":[{"name":"wp","href":"https:\/\/api.w.org\/{rel}","templated":true}]}}