{"id":1321,"date":"2017-10-02T00:00:00","date_gmt":"2017-10-02T03:00:00","guid":{"rendered":"http:\/\/sindmoveis.com.br\/imprensa\/noticias\/premio-salao-design-2018-divulga-sua-comissao-julgadora\/"},"modified":"2021-05-26T10:27:47","modified_gmt":"2021-05-26T13:27:47","slug":"premio-salao-design-2018-divulga-sua-comissao-julgadora","status":"publish","type":"post","link":"https:\/\/www.sindmoveis.com.br\/es\/premio-salao-design-2018-divulga-sua-comissao-julgadora\/","title":{"rendered":"Pr\u00eamio Sal\u00e3o Design 2018 divulga su comisi\u00f3n juzgadora"},"content":{"rendered":"<p>Con el cierre de las inscripciones para el Premio Sal&atilde;o Design 2018, el lunes 02 de octubre, la organizaci&oacute;n del premio divulga la composici&oacute;n de la comisi&oacute;n juzgadora de esa edici&oacute;n especial, que marca los 30 a&ntilde;os de realizaci&oacute;n por el Sindicato de las Industrias del Mobiliario de Bento Gon&ccedil;alves (Sindm&oacute;veis). El grupo es formado por cinco profesionales del dise&ntilde;o con influencia industrial, artesanal y con fuerte apelo de sostenibilidad en sus trabajos. Son ellos: Brunno jahara, Bruno Faucz, Leticia Grisa, Nicole Tomazi y Salvatore Figliuzzi.<\/p>\n<p>En esa primera etapa de juicio, los jurados evaluar&aacute;n todos los proyectos gr&aacute;ficos inscritos.<\/p>\n<p>Los finalistas ser&aacute;n anunciados en noviembre y, entonces, enviar&aacute;n sus productos o prototipos en tama&ntilde;o real para la escogencia de los vencedores, en Bento Gon&ccedil;alves, R&iacute;o Grande do Sul.<\/p>\n<p>Con patrocinio de Berneck e Interprint, el Premio Sal&atilde;o Design tendr&aacute; m&aacute;s premiaciones en dinero en ese a&ntilde;o. Cada modalidad (Estudiante, Profesional e Industria\/Ventas al por Menor) tendr&aacute; primer, segundo y tercer lugar, premiados con R$ 12 mil, R$ 8 mil y R$ 6 mil. Respectivamente. Ser&aacute;n concedidos, tambi&eacute;n, tres s&uacute;per premios para los mejores productos de la edici&oacute;n, independiente de su modalidad: R$ 20 mil, R$ 15 mil y R$ 12 mil.<\/p>\n<p>Adem&aacute;s de ello, los vencedores participar&aacute;n de dos muestras de productos: de 12 a 15 de marzo, durante la feria Movelsul Brasil (donde tambi&eacute;n ocurrir&aacute; la ceremonia de premiaci&oacute;n), y de 28 a 30 agosto, en High Design &ndash; Home &amp; Office Expo. Para m&aacute;s informaciones acceda a <a href=\"http:\/\/www.saladodesign.com.br\/\">www.saladodesign.com.br<\/a>, Facebook\/Premio Sal&atilde;o Design, Instagram @premiosalaodesign.<\/p>\n<p>&nbsp;<\/p>\n<p><strong>Sepa m&aacute;s sobre los jurados:<\/strong><\/p>\n<p>&nbsp;<\/p>\n<p><strong>Brunno Jahara (Rio de Janeiro)<\/strong>&nbsp; Formado por la Universidad de Brasilia e IUAV de Venecia, Brunno cre&oacute; su consultor&iacute;a en dise&ntilde;o, Jahara Studio, focalizado en la creaci&oacute;n y producci&oacute;n de objetos y muebles. Moldeado por sus experiencias en Europa, aborda temas como sostenibilidad y reciclaje de material industrial, transitando al mismo tiempo por otras &aacute;reas creativas. Global, pero siempre localmente inspirado, el trabajo de Jahar representa su formaci&oacute;n diversa en Europa y en Brasil, trayendo una nueva lectura de las diferentes culturas y sociedades en las que ha vivido.&nbsp;<\/p>\n<p><strong>Bruno Faucz (Santa Catarina) &ndash;&nbsp;<\/strong>Formado en Dise&ntilde;o de Mobiliario en 2007 y postgraduado en Master Design Internacional. Trabaj&oacute; durante siete a&ntilde;os en la industria y viaj&oacute; por todo Brasil realizando investigaciones sobre aspectos vinculados al &ldquo;momento de compra&rdquo;. En 2013, inici&oacute; su propio Studio de Dise&ntilde;o, que prioriza los pilares Mercado &ndash; Industria &ndash; Dise&ntilde;o. Ha participado de exposiciones en S&atilde;o Paulo, Nueva York, Par&iacute;s y Mil&aacute;n. Una de sus piezas est&aacute; en&nbsp; el&nbsp; libro &ldquo;Design Brasileiro de M&oacute;veis&rdquo;, que cuenta con los principales destaques de piezas utilizadas como asiento en el periodo que va de 1928 a 2013.<\/p>\n<p><strong>Let&iacute;cia Grisa (Rio Grande do Sul) &ndash;<\/strong>&nbsp;Dise&ntilde;adora de producto formada por la Universidad de Caxias do Sul y Especialista en Ergonom&iacute;a por la Universidad Federal de R&iacute;o Grande do Sul, ya actu&oacute; en los segmentos del mobiliario y automotriz. Con pasaje por el Poli.Design de Mil&aacute;n y background industrial, dividi&oacute; sus conocimientos como profesora en los cursos de Dise&ntilde;o de la citada Universidad de Caxias do Sul. Hoy es socia directora de UNT Intelligence Design, empresa gaucha especializada en dise&ntilde;o estrat&eacute;gico de producto, finalista y premiada en el Premio Sal&atilde;o Design.<\/p>\n<p><strong>Nicole Tomazi (Rio Grande do Sul) &ndash;<\/strong>&nbsp;Act&uacute;a uniendo el dise&ntilde;o a la producci&oacute;n artesanal desde 2007 por medio del desarrollo de piezas autorales en su marca Oferenda Objetos. Sus productos fueron expuestos internacionalmente en el Salone Satllite y Fuori Salone, en Mil&aacute;n. Vencedora del Premio Planeta Casa 2012 y finalista del Salone Satellite Award 2012 y 2013, tiene maestr&iacute;a en Dise&ntilde;o con estudio volcado al territorio y cultura y, actualmente, desarrolla proyectos dirigidos al dise&ntilde;o territorial, piezas de autoproducci&oacute;n para su marca y tambi&eacute;n proyectos para industrias nacionales.<\/p>\n<p><strong>Salvatore Figliuzzi (Alemania) <\/strong>Alem&aacute;n, de origen italiano. Vive pr&oacute;ximo a la ciudad alemana de Colonia, uno de los m&aacute;s importantes &quot;<em>hubs<\/em>&quot; de mobiliario del mundo. Trabaja en la industria de dise&ntilde;o de superficie desde hace 30 a&ntilde;os y tiene toda su experiencia profesional orientada al dise&ntilde;o y a la creatividad. Su foco profesional es garantizar que el dise&ntilde;o aproxime las personas a trav&eacute;s de la comunicaci&oacute;n y de la emoci&oacute;n. Act&uacute;a desde 2006 en Interprint y actualmente es director de Marketing y dise&ntilde;o para el Grupo Interprint.<\/p>\n<p>&nbsp;<\/p>\n<p><strong>Preste&nbsp; atenci&oacute;n al cronograma del Premio Sal&atilde;o Design<\/strong><\/p>\n<p>Juicio de la primera etapa: octubre de 2017<\/p>\n<p>Divulgaci&oacute;n de los finalistas: 13 de noviembre de 2017<\/p>\n<p>Entrega de los productos para la etapa final: 11, 12 y 15 de enero de 2018<\/p>\n<p>Escogencia de los premiados: 22 y 23 de enero de 2018<\/p>\n<p>Divulgaci&oacute;n de los vencedores: 05 de febrero<\/p>\n<p>Muestra y premiaci&oacute;n: Movelsul Brasil 2018, de 12 a 15 de marzo, en Bento Gon&ccedil;alves<\/p>\n<p>Segunda muestra de los premiados: High Design Expo, de 28 a 30 de agosto de 2018, en S&atilde;o Paulo.<\/p>\n","protected":false},"excerpt":{"rendered":"<p>Con inscripciones cerradas el pasado lunes, 02 de octubre, grupo se prepara para la primera etapa de juicio de los inscritos.<\/p>\n","protected":false},"author":5,"featured_media":3648,"comment_status":"closed","ping_status":"open","sticky":false,"template":"","format":"standard","meta":{"footnotes":"","_links_to":"","_links_to_target":""},"categories":[21,2],"tags":[],"class_list":["post-1321","post","type-post","status-publish","format-standard","has-post-thumbnail","hentry","category-premio-salao-design","category-sindmoveis"],"yoast_head":"<!-- This site is optimized with the Yoast SEO plugin v27.0 - https:\/\/yoast.com\/product\/yoast-seo-wordpress\/ -->\n<title>Pr\u00eamio Sal\u00e3o Design 2018 divulga su comisi\u00f3n juzgadora - Sindm\u00f3veis-RS<\/title>\n<meta name=\"robots\" content=\"index, follow, max-snippet:-1, max-image-preview:large, max-video-preview:-1\" \/>\n<link rel=\"canonical\" href=\"https:\/\/www.sindmoveis.com.br\/es\/premio-salao-design-2018-divulga-sua-comissao-julgadora\/\" \/>\n<meta property=\"og:locale\" content=\"es_ES\" \/>\n<meta property=\"og:type\" content=\"article\" \/>\n<meta property=\"og:title\" content=\"Pr\u00eamio Sal\u00e3o Design 2018 divulga su comisi\u00f3n juzgadora - Sindm\u00f3veis-RS\" \/>\n<meta property=\"og:description\" content=\"Con inscripciones cerradas el pasado lunes, 02 de octubre, grupo se prepara para la primera etapa de juicio de los inscritos.\" \/>\n<meta property=\"og:url\" content=\"https:\/\/www.sindmoveis.com.br\/es\/premio-salao-design-2018-divulga-sua-comissao-julgadora\/\" \/>\n<meta property=\"og:site_name\" content=\"Sindm\u00f3veis-RS\" \/>\n<meta property=\"article:published_time\" content=\"2017-10-02T03:00:00+00:00\" \/>\n<meta property=\"article:modified_time\" content=\"2021-05-26T13:27:47+00:00\" \/>\n<meta property=\"og:image\" content=\"https:\/\/www.sindmoveis.com.br\/es\/wp-content\/uploads\/2021\/05\/p1506977108.jpg\" \/>\n\t<meta property=\"og:image:width\" content=\"1181\" \/>\n\t<meta property=\"og:image:height\" content=\"787\" \/>\n\t<meta property=\"og:image:type\" content=\"image\/jpeg\" \/>\n<meta name=\"author\" content=\"Imprensa Sindm\u00f3veis\" \/>\n<meta name=\"twitter:card\" content=\"summary_large_image\" \/>\n<meta name=\"twitter:label1\" content=\"Escrito por\" \/>\n\t<meta name=\"twitter:data1\" content=\"Imprensa Sindm\u00f3veis\" \/>\n\t<meta name=\"twitter:label2\" content=\"Tiempo de lectura\" \/>\n\t<meta name=\"twitter:data2\" content=\"5 minutos\" \/>\n<script type=\"application\/ld+json\" class=\"yoast-schema-graph\">{\"@context\":\"https:\/\/schema.org\",\"@graph\":[{\"@type\":\"Article\",\"@id\":\"https:\/\/www.sindmoveis.com.br\/es\/premio-salao-design-2018-divulga-sua-comissao-julgadora\/#article\",\"isPartOf\":{\"@id\":\"https:\/\/www.sindmoveis.com.br\/es\/premio-salao-design-2018-divulga-sua-comissao-julgadora\/\"},\"author\":{\"name\":\"Imprensa Sindm\u00f3veis\",\"@id\":\"https:\/\/www.sindmoveis.com.br\/es\/#\/schema\/person\/16d379542db1950a17fe188179340d57\"},\"headline\":\"Pr\u00eamio Sal\u00e3o Design 2018 divulga su comisi\u00f3n juzgadora\",\"datePublished\":\"2017-10-02T03:00:00+00:00\",\"dateModified\":\"2021-05-26T13:27:47+00:00\",\"mainEntityOfPage\":{\"@id\":\"https:\/\/www.sindmoveis.com.br\/es\/premio-salao-design-2018-divulga-sua-comissao-julgadora\/\"},\"wordCount\":977,\"image\":{\"@id\":\"https:\/\/www.sindmoveis.com.br\/es\/premio-salao-design-2018-divulga-sua-comissao-julgadora\/#primaryimage\"},\"thumbnailUrl\":\"https:\/\/www.sindmoveis.com.br\/es\/wp-content\/uploads\/2021\/05\/p1506977108.jpg\",\"articleSection\":[\"Premio Sal\u00e3o Design\",\"Sindm\u00f3veis\"],\"inLanguage\":\"es\"},{\"@type\":\"WebPage\",\"@id\":\"https:\/\/www.sindmoveis.com.br\/es\/premio-salao-design-2018-divulga-sua-comissao-julgadora\/\",\"url\":\"https:\/\/www.sindmoveis.com.br\/es\/premio-salao-design-2018-divulga-sua-comissao-julgadora\/\",\"name\":\"Pr\u00eamio Sal\u00e3o Design 2018 divulga su comisi\u00f3n juzgadora - Sindm\u00f3veis-RS\",\"isPartOf\":{\"@id\":\"https:\/\/www.sindmoveis.com.br\/es\/#website\"},\"primaryImageOfPage\":{\"@id\":\"https:\/\/www.sindmoveis.com.br\/es\/premio-salao-design-2018-divulga-sua-comissao-julgadora\/#primaryimage\"},\"image\":{\"@id\":\"https:\/\/www.sindmoveis.com.br\/es\/premio-salao-design-2018-divulga-sua-comissao-julgadora\/#primaryimage\"},\"thumbnailUrl\":\"https:\/\/www.sindmoveis.com.br\/es\/wp-content\/uploads\/2021\/05\/p1506977108.jpg\",\"datePublished\":\"2017-10-02T03:00:00+00:00\",\"dateModified\":\"2021-05-26T13:27:47+00:00\",\"author\":{\"@id\":\"https:\/\/www.sindmoveis.com.br\/es\/#\/schema\/person\/16d379542db1950a17fe188179340d57\"},\"inLanguage\":\"es\",\"potentialAction\":[{\"@type\":\"ReadAction\",\"target\":[\"https:\/\/www.sindmoveis.com.br\/es\/premio-salao-design-2018-divulga-sua-comissao-julgadora\/\"]}]},{\"@type\":\"ImageObject\",\"inLanguage\":\"es\",\"@id\":\"https:\/\/www.sindmoveis.com.br\/es\/premio-salao-design-2018-divulga-sua-comissao-julgadora\/#primaryimage\",\"url\":\"https:\/\/www.sindmoveis.com.br\/es\/wp-content\/uploads\/2021\/05\/p1506977108.jpg\",\"contentUrl\":\"https:\/\/www.sindmoveis.com.br\/es\/wp-content\/uploads\/2021\/05\/p1506977108.jpg\",\"width\":1181,\"height\":787},{\"@type\":\"WebSite\",\"@id\":\"https:\/\/www.sindmoveis.com.br\/es\/#website\",\"url\":\"https:\/\/www.sindmoveis.com.br\/es\/\",\"name\":\"Sindm\u00f3veis-RS\",\"description\":\"\",\"potentialAction\":[{\"@type\":\"SearchAction\",\"target\":{\"@type\":\"EntryPoint\",\"urlTemplate\":\"https:\/\/www.sindmoveis.com.br\/es\/?s={search_term_string}\"},\"query-input\":{\"@type\":\"PropertyValueSpecification\",\"valueRequired\":true,\"valueName\":\"search_term_string\"}}],\"inLanguage\":\"es\"},{\"@type\":\"Person\",\"@id\":\"https:\/\/www.sindmoveis.com.br\/es\/#\/schema\/person\/16d379542db1950a17fe188179340d57\",\"name\":\"Imprensa Sindm\u00f3veis\",\"image\":{\"@type\":\"ImageObject\",\"inLanguage\":\"es\",\"@id\":\"https:\/\/www.sindmoveis.com.br\/es\/#\/schema\/person\/image\/\",\"url\":\"https:\/\/secure.gravatar.com\/avatar\/4973e2e2c2a0cb5db30b0c7b770041b8e33d048a16b695a1f99c042449d4bfaf?s=96&d=mm&r=g\",\"contentUrl\":\"https:\/\/secure.gravatar.com\/avatar\/4973e2e2c2a0cb5db30b0c7b770041b8e33d048a16b695a1f99c042449d4bfaf?s=96&d=mm&r=g\",\"caption\":\"Imprensa Sindm\u00f3veis\"},\"url\":\"https:\/\/www.sindmoveis.com.br\/es\/author\/ana\/\"}]}<\/script>\n<!-- \/ Yoast SEO plugin. -->","yoast_head_json":{"title":"Pr\u00eamio Sal\u00e3o Design 2018 divulga su comisi\u00f3n juzgadora - Sindm\u00f3veis-RS","robots":{"index":"index","follow":"follow","max-snippet":"max-snippet:-1","max-image-preview":"max-image-preview:large","max-video-preview":"max-video-preview:-1"},"canonical":"https:\/\/www.sindmoveis.com.br\/es\/premio-salao-design-2018-divulga-sua-comissao-julgadora\/","og_locale":"es_ES","og_type":"article","og_title":"Pr\u00eamio Sal\u00e3o Design 2018 divulga su comisi\u00f3n juzgadora - Sindm\u00f3veis-RS","og_description":"Con inscripciones cerradas el pasado lunes, 02 de octubre, grupo se prepara para la primera etapa de juicio de los inscritos.","og_url":"https:\/\/www.sindmoveis.com.br\/es\/premio-salao-design-2018-divulga-sua-comissao-julgadora\/","og_site_name":"Sindm\u00f3veis-RS","article_published_time":"2017-10-02T03:00:00+00:00","article_modified_time":"2021-05-26T13:27:47+00:00","og_image":[{"width":1181,"height":787,"url":"https:\/\/www.sindmoveis.com.br\/es\/wp-content\/uploads\/2021\/05\/p1506977108.jpg","type":"image\/jpeg"}],"author":"Imprensa Sindm\u00f3veis","twitter_card":"summary_large_image","twitter_misc":{"Escrito por":"Imprensa Sindm\u00f3veis","Tiempo de lectura":"5 minutos"},"schema":{"@context":"https:\/\/schema.org","@graph":[{"@type":"Article","@id":"https:\/\/www.sindmoveis.com.br\/es\/premio-salao-design-2018-divulga-sua-comissao-julgadora\/#article","isPartOf":{"@id":"https:\/\/www.sindmoveis.com.br\/es\/premio-salao-design-2018-divulga-sua-comissao-julgadora\/"},"author":{"name":"Imprensa Sindm\u00f3veis","@id":"https:\/\/www.sindmoveis.com.br\/es\/#\/schema\/person\/16d379542db1950a17fe188179340d57"},"headline":"Pr\u00eamio Sal\u00e3o Design 2018 divulga su comisi\u00f3n juzgadora","datePublished":"2017-10-02T03:00:00+00:00","dateModified":"2021-05-26T13:27:47+00:00","mainEntityOfPage":{"@id":"https:\/\/www.sindmoveis.com.br\/es\/premio-salao-design-2018-divulga-sua-comissao-julgadora\/"},"wordCount":977,"image":{"@id":"https:\/\/www.sindmoveis.com.br\/es\/premio-salao-design-2018-divulga-sua-comissao-julgadora\/#primaryimage"},"thumbnailUrl":"https:\/\/www.sindmoveis.com.br\/es\/wp-content\/uploads\/2021\/05\/p1506977108.jpg","articleSection":["Premio Sal\u00e3o Design","Sindm\u00f3veis"],"inLanguage":"es"},{"@type":"WebPage","@id":"https:\/\/www.sindmoveis.com.br\/es\/premio-salao-design-2018-divulga-sua-comissao-julgadora\/","url":"https:\/\/www.sindmoveis.com.br\/es\/premio-salao-design-2018-divulga-sua-comissao-julgadora\/","name":"Pr\u00eamio Sal\u00e3o Design 2018 divulga su comisi\u00f3n juzgadora - Sindm\u00f3veis-RS","isPartOf":{"@id":"https:\/\/www.sindmoveis.com.br\/es\/#website"},"primaryImageOfPage":{"@id":"https:\/\/www.sindmoveis.com.br\/es\/premio-salao-design-2018-divulga-sua-comissao-julgadora\/#primaryimage"},"image":{"@id":"https:\/\/www.sindmoveis.com.br\/es\/premio-salao-design-2018-divulga-sua-comissao-julgadora\/#primaryimage"},"thumbnailUrl":"https:\/\/www.sindmoveis.com.br\/es\/wp-content\/uploads\/2021\/05\/p1506977108.jpg","datePublished":"2017-10-02T03:00:00+00:00","dateModified":"2021-05-26T13:27:47+00:00","author":{"@id":"https:\/\/www.sindmoveis.com.br\/es\/#\/schema\/person\/16d379542db1950a17fe188179340d57"},"inLanguage":"es","potentialAction":[{"@type":"ReadAction","target":["https:\/\/www.sindmoveis.com.br\/es\/premio-salao-design-2018-divulga-sua-comissao-julgadora\/"]}]},{"@type":"ImageObject","inLanguage":"es","@id":"https:\/\/www.sindmoveis.com.br\/es\/premio-salao-design-2018-divulga-sua-comissao-julgadora\/#primaryimage","url":"https:\/\/www.sindmoveis.com.br\/es\/wp-content\/uploads\/2021\/05\/p1506977108.jpg","contentUrl":"https:\/\/www.sindmoveis.com.br\/es\/wp-content\/uploads\/2021\/05\/p1506977108.jpg","width":1181,"height":787},{"@type":"WebSite","@id":"https:\/\/www.sindmoveis.com.br\/es\/#website","url":"https:\/\/www.sindmoveis.com.br\/es\/","name":"Sindm\u00f3veis-RS","description":"","potentialAction":[{"@type":"SearchAction","target":{"@type":"EntryPoint","urlTemplate":"https:\/\/www.sindmoveis.com.br\/es\/?s={search_term_string}"},"query-input":{"@type":"PropertyValueSpecification","valueRequired":true,"valueName":"search_term_string"}}],"inLanguage":"es"},{"@type":"Person","@id":"https:\/\/www.sindmoveis.com.br\/es\/#\/schema\/person\/16d379542db1950a17fe188179340d57","name":"Imprensa Sindm\u00f3veis","image":{"@type":"ImageObject","inLanguage":"es","@id":"https:\/\/www.sindmoveis.com.br\/es\/#\/schema\/person\/image\/","url":"https:\/\/secure.gravatar.com\/avatar\/4973e2e2c2a0cb5db30b0c7b770041b8e33d048a16b695a1f99c042449d4bfaf?s=96&d=mm&r=g","contentUrl":"https:\/\/secure.gravatar.com\/avatar\/4973e2e2c2a0cb5db30b0c7b770041b8e33d048a16b695a1f99c042449d4bfaf?s=96&d=mm&r=g","caption":"Imprensa Sindm\u00f3veis"},"url":"https:\/\/www.sindmoveis.com.br\/es\/author\/ana\/"}]}},"_links":{"self":[{"href":"https:\/\/www.sindmoveis.com.br\/es\/wp-json\/wp\/v2\/posts\/1321","targetHints":{"allow":["GET"]}}],"collection":[{"href":"https:\/\/www.sindmoveis.com.br\/es\/wp-json\/wp\/v2\/posts"}],"about":[{"href":"https:\/\/www.sindmoveis.com.br\/es\/wp-json\/wp\/v2\/types\/post"}],"author":[{"embeddable":true,"href":"https:\/\/www.sindmoveis.com.br\/es\/wp-json\/wp\/v2\/users\/5"}],"replies":[{"embeddable":true,"href":"https:\/\/www.sindmoveis.com.br\/es\/wp-json\/wp\/v2\/comments?post=1321"}],"version-history":[{"count":2,"href":"https:\/\/www.sindmoveis.com.br\/es\/wp-json\/wp\/v2\/posts\/1321\/revisions"}],"predecessor-version":[{"id":3647,"href":"https:\/\/www.sindmoveis.com.br\/es\/wp-json\/wp\/v2\/posts\/1321\/revisions\/3647"}],"wp:featuredmedia":[{"embeddable":true,"href":"https:\/\/www.sindmoveis.com.br\/es\/wp-json\/wp\/v2\/media\/3648"}],"wp:attachment":[{"href":"https:\/\/www.sindmoveis.com.br\/es\/wp-json\/wp\/v2\/media?parent=1321"}],"wp:term":[{"taxonomy":"category","embeddable":true,"href":"https:\/\/www.sindmoveis.com.br\/es\/wp-json\/wp\/v2\/categories?post=1321"},{"taxonomy":"post_tag","embeddable":true,"href":"https:\/\/www.sindmoveis.com.br\/es\/wp-json\/wp\/v2\/tags?post=1321"}],"curies":[{"name":"wp","href":"https:\/\/api.w.org\/{rel}","templated":true}]}}