{"id":1320,"date":"2017-09-29T00:00:00","date_gmt":"2017-09-29T03:00:00","guid":{"rendered":"http:\/\/sindmoveis.com.br\/imprensa\/noticias\/movelsul-brasil-2018-tem-87-de-seus-espacos-comercializados\/"},"modified":"2021-05-26T10:31:42","modified_gmt":"2021-05-26T13:31:42","slug":"movelsul-brasil-2018-tem-87-de-seus-espacos-comercializados","status":"publish","type":"post","link":"https:\/\/www.sindmoveis.com.br\/es\/movelsul-brasil-2018-tem-87-de-seus-espacos-comercializados\/","title":{"rendered":"Movelsul Brasil 2018 tiene 87% de sus espacios comercializados"},"content":{"rendered":"<p>La campa&ntilde;a de comunicaci&oacute;n de Movelsul Brasil 2018 relacionando el potencial de negocios de la feria a los atractivos del turismo en la Sierra Gaucha est&aacute; entusiasmando las industrias fabricantes de muebles para invertir en el evento y en lanzamientos para el pr&oacute;ximo a&ntilde;o, en una apuesta en favor de la retomada de desempe&ntilde;o para el sector del mobiliario nacional. Faltando seis meses para la 21&ordf; edici&oacute;n de la feria, 87% de los espacios disponibles para comercializaci&oacute;n ya est&aacute;n contratados.<\/p>\n<p>La pr&oacute;xima edici&oacute;n de la feria va a exaltar los atributos tur&iacute;sticos locales y la tradici&oacute;n del polo mobiliario de Bento Gon&ccedil;alves por el lema del dise&ntilde;o. Con el lema &ldquo;Dise&ntilde;o es de nuestra naturaleza&rdquo;, Movelsul Brasil invita a todos para realizar buenos negocios de 12 a 15 de marzo, en el Parque de Eventos de Bento Gon&ccedil;alves, R&iacute;o Grande do Sul. Es esperada, en el periodo, la visita de 30 mil profesionales que van a conocer los lanzamientos en muebles para oficina, cocina, dormitorios, lavadero\/&aacute;rea de servicio, ba&ntilde;o, muebles para jard&iacute;n, electrodom&eacute;sticos, comedores de diario, juegos de comedor, salas de estar, alfombras y colchones.<\/p>\n<p>El presidente de Sindm&oacute;veis, Edson Pelicioli, refuerza que todas las acciones de la entidad ampl&iacute;an su compromiso con la industria del mobiliario nacional. Movelsul Brasil es una feria con el <em>terroir<\/em> de Bento Gon&ccedil;alves, que ha asumido innumerables retos en su trayectoria de 40 a&ntilde;os, siempre coloc&aacute;ndose en la vanguardia del desarrollo del sector del mobiliario. &ldquo;Sindm&oacute;veis conf&iacute;a en un escenario de recuperaci&oacute;n y estamos preparando una feria decisiva para impulsar la industria del mobiliario en 2018&rdquo;, resalta Pelicioli.<\/p>\n<p>Adem&aacute;s de la generaci&oacute;n de negocios entre los expositores y los principales revendedores brasile&ntilde;os, la feria tambi&eacute;n da un soporte a las exportaciones con una fuerte divulgaci&oacute;n internacional, atrayendo distribuidores y revendedores extranjeros. La feria tambi&eacute;n est&aacute; organizando su mayor edici&oacute;n de Proyecto Comprador ya realizado hasta hoy, con 50 importadores invitados en asociaci&oacute;n con proyectos sectoriales apoyados por Apex-Brasil para rondas de negocios con la industria brasile&ntilde;a de muebles y tambi&eacute;n con dise&ntilde;adores nacionales.<\/p>\n<p>&nbsp;<\/p>\n<p><strong>Servicio:<\/strong><\/p>\n<p>&nbsp;<\/p>\n<p><strong>Movelsul Brasil 2018<\/strong><\/p>\n<p><strong>Feria de Muebles y complementos para el revendedor y especificador<\/strong><\/p>\n<p><strong>Cuando:<\/strong> 12 a 15 de marzo de 2018, de las 12 a las 20h<\/p>\n<p><strong>Donde: <\/strong>Parque de Eventos de Bento Gon&ccedil;alves (Alameda Fenavinho, 481)<\/p>\n<p>Entrada gratuita mediante acreditaci&oacute;n. Abierta apenas al p&uacute;blico profesional (revendedores, representantes, arquitectos, dise&ntilde;adores, decoradores, importadores, profesionales de la construcci&oacute;n civil y prensa)<\/p>\n<p>Para m&acute;ss <strong>informaciones<\/strong>, acceda a <a href=\"http:\/\/www.movelsul.com.br\/\">www.movelsul.com.br<\/a> y <a href=\"http:\/\/www.facebook.com\/movelsul.brasil\">www.facebook.com\/movelsul.brasil<\/a><\/p>\n","protected":false},"excerpt":{"rendered":"<p>Principal feria de muebles de Am\u00e9rica Latina para el revendedor e importador tendr\u00e1 su 21\u00aa edici\u00f3n en marzo de 2018, en Bento Gon\u00e7alves (RS)<\/p>\n","protected":false},"author":5,"featured_media":3646,"comment_status":"closed","ping_status":"open","sticky":false,"template":"","format":"standard","meta":{"footnotes":"","_links_to":"","_links_to_target":""},"categories":[23,2],"tags":[],"class_list":["post-1320","post","type-post","status-publish","format-standard","has-post-thumbnail","hentry","category-movelsul","category-sindmoveis"],"yoast_head":"<!-- This site is optimized with the Yoast SEO plugin v27.0 - https:\/\/yoast.com\/product\/yoast-seo-wordpress\/ -->\n<title>Movelsul Brasil 2018 tiene 87% de sus espacios comercializados - Sindm\u00f3veis-RS<\/title>\n<meta name=\"robots\" content=\"index, follow, max-snippet:-1, max-image-preview:large, max-video-preview:-1\" \/>\n<link rel=\"canonical\" href=\"https:\/\/www.sindmoveis.com.br\/es\/movelsul-brasil-2018-tem-87-de-seus-espacos-comercializados\/\" \/>\n<meta property=\"og:locale\" content=\"es_ES\" \/>\n<meta property=\"og:type\" content=\"article\" \/>\n<meta property=\"og:title\" content=\"Movelsul Brasil 2018 tiene 87% de sus espacios comercializados - Sindm\u00f3veis-RS\" \/>\n<meta property=\"og:description\" content=\"Principal feria de muebles de Am\u00e9rica Latina para el revendedor e importador tendr\u00e1 su 21\u00aa edici\u00f3n en marzo de 2018, en Bento Gon\u00e7alves (RS)\" \/>\n<meta property=\"og:url\" content=\"https:\/\/www.sindmoveis.com.br\/es\/movelsul-brasil-2018-tem-87-de-seus-espacos-comercializados\/\" \/>\n<meta property=\"og:site_name\" content=\"Sindm\u00f3veis-RS\" \/>\n<meta property=\"article:published_time\" content=\"2017-09-29T03:00:00+00:00\" \/>\n<meta property=\"article:modified_time\" content=\"2021-05-26T13:31:42+00:00\" \/>\n<meta property=\"og:image\" content=\"https:\/\/www.sindmoveis.com.br\/es\/wp-content\/uploads\/2021\/05\/p1505482606.jpg\" \/>\n\t<meta property=\"og:image:width\" content=\"1181\" \/>\n\t<meta property=\"og:image:height\" content=\"786\" \/>\n\t<meta property=\"og:image:type\" content=\"image\/jpeg\" \/>\n<meta name=\"author\" content=\"Imprensa Sindm\u00f3veis\" \/>\n<meta name=\"twitter:card\" content=\"summary_large_image\" \/>\n<meta name=\"twitter:label1\" content=\"Escrito por\" \/>\n\t<meta name=\"twitter:data1\" content=\"Imprensa Sindm\u00f3veis\" \/>\n\t<meta name=\"twitter:label2\" content=\"Tiempo de lectura\" \/>\n\t<meta name=\"twitter:data2\" content=\"3 minutos\" \/>\n<script type=\"application\/ld+json\" class=\"yoast-schema-graph\">{\"@context\":\"https:\/\/schema.org\",\"@graph\":[{\"@type\":\"Article\",\"@id\":\"https:\/\/www.sindmoveis.com.br\/es\/movelsul-brasil-2018-tem-87-de-seus-espacos-comercializados\/#article\",\"isPartOf\":{\"@id\":\"https:\/\/www.sindmoveis.com.br\/es\/movelsul-brasil-2018-tem-87-de-seus-espacos-comercializados\/\"},\"author\":{\"name\":\"Imprensa Sindm\u00f3veis\",\"@id\":\"https:\/\/www.sindmoveis.com.br\/es\/#\/schema\/person\/16d379542db1950a17fe188179340d57\"},\"headline\":\"Movelsul Brasil 2018 tiene 87% de sus espacios comercializados\",\"datePublished\":\"2017-09-29T03:00:00+00:00\",\"dateModified\":\"2021-05-26T13:31:42+00:00\",\"mainEntityOfPage\":{\"@id\":\"https:\/\/www.sindmoveis.com.br\/es\/movelsul-brasil-2018-tem-87-de-seus-espacos-comercializados\/\"},\"wordCount\":507,\"image\":{\"@id\":\"https:\/\/www.sindmoveis.com.br\/es\/movelsul-brasil-2018-tem-87-de-seus-espacos-comercializados\/#primaryimage\"},\"thumbnailUrl\":\"https:\/\/www.sindmoveis.com.br\/es\/wp-content\/uploads\/2021\/05\/p1505482606.jpg\",\"articleSection\":[\"Movelsul\",\"Sindm\u00f3veis\"],\"inLanguage\":\"es\"},{\"@type\":\"WebPage\",\"@id\":\"https:\/\/www.sindmoveis.com.br\/es\/movelsul-brasil-2018-tem-87-de-seus-espacos-comercializados\/\",\"url\":\"https:\/\/www.sindmoveis.com.br\/es\/movelsul-brasil-2018-tem-87-de-seus-espacos-comercializados\/\",\"name\":\"Movelsul Brasil 2018 tiene 87% de sus espacios comercializados - Sindm\u00f3veis-RS\",\"isPartOf\":{\"@id\":\"https:\/\/www.sindmoveis.com.br\/es\/#website\"},\"primaryImageOfPage\":{\"@id\":\"https:\/\/www.sindmoveis.com.br\/es\/movelsul-brasil-2018-tem-87-de-seus-espacos-comercializados\/#primaryimage\"},\"image\":{\"@id\":\"https:\/\/www.sindmoveis.com.br\/es\/movelsul-brasil-2018-tem-87-de-seus-espacos-comercializados\/#primaryimage\"},\"thumbnailUrl\":\"https:\/\/www.sindmoveis.com.br\/es\/wp-content\/uploads\/2021\/05\/p1505482606.jpg\",\"datePublished\":\"2017-09-29T03:00:00+00:00\",\"dateModified\":\"2021-05-26T13:31:42+00:00\",\"author\":{\"@id\":\"https:\/\/www.sindmoveis.com.br\/es\/#\/schema\/person\/16d379542db1950a17fe188179340d57\"},\"inLanguage\":\"es\",\"potentialAction\":[{\"@type\":\"ReadAction\",\"target\":[\"https:\/\/www.sindmoveis.com.br\/es\/movelsul-brasil-2018-tem-87-de-seus-espacos-comercializados\/\"]}]},{\"@type\":\"ImageObject\",\"inLanguage\":\"es\",\"@id\":\"https:\/\/www.sindmoveis.com.br\/es\/movelsul-brasil-2018-tem-87-de-seus-espacos-comercializados\/#primaryimage\",\"url\":\"https:\/\/www.sindmoveis.com.br\/es\/wp-content\/uploads\/2021\/05\/p1505482606.jpg\",\"contentUrl\":\"https:\/\/www.sindmoveis.com.br\/es\/wp-content\/uploads\/2021\/05\/p1505482606.jpg\",\"width\":1181,\"height\":786},{\"@type\":\"WebSite\",\"@id\":\"https:\/\/www.sindmoveis.com.br\/es\/#website\",\"url\":\"https:\/\/www.sindmoveis.com.br\/es\/\",\"name\":\"Sindm\u00f3veis-RS\",\"description\":\"\",\"potentialAction\":[{\"@type\":\"SearchAction\",\"target\":{\"@type\":\"EntryPoint\",\"urlTemplate\":\"https:\/\/www.sindmoveis.com.br\/es\/?s={search_term_string}\"},\"query-input\":{\"@type\":\"PropertyValueSpecification\",\"valueRequired\":true,\"valueName\":\"search_term_string\"}}],\"inLanguage\":\"es\"},{\"@type\":\"Person\",\"@id\":\"https:\/\/www.sindmoveis.com.br\/es\/#\/schema\/person\/16d379542db1950a17fe188179340d57\",\"name\":\"Imprensa Sindm\u00f3veis\",\"image\":{\"@type\":\"ImageObject\",\"inLanguage\":\"es\",\"@id\":\"https:\/\/www.sindmoveis.com.br\/es\/#\/schema\/person\/image\/\",\"url\":\"https:\/\/secure.gravatar.com\/avatar\/4973e2e2c2a0cb5db30b0c7b770041b8e33d048a16b695a1f99c042449d4bfaf?s=96&d=mm&r=g\",\"contentUrl\":\"https:\/\/secure.gravatar.com\/avatar\/4973e2e2c2a0cb5db30b0c7b770041b8e33d048a16b695a1f99c042449d4bfaf?s=96&d=mm&r=g\",\"caption\":\"Imprensa Sindm\u00f3veis\"},\"url\":\"https:\/\/www.sindmoveis.com.br\/es\/author\/ana\/\"}]}<\/script>\n<!-- \/ Yoast SEO plugin. -->","yoast_head_json":{"title":"Movelsul Brasil 2018 tiene 87% de sus espacios comercializados - Sindm\u00f3veis-RS","robots":{"index":"index","follow":"follow","max-snippet":"max-snippet:-1","max-image-preview":"max-image-preview:large","max-video-preview":"max-video-preview:-1"},"canonical":"https:\/\/www.sindmoveis.com.br\/es\/movelsul-brasil-2018-tem-87-de-seus-espacos-comercializados\/","og_locale":"es_ES","og_type":"article","og_title":"Movelsul Brasil 2018 tiene 87% de sus espacios comercializados - Sindm\u00f3veis-RS","og_description":"Principal feria de muebles de Am\u00e9rica Latina para el revendedor e importador tendr\u00e1 su 21\u00aa edici\u00f3n en marzo de 2018, en Bento Gon\u00e7alves (RS)","og_url":"https:\/\/www.sindmoveis.com.br\/es\/movelsul-brasil-2018-tem-87-de-seus-espacos-comercializados\/","og_site_name":"Sindm\u00f3veis-RS","article_published_time":"2017-09-29T03:00:00+00:00","article_modified_time":"2021-05-26T13:31:42+00:00","og_image":[{"width":1181,"height":786,"url":"https:\/\/www.sindmoveis.com.br\/es\/wp-content\/uploads\/2021\/05\/p1505482606.jpg","type":"image\/jpeg"}],"author":"Imprensa Sindm\u00f3veis","twitter_card":"summary_large_image","twitter_misc":{"Escrito por":"Imprensa Sindm\u00f3veis","Tiempo de lectura":"3 minutos"},"schema":{"@context":"https:\/\/schema.org","@graph":[{"@type":"Article","@id":"https:\/\/www.sindmoveis.com.br\/es\/movelsul-brasil-2018-tem-87-de-seus-espacos-comercializados\/#article","isPartOf":{"@id":"https:\/\/www.sindmoveis.com.br\/es\/movelsul-brasil-2018-tem-87-de-seus-espacos-comercializados\/"},"author":{"name":"Imprensa Sindm\u00f3veis","@id":"https:\/\/www.sindmoveis.com.br\/es\/#\/schema\/person\/16d379542db1950a17fe188179340d57"},"headline":"Movelsul Brasil 2018 tiene 87% de sus espacios comercializados","datePublished":"2017-09-29T03:00:00+00:00","dateModified":"2021-05-26T13:31:42+00:00","mainEntityOfPage":{"@id":"https:\/\/www.sindmoveis.com.br\/es\/movelsul-brasil-2018-tem-87-de-seus-espacos-comercializados\/"},"wordCount":507,"image":{"@id":"https:\/\/www.sindmoveis.com.br\/es\/movelsul-brasil-2018-tem-87-de-seus-espacos-comercializados\/#primaryimage"},"thumbnailUrl":"https:\/\/www.sindmoveis.com.br\/es\/wp-content\/uploads\/2021\/05\/p1505482606.jpg","articleSection":["Movelsul","Sindm\u00f3veis"],"inLanguage":"es"},{"@type":"WebPage","@id":"https:\/\/www.sindmoveis.com.br\/es\/movelsul-brasil-2018-tem-87-de-seus-espacos-comercializados\/","url":"https:\/\/www.sindmoveis.com.br\/es\/movelsul-brasil-2018-tem-87-de-seus-espacos-comercializados\/","name":"Movelsul Brasil 2018 tiene 87% de sus espacios comercializados - Sindm\u00f3veis-RS","isPartOf":{"@id":"https:\/\/www.sindmoveis.com.br\/es\/#website"},"primaryImageOfPage":{"@id":"https:\/\/www.sindmoveis.com.br\/es\/movelsul-brasil-2018-tem-87-de-seus-espacos-comercializados\/#primaryimage"},"image":{"@id":"https:\/\/www.sindmoveis.com.br\/es\/movelsul-brasil-2018-tem-87-de-seus-espacos-comercializados\/#primaryimage"},"thumbnailUrl":"https:\/\/www.sindmoveis.com.br\/es\/wp-content\/uploads\/2021\/05\/p1505482606.jpg","datePublished":"2017-09-29T03:00:00+00:00","dateModified":"2021-05-26T13:31:42+00:00","author":{"@id":"https:\/\/www.sindmoveis.com.br\/es\/#\/schema\/person\/16d379542db1950a17fe188179340d57"},"inLanguage":"es","potentialAction":[{"@type":"ReadAction","target":["https:\/\/www.sindmoveis.com.br\/es\/movelsul-brasil-2018-tem-87-de-seus-espacos-comercializados\/"]}]},{"@type":"ImageObject","inLanguage":"es","@id":"https:\/\/www.sindmoveis.com.br\/es\/movelsul-brasil-2018-tem-87-de-seus-espacos-comercializados\/#primaryimage","url":"https:\/\/www.sindmoveis.com.br\/es\/wp-content\/uploads\/2021\/05\/p1505482606.jpg","contentUrl":"https:\/\/www.sindmoveis.com.br\/es\/wp-content\/uploads\/2021\/05\/p1505482606.jpg","width":1181,"height":786},{"@type":"WebSite","@id":"https:\/\/www.sindmoveis.com.br\/es\/#website","url":"https:\/\/www.sindmoveis.com.br\/es\/","name":"Sindm\u00f3veis-RS","description":"","potentialAction":[{"@type":"SearchAction","target":{"@type":"EntryPoint","urlTemplate":"https:\/\/www.sindmoveis.com.br\/es\/?s={search_term_string}"},"query-input":{"@type":"PropertyValueSpecification","valueRequired":true,"valueName":"search_term_string"}}],"inLanguage":"es"},{"@type":"Person","@id":"https:\/\/www.sindmoveis.com.br\/es\/#\/schema\/person\/16d379542db1950a17fe188179340d57","name":"Imprensa Sindm\u00f3veis","image":{"@type":"ImageObject","inLanguage":"es","@id":"https:\/\/www.sindmoveis.com.br\/es\/#\/schema\/person\/image\/","url":"https:\/\/secure.gravatar.com\/avatar\/4973e2e2c2a0cb5db30b0c7b770041b8e33d048a16b695a1f99c042449d4bfaf?s=96&d=mm&r=g","contentUrl":"https:\/\/secure.gravatar.com\/avatar\/4973e2e2c2a0cb5db30b0c7b770041b8e33d048a16b695a1f99c042449d4bfaf?s=96&d=mm&r=g","caption":"Imprensa Sindm\u00f3veis"},"url":"https:\/\/www.sindmoveis.com.br\/es\/author\/ana\/"}]}},"_links":{"self":[{"href":"https:\/\/www.sindmoveis.com.br\/es\/wp-json\/wp\/v2\/posts\/1320","targetHints":{"allow":["GET"]}}],"collection":[{"href":"https:\/\/www.sindmoveis.com.br\/es\/wp-json\/wp\/v2\/posts"}],"about":[{"href":"https:\/\/www.sindmoveis.com.br\/es\/wp-json\/wp\/v2\/types\/post"}],"author":[{"embeddable":true,"href":"https:\/\/www.sindmoveis.com.br\/es\/wp-json\/wp\/v2\/users\/5"}],"replies":[{"embeddable":true,"href":"https:\/\/www.sindmoveis.com.br\/es\/wp-json\/wp\/v2\/comments?post=1320"}],"version-history":[{"count":2,"href":"https:\/\/www.sindmoveis.com.br\/es\/wp-json\/wp\/v2\/posts\/1320\/revisions"}],"predecessor-version":[{"id":3645,"href":"https:\/\/www.sindmoveis.com.br\/es\/wp-json\/wp\/v2\/posts\/1320\/revisions\/3645"}],"wp:featuredmedia":[{"embeddable":true,"href":"https:\/\/www.sindmoveis.com.br\/es\/wp-json\/wp\/v2\/media\/3646"}],"wp:attachment":[{"href":"https:\/\/www.sindmoveis.com.br\/es\/wp-json\/wp\/v2\/media?parent=1320"}],"wp:term":[{"taxonomy":"category","embeddable":true,"href":"https:\/\/www.sindmoveis.com.br\/es\/wp-json\/wp\/v2\/categories?post=1320"},{"taxonomy":"post_tag","embeddable":true,"href":"https:\/\/www.sindmoveis.com.br\/es\/wp-json\/wp\/v2\/tags?post=1320"}],"curies":[{"name":"wp","href":"https:\/\/api.w.org\/{rel}","templated":true}]}}