{"id":1319,"date":"2017-09-11T00:00:00","date_gmt":"2017-09-11T03:00:00","guid":{"rendered":"http:\/\/sindmoveis.com.br\/imprensa\/noticias\/premio-salao-design-tem-inscricoes-ate-o-dia-02-de-outubro\/"},"modified":"2021-05-26T10:27:47","modified_gmt":"2021-05-26T13:27:47","slug":"premio-salao-design-tem-inscricoes-ate-o-dia-02-de-outubro","status":"publish","type":"post","link":"https:\/\/www.sindmoveis.com.br\/es\/premio-salao-design-tem-inscricoes-ate-o-dia-02-de-outubro\/","title":{"rendered":"Premio Sal\u00e3o Design tiene inscripciones hasta el d\u00eda 02 de octubre"},"content":{"rendered":"<p>Existen miles de historias de talento y dedicaci&oacute;n por detr&aacute;s de cada producto inscrito en el Premio Sal&atilde;o Design. Si usted tiene un proyecto de mobiliario, iluminaci&oacute;n o accesorio dom&eacute;stico que es innovador, bien acabado, sostenible o que trae beneficios con relaci&oacute;n a los similares ya existentes, tambi&eacute;n puede hacer parte de esta historia.<\/p>\n<p>Est&aacute;n abiertas hasta el d&iacute;a 02 de octubre las inscripciones para el Premio Sal&atilde;o Design 2018, la mayor premiaci&oacute;n de dise&ntilde;o de producto de Am&eacute;rica Latina. Pueden participar estudiantes, profesionales e industria\/ comercio minorista.<\/p>\n<p>Con patrocinio de Berneck e Interprint, el Premio Sal&atilde;o Design completa 30 a&ntilde;os en 2018. En &nbsp;esa edici&oacute;n, adem&aacute;s de las premiaciones en dinero y toda la exposici&oacute;n en los medios, los vencedores participar&aacute;n de dos muestras de productos: de 12 a 15 de marzo, durante la feria Movelsul Brasil (donde tambi&eacute;n ocurrir&aacute; la ceremonia de premiaci&oacute;n), y de 28 a 30 de agosto, en High Design Home &amp; Office Expo. Para m&aacute;s informaciones, inscripciones y download del reglamento, acceda a <a href=\"http:\/\/www.salaodesign.com.br\/\">www.salaodesign.com.br<\/a><\/p>\n<p>PRESTE ATENCI&Oacute;N AL CRONOGRAMA<\/p>\n<p>Cierre de las inscripciones: 02 de octubre de 2017, a las 23h59min<\/p>\n<p>Juicio de la primera etapa: octubre de 2017<\/p>\n<p>Divulgaci&oacute;n de los finalistas: 13 de noviembre de 2017<\/p>\n<p>Entrega de los productos para la etapa final: 11 a 15 de enero de 2018<\/p>\n<p>Escogencia de los premiados: 22 y 23 de enero de 2018<\/p>\n<p>Muestra y premiaci&oacute;n: Movelsul Brasil 2018, de 12 a 15 de marzo&nbsp;de 2018, en Bento Gon&ccedil;alves<\/p>\n<p>Segunda muestra de los premiados: High Design Expo, de 28 a 30 de agosto de 2018, en S&atilde;o Paulo<\/p>\n","protected":false},"excerpt":{"rendered":"<p>Pueden concurrir proyectos de mobiliario y complementos de estudiantes, profesionales e industria\/comercio minorista<\/p>\n","protected":false},"author":5,"featured_media":3644,"comment_status":"closed","ping_status":"open","sticky":false,"template":"","format":"standard","meta":{"footnotes":"","_links_to":"","_links_to_target":""},"categories":[21,2],"tags":[],"class_list":["post-1319","post","type-post","status-publish","format-standard","has-post-thumbnail","hentry","category-premio-salao-design","category-sindmoveis"],"yoast_head":"<!-- This site is optimized with the Yoast SEO plugin v27.0 - https:\/\/yoast.com\/product\/yoast-seo-wordpress\/ -->\n<title>Premio Sal\u00e3o Design tiene inscripciones hasta el d\u00eda 02 de octubre - Sindm\u00f3veis-RS<\/title>\n<meta name=\"robots\" content=\"index, follow, max-snippet:-1, max-image-preview:large, max-video-preview:-1\" \/>\n<link rel=\"canonical\" href=\"https:\/\/www.sindmoveis.com.br\/es\/premio-salao-design-tem-inscricoes-ate-o-dia-02-de-outubro\/\" \/>\n<meta property=\"og:locale\" content=\"es_ES\" \/>\n<meta property=\"og:type\" content=\"article\" \/>\n<meta property=\"og:title\" content=\"Premio Sal\u00e3o Design tiene inscripciones hasta el d\u00eda 02 de octubre - Sindm\u00f3veis-RS\" \/>\n<meta property=\"og:description\" content=\"Pueden concurrir proyectos de mobiliario y complementos de estudiantes, profesionales e industria\/comercio minorista\" \/>\n<meta property=\"og:url\" content=\"https:\/\/www.sindmoveis.com.br\/es\/premio-salao-design-tem-inscricoes-ate-o-dia-02-de-outubro\/\" \/>\n<meta property=\"og:site_name\" content=\"Sindm\u00f3veis-RS\" \/>\n<meta property=\"article:published_time\" content=\"2017-09-11T03:00:00+00:00\" \/>\n<meta property=\"article:modified_time\" content=\"2021-05-26T13:27:47+00:00\" \/>\n<meta property=\"og:image\" content=\"https:\/\/www.sindmoveis.com.br\/es\/wp-content\/uploads\/2021\/05\/p1505161290.jpg\" \/>\n\t<meta property=\"og:image:width\" content=\"1575\" \/>\n\t<meta property=\"og:image:height\" content=\"882\" \/>\n\t<meta property=\"og:image:type\" content=\"image\/jpeg\" \/>\n<meta name=\"author\" content=\"Imprensa Sindm\u00f3veis\" \/>\n<meta name=\"twitter:card\" content=\"summary_large_image\" \/>\n<meta name=\"twitter:label1\" content=\"Escrito por\" \/>\n\t<meta name=\"twitter:data1\" content=\"Imprensa Sindm\u00f3veis\" \/>\n\t<meta name=\"twitter:label2\" content=\"Tiempo de lectura\" \/>\n\t<meta name=\"twitter:data2\" content=\"2 minutos\" \/>\n<script type=\"application\/ld+json\" class=\"yoast-schema-graph\">{\"@context\":\"https:\/\/schema.org\",\"@graph\":[{\"@type\":\"Article\",\"@id\":\"https:\/\/www.sindmoveis.com.br\/es\/premio-salao-design-tem-inscricoes-ate-o-dia-02-de-outubro\/#article\",\"isPartOf\":{\"@id\":\"https:\/\/www.sindmoveis.com.br\/es\/premio-salao-design-tem-inscricoes-ate-o-dia-02-de-outubro\/\"},\"author\":{\"name\":\"Imprensa Sindm\u00f3veis\",\"@id\":\"https:\/\/www.sindmoveis.com.br\/es\/#\/schema\/person\/16d379542db1950a17fe188179340d57\"},\"headline\":\"Premio Sal\u00e3o Design tiene inscripciones hasta el d\u00eda 02 de octubre\",\"datePublished\":\"2017-09-11T03:00:00+00:00\",\"dateModified\":\"2021-05-26T13:27:47+00:00\",\"mainEntityOfPage\":{\"@id\":\"https:\/\/www.sindmoveis.com.br\/es\/premio-salao-design-tem-inscricoes-ate-o-dia-02-de-outubro\/\"},\"wordCount\":312,\"image\":{\"@id\":\"https:\/\/www.sindmoveis.com.br\/es\/premio-salao-design-tem-inscricoes-ate-o-dia-02-de-outubro\/#primaryimage\"},\"thumbnailUrl\":\"https:\/\/www.sindmoveis.com.br\/es\/wp-content\/uploads\/2021\/05\/p1505161290.jpg\",\"articleSection\":[\"Premio Sal\u00e3o Design\",\"Sindm\u00f3veis\"],\"inLanguage\":\"es\"},{\"@type\":\"WebPage\",\"@id\":\"https:\/\/www.sindmoveis.com.br\/es\/premio-salao-design-tem-inscricoes-ate-o-dia-02-de-outubro\/\",\"url\":\"https:\/\/www.sindmoveis.com.br\/es\/premio-salao-design-tem-inscricoes-ate-o-dia-02-de-outubro\/\",\"name\":\"Premio Sal\u00e3o Design tiene inscripciones hasta el d\u00eda 02 de octubre - Sindm\u00f3veis-RS\",\"isPartOf\":{\"@id\":\"https:\/\/www.sindmoveis.com.br\/es\/#website\"},\"primaryImageOfPage\":{\"@id\":\"https:\/\/www.sindmoveis.com.br\/es\/premio-salao-design-tem-inscricoes-ate-o-dia-02-de-outubro\/#primaryimage\"},\"image\":{\"@id\":\"https:\/\/www.sindmoveis.com.br\/es\/premio-salao-design-tem-inscricoes-ate-o-dia-02-de-outubro\/#primaryimage\"},\"thumbnailUrl\":\"https:\/\/www.sindmoveis.com.br\/es\/wp-content\/uploads\/2021\/05\/p1505161290.jpg\",\"datePublished\":\"2017-09-11T03:00:00+00:00\",\"dateModified\":\"2021-05-26T13:27:47+00:00\",\"author\":{\"@id\":\"https:\/\/www.sindmoveis.com.br\/es\/#\/schema\/person\/16d379542db1950a17fe188179340d57\"},\"inLanguage\":\"es\",\"potentialAction\":[{\"@type\":\"ReadAction\",\"target\":[\"https:\/\/www.sindmoveis.com.br\/es\/premio-salao-design-tem-inscricoes-ate-o-dia-02-de-outubro\/\"]}]},{\"@type\":\"ImageObject\",\"inLanguage\":\"es\",\"@id\":\"https:\/\/www.sindmoveis.com.br\/es\/premio-salao-design-tem-inscricoes-ate-o-dia-02-de-outubro\/#primaryimage\",\"url\":\"https:\/\/www.sindmoveis.com.br\/es\/wp-content\/uploads\/2021\/05\/p1505161290.jpg\",\"contentUrl\":\"https:\/\/www.sindmoveis.com.br\/es\/wp-content\/uploads\/2021\/05\/p1505161290.jpg\",\"width\":1575,\"height\":882},{\"@type\":\"WebSite\",\"@id\":\"https:\/\/www.sindmoveis.com.br\/es\/#website\",\"url\":\"https:\/\/www.sindmoveis.com.br\/es\/\",\"name\":\"Sindm\u00f3veis-RS\",\"description\":\"\",\"potentialAction\":[{\"@type\":\"SearchAction\",\"target\":{\"@type\":\"EntryPoint\",\"urlTemplate\":\"https:\/\/www.sindmoveis.com.br\/es\/?s={search_term_string}\"},\"query-input\":{\"@type\":\"PropertyValueSpecification\",\"valueRequired\":true,\"valueName\":\"search_term_string\"}}],\"inLanguage\":\"es\"},{\"@type\":\"Person\",\"@id\":\"https:\/\/www.sindmoveis.com.br\/es\/#\/schema\/person\/16d379542db1950a17fe188179340d57\",\"name\":\"Imprensa Sindm\u00f3veis\",\"image\":{\"@type\":\"ImageObject\",\"inLanguage\":\"es\",\"@id\":\"https:\/\/www.sindmoveis.com.br\/es\/#\/schema\/person\/image\/\",\"url\":\"https:\/\/secure.gravatar.com\/avatar\/4973e2e2c2a0cb5db30b0c7b770041b8e33d048a16b695a1f99c042449d4bfaf?s=96&d=mm&r=g\",\"contentUrl\":\"https:\/\/secure.gravatar.com\/avatar\/4973e2e2c2a0cb5db30b0c7b770041b8e33d048a16b695a1f99c042449d4bfaf?s=96&d=mm&r=g\",\"caption\":\"Imprensa Sindm\u00f3veis\"},\"url\":\"https:\/\/www.sindmoveis.com.br\/es\/author\/ana\/\"}]}<\/script>\n<!-- \/ Yoast SEO plugin. -->","yoast_head_json":{"title":"Premio Sal\u00e3o Design tiene inscripciones hasta el d\u00eda 02 de octubre - Sindm\u00f3veis-RS","robots":{"index":"index","follow":"follow","max-snippet":"max-snippet:-1","max-image-preview":"max-image-preview:large","max-video-preview":"max-video-preview:-1"},"canonical":"https:\/\/www.sindmoveis.com.br\/es\/premio-salao-design-tem-inscricoes-ate-o-dia-02-de-outubro\/","og_locale":"es_ES","og_type":"article","og_title":"Premio Sal\u00e3o Design tiene inscripciones hasta el d\u00eda 02 de octubre - Sindm\u00f3veis-RS","og_description":"Pueden concurrir proyectos de mobiliario y complementos de estudiantes, profesionales e industria\/comercio minorista","og_url":"https:\/\/www.sindmoveis.com.br\/es\/premio-salao-design-tem-inscricoes-ate-o-dia-02-de-outubro\/","og_site_name":"Sindm\u00f3veis-RS","article_published_time":"2017-09-11T03:00:00+00:00","article_modified_time":"2021-05-26T13:27:47+00:00","og_image":[{"width":1575,"height":882,"url":"https:\/\/www.sindmoveis.com.br\/es\/wp-content\/uploads\/2021\/05\/p1505161290.jpg","type":"image\/jpeg"}],"author":"Imprensa Sindm\u00f3veis","twitter_card":"summary_large_image","twitter_misc":{"Escrito por":"Imprensa Sindm\u00f3veis","Tiempo de lectura":"2 minutos"},"schema":{"@context":"https:\/\/schema.org","@graph":[{"@type":"Article","@id":"https:\/\/www.sindmoveis.com.br\/es\/premio-salao-design-tem-inscricoes-ate-o-dia-02-de-outubro\/#article","isPartOf":{"@id":"https:\/\/www.sindmoveis.com.br\/es\/premio-salao-design-tem-inscricoes-ate-o-dia-02-de-outubro\/"},"author":{"name":"Imprensa Sindm\u00f3veis","@id":"https:\/\/www.sindmoveis.com.br\/es\/#\/schema\/person\/16d379542db1950a17fe188179340d57"},"headline":"Premio Sal\u00e3o Design tiene inscripciones hasta el d\u00eda 02 de octubre","datePublished":"2017-09-11T03:00:00+00:00","dateModified":"2021-05-26T13:27:47+00:00","mainEntityOfPage":{"@id":"https:\/\/www.sindmoveis.com.br\/es\/premio-salao-design-tem-inscricoes-ate-o-dia-02-de-outubro\/"},"wordCount":312,"image":{"@id":"https:\/\/www.sindmoveis.com.br\/es\/premio-salao-design-tem-inscricoes-ate-o-dia-02-de-outubro\/#primaryimage"},"thumbnailUrl":"https:\/\/www.sindmoveis.com.br\/es\/wp-content\/uploads\/2021\/05\/p1505161290.jpg","articleSection":["Premio Sal\u00e3o Design","Sindm\u00f3veis"],"inLanguage":"es"},{"@type":"WebPage","@id":"https:\/\/www.sindmoveis.com.br\/es\/premio-salao-design-tem-inscricoes-ate-o-dia-02-de-outubro\/","url":"https:\/\/www.sindmoveis.com.br\/es\/premio-salao-design-tem-inscricoes-ate-o-dia-02-de-outubro\/","name":"Premio Sal\u00e3o Design tiene inscripciones hasta el d\u00eda 02 de octubre - Sindm\u00f3veis-RS","isPartOf":{"@id":"https:\/\/www.sindmoveis.com.br\/es\/#website"},"primaryImageOfPage":{"@id":"https:\/\/www.sindmoveis.com.br\/es\/premio-salao-design-tem-inscricoes-ate-o-dia-02-de-outubro\/#primaryimage"},"image":{"@id":"https:\/\/www.sindmoveis.com.br\/es\/premio-salao-design-tem-inscricoes-ate-o-dia-02-de-outubro\/#primaryimage"},"thumbnailUrl":"https:\/\/www.sindmoveis.com.br\/es\/wp-content\/uploads\/2021\/05\/p1505161290.jpg","datePublished":"2017-09-11T03:00:00+00:00","dateModified":"2021-05-26T13:27:47+00:00","author":{"@id":"https:\/\/www.sindmoveis.com.br\/es\/#\/schema\/person\/16d379542db1950a17fe188179340d57"},"inLanguage":"es","potentialAction":[{"@type":"ReadAction","target":["https:\/\/www.sindmoveis.com.br\/es\/premio-salao-design-tem-inscricoes-ate-o-dia-02-de-outubro\/"]}]},{"@type":"ImageObject","inLanguage":"es","@id":"https:\/\/www.sindmoveis.com.br\/es\/premio-salao-design-tem-inscricoes-ate-o-dia-02-de-outubro\/#primaryimage","url":"https:\/\/www.sindmoveis.com.br\/es\/wp-content\/uploads\/2021\/05\/p1505161290.jpg","contentUrl":"https:\/\/www.sindmoveis.com.br\/es\/wp-content\/uploads\/2021\/05\/p1505161290.jpg","width":1575,"height":882},{"@type":"WebSite","@id":"https:\/\/www.sindmoveis.com.br\/es\/#website","url":"https:\/\/www.sindmoveis.com.br\/es\/","name":"Sindm\u00f3veis-RS","description":"","potentialAction":[{"@type":"SearchAction","target":{"@type":"EntryPoint","urlTemplate":"https:\/\/www.sindmoveis.com.br\/es\/?s={search_term_string}"},"query-input":{"@type":"PropertyValueSpecification","valueRequired":true,"valueName":"search_term_string"}}],"inLanguage":"es"},{"@type":"Person","@id":"https:\/\/www.sindmoveis.com.br\/es\/#\/schema\/person\/16d379542db1950a17fe188179340d57","name":"Imprensa Sindm\u00f3veis","image":{"@type":"ImageObject","inLanguage":"es","@id":"https:\/\/www.sindmoveis.com.br\/es\/#\/schema\/person\/image\/","url":"https:\/\/secure.gravatar.com\/avatar\/4973e2e2c2a0cb5db30b0c7b770041b8e33d048a16b695a1f99c042449d4bfaf?s=96&d=mm&r=g","contentUrl":"https:\/\/secure.gravatar.com\/avatar\/4973e2e2c2a0cb5db30b0c7b770041b8e33d048a16b695a1f99c042449d4bfaf?s=96&d=mm&r=g","caption":"Imprensa Sindm\u00f3veis"},"url":"https:\/\/www.sindmoveis.com.br\/es\/author\/ana\/"}]}},"_links":{"self":[{"href":"https:\/\/www.sindmoveis.com.br\/es\/wp-json\/wp\/v2\/posts\/1319","targetHints":{"allow":["GET"]}}],"collection":[{"href":"https:\/\/www.sindmoveis.com.br\/es\/wp-json\/wp\/v2\/posts"}],"about":[{"href":"https:\/\/www.sindmoveis.com.br\/es\/wp-json\/wp\/v2\/types\/post"}],"author":[{"embeddable":true,"href":"https:\/\/www.sindmoveis.com.br\/es\/wp-json\/wp\/v2\/users\/5"}],"replies":[{"embeddable":true,"href":"https:\/\/www.sindmoveis.com.br\/es\/wp-json\/wp\/v2\/comments?post=1319"}],"version-history":[{"count":2,"href":"https:\/\/www.sindmoveis.com.br\/es\/wp-json\/wp\/v2\/posts\/1319\/revisions"}],"predecessor-version":[{"id":3643,"href":"https:\/\/www.sindmoveis.com.br\/es\/wp-json\/wp\/v2\/posts\/1319\/revisions\/3643"}],"wp:featuredmedia":[{"embeddable":true,"href":"https:\/\/www.sindmoveis.com.br\/es\/wp-json\/wp\/v2\/media\/3644"}],"wp:attachment":[{"href":"https:\/\/www.sindmoveis.com.br\/es\/wp-json\/wp\/v2\/media?parent=1319"}],"wp:term":[{"taxonomy":"category","embeddable":true,"href":"https:\/\/www.sindmoveis.com.br\/es\/wp-json\/wp\/v2\/categories?post=1319"},{"taxonomy":"post_tag","embeddable":true,"href":"https:\/\/www.sindmoveis.com.br\/es\/wp-json\/wp\/v2\/tags?post=1319"}],"curies":[{"name":"wp","href":"https:\/\/api.w.org\/{rel}","templated":true}]}}