{"id":1318,"date":"2017-09-15T00:00:00","date_gmt":"2017-09-15T03:00:00","guid":{"rendered":"http:\/\/sindmoveis.com.br\/imprensa\/noticias\/projeto-design-na-pele-lanca-colecoes-integradas-em-paris\/"},"modified":"2021-05-26T10:24:22","modified_gmt":"2021-05-26T13:24:22","slug":"projeto-design-na-pele-lanca-colecoes-integradas-em-paris","status":"publish","type":"post","link":"https:\/\/www.sindmoveis.com.br\/es\/projeto-design-na-pele-lanca-colecoes-integradas-em-paris\/","title":{"rendered":"Proyecto Dise\u00f1o en la Piel lanza colecciones integradas en Paris"},"content":{"rendered":"<p>&iexcl;Par&iacute;s tiene el dise&ntilde;o por todas partes en este mes! La participaci&oacute;n del cuero brasile&ntilde;o en la pr&oacute;xima edici&oacute;n de la feria Premi&egrave;re Vision, de 19 a 21 de septiembre, tendr&aacute; un componente adicional para presentar a compradores y estilistas todo el potencial creativo y de calidad de las curtiembres del pa&iacute;s. Es el proyecto Dise&ntilde;o en la Piel &ndash; con la colecci&oacute;n integral de calzados y muebles &ndash; que ser&aacute; expuesto como una muestra especial de destaque en la entrada del Hall 3 de la feria, en una compilaci&oacute;n in&eacute;dita que debe ser una de las principales atracciones de la Premi&egrave;re Vision de esta estaci&oacute;n.<\/p>\n<p>La participaci&oacute;n de Dise&ntilde;o en la Piel en la feria, bien como la de cinco curtiembres expositoras de esta edici&oacute;n, tiene el apoyo del proyecto para el incentivo a la internacionalizaci&oacute;n del cuero brasile&ntilde;o.<\/p>\n<p>Esta es la primera vez que las colecciones de calzados y muebles de la m&aacute;s reciente edici&oacute;n de Dise&ntilde;o en la Piel son exhibidos juntamente &ndash; antes, tuvieron lanzamientos distintos en Las Vegas (calzados) y en Nueva York (mobiliario). En esta edici&oacute;n, el proyecto Brazilian Leather (CICB + Apex-Brasil) tuvo el apoyo de Abical&ccedil;ados, por medio del proyecto Brazilian Footwear, y Sindm&oacute;veis, a trav&eacute;s del Proyecto Ra&iacute;z.<\/p>\n<p>&nbsp;&nbsp;<\/p>\n<p><strong>La colecci&oacute;n:<\/strong>&nbsp;<\/p>\n<p><strong>Nova Kaeru + JBS Couros + Sollos + Jader Almeida<\/strong><\/p>\n<p>Piezas: silla Mia (con piel del pez brasile&ntilde;o <em>pirarucu)<\/em>, silla Norma (cuero para tapizar&nbsp; <em>navy<\/em>) y poltrona Mad (cuero para tapizar <em>navy<\/em>). Todas las piezas utilizan madera maciza en su estructura.<\/p>\n<p><strong>Curtiembre Rusan + Moora + Latoog Design<\/strong><\/p>\n<p>Pieza: poltrona Tr&oacute;picos (estructura de madera maciza y asiento y respaldo de almohadones tapizados en gamuza).&nbsp;<\/p>\n<p><strong>Curtiembre Krumenauer &nbsp;+ BRV + Marta Manente<\/strong><\/p>\n<p>Piezas: columpio <em>Revoar<\/em> (multilaminado de madera curva, revestido con cuero), mesa de centro (en madera con detalles en cuero natural, hecho artesanalmente con cord&oacute;n trenzado hilo a hilo) y banco <em>Recanto<\/em> (multilaminado de madera curva, revestido con cuero).&nbsp;<\/p>\n<p><strong>Cueros Bom Retiro + Patr&iacute;cia Viera + Guilhermina Shoes<\/strong><\/p>\n<p>La colecci&oacute;n calzados femeninos. La asociaci&oacute;n de dos referencias en el segmento femenino (Patricia Viera para ropas en cuero y Guilhermina para calzados) dio origen a modelos marcados justamente por la feminidad. . Fluidez, pieles con bordados, recortes a laser, mosaicos y aplicaciones manuales dan el tono de la colecci&oacute;n<\/p>\n<p><strong>Cueros Bom Retiro + Curtume Moderno + Curtiembre Rusan + Ronaldo Fraga + Kildare<\/strong><\/p>\n<p>La colecci&oacute;n Kildare es una tradicional marca de calzados masculinos de Brasil, focalizada em el segmento casual masculino. La propuesta de Ronaldo Fraga en Dise&ntilde;o en la Piel fue traer nuevos colores y formatos a la colecci&oacute;n, haciendo una simbiosis del estilo cl&aacute;sico de la marca con una propuesta de la est&eacute;tica urbana del <em>skate<\/em>. Cueros maleables y con aspecto similar al de lonas fueron usados para lograr el resultado innovador que ser&aacute; visto en la Platform.<\/p>\n","protected":false},"excerpt":{"rendered":"<p>Sindm\u00f3veis apoya la participaci\u00f3n de dise\u00f1adores brasile\u00f1os por medio del Proyecto Ra\u00edz de fomento a las exportaciones<\/p>\n","protected":false},"author":5,"featured_media":3642,"comment_status":"closed","ping_status":"open","sticky":false,"template":"","format":"standard","meta":{"footnotes":"","_links_to":"","_links_to_target":""},"categories":[2],"tags":[],"class_list":["post-1318","post","type-post","status-publish","format-standard","has-post-thumbnail","hentry","category-sindmoveis"],"yoast_head":"<!-- This site is optimized with the Yoast SEO plugin v27.0 - https:\/\/yoast.com\/product\/yoast-seo-wordpress\/ -->\n<title>Proyecto Dise\u00f1o en la Piel lanza colecciones integradas en Paris - Sindm\u00f3veis-RS<\/title>\n<meta name=\"robots\" content=\"index, follow, max-snippet:-1, max-image-preview:large, max-video-preview:-1\" \/>\n<link rel=\"canonical\" href=\"https:\/\/www.sindmoveis.com.br\/es\/projeto-design-na-pele-lanca-colecoes-integradas-em-paris\/\" \/>\n<meta property=\"og:locale\" content=\"es_ES\" \/>\n<meta property=\"og:type\" content=\"article\" \/>\n<meta property=\"og:title\" content=\"Proyecto Dise\u00f1o en la Piel lanza colecciones integradas en Paris - Sindm\u00f3veis-RS\" \/>\n<meta property=\"og:description\" content=\"Sindm\u00f3veis apoya la participaci\u00f3n de dise\u00f1adores brasile\u00f1os por medio del Proyecto Ra\u00edz de fomento a las exportaciones\" \/>\n<meta property=\"og:url\" content=\"https:\/\/www.sindmoveis.com.br\/es\/projeto-design-na-pele-lanca-colecoes-integradas-em-paris\/\" \/>\n<meta property=\"og:site_name\" content=\"Sindm\u00f3veis-RS\" \/>\n<meta property=\"article:published_time\" content=\"2017-09-15T03:00:00+00:00\" \/>\n<meta property=\"article:modified_time\" content=\"2021-05-26T13:24:22+00:00\" \/>\n<meta property=\"og:image\" content=\"https:\/\/www.sindmoveis.com.br\/es\/wp-content\/uploads\/2021\/05\/p1505158463.jpg\" \/>\n\t<meta property=\"og:image:width\" content=\"2176\" \/>\n\t<meta property=\"og:image:height\" content=\"1496\" \/>\n\t<meta property=\"og:image:type\" content=\"image\/jpeg\" \/>\n<meta name=\"author\" content=\"Imprensa Sindm\u00f3veis\" \/>\n<meta name=\"twitter:card\" content=\"summary_large_image\" \/>\n<meta name=\"twitter:label1\" content=\"Escrito por\" \/>\n\t<meta name=\"twitter:data1\" content=\"Imprensa Sindm\u00f3veis\" \/>\n\t<meta name=\"twitter:label2\" content=\"Tiempo de lectura\" \/>\n\t<meta name=\"twitter:data2\" content=\"3 minutos\" \/>\n<script type=\"application\/ld+json\" class=\"yoast-schema-graph\">{\"@context\":\"https:\/\/schema.org\",\"@graph\":[{\"@type\":\"Article\",\"@id\":\"https:\/\/www.sindmoveis.com.br\/es\/projeto-design-na-pele-lanca-colecoes-integradas-em-paris\/#article\",\"isPartOf\":{\"@id\":\"https:\/\/www.sindmoveis.com.br\/es\/projeto-design-na-pele-lanca-colecoes-integradas-em-paris\/\"},\"author\":{\"name\":\"Imprensa Sindm\u00f3veis\",\"@id\":\"https:\/\/www.sindmoveis.com.br\/es\/#\/schema\/person\/16d379542db1950a17fe188179340d57\"},\"headline\":\"Proyecto Dise\u00f1o en la Piel lanza colecciones integradas en Paris\",\"datePublished\":\"2017-09-15T03:00:00+00:00\",\"dateModified\":\"2021-05-26T13:24:22+00:00\",\"mainEntityOfPage\":{\"@id\":\"https:\/\/www.sindmoveis.com.br\/es\/projeto-design-na-pele-lanca-colecoes-integradas-em-paris\/\"},\"wordCount\":552,\"image\":{\"@id\":\"https:\/\/www.sindmoveis.com.br\/es\/projeto-design-na-pele-lanca-colecoes-integradas-em-paris\/#primaryimage\"},\"thumbnailUrl\":\"https:\/\/www.sindmoveis.com.br\/es\/wp-content\/uploads\/2021\/05\/p1505158463.jpg\",\"articleSection\":[\"Sindm\u00f3veis\"],\"inLanguage\":\"es\"},{\"@type\":\"WebPage\",\"@id\":\"https:\/\/www.sindmoveis.com.br\/es\/projeto-design-na-pele-lanca-colecoes-integradas-em-paris\/\",\"url\":\"https:\/\/www.sindmoveis.com.br\/es\/projeto-design-na-pele-lanca-colecoes-integradas-em-paris\/\",\"name\":\"Proyecto Dise\u00f1o en la Piel lanza colecciones integradas en Paris - Sindm\u00f3veis-RS\",\"isPartOf\":{\"@id\":\"https:\/\/www.sindmoveis.com.br\/es\/#website\"},\"primaryImageOfPage\":{\"@id\":\"https:\/\/www.sindmoveis.com.br\/es\/projeto-design-na-pele-lanca-colecoes-integradas-em-paris\/#primaryimage\"},\"image\":{\"@id\":\"https:\/\/www.sindmoveis.com.br\/es\/projeto-design-na-pele-lanca-colecoes-integradas-em-paris\/#primaryimage\"},\"thumbnailUrl\":\"https:\/\/www.sindmoveis.com.br\/es\/wp-content\/uploads\/2021\/05\/p1505158463.jpg\",\"datePublished\":\"2017-09-15T03:00:00+00:00\",\"dateModified\":\"2021-05-26T13:24:22+00:00\",\"author\":{\"@id\":\"https:\/\/www.sindmoveis.com.br\/es\/#\/schema\/person\/16d379542db1950a17fe188179340d57\"},\"inLanguage\":\"es\",\"potentialAction\":[{\"@type\":\"ReadAction\",\"target\":[\"https:\/\/www.sindmoveis.com.br\/es\/projeto-design-na-pele-lanca-colecoes-integradas-em-paris\/\"]}]},{\"@type\":\"ImageObject\",\"inLanguage\":\"es\",\"@id\":\"https:\/\/www.sindmoveis.com.br\/es\/projeto-design-na-pele-lanca-colecoes-integradas-em-paris\/#primaryimage\",\"url\":\"https:\/\/www.sindmoveis.com.br\/es\/wp-content\/uploads\/2021\/05\/p1505158463.jpg\",\"contentUrl\":\"https:\/\/www.sindmoveis.com.br\/es\/wp-content\/uploads\/2021\/05\/p1505158463.jpg\",\"width\":2176,\"height\":1496},{\"@type\":\"WebSite\",\"@id\":\"https:\/\/www.sindmoveis.com.br\/es\/#website\",\"url\":\"https:\/\/www.sindmoveis.com.br\/es\/\",\"name\":\"Sindm\u00f3veis-RS\",\"description\":\"\",\"potentialAction\":[{\"@type\":\"SearchAction\",\"target\":{\"@type\":\"EntryPoint\",\"urlTemplate\":\"https:\/\/www.sindmoveis.com.br\/es\/?s={search_term_string}\"},\"query-input\":{\"@type\":\"PropertyValueSpecification\",\"valueRequired\":true,\"valueName\":\"search_term_string\"}}],\"inLanguage\":\"es\"},{\"@type\":\"Person\",\"@id\":\"https:\/\/www.sindmoveis.com.br\/es\/#\/schema\/person\/16d379542db1950a17fe188179340d57\",\"name\":\"Imprensa Sindm\u00f3veis\",\"image\":{\"@type\":\"ImageObject\",\"inLanguage\":\"es\",\"@id\":\"https:\/\/www.sindmoveis.com.br\/es\/#\/schema\/person\/image\/\",\"url\":\"https:\/\/secure.gravatar.com\/avatar\/4973e2e2c2a0cb5db30b0c7b770041b8e33d048a16b695a1f99c042449d4bfaf?s=96&d=mm&r=g\",\"contentUrl\":\"https:\/\/secure.gravatar.com\/avatar\/4973e2e2c2a0cb5db30b0c7b770041b8e33d048a16b695a1f99c042449d4bfaf?s=96&d=mm&r=g\",\"caption\":\"Imprensa Sindm\u00f3veis\"},\"url\":\"https:\/\/www.sindmoveis.com.br\/es\/author\/ana\/\"}]}<\/script>\n<!-- \/ Yoast SEO plugin. -->","yoast_head_json":{"title":"Proyecto Dise\u00f1o en la Piel lanza colecciones integradas en Paris - Sindm\u00f3veis-RS","robots":{"index":"index","follow":"follow","max-snippet":"max-snippet:-1","max-image-preview":"max-image-preview:large","max-video-preview":"max-video-preview:-1"},"canonical":"https:\/\/www.sindmoveis.com.br\/es\/projeto-design-na-pele-lanca-colecoes-integradas-em-paris\/","og_locale":"es_ES","og_type":"article","og_title":"Proyecto Dise\u00f1o en la Piel lanza colecciones integradas en Paris - Sindm\u00f3veis-RS","og_description":"Sindm\u00f3veis apoya la participaci\u00f3n de dise\u00f1adores brasile\u00f1os por medio del Proyecto Ra\u00edz de fomento a las exportaciones","og_url":"https:\/\/www.sindmoveis.com.br\/es\/projeto-design-na-pele-lanca-colecoes-integradas-em-paris\/","og_site_name":"Sindm\u00f3veis-RS","article_published_time":"2017-09-15T03:00:00+00:00","article_modified_time":"2021-05-26T13:24:22+00:00","og_image":[{"width":2176,"height":1496,"url":"https:\/\/www.sindmoveis.com.br\/es\/wp-content\/uploads\/2021\/05\/p1505158463.jpg","type":"image\/jpeg"}],"author":"Imprensa Sindm\u00f3veis","twitter_card":"summary_large_image","twitter_misc":{"Escrito por":"Imprensa Sindm\u00f3veis","Tiempo de lectura":"3 minutos"},"schema":{"@context":"https:\/\/schema.org","@graph":[{"@type":"Article","@id":"https:\/\/www.sindmoveis.com.br\/es\/projeto-design-na-pele-lanca-colecoes-integradas-em-paris\/#article","isPartOf":{"@id":"https:\/\/www.sindmoveis.com.br\/es\/projeto-design-na-pele-lanca-colecoes-integradas-em-paris\/"},"author":{"name":"Imprensa Sindm\u00f3veis","@id":"https:\/\/www.sindmoveis.com.br\/es\/#\/schema\/person\/16d379542db1950a17fe188179340d57"},"headline":"Proyecto Dise\u00f1o en la Piel lanza colecciones integradas en Paris","datePublished":"2017-09-15T03:00:00+00:00","dateModified":"2021-05-26T13:24:22+00:00","mainEntityOfPage":{"@id":"https:\/\/www.sindmoveis.com.br\/es\/projeto-design-na-pele-lanca-colecoes-integradas-em-paris\/"},"wordCount":552,"image":{"@id":"https:\/\/www.sindmoveis.com.br\/es\/projeto-design-na-pele-lanca-colecoes-integradas-em-paris\/#primaryimage"},"thumbnailUrl":"https:\/\/www.sindmoveis.com.br\/es\/wp-content\/uploads\/2021\/05\/p1505158463.jpg","articleSection":["Sindm\u00f3veis"],"inLanguage":"es"},{"@type":"WebPage","@id":"https:\/\/www.sindmoveis.com.br\/es\/projeto-design-na-pele-lanca-colecoes-integradas-em-paris\/","url":"https:\/\/www.sindmoveis.com.br\/es\/projeto-design-na-pele-lanca-colecoes-integradas-em-paris\/","name":"Proyecto Dise\u00f1o en la Piel lanza colecciones integradas en Paris - Sindm\u00f3veis-RS","isPartOf":{"@id":"https:\/\/www.sindmoveis.com.br\/es\/#website"},"primaryImageOfPage":{"@id":"https:\/\/www.sindmoveis.com.br\/es\/projeto-design-na-pele-lanca-colecoes-integradas-em-paris\/#primaryimage"},"image":{"@id":"https:\/\/www.sindmoveis.com.br\/es\/projeto-design-na-pele-lanca-colecoes-integradas-em-paris\/#primaryimage"},"thumbnailUrl":"https:\/\/www.sindmoveis.com.br\/es\/wp-content\/uploads\/2021\/05\/p1505158463.jpg","datePublished":"2017-09-15T03:00:00+00:00","dateModified":"2021-05-26T13:24:22+00:00","author":{"@id":"https:\/\/www.sindmoveis.com.br\/es\/#\/schema\/person\/16d379542db1950a17fe188179340d57"},"inLanguage":"es","potentialAction":[{"@type":"ReadAction","target":["https:\/\/www.sindmoveis.com.br\/es\/projeto-design-na-pele-lanca-colecoes-integradas-em-paris\/"]}]},{"@type":"ImageObject","inLanguage":"es","@id":"https:\/\/www.sindmoveis.com.br\/es\/projeto-design-na-pele-lanca-colecoes-integradas-em-paris\/#primaryimage","url":"https:\/\/www.sindmoveis.com.br\/es\/wp-content\/uploads\/2021\/05\/p1505158463.jpg","contentUrl":"https:\/\/www.sindmoveis.com.br\/es\/wp-content\/uploads\/2021\/05\/p1505158463.jpg","width":2176,"height":1496},{"@type":"WebSite","@id":"https:\/\/www.sindmoveis.com.br\/es\/#website","url":"https:\/\/www.sindmoveis.com.br\/es\/","name":"Sindm\u00f3veis-RS","description":"","potentialAction":[{"@type":"SearchAction","target":{"@type":"EntryPoint","urlTemplate":"https:\/\/www.sindmoveis.com.br\/es\/?s={search_term_string}"},"query-input":{"@type":"PropertyValueSpecification","valueRequired":true,"valueName":"search_term_string"}}],"inLanguage":"es"},{"@type":"Person","@id":"https:\/\/www.sindmoveis.com.br\/es\/#\/schema\/person\/16d379542db1950a17fe188179340d57","name":"Imprensa Sindm\u00f3veis","image":{"@type":"ImageObject","inLanguage":"es","@id":"https:\/\/www.sindmoveis.com.br\/es\/#\/schema\/person\/image\/","url":"https:\/\/secure.gravatar.com\/avatar\/4973e2e2c2a0cb5db30b0c7b770041b8e33d048a16b695a1f99c042449d4bfaf?s=96&d=mm&r=g","contentUrl":"https:\/\/secure.gravatar.com\/avatar\/4973e2e2c2a0cb5db30b0c7b770041b8e33d048a16b695a1f99c042449d4bfaf?s=96&d=mm&r=g","caption":"Imprensa Sindm\u00f3veis"},"url":"https:\/\/www.sindmoveis.com.br\/es\/author\/ana\/"}]}},"_links":{"self":[{"href":"https:\/\/www.sindmoveis.com.br\/es\/wp-json\/wp\/v2\/posts\/1318","targetHints":{"allow":["GET"]}}],"collection":[{"href":"https:\/\/www.sindmoveis.com.br\/es\/wp-json\/wp\/v2\/posts"}],"about":[{"href":"https:\/\/www.sindmoveis.com.br\/es\/wp-json\/wp\/v2\/types\/post"}],"author":[{"embeddable":true,"href":"https:\/\/www.sindmoveis.com.br\/es\/wp-json\/wp\/v2\/users\/5"}],"replies":[{"embeddable":true,"href":"https:\/\/www.sindmoveis.com.br\/es\/wp-json\/wp\/v2\/comments?post=1318"}],"version-history":[{"count":2,"href":"https:\/\/www.sindmoveis.com.br\/es\/wp-json\/wp\/v2\/posts\/1318\/revisions"}],"predecessor-version":[{"id":3641,"href":"https:\/\/www.sindmoveis.com.br\/es\/wp-json\/wp\/v2\/posts\/1318\/revisions\/3641"}],"wp:featuredmedia":[{"embeddable":true,"href":"https:\/\/www.sindmoveis.com.br\/es\/wp-json\/wp\/v2\/media\/3642"}],"wp:attachment":[{"href":"https:\/\/www.sindmoveis.com.br\/es\/wp-json\/wp\/v2\/media?parent=1318"}],"wp:term":[{"taxonomy":"category","embeddable":true,"href":"https:\/\/www.sindmoveis.com.br\/es\/wp-json\/wp\/v2\/categories?post=1318"},{"taxonomy":"post_tag","embeddable":true,"href":"https:\/\/www.sindmoveis.com.br\/es\/wp-json\/wp\/v2\/tags?post=1318"}],"curies":[{"name":"wp","href":"https:\/\/api.w.org\/{rel}","templated":true}]}}