{"id":1316,"date":"2017-09-01T00:00:00","date_gmt":"2017-09-01T03:00:00","guid":{"rendered":"http:\/\/sindmoveis.com.br\/imprensa\/noticias\/premio-salao-design-tem-mais-um-mes-de-inscricoes\/"},"modified":"2021-05-26T10:27:47","modified_gmt":"2021-05-26T13:27:47","slug":"premio-salao-design-tem-mais-um-mes-de-inscricoes","status":"publish","type":"post","link":"https:\/\/www.sindmoveis.com.br\/es\/premio-salao-design-tem-mais-um-mes-de-inscricoes\/","title":{"rendered":"Premio Sal\u00e3o Design tiene m\u00e1s un mes de inscripciones"},"content":{"rendered":"<p>Con m&aacute;s premios en dinero y dos muestras de productos en el pr&oacute;ximo a&ntilde;o, el Premio Sal&atilde;o Design, promovido por Sindm&oacute;veis Bento Gon&ccedil;alves, entra en su &uacute;ltimo mes de inscripciones. Estudiantes, profesionales del dise&ntilde;o y arquitectura, industrias de muebles y el comercio minorista del segmento pueden inscribir sus productos firmados hasta el d&iacute;a 02 de octubre, exclusivamente por el sitio web <a href=\"http:\/\/www.salaodesign.com.br\/\">www.salaodesign.com.br<\/a><\/p>\n<p>La organizaci&oacute;n alerta que es fundamental la lectura detallada del reglamento, evitando la identificaci&oacute;n de los proyectos y otras situaciones que puedan causar la eliminaci&oacute;n antes de la evaluaci&oacute;n de los jurados. En 2018, el Premio Sal&atilde;o Design conmemora los 30 a&ntilde;os de realizaci&oacute;n. Hasta la &uacute;ltima edici&oacute;n, ya han sido 13.584 proyectos inscritos.<\/p>\n<p>&nbsp;<\/p>\n<p><strong>&iexcl;Atenci&oacute;n a los cambios en el premio!<\/strong><\/p>\n<p>Para la pr&oacute;xima edici&oacute;n, est&aacute;n suprimidas las tradicionales categor&iacute;as en que los concurrentes se inscrib&iacute;an. Ahora, cada modalidad (Estudiante, Profesional e Industria\/ Ventas al por menor) tendr&aacute; primero, segundo y tercer lugar. Ser&aacute;n concedidos, tambi&eacute;n, tres s&uacute;per premios para los mejores productos de la edici&oacute;n. Permanece siendo concedido el trofeo Profesor Orientador y tambi&eacute;n el Premio Maderas Alternativas, este &uacute;ltimo en asociaci&oacute;n con el Servicio Forestal Brasile&ntilde;o.<\/p>\n<p>La escogencia de los premiados ser&aacute; hecha en dos etapas por una comisi&oacute;n juzgadora que ser&aacute; divulgada hasta el &uacute;ltimo d&iacute;a de inscripciones. En un primer momento, los concurrentes inscriben proyectos gr&aacute;ficos para evaluaci&oacute;n de los jurados, quienes determinan un conjunto de finalistas. Estos finalistas deben enviar sus piezas en tama&ntilde;o real para el juicio final y anuncio de los vencedores.<\/p>\n<p>Con patrocinio de Berneck e Interprint, el Premio Sal&atilde;o Design 2018 tendr&aacute; dos muestras de productos: de 12 a 15 marco, durante la feria Movelsul Brasil (donde tambi&eacute;n ocurrir&aacute; la ceremonia de premiaci&oacute;n), y de 28 a 30 agosto del pr&oacute;ximo a&ntilde;o, en High Design &#8211; Home &amp; Office Expo.<\/p>\n<p>&nbsp;<\/p>\n<p>Para m&aacute;s informaciones, inscripciones y download del reglamento, acceda a:<\/p>\n<p><a href=\"http:\/\/www.salaodesign.com.br\/\">www.salaodesign.com.br<\/a><\/p>\n<p><a href=\"http:\/\/www.facebook.com\/premiosalaodesign\">www.facebook.com\/premiosalaodesign<\/a><\/p>\n<p><a href=\"http:\/\/www.instagram.com\/premiosalaodesign\">www.instagram.com\/premiosalaodesign<\/a><\/p>\n<p>&nbsp;<\/p>\n","protected":false},"excerpt":{"rendered":"<p>Proyectos de mobiliario, iluminaci\u00f3n y accesorios dom\u00e9sticos pueden ser inscritos por estudiantes, profesionales e industria\/ventas al por menor hasta el d\u00eda 02 de octubre<\/p>\n","protected":false},"author":5,"featured_media":3640,"comment_status":"closed","ping_status":"open","sticky":false,"template":"","format":"standard","meta":{"footnotes":"","_links_to":"","_links_to_target":""},"categories":[21,2],"tags":[],"class_list":["post-1316","post","type-post","status-publish","format-standard","has-post-thumbnail","hentry","category-premio-salao-design","category-sindmoveis"],"yoast_head":"<!-- This site is optimized with the Yoast SEO plugin v27.0 - https:\/\/yoast.com\/product\/yoast-seo-wordpress\/ -->\n<title>Premio Sal\u00e3o Design tiene m\u00e1s un mes de inscripciones - Sindm\u00f3veis-RS<\/title>\n<meta name=\"robots\" content=\"index, follow, max-snippet:-1, max-image-preview:large, max-video-preview:-1\" \/>\n<link rel=\"canonical\" href=\"https:\/\/www.sindmoveis.com.br\/es\/premio-salao-design-tem-mais-um-mes-de-inscricoes\/\" \/>\n<meta property=\"og:locale\" content=\"es_ES\" \/>\n<meta property=\"og:type\" content=\"article\" \/>\n<meta property=\"og:title\" content=\"Premio Sal\u00e3o Design tiene m\u00e1s un mes de inscripciones - Sindm\u00f3veis-RS\" \/>\n<meta property=\"og:description\" content=\"Proyectos de mobiliario, iluminaci\u00f3n y accesorios dom\u00e9sticos pueden ser inscritos por estudiantes, profesionales e industria\/ventas al por menor hasta el d\u00eda 02 de octubre\" \/>\n<meta property=\"og:url\" content=\"https:\/\/www.sindmoveis.com.br\/es\/premio-salao-design-tem-mais-um-mes-de-inscricoes\/\" \/>\n<meta property=\"og:site_name\" content=\"Sindm\u00f3veis-RS\" \/>\n<meta property=\"article:published_time\" content=\"2017-09-01T03:00:00+00:00\" \/>\n<meta property=\"article:modified_time\" content=\"2021-05-26T13:27:47+00:00\" \/>\n<meta property=\"og:image\" content=\"https:\/\/www.sindmoveis.com.br\/es\/wp-content\/uploads\/2021\/05\/p1504286471.jpg\" \/>\n\t<meta property=\"og:image:width\" content=\"945\" \/>\n\t<meta property=\"og:image:height\" content=\"591\" \/>\n\t<meta property=\"og:image:type\" content=\"image\/jpeg\" \/>\n<meta name=\"author\" content=\"Imprensa Sindm\u00f3veis\" \/>\n<meta name=\"twitter:card\" content=\"summary_large_image\" \/>\n<meta name=\"twitter:label1\" content=\"Escrito por\" \/>\n\t<meta name=\"twitter:data1\" content=\"Imprensa Sindm\u00f3veis\" \/>\n\t<meta name=\"twitter:label2\" content=\"Tiempo de lectura\" \/>\n\t<meta name=\"twitter:data2\" content=\"2 minutos\" \/>\n<script type=\"application\/ld+json\" class=\"yoast-schema-graph\">{\"@context\":\"https:\/\/schema.org\",\"@graph\":[{\"@type\":\"Article\",\"@id\":\"https:\/\/www.sindmoveis.com.br\/es\/premio-salao-design-tem-mais-um-mes-de-inscricoes\/#article\",\"isPartOf\":{\"@id\":\"https:\/\/www.sindmoveis.com.br\/es\/premio-salao-design-tem-mais-um-mes-de-inscricoes\/\"},\"author\":{\"name\":\"Imprensa Sindm\u00f3veis\",\"@id\":\"https:\/\/www.sindmoveis.com.br\/es\/#\/schema\/person\/16d379542db1950a17fe188179340d57\"},\"headline\":\"Premio Sal\u00e3o Design tiene m\u00e1s un mes de inscripciones\",\"datePublished\":\"2017-09-01T03:00:00+00:00\",\"dateModified\":\"2021-05-26T13:27:47+00:00\",\"mainEntityOfPage\":{\"@id\":\"https:\/\/www.sindmoveis.com.br\/es\/premio-salao-design-tem-mais-um-mes-de-inscricoes\/\"},\"wordCount\":421,\"image\":{\"@id\":\"https:\/\/www.sindmoveis.com.br\/es\/premio-salao-design-tem-mais-um-mes-de-inscricoes\/#primaryimage\"},\"thumbnailUrl\":\"https:\/\/www.sindmoveis.com.br\/es\/wp-content\/uploads\/2021\/05\/p1504286471.jpg\",\"articleSection\":[\"Premio Sal\u00e3o Design\",\"Sindm\u00f3veis\"],\"inLanguage\":\"es\"},{\"@type\":\"WebPage\",\"@id\":\"https:\/\/www.sindmoveis.com.br\/es\/premio-salao-design-tem-mais-um-mes-de-inscricoes\/\",\"url\":\"https:\/\/www.sindmoveis.com.br\/es\/premio-salao-design-tem-mais-um-mes-de-inscricoes\/\",\"name\":\"Premio Sal\u00e3o Design tiene m\u00e1s un mes de inscripciones - Sindm\u00f3veis-RS\",\"isPartOf\":{\"@id\":\"https:\/\/www.sindmoveis.com.br\/es\/#website\"},\"primaryImageOfPage\":{\"@id\":\"https:\/\/www.sindmoveis.com.br\/es\/premio-salao-design-tem-mais-um-mes-de-inscricoes\/#primaryimage\"},\"image\":{\"@id\":\"https:\/\/www.sindmoveis.com.br\/es\/premio-salao-design-tem-mais-um-mes-de-inscricoes\/#primaryimage\"},\"thumbnailUrl\":\"https:\/\/www.sindmoveis.com.br\/es\/wp-content\/uploads\/2021\/05\/p1504286471.jpg\",\"datePublished\":\"2017-09-01T03:00:00+00:00\",\"dateModified\":\"2021-05-26T13:27:47+00:00\",\"author\":{\"@id\":\"https:\/\/www.sindmoveis.com.br\/es\/#\/schema\/person\/16d379542db1950a17fe188179340d57\"},\"inLanguage\":\"es\",\"potentialAction\":[{\"@type\":\"ReadAction\",\"target\":[\"https:\/\/www.sindmoveis.com.br\/es\/premio-salao-design-tem-mais-um-mes-de-inscricoes\/\"]}]},{\"@type\":\"ImageObject\",\"inLanguage\":\"es\",\"@id\":\"https:\/\/www.sindmoveis.com.br\/es\/premio-salao-design-tem-mais-um-mes-de-inscricoes\/#primaryimage\",\"url\":\"https:\/\/www.sindmoveis.com.br\/es\/wp-content\/uploads\/2021\/05\/p1504286471.jpg\",\"contentUrl\":\"https:\/\/www.sindmoveis.com.br\/es\/wp-content\/uploads\/2021\/05\/p1504286471.jpg\",\"width\":945,\"height\":591},{\"@type\":\"WebSite\",\"@id\":\"https:\/\/www.sindmoveis.com.br\/es\/#website\",\"url\":\"https:\/\/www.sindmoveis.com.br\/es\/\",\"name\":\"Sindm\u00f3veis-RS\",\"description\":\"\",\"potentialAction\":[{\"@type\":\"SearchAction\",\"target\":{\"@type\":\"EntryPoint\",\"urlTemplate\":\"https:\/\/www.sindmoveis.com.br\/es\/?s={search_term_string}\"},\"query-input\":{\"@type\":\"PropertyValueSpecification\",\"valueRequired\":true,\"valueName\":\"search_term_string\"}}],\"inLanguage\":\"es\"},{\"@type\":\"Person\",\"@id\":\"https:\/\/www.sindmoveis.com.br\/es\/#\/schema\/person\/16d379542db1950a17fe188179340d57\",\"name\":\"Imprensa Sindm\u00f3veis\",\"image\":{\"@type\":\"ImageObject\",\"inLanguage\":\"es\",\"@id\":\"https:\/\/www.sindmoveis.com.br\/es\/#\/schema\/person\/image\/\",\"url\":\"https:\/\/secure.gravatar.com\/avatar\/4973e2e2c2a0cb5db30b0c7b770041b8e33d048a16b695a1f99c042449d4bfaf?s=96&d=mm&r=g\",\"contentUrl\":\"https:\/\/secure.gravatar.com\/avatar\/4973e2e2c2a0cb5db30b0c7b770041b8e33d048a16b695a1f99c042449d4bfaf?s=96&d=mm&r=g\",\"caption\":\"Imprensa Sindm\u00f3veis\"},\"url\":\"https:\/\/www.sindmoveis.com.br\/es\/author\/ana\/\"}]}<\/script>\n<!-- \/ Yoast SEO plugin. -->","yoast_head_json":{"title":"Premio Sal\u00e3o Design tiene m\u00e1s un mes de inscripciones - Sindm\u00f3veis-RS","robots":{"index":"index","follow":"follow","max-snippet":"max-snippet:-1","max-image-preview":"max-image-preview:large","max-video-preview":"max-video-preview:-1"},"canonical":"https:\/\/www.sindmoveis.com.br\/es\/premio-salao-design-tem-mais-um-mes-de-inscricoes\/","og_locale":"es_ES","og_type":"article","og_title":"Premio Sal\u00e3o Design tiene m\u00e1s un mes de inscripciones - Sindm\u00f3veis-RS","og_description":"Proyectos de mobiliario, iluminaci\u00f3n y accesorios dom\u00e9sticos pueden ser inscritos por estudiantes, profesionales e industria\/ventas al por menor hasta el d\u00eda 02 de octubre","og_url":"https:\/\/www.sindmoveis.com.br\/es\/premio-salao-design-tem-mais-um-mes-de-inscricoes\/","og_site_name":"Sindm\u00f3veis-RS","article_published_time":"2017-09-01T03:00:00+00:00","article_modified_time":"2021-05-26T13:27:47+00:00","og_image":[{"width":945,"height":591,"url":"https:\/\/www.sindmoveis.com.br\/es\/wp-content\/uploads\/2021\/05\/p1504286471.jpg","type":"image\/jpeg"}],"author":"Imprensa Sindm\u00f3veis","twitter_card":"summary_large_image","twitter_misc":{"Escrito por":"Imprensa Sindm\u00f3veis","Tiempo de lectura":"2 minutos"},"schema":{"@context":"https:\/\/schema.org","@graph":[{"@type":"Article","@id":"https:\/\/www.sindmoveis.com.br\/es\/premio-salao-design-tem-mais-um-mes-de-inscricoes\/#article","isPartOf":{"@id":"https:\/\/www.sindmoveis.com.br\/es\/premio-salao-design-tem-mais-um-mes-de-inscricoes\/"},"author":{"name":"Imprensa Sindm\u00f3veis","@id":"https:\/\/www.sindmoveis.com.br\/es\/#\/schema\/person\/16d379542db1950a17fe188179340d57"},"headline":"Premio Sal\u00e3o Design tiene m\u00e1s un mes de inscripciones","datePublished":"2017-09-01T03:00:00+00:00","dateModified":"2021-05-26T13:27:47+00:00","mainEntityOfPage":{"@id":"https:\/\/www.sindmoveis.com.br\/es\/premio-salao-design-tem-mais-um-mes-de-inscricoes\/"},"wordCount":421,"image":{"@id":"https:\/\/www.sindmoveis.com.br\/es\/premio-salao-design-tem-mais-um-mes-de-inscricoes\/#primaryimage"},"thumbnailUrl":"https:\/\/www.sindmoveis.com.br\/es\/wp-content\/uploads\/2021\/05\/p1504286471.jpg","articleSection":["Premio Sal\u00e3o Design","Sindm\u00f3veis"],"inLanguage":"es"},{"@type":"WebPage","@id":"https:\/\/www.sindmoveis.com.br\/es\/premio-salao-design-tem-mais-um-mes-de-inscricoes\/","url":"https:\/\/www.sindmoveis.com.br\/es\/premio-salao-design-tem-mais-um-mes-de-inscricoes\/","name":"Premio Sal\u00e3o Design tiene m\u00e1s un mes de inscripciones - Sindm\u00f3veis-RS","isPartOf":{"@id":"https:\/\/www.sindmoveis.com.br\/es\/#website"},"primaryImageOfPage":{"@id":"https:\/\/www.sindmoveis.com.br\/es\/premio-salao-design-tem-mais-um-mes-de-inscricoes\/#primaryimage"},"image":{"@id":"https:\/\/www.sindmoveis.com.br\/es\/premio-salao-design-tem-mais-um-mes-de-inscricoes\/#primaryimage"},"thumbnailUrl":"https:\/\/www.sindmoveis.com.br\/es\/wp-content\/uploads\/2021\/05\/p1504286471.jpg","datePublished":"2017-09-01T03:00:00+00:00","dateModified":"2021-05-26T13:27:47+00:00","author":{"@id":"https:\/\/www.sindmoveis.com.br\/es\/#\/schema\/person\/16d379542db1950a17fe188179340d57"},"inLanguage":"es","potentialAction":[{"@type":"ReadAction","target":["https:\/\/www.sindmoveis.com.br\/es\/premio-salao-design-tem-mais-um-mes-de-inscricoes\/"]}]},{"@type":"ImageObject","inLanguage":"es","@id":"https:\/\/www.sindmoveis.com.br\/es\/premio-salao-design-tem-mais-um-mes-de-inscricoes\/#primaryimage","url":"https:\/\/www.sindmoveis.com.br\/es\/wp-content\/uploads\/2021\/05\/p1504286471.jpg","contentUrl":"https:\/\/www.sindmoveis.com.br\/es\/wp-content\/uploads\/2021\/05\/p1504286471.jpg","width":945,"height":591},{"@type":"WebSite","@id":"https:\/\/www.sindmoveis.com.br\/es\/#website","url":"https:\/\/www.sindmoveis.com.br\/es\/","name":"Sindm\u00f3veis-RS","description":"","potentialAction":[{"@type":"SearchAction","target":{"@type":"EntryPoint","urlTemplate":"https:\/\/www.sindmoveis.com.br\/es\/?s={search_term_string}"},"query-input":{"@type":"PropertyValueSpecification","valueRequired":true,"valueName":"search_term_string"}}],"inLanguage":"es"},{"@type":"Person","@id":"https:\/\/www.sindmoveis.com.br\/es\/#\/schema\/person\/16d379542db1950a17fe188179340d57","name":"Imprensa Sindm\u00f3veis","image":{"@type":"ImageObject","inLanguage":"es","@id":"https:\/\/www.sindmoveis.com.br\/es\/#\/schema\/person\/image\/","url":"https:\/\/secure.gravatar.com\/avatar\/4973e2e2c2a0cb5db30b0c7b770041b8e33d048a16b695a1f99c042449d4bfaf?s=96&d=mm&r=g","contentUrl":"https:\/\/secure.gravatar.com\/avatar\/4973e2e2c2a0cb5db30b0c7b770041b8e33d048a16b695a1f99c042449d4bfaf?s=96&d=mm&r=g","caption":"Imprensa Sindm\u00f3veis"},"url":"https:\/\/www.sindmoveis.com.br\/es\/author\/ana\/"}]}},"_links":{"self":[{"href":"https:\/\/www.sindmoveis.com.br\/es\/wp-json\/wp\/v2\/posts\/1316","targetHints":{"allow":["GET"]}}],"collection":[{"href":"https:\/\/www.sindmoveis.com.br\/es\/wp-json\/wp\/v2\/posts"}],"about":[{"href":"https:\/\/www.sindmoveis.com.br\/es\/wp-json\/wp\/v2\/types\/post"}],"author":[{"embeddable":true,"href":"https:\/\/www.sindmoveis.com.br\/es\/wp-json\/wp\/v2\/users\/5"}],"replies":[{"embeddable":true,"href":"https:\/\/www.sindmoveis.com.br\/es\/wp-json\/wp\/v2\/comments?post=1316"}],"version-history":[{"count":2,"href":"https:\/\/www.sindmoveis.com.br\/es\/wp-json\/wp\/v2\/posts\/1316\/revisions"}],"predecessor-version":[{"id":3639,"href":"https:\/\/www.sindmoveis.com.br\/es\/wp-json\/wp\/v2\/posts\/1316\/revisions\/3639"}],"wp:featuredmedia":[{"embeddable":true,"href":"https:\/\/www.sindmoveis.com.br\/es\/wp-json\/wp\/v2\/media\/3640"}],"wp:attachment":[{"href":"https:\/\/www.sindmoveis.com.br\/es\/wp-json\/wp\/v2\/media?parent=1316"}],"wp:term":[{"taxonomy":"category","embeddable":true,"href":"https:\/\/www.sindmoveis.com.br\/es\/wp-json\/wp\/v2\/categories?post=1316"},{"taxonomy":"post_tag","embeddable":true,"href":"https:\/\/www.sindmoveis.com.br\/es\/wp-json\/wp\/v2\/tags?post=1316"}],"curies":[{"name":"wp","href":"https:\/\/api.w.org\/{rel}","templated":true}]}}