{"id":1315,"date":"2017-08-29T00:00:00","date_gmt":"2017-08-29T03:00:00","guid":{"rendered":"http:\/\/sindmoveis.com.br\/imprensa\/noticias\/exposicao-itinerante-do-projeto-raiz-desembarca-na-embaixada-do-brasil-em-paris\/"},"modified":"2021-05-26T10:29:06","modified_gmt":"2021-05-26T13:29:06","slug":"exposicao-itinerante-do-projeto-raiz-desembarca-na-embaixada-do-brasil-em-paris","status":"publish","type":"post","link":"https:\/\/www.sindmoveis.com.br\/es\/exposicao-itinerante-do-projeto-raiz-desembarca-na-embaixada-do-brasil-em-paris\/","title":{"rendered":"Exposici\u00f3n itinerante del Proyecto Ra\u00edz desembarca en la Embajada de Brasil en Par\u00eds"},"content":{"rendered":"<p>El Proyecto Ra&iacute;z de incentivo a la internacionalizaci&oacute;n de dise&ntilde;adores nacionales, promovido por el Sindicato de las Industrias del Mobiliario de Bento Gon&ccedil;alves (Sindm&oacute;veis) y por la Agencia Brasile&ntilde;a de Promoci&oacute;n de Exportaciones e Inversiones (Apex-Brasil), sigue el cronograma de exposiciones itinerantes por Embajadas de Europa. Despu&eacute;s del &eacute;xito de la primera muestra, realizada durante el mes de junio en Roma, Italia, creaciones de 18 estudios de dise&ntilde;o siguen para la capital de Francia. Participan<strong> <\/strong><strong>studiopoli, Noem&iacute; Saga, Sergio Fahrer y Jack Fahrer, NTD Design, Aristeu Pirres, Paulo Alves, estudiobola, Ronald Sasson, ITENS por Ana Neute, Jader Almeida, Leo Romano, Guto Indio da Costa, Marta Manente, Alessandra Delgado, Plataforma 4, Carol Gay, Cristiano Valle y Gustavo Martini.&nbsp;&nbsp; &nbsp;&nbsp;&nbsp;&nbsp;&nbsp;&nbsp;&nbsp;&nbsp;&nbsp;&nbsp;<\/strong><br \/>\n&nbsp;<\/p>\n<p>El evento ocurre entre los d&iacute;as 11 y 17 de septiembre, durante Par&iacute;s Design Week, y hace parte del cat&aacute;logo oficial de atracciones del circuito parisino. La propuesta es establecer la conexi&oacute;n directa entre dise&ntilde;adores, revendedores, fabricantes e inversionistas para la creciente inserci&oacute;n de cadenas de licenciamiento y distribuci&oacute;n en el mercado europeo. En este mismo periodo se realiza en paralelo la feria Maison &amp; Objet, donde los dise&ntilde;adores participantes de la muestra itinerante fueron invitados a integrar una mesa redonda.<\/p>\n<p>Para inaugurar la exposici&oacute;n, son previstas conferencias de los dise&ntilde;adores Andr&eacute; Poli y Aristeu Pirers, miembros del Proyecto Ra&iacute;z, que presentar&aacute;n individualmente un panorama de la carrera y sus principales creaciones. .Eduardo Nuncio, director del Sal&atilde;o Design, tambi&eacute;n participar&aacute; de la ceremonia, asociando el valor del trazo brasile&ntilde;o a partir de la importante premiaci&oacute;n. Completa la programaci&oacute;n Rafael Andrade, coordinador de dise&ntilde;o e innovaci&oacute;n del Centro de las Industrias de Curtiembres de Brasil (CICB), y curador del Proyecto Dise&ntilde;o en la Piel. El programa integra el Brazilian Leather de incentivo a las exportaciones del cuero brasile&ntilde;o.<\/p>\n<p>Para el c&oacute;ctel de apertura, un men&uacute; especial fue elaborado por el chef gaucho Vico Crocco. El evento cuenta con el apoyo del Ministerio de Relaciones Exteriores, de Maison &amp; Objet y de&nbsp; Par&iacute;s Design Week. La pr&oacute;xima parada de la muestra es la Embajada de Brasil en Estocolmo, Suecia, en febrero de 2018.<\/p>\n<p>El Proyecto Ra&iacute;z (Raiz Project) fue creado en 2012, como un brazo del Proyecto Orchestra Brasil (existente desde 2006), una asociaci&oacute;n entre Sindm&oacute;veis y Apex-Brasil, volcado para la internacionalizaci&oacute;n de la cadena de proveedores de la industria brasile&ntilde;a del mobiliario.. Ese brazo volcado al dise&ntilde;o estimula la participaci&oacute;n y el fortalecimiento de los dise&ntilde;adores de mobiliario del pa&iacute;s en el exterior a trav&eacute;s de acciones estrat&eacute;gicas personalizadas. La inversi&oacute;n en 2017 es de U$ 500.000.<\/p>\n<p>&nbsp;<\/p>\n<p><strong>Exposici&oacute;n Ra&iacute;z Project- Par&iacute;s&nbsp;&nbsp;&nbsp;&nbsp;&nbsp;&nbsp;&nbsp;&nbsp;&nbsp;&nbsp;<\/strong><br \/>\n<strong>Fecha:<\/strong>&nbsp;11 a 17 de septiembre de 2017 &nbsp;&nbsp;&nbsp;&nbsp;&nbsp;&nbsp;&nbsp;&nbsp;&nbsp;&nbsp;&nbsp;<br \/>\n<em>Vernissage: 11 de <\/em><em>septiembre de las 17h &nbsp;a las 20h30&nbsp;&nbsp;&nbsp;&nbsp;&nbsp;&nbsp;&nbsp;<\/em><br \/>\n<em><em>Conferencias: 11 de septiembre de las 17h30 a las 18h30<\/em><\/em><\/p>\n<p><strong>Lugar:<\/strong>&nbsp;Embajada de Brasil en Par&iacute;s &nbsp;&nbsp;&nbsp;&nbsp;&nbsp;&nbsp;&nbsp;&nbsp;&nbsp;<br \/>\n34, cours Albert 1er<\/p>\n<p>75008 Paris<\/p>\n<p><a href=\"http:\/\/www.raizproject.com\/\">www.raizproject.com &nbsp;&nbsp;<\/a><\/p>\n<p>www.facebook.com\/raizprojectoficial<\/p>\n<p>@raizproject<\/p>\n","protected":false},"excerpt":{"rendered":"<p>Despu\u00e9s de Mil\u00e1n y Roma, proyecto de Sindm\u00f3veis de fomento a las exportaciones del servicio del dise\u00f1ador brasile\u00f1o sigue cronograma de exposiciones itinerantes.<\/p>\n","protected":false},"author":5,"featured_media":3638,"comment_status":"closed","ping_status":"open","sticky":false,"template":"","format":"standard","meta":{"footnotes":"","_links_to":"","_links_to_target":""},"categories":[24,2],"tags":[],"class_list":["post-1315","post","type-post","status-publish","format-standard","has-post-thumbnail","hentry","category-projeto-raiz","category-sindmoveis"],"yoast_head":"<!-- This site is optimized with the Yoast SEO plugin v27.0 - https:\/\/yoast.com\/product\/yoast-seo-wordpress\/ -->\n<title>Exposici\u00f3n itinerante del Proyecto Ra\u00edz desembarca en la Embajada de Brasil en Par\u00eds - Sindm\u00f3veis-RS<\/title>\n<meta name=\"robots\" content=\"index, follow, max-snippet:-1, max-image-preview:large, max-video-preview:-1\" \/>\n<link rel=\"canonical\" href=\"https:\/\/www.sindmoveis.com.br\/es\/exposicao-itinerante-do-projeto-raiz-desembarca-na-embaixada-do-brasil-em-paris\/\" \/>\n<meta property=\"og:locale\" content=\"es_ES\" \/>\n<meta property=\"og:type\" content=\"article\" \/>\n<meta property=\"og:title\" content=\"Exposici\u00f3n itinerante del Proyecto Ra\u00edz desembarca en la Embajada de Brasil en Par\u00eds - Sindm\u00f3veis-RS\" \/>\n<meta property=\"og:description\" content=\"Despu\u00e9s de Mil\u00e1n y Roma, proyecto de Sindm\u00f3veis de fomento a las exportaciones del servicio del dise\u00f1ador brasile\u00f1o sigue cronograma de exposiciones itinerantes.\" \/>\n<meta property=\"og:url\" content=\"https:\/\/www.sindmoveis.com.br\/es\/exposicao-itinerante-do-projeto-raiz-desembarca-na-embaixada-do-brasil-em-paris\/\" \/>\n<meta property=\"og:site_name\" content=\"Sindm\u00f3veis-RS\" \/>\n<meta property=\"article:published_time\" content=\"2017-08-29T03:00:00+00:00\" \/>\n<meta property=\"article:modified_time\" content=\"2021-05-26T13:29:06+00:00\" \/>\n<meta property=\"og:image\" content=\"https:\/\/www.sindmoveis.com.br\/es\/wp-content\/uploads\/2021\/05\/p1504037176.jpg\" \/>\n\t<meta property=\"og:image:width\" content=\"1181\" \/>\n\t<meta property=\"og:image:height\" content=\"787\" \/>\n\t<meta property=\"og:image:type\" content=\"image\/jpeg\" \/>\n<meta name=\"author\" content=\"Imprensa Sindm\u00f3veis\" \/>\n<meta name=\"twitter:card\" content=\"summary_large_image\" \/>\n<meta name=\"twitter:label1\" content=\"Escrito por\" \/>\n\t<meta name=\"twitter:data1\" content=\"Imprensa Sindm\u00f3veis\" \/>\n\t<meta name=\"twitter:label2\" content=\"Tiempo de lectura\" \/>\n\t<meta name=\"twitter:data2\" content=\"3 minutos\" \/>\n<script type=\"application\/ld+json\" class=\"yoast-schema-graph\">{\"@context\":\"https:\/\/schema.org\",\"@graph\":[{\"@type\":\"Article\",\"@id\":\"https:\/\/www.sindmoveis.com.br\/es\/exposicao-itinerante-do-projeto-raiz-desembarca-na-embaixada-do-brasil-em-paris\/#article\",\"isPartOf\":{\"@id\":\"https:\/\/www.sindmoveis.com.br\/es\/exposicao-itinerante-do-projeto-raiz-desembarca-na-embaixada-do-brasil-em-paris\/\"},\"author\":{\"name\":\"Imprensa Sindm\u00f3veis\",\"@id\":\"https:\/\/www.sindmoveis.com.br\/es\/#\/schema\/person\/16d379542db1950a17fe188179340d57\"},\"headline\":\"Exposici\u00f3n itinerante del Proyecto Ra\u00edz desembarca en la Embajada de Brasil en Par\u00eds\",\"datePublished\":\"2017-08-29T03:00:00+00:00\",\"dateModified\":\"2021-05-26T13:29:06+00:00\",\"mainEntityOfPage\":{\"@id\":\"https:\/\/www.sindmoveis.com.br\/es\/exposicao-itinerante-do-projeto-raiz-desembarca-na-embaixada-do-brasil-em-paris\/\"},\"wordCount\":635,\"image\":{\"@id\":\"https:\/\/www.sindmoveis.com.br\/es\/exposicao-itinerante-do-projeto-raiz-desembarca-na-embaixada-do-brasil-em-paris\/#primaryimage\"},\"thumbnailUrl\":\"https:\/\/www.sindmoveis.com.br\/es\/wp-content\/uploads\/2021\/05\/p1504037176.jpg\",\"articleSection\":[\"Proyecto Ra\u00edz\",\"Sindm\u00f3veis\"],\"inLanguage\":\"es\"},{\"@type\":\"WebPage\",\"@id\":\"https:\/\/www.sindmoveis.com.br\/es\/exposicao-itinerante-do-projeto-raiz-desembarca-na-embaixada-do-brasil-em-paris\/\",\"url\":\"https:\/\/www.sindmoveis.com.br\/es\/exposicao-itinerante-do-projeto-raiz-desembarca-na-embaixada-do-brasil-em-paris\/\",\"name\":\"Exposici\u00f3n itinerante del Proyecto Ra\u00edz desembarca en la Embajada de Brasil en Par\u00eds - Sindm\u00f3veis-RS\",\"isPartOf\":{\"@id\":\"https:\/\/www.sindmoveis.com.br\/es\/#website\"},\"primaryImageOfPage\":{\"@id\":\"https:\/\/www.sindmoveis.com.br\/es\/exposicao-itinerante-do-projeto-raiz-desembarca-na-embaixada-do-brasil-em-paris\/#primaryimage\"},\"image\":{\"@id\":\"https:\/\/www.sindmoveis.com.br\/es\/exposicao-itinerante-do-projeto-raiz-desembarca-na-embaixada-do-brasil-em-paris\/#primaryimage\"},\"thumbnailUrl\":\"https:\/\/www.sindmoveis.com.br\/es\/wp-content\/uploads\/2021\/05\/p1504037176.jpg\",\"datePublished\":\"2017-08-29T03:00:00+00:00\",\"dateModified\":\"2021-05-26T13:29:06+00:00\",\"author\":{\"@id\":\"https:\/\/www.sindmoveis.com.br\/es\/#\/schema\/person\/16d379542db1950a17fe188179340d57\"},\"inLanguage\":\"es\",\"potentialAction\":[{\"@type\":\"ReadAction\",\"target\":[\"https:\/\/www.sindmoveis.com.br\/es\/exposicao-itinerante-do-projeto-raiz-desembarca-na-embaixada-do-brasil-em-paris\/\"]}]},{\"@type\":\"ImageObject\",\"inLanguage\":\"es\",\"@id\":\"https:\/\/www.sindmoveis.com.br\/es\/exposicao-itinerante-do-projeto-raiz-desembarca-na-embaixada-do-brasil-em-paris\/#primaryimage\",\"url\":\"https:\/\/www.sindmoveis.com.br\/es\/wp-content\/uploads\/2021\/05\/p1504037176.jpg\",\"contentUrl\":\"https:\/\/www.sindmoveis.com.br\/es\/wp-content\/uploads\/2021\/05\/p1504037176.jpg\",\"width\":1181,\"height\":787},{\"@type\":\"WebSite\",\"@id\":\"https:\/\/www.sindmoveis.com.br\/es\/#website\",\"url\":\"https:\/\/www.sindmoveis.com.br\/es\/\",\"name\":\"Sindm\u00f3veis-RS\",\"description\":\"\",\"potentialAction\":[{\"@type\":\"SearchAction\",\"target\":{\"@type\":\"EntryPoint\",\"urlTemplate\":\"https:\/\/www.sindmoveis.com.br\/es\/?s={search_term_string}\"},\"query-input\":{\"@type\":\"PropertyValueSpecification\",\"valueRequired\":true,\"valueName\":\"search_term_string\"}}],\"inLanguage\":\"es\"},{\"@type\":\"Person\",\"@id\":\"https:\/\/www.sindmoveis.com.br\/es\/#\/schema\/person\/16d379542db1950a17fe188179340d57\",\"name\":\"Imprensa Sindm\u00f3veis\",\"image\":{\"@type\":\"ImageObject\",\"inLanguage\":\"es\",\"@id\":\"https:\/\/www.sindmoveis.com.br\/es\/#\/schema\/person\/image\/\",\"url\":\"https:\/\/secure.gravatar.com\/avatar\/4973e2e2c2a0cb5db30b0c7b770041b8e33d048a16b695a1f99c042449d4bfaf?s=96&d=mm&r=g\",\"contentUrl\":\"https:\/\/secure.gravatar.com\/avatar\/4973e2e2c2a0cb5db30b0c7b770041b8e33d048a16b695a1f99c042449d4bfaf?s=96&d=mm&r=g\",\"caption\":\"Imprensa Sindm\u00f3veis\"},\"url\":\"https:\/\/www.sindmoveis.com.br\/es\/author\/ana\/\"}]}<\/script>\n<!-- \/ Yoast SEO plugin. -->","yoast_head_json":{"title":"Exposici\u00f3n itinerante del Proyecto Ra\u00edz desembarca en la Embajada de Brasil en Par\u00eds - Sindm\u00f3veis-RS","robots":{"index":"index","follow":"follow","max-snippet":"max-snippet:-1","max-image-preview":"max-image-preview:large","max-video-preview":"max-video-preview:-1"},"canonical":"https:\/\/www.sindmoveis.com.br\/es\/exposicao-itinerante-do-projeto-raiz-desembarca-na-embaixada-do-brasil-em-paris\/","og_locale":"es_ES","og_type":"article","og_title":"Exposici\u00f3n itinerante del Proyecto Ra\u00edz desembarca en la Embajada de Brasil en Par\u00eds - Sindm\u00f3veis-RS","og_description":"Despu\u00e9s de Mil\u00e1n y Roma, proyecto de Sindm\u00f3veis de fomento a las exportaciones del servicio del dise\u00f1ador brasile\u00f1o sigue cronograma de exposiciones itinerantes.","og_url":"https:\/\/www.sindmoveis.com.br\/es\/exposicao-itinerante-do-projeto-raiz-desembarca-na-embaixada-do-brasil-em-paris\/","og_site_name":"Sindm\u00f3veis-RS","article_published_time":"2017-08-29T03:00:00+00:00","article_modified_time":"2021-05-26T13:29:06+00:00","og_image":[{"width":1181,"height":787,"url":"https:\/\/www.sindmoveis.com.br\/es\/wp-content\/uploads\/2021\/05\/p1504037176.jpg","type":"image\/jpeg"}],"author":"Imprensa Sindm\u00f3veis","twitter_card":"summary_large_image","twitter_misc":{"Escrito por":"Imprensa Sindm\u00f3veis","Tiempo de lectura":"3 minutos"},"schema":{"@context":"https:\/\/schema.org","@graph":[{"@type":"Article","@id":"https:\/\/www.sindmoveis.com.br\/es\/exposicao-itinerante-do-projeto-raiz-desembarca-na-embaixada-do-brasil-em-paris\/#article","isPartOf":{"@id":"https:\/\/www.sindmoveis.com.br\/es\/exposicao-itinerante-do-projeto-raiz-desembarca-na-embaixada-do-brasil-em-paris\/"},"author":{"name":"Imprensa Sindm\u00f3veis","@id":"https:\/\/www.sindmoveis.com.br\/es\/#\/schema\/person\/16d379542db1950a17fe188179340d57"},"headline":"Exposici\u00f3n itinerante del Proyecto Ra\u00edz desembarca en la Embajada de Brasil en Par\u00eds","datePublished":"2017-08-29T03:00:00+00:00","dateModified":"2021-05-26T13:29:06+00:00","mainEntityOfPage":{"@id":"https:\/\/www.sindmoveis.com.br\/es\/exposicao-itinerante-do-projeto-raiz-desembarca-na-embaixada-do-brasil-em-paris\/"},"wordCount":635,"image":{"@id":"https:\/\/www.sindmoveis.com.br\/es\/exposicao-itinerante-do-projeto-raiz-desembarca-na-embaixada-do-brasil-em-paris\/#primaryimage"},"thumbnailUrl":"https:\/\/www.sindmoveis.com.br\/es\/wp-content\/uploads\/2021\/05\/p1504037176.jpg","articleSection":["Proyecto Ra\u00edz","Sindm\u00f3veis"],"inLanguage":"es"},{"@type":"WebPage","@id":"https:\/\/www.sindmoveis.com.br\/es\/exposicao-itinerante-do-projeto-raiz-desembarca-na-embaixada-do-brasil-em-paris\/","url":"https:\/\/www.sindmoveis.com.br\/es\/exposicao-itinerante-do-projeto-raiz-desembarca-na-embaixada-do-brasil-em-paris\/","name":"Exposici\u00f3n itinerante del Proyecto Ra\u00edz desembarca en la Embajada de Brasil en Par\u00eds - Sindm\u00f3veis-RS","isPartOf":{"@id":"https:\/\/www.sindmoveis.com.br\/es\/#website"},"primaryImageOfPage":{"@id":"https:\/\/www.sindmoveis.com.br\/es\/exposicao-itinerante-do-projeto-raiz-desembarca-na-embaixada-do-brasil-em-paris\/#primaryimage"},"image":{"@id":"https:\/\/www.sindmoveis.com.br\/es\/exposicao-itinerante-do-projeto-raiz-desembarca-na-embaixada-do-brasil-em-paris\/#primaryimage"},"thumbnailUrl":"https:\/\/www.sindmoveis.com.br\/es\/wp-content\/uploads\/2021\/05\/p1504037176.jpg","datePublished":"2017-08-29T03:00:00+00:00","dateModified":"2021-05-26T13:29:06+00:00","author":{"@id":"https:\/\/www.sindmoveis.com.br\/es\/#\/schema\/person\/16d379542db1950a17fe188179340d57"},"inLanguage":"es","potentialAction":[{"@type":"ReadAction","target":["https:\/\/www.sindmoveis.com.br\/es\/exposicao-itinerante-do-projeto-raiz-desembarca-na-embaixada-do-brasil-em-paris\/"]}]},{"@type":"ImageObject","inLanguage":"es","@id":"https:\/\/www.sindmoveis.com.br\/es\/exposicao-itinerante-do-projeto-raiz-desembarca-na-embaixada-do-brasil-em-paris\/#primaryimage","url":"https:\/\/www.sindmoveis.com.br\/es\/wp-content\/uploads\/2021\/05\/p1504037176.jpg","contentUrl":"https:\/\/www.sindmoveis.com.br\/es\/wp-content\/uploads\/2021\/05\/p1504037176.jpg","width":1181,"height":787},{"@type":"WebSite","@id":"https:\/\/www.sindmoveis.com.br\/es\/#website","url":"https:\/\/www.sindmoveis.com.br\/es\/","name":"Sindm\u00f3veis-RS","description":"","potentialAction":[{"@type":"SearchAction","target":{"@type":"EntryPoint","urlTemplate":"https:\/\/www.sindmoveis.com.br\/es\/?s={search_term_string}"},"query-input":{"@type":"PropertyValueSpecification","valueRequired":true,"valueName":"search_term_string"}}],"inLanguage":"es"},{"@type":"Person","@id":"https:\/\/www.sindmoveis.com.br\/es\/#\/schema\/person\/16d379542db1950a17fe188179340d57","name":"Imprensa Sindm\u00f3veis","image":{"@type":"ImageObject","inLanguage":"es","@id":"https:\/\/www.sindmoveis.com.br\/es\/#\/schema\/person\/image\/","url":"https:\/\/secure.gravatar.com\/avatar\/4973e2e2c2a0cb5db30b0c7b770041b8e33d048a16b695a1f99c042449d4bfaf?s=96&d=mm&r=g","contentUrl":"https:\/\/secure.gravatar.com\/avatar\/4973e2e2c2a0cb5db30b0c7b770041b8e33d048a16b695a1f99c042449d4bfaf?s=96&d=mm&r=g","caption":"Imprensa Sindm\u00f3veis"},"url":"https:\/\/www.sindmoveis.com.br\/es\/author\/ana\/"}]}},"_links":{"self":[{"href":"https:\/\/www.sindmoveis.com.br\/es\/wp-json\/wp\/v2\/posts\/1315","targetHints":{"allow":["GET"]}}],"collection":[{"href":"https:\/\/www.sindmoveis.com.br\/es\/wp-json\/wp\/v2\/posts"}],"about":[{"href":"https:\/\/www.sindmoveis.com.br\/es\/wp-json\/wp\/v2\/types\/post"}],"author":[{"embeddable":true,"href":"https:\/\/www.sindmoveis.com.br\/es\/wp-json\/wp\/v2\/users\/5"}],"replies":[{"embeddable":true,"href":"https:\/\/www.sindmoveis.com.br\/es\/wp-json\/wp\/v2\/comments?post=1315"}],"version-history":[{"count":2,"href":"https:\/\/www.sindmoveis.com.br\/es\/wp-json\/wp\/v2\/posts\/1315\/revisions"}],"predecessor-version":[{"id":3637,"href":"https:\/\/www.sindmoveis.com.br\/es\/wp-json\/wp\/v2\/posts\/1315\/revisions\/3637"}],"wp:featuredmedia":[{"embeddable":true,"href":"https:\/\/www.sindmoveis.com.br\/es\/wp-json\/wp\/v2\/media\/3638"}],"wp:attachment":[{"href":"https:\/\/www.sindmoveis.com.br\/es\/wp-json\/wp\/v2\/media?parent=1315"}],"wp:term":[{"taxonomy":"category","embeddable":true,"href":"https:\/\/www.sindmoveis.com.br\/es\/wp-json\/wp\/v2\/categories?post=1315"},{"taxonomy":"post_tag","embeddable":true,"href":"https:\/\/www.sindmoveis.com.br\/es\/wp-json\/wp\/v2\/tags?post=1315"}],"curies":[{"name":"wp","href":"https:\/\/api.w.org\/{rel}","templated":true}]}}