{"id":1311,"date":"2017-08-11T00:00:00","date_gmt":"2017-08-11T03:00:00","guid":{"rendered":"http:\/\/sindmoveis.com.br\/imprensa\/noticias\/rodadas-de-negocios-fomentam-exportacoes-do-design-brasileiro\/"},"modified":"2021-05-26T10:30:05","modified_gmt":"2021-05-26T13:30:05","slug":"rodadas-de-negocios-fomentam-exportacoes-do-design-brasileiro","status":"publish","type":"post","link":"https:\/\/www.sindmoveis.com.br\/es\/rodadas-de-negocios-fomentam-exportacoes-do-design-brasileiro\/","title":{"rendered":"Rondas de negocios fomentan exportaciones del dise\u00f1o brasile\u00f1o en High Design Expo"},"content":{"rendered":"<p>Rondas de negocios entre dise&ntilde;adores brasile&ntilde;os e importadores invitados promovieron un expresivo movimiento en el stand del Proyecto Ra&iacute;z de incentivo a las exportaciones durante High Design Home &amp; Office Expo, realizada de 08 a 10 de agosto, en S&atilde;o Paulo. La iniciativa, promovida por el Sindicato de las Industrias del Mobiliario de Bento Gon&ccedil;alves (Sindm&oacute;veis) y Agencia Brasile&ntilde;a de Promoci&oacute;n de Exportaciones e Inversiones (Apex-Brasil), coloca en evidencia el potencial del servicio del dise&ntilde;ador brasile&ntilde;o en regiones de inter&eacute;s comercial, en especial el mercado americano y europeo.<\/p>\n<p>Fueron invitados para esas negociaciones agentes de los Estados Unidos, Canad&aacute; e Inglaterra dado su especial inter&eacute;s por el dise&ntilde;o brasile&ntilde;o, estableciendo, de esa manera, el primer contacto para futuras negociaciones de los estudios en esos pa&iacute;ses. Son distribuidores y redes de ventas al por menor que pudieron conocer el trabajo autoral de estudios participantes del proyecto y expositores de la feria, Las reuniones fueron realizadas en dos d&iacute;as, totalizando m&aacute;s de 60 rondas de negocios.<\/p>\n<p>La dise&ntilde;adora Marta Manente, del Studio Marta Manente, fue sorprendida por la efectividad de estas rondas de negocios &ndash; que, en su opini&oacute;n, fueron las mejores ya promovidas por el Proyecto Ra&iacute;z. Ello se debe al perfil de los importadores invitados y al est&aacute;ndar de mobiliario por ellos procurado. En las reuniones con Marta, los agentes extranjeros mostraron especial inter&eacute;s por sus piezas tapizadas con materiales nobles, como el lino, y especialmente por las maderas brasile&ntilde;as de origen certificado. &ldquo;Fue un comienzo de negociaciones muy interesantes con Inglaterra y Estados Unidos&rdquo;, cuenta.<\/p>\n<p>El Proyecto Ra&iacute;z intensifica estrategias de posicionamiento del sector en el mercado externo, potencia la utilizaci&oacute;n de contactos e informes de inteligencia comercial para los dise&ntilde;adores, promueve mayor intercambio de informaciones y experiencias entre las empresas, orienta el avance de la promoci&oacute;n y la entrada de estos profesionales en los mercados prioritarios con soporte individualizado.<\/p>\n<p>&nbsp;<\/p>\n","protected":false},"excerpt":{"rendered":"<p>Distribuidores y revendedores de los Estados Unidos, Canad\u00e1 e Inglaterra iniciaron negociaciones para importaci\u00f3n y licencia de piezas brasile\u00f1as con firma de autor<\/p>\n","protected":false},"author":5,"featured_media":3632,"comment_status":"closed","ping_status":"open","sticky":false,"template":"","format":"standard","meta":{"footnotes":"","_links_to":"","_links_to_target":""},"categories":[11,2],"tags":[],"class_list":["post-1311","post","type-post","status-publish","format-standard","has-post-thumbnail","hentry","category-exportaciones","category-sindmoveis"],"yoast_head":"<!-- This site is optimized with the Yoast SEO plugin v27.0 - https:\/\/yoast.com\/product\/yoast-seo-wordpress\/ -->\n<title>Rondas de negocios fomentan exportaciones del dise\u00f1o brasile\u00f1o en High Design Expo - Sindm\u00f3veis-RS<\/title>\n<meta name=\"robots\" content=\"index, follow, max-snippet:-1, max-image-preview:large, max-video-preview:-1\" \/>\n<link rel=\"canonical\" href=\"https:\/\/www.sindmoveis.com.br\/es\/rodadas-de-negocios-fomentam-exportacoes-do-design-brasileiro\/\" \/>\n<meta property=\"og:locale\" content=\"es_ES\" \/>\n<meta property=\"og:type\" content=\"article\" \/>\n<meta property=\"og:title\" content=\"Rondas de negocios fomentan exportaciones del dise\u00f1o brasile\u00f1o en High Design Expo - Sindm\u00f3veis-RS\" \/>\n<meta property=\"og:description\" content=\"Distribuidores y revendedores de los Estados Unidos, Canad\u00e1 e Inglaterra iniciaron negociaciones para importaci\u00f3n y licencia de piezas brasile\u00f1as con firma de autor\" \/>\n<meta property=\"og:url\" content=\"https:\/\/www.sindmoveis.com.br\/es\/rodadas-de-negocios-fomentam-exportacoes-do-design-brasileiro\/\" \/>\n<meta property=\"og:site_name\" content=\"Sindm\u00f3veis-RS\" \/>\n<meta property=\"article:published_time\" content=\"2017-08-11T03:00:00+00:00\" \/>\n<meta property=\"article:modified_time\" content=\"2021-05-26T13:30:05+00:00\" \/>\n<meta property=\"og:image\" content=\"https:\/\/www.sindmoveis.com.br\/es\/wp-content\/uploads\/2021\/05\/p1502454713.jpg\" \/>\n\t<meta property=\"og:image:width\" content=\"945\" \/>\n\t<meta property=\"og:image:height\" content=\"630\" \/>\n\t<meta property=\"og:image:type\" content=\"image\/jpeg\" \/>\n<meta name=\"author\" content=\"Imprensa Sindm\u00f3veis\" \/>\n<meta name=\"twitter:card\" content=\"summary_large_image\" \/>\n<meta name=\"twitter:label1\" content=\"Escrito por\" \/>\n\t<meta name=\"twitter:data1\" content=\"Imprensa Sindm\u00f3veis\" \/>\n\t<meta name=\"twitter:label2\" content=\"Tiempo de lectura\" \/>\n\t<meta name=\"twitter:data2\" content=\"2 minutos\" \/>\n<script type=\"application\/ld+json\" class=\"yoast-schema-graph\">{\"@context\":\"https:\/\/schema.org\",\"@graph\":[{\"@type\":\"Article\",\"@id\":\"https:\/\/www.sindmoveis.com.br\/es\/rodadas-de-negocios-fomentam-exportacoes-do-design-brasileiro\/#article\",\"isPartOf\":{\"@id\":\"https:\/\/www.sindmoveis.com.br\/es\/rodadas-de-negocios-fomentam-exportacoes-do-design-brasileiro\/\"},\"author\":{\"name\":\"Imprensa Sindm\u00f3veis\",\"@id\":\"https:\/\/www.sindmoveis.com.br\/es\/#\/schema\/person\/16d379542db1950a17fe188179340d57\"},\"headline\":\"Rondas de negocios fomentan exportaciones del dise\u00f1o brasile\u00f1o en High Design Expo\",\"datePublished\":\"2017-08-11T03:00:00+00:00\",\"dateModified\":\"2021-05-26T13:30:05+00:00\",\"mainEntityOfPage\":{\"@id\":\"https:\/\/www.sindmoveis.com.br\/es\/rodadas-de-negocios-fomentam-exportacoes-do-design-brasileiro\/\"},\"wordCount\":380,\"image\":{\"@id\":\"https:\/\/www.sindmoveis.com.br\/es\/rodadas-de-negocios-fomentam-exportacoes-do-design-brasileiro\/#primaryimage\"},\"thumbnailUrl\":\"https:\/\/www.sindmoveis.com.br\/es\/wp-content\/uploads\/2021\/05\/p1502454713.jpg\",\"articleSection\":[\"Exportaciones\",\"Sindm\u00f3veis\"],\"inLanguage\":\"es\"},{\"@type\":\"WebPage\",\"@id\":\"https:\/\/www.sindmoveis.com.br\/es\/rodadas-de-negocios-fomentam-exportacoes-do-design-brasileiro\/\",\"url\":\"https:\/\/www.sindmoveis.com.br\/es\/rodadas-de-negocios-fomentam-exportacoes-do-design-brasileiro\/\",\"name\":\"Rondas de negocios fomentan exportaciones del dise\u00f1o brasile\u00f1o en High Design Expo - Sindm\u00f3veis-RS\",\"isPartOf\":{\"@id\":\"https:\/\/www.sindmoveis.com.br\/es\/#website\"},\"primaryImageOfPage\":{\"@id\":\"https:\/\/www.sindmoveis.com.br\/es\/rodadas-de-negocios-fomentam-exportacoes-do-design-brasileiro\/#primaryimage\"},\"image\":{\"@id\":\"https:\/\/www.sindmoveis.com.br\/es\/rodadas-de-negocios-fomentam-exportacoes-do-design-brasileiro\/#primaryimage\"},\"thumbnailUrl\":\"https:\/\/www.sindmoveis.com.br\/es\/wp-content\/uploads\/2021\/05\/p1502454713.jpg\",\"datePublished\":\"2017-08-11T03:00:00+00:00\",\"dateModified\":\"2021-05-26T13:30:05+00:00\",\"author\":{\"@id\":\"https:\/\/www.sindmoveis.com.br\/es\/#\/schema\/person\/16d379542db1950a17fe188179340d57\"},\"inLanguage\":\"es\",\"potentialAction\":[{\"@type\":\"ReadAction\",\"target\":[\"https:\/\/www.sindmoveis.com.br\/es\/rodadas-de-negocios-fomentam-exportacoes-do-design-brasileiro\/\"]}]},{\"@type\":\"ImageObject\",\"inLanguage\":\"es\",\"@id\":\"https:\/\/www.sindmoveis.com.br\/es\/rodadas-de-negocios-fomentam-exportacoes-do-design-brasileiro\/#primaryimage\",\"url\":\"https:\/\/www.sindmoveis.com.br\/es\/wp-content\/uploads\/2021\/05\/p1502454713.jpg\",\"contentUrl\":\"https:\/\/www.sindmoveis.com.br\/es\/wp-content\/uploads\/2021\/05\/p1502454713.jpg\",\"width\":945,\"height\":630},{\"@type\":\"WebSite\",\"@id\":\"https:\/\/www.sindmoveis.com.br\/es\/#website\",\"url\":\"https:\/\/www.sindmoveis.com.br\/es\/\",\"name\":\"Sindm\u00f3veis-RS\",\"description\":\"\",\"potentialAction\":[{\"@type\":\"SearchAction\",\"target\":{\"@type\":\"EntryPoint\",\"urlTemplate\":\"https:\/\/www.sindmoveis.com.br\/es\/?s={search_term_string}\"},\"query-input\":{\"@type\":\"PropertyValueSpecification\",\"valueRequired\":true,\"valueName\":\"search_term_string\"}}],\"inLanguage\":\"es\"},{\"@type\":\"Person\",\"@id\":\"https:\/\/www.sindmoveis.com.br\/es\/#\/schema\/person\/16d379542db1950a17fe188179340d57\",\"name\":\"Imprensa Sindm\u00f3veis\",\"image\":{\"@type\":\"ImageObject\",\"inLanguage\":\"es\",\"@id\":\"https:\/\/www.sindmoveis.com.br\/es\/#\/schema\/person\/image\/\",\"url\":\"https:\/\/secure.gravatar.com\/avatar\/4973e2e2c2a0cb5db30b0c7b770041b8e33d048a16b695a1f99c042449d4bfaf?s=96&d=mm&r=g\",\"contentUrl\":\"https:\/\/secure.gravatar.com\/avatar\/4973e2e2c2a0cb5db30b0c7b770041b8e33d048a16b695a1f99c042449d4bfaf?s=96&d=mm&r=g\",\"caption\":\"Imprensa Sindm\u00f3veis\"},\"url\":\"https:\/\/www.sindmoveis.com.br\/es\/author\/ana\/\"}]}<\/script>\n<!-- \/ Yoast SEO plugin. -->","yoast_head_json":{"title":"Rondas de negocios fomentan exportaciones del dise\u00f1o brasile\u00f1o en High Design Expo - Sindm\u00f3veis-RS","robots":{"index":"index","follow":"follow","max-snippet":"max-snippet:-1","max-image-preview":"max-image-preview:large","max-video-preview":"max-video-preview:-1"},"canonical":"https:\/\/www.sindmoveis.com.br\/es\/rodadas-de-negocios-fomentam-exportacoes-do-design-brasileiro\/","og_locale":"es_ES","og_type":"article","og_title":"Rondas de negocios fomentan exportaciones del dise\u00f1o brasile\u00f1o en High Design Expo - Sindm\u00f3veis-RS","og_description":"Distribuidores y revendedores de los Estados Unidos, Canad\u00e1 e Inglaterra iniciaron negociaciones para importaci\u00f3n y licencia de piezas brasile\u00f1as con firma de autor","og_url":"https:\/\/www.sindmoveis.com.br\/es\/rodadas-de-negocios-fomentam-exportacoes-do-design-brasileiro\/","og_site_name":"Sindm\u00f3veis-RS","article_published_time":"2017-08-11T03:00:00+00:00","article_modified_time":"2021-05-26T13:30:05+00:00","og_image":[{"width":945,"height":630,"url":"https:\/\/www.sindmoveis.com.br\/es\/wp-content\/uploads\/2021\/05\/p1502454713.jpg","type":"image\/jpeg"}],"author":"Imprensa Sindm\u00f3veis","twitter_card":"summary_large_image","twitter_misc":{"Escrito por":"Imprensa Sindm\u00f3veis","Tiempo de lectura":"2 minutos"},"schema":{"@context":"https:\/\/schema.org","@graph":[{"@type":"Article","@id":"https:\/\/www.sindmoveis.com.br\/es\/rodadas-de-negocios-fomentam-exportacoes-do-design-brasileiro\/#article","isPartOf":{"@id":"https:\/\/www.sindmoveis.com.br\/es\/rodadas-de-negocios-fomentam-exportacoes-do-design-brasileiro\/"},"author":{"name":"Imprensa Sindm\u00f3veis","@id":"https:\/\/www.sindmoveis.com.br\/es\/#\/schema\/person\/16d379542db1950a17fe188179340d57"},"headline":"Rondas de negocios fomentan exportaciones del dise\u00f1o brasile\u00f1o en High Design Expo","datePublished":"2017-08-11T03:00:00+00:00","dateModified":"2021-05-26T13:30:05+00:00","mainEntityOfPage":{"@id":"https:\/\/www.sindmoveis.com.br\/es\/rodadas-de-negocios-fomentam-exportacoes-do-design-brasileiro\/"},"wordCount":380,"image":{"@id":"https:\/\/www.sindmoveis.com.br\/es\/rodadas-de-negocios-fomentam-exportacoes-do-design-brasileiro\/#primaryimage"},"thumbnailUrl":"https:\/\/www.sindmoveis.com.br\/es\/wp-content\/uploads\/2021\/05\/p1502454713.jpg","articleSection":["Exportaciones","Sindm\u00f3veis"],"inLanguage":"es"},{"@type":"WebPage","@id":"https:\/\/www.sindmoveis.com.br\/es\/rodadas-de-negocios-fomentam-exportacoes-do-design-brasileiro\/","url":"https:\/\/www.sindmoveis.com.br\/es\/rodadas-de-negocios-fomentam-exportacoes-do-design-brasileiro\/","name":"Rondas de negocios fomentan exportaciones del dise\u00f1o brasile\u00f1o en High Design Expo - Sindm\u00f3veis-RS","isPartOf":{"@id":"https:\/\/www.sindmoveis.com.br\/es\/#website"},"primaryImageOfPage":{"@id":"https:\/\/www.sindmoveis.com.br\/es\/rodadas-de-negocios-fomentam-exportacoes-do-design-brasileiro\/#primaryimage"},"image":{"@id":"https:\/\/www.sindmoveis.com.br\/es\/rodadas-de-negocios-fomentam-exportacoes-do-design-brasileiro\/#primaryimage"},"thumbnailUrl":"https:\/\/www.sindmoveis.com.br\/es\/wp-content\/uploads\/2021\/05\/p1502454713.jpg","datePublished":"2017-08-11T03:00:00+00:00","dateModified":"2021-05-26T13:30:05+00:00","author":{"@id":"https:\/\/www.sindmoveis.com.br\/es\/#\/schema\/person\/16d379542db1950a17fe188179340d57"},"inLanguage":"es","potentialAction":[{"@type":"ReadAction","target":["https:\/\/www.sindmoveis.com.br\/es\/rodadas-de-negocios-fomentam-exportacoes-do-design-brasileiro\/"]}]},{"@type":"ImageObject","inLanguage":"es","@id":"https:\/\/www.sindmoveis.com.br\/es\/rodadas-de-negocios-fomentam-exportacoes-do-design-brasileiro\/#primaryimage","url":"https:\/\/www.sindmoveis.com.br\/es\/wp-content\/uploads\/2021\/05\/p1502454713.jpg","contentUrl":"https:\/\/www.sindmoveis.com.br\/es\/wp-content\/uploads\/2021\/05\/p1502454713.jpg","width":945,"height":630},{"@type":"WebSite","@id":"https:\/\/www.sindmoveis.com.br\/es\/#website","url":"https:\/\/www.sindmoveis.com.br\/es\/","name":"Sindm\u00f3veis-RS","description":"","potentialAction":[{"@type":"SearchAction","target":{"@type":"EntryPoint","urlTemplate":"https:\/\/www.sindmoveis.com.br\/es\/?s={search_term_string}"},"query-input":{"@type":"PropertyValueSpecification","valueRequired":true,"valueName":"search_term_string"}}],"inLanguage":"es"},{"@type":"Person","@id":"https:\/\/www.sindmoveis.com.br\/es\/#\/schema\/person\/16d379542db1950a17fe188179340d57","name":"Imprensa Sindm\u00f3veis","image":{"@type":"ImageObject","inLanguage":"es","@id":"https:\/\/www.sindmoveis.com.br\/es\/#\/schema\/person\/image\/","url":"https:\/\/secure.gravatar.com\/avatar\/4973e2e2c2a0cb5db30b0c7b770041b8e33d048a16b695a1f99c042449d4bfaf?s=96&d=mm&r=g","contentUrl":"https:\/\/secure.gravatar.com\/avatar\/4973e2e2c2a0cb5db30b0c7b770041b8e33d048a16b695a1f99c042449d4bfaf?s=96&d=mm&r=g","caption":"Imprensa Sindm\u00f3veis"},"url":"https:\/\/www.sindmoveis.com.br\/es\/author\/ana\/"}]}},"_links":{"self":[{"href":"https:\/\/www.sindmoveis.com.br\/es\/wp-json\/wp\/v2\/posts\/1311","targetHints":{"allow":["GET"]}}],"collection":[{"href":"https:\/\/www.sindmoveis.com.br\/es\/wp-json\/wp\/v2\/posts"}],"about":[{"href":"https:\/\/www.sindmoveis.com.br\/es\/wp-json\/wp\/v2\/types\/post"}],"author":[{"embeddable":true,"href":"https:\/\/www.sindmoveis.com.br\/es\/wp-json\/wp\/v2\/users\/5"}],"replies":[{"embeddable":true,"href":"https:\/\/www.sindmoveis.com.br\/es\/wp-json\/wp\/v2\/comments?post=1311"}],"version-history":[{"count":2,"href":"https:\/\/www.sindmoveis.com.br\/es\/wp-json\/wp\/v2\/posts\/1311\/revisions"}],"predecessor-version":[{"id":3631,"href":"https:\/\/www.sindmoveis.com.br\/es\/wp-json\/wp\/v2\/posts\/1311\/revisions\/3631"}],"wp:featuredmedia":[{"embeddable":true,"href":"https:\/\/www.sindmoveis.com.br\/es\/wp-json\/wp\/v2\/media\/3632"}],"wp:attachment":[{"href":"https:\/\/www.sindmoveis.com.br\/es\/wp-json\/wp\/v2\/media?parent=1311"}],"wp:term":[{"taxonomy":"category","embeddable":true,"href":"https:\/\/www.sindmoveis.com.br\/es\/wp-json\/wp\/v2\/categories?post=1311"},{"taxonomy":"post_tag","embeddable":true,"href":"https:\/\/www.sindmoveis.com.br\/es\/wp-json\/wp\/v2\/tags?post=1311"}],"curies":[{"name":"wp","href":"https:\/\/api.w.org\/{rel}","templated":true}]}}