{"id":1309,"date":"2017-08-08T00:00:00","date_gmt":"2017-08-08T03:00:00","guid":{"rendered":"http:\/\/sindmoveis.com.br\/imprensa\/noticias\/high-design-expo-o-grande-momento-do-design-brasileiro\/"},"modified":"2021-05-26T10:24:23","modified_gmt":"2021-05-26T13:24:23","slug":"high-design-expo-o-grande-momento-do-design-brasileiro","status":"publish","type":"post","link":"https:\/\/www.sindmoveis.com.br\/es\/high-design-expo-o-grande-momento-do-design-brasileiro\/","title":{"rendered":"High Design Expo el gran momento del dise\u00f1o brasile\u00f1o"},"content":{"rendered":"<p>La segunda edici&oacute;n de HIGH DESIGN &ndash;Home &amp; Office Expo ocurre entre los d&iacute;as 08 y 10 de agosto, en S&atilde;o Paulo Expo como un evento ancla de la consolidada semana de dise&ntilde;o de S&atilde;o Paulo (DW! S&atilde;o Paulo Design Weekend). La feria se prepara para tres d&iacute;as hist&oacute;ricos con crecimiento de 30%, estimativa de r&eacute;cord de p&uacute;blico, contenidos diferenciados, nuevas maneras de realizar negocios. Destaque para la muestra de vencedores del Premio Sal&atilde;o Design, que abre hoy inscripciones para su 22&ordf; edici&oacute;n.<\/p>\n<p>En un &aacute;rea total de 15 mil m&sup2;, miles de arquitectos, dise&ntilde;adores de interiores, revendedores, constructores, compradores internacionales e inversionistas, encontrar&aacute;n una extensa variedad de productos y contenidos volcados tanto para la industria de fabricaci&oacute;n en larga escala, como al dise&ntilde;o autoral. Son m&aacute;s de 100 marcas y profesionales renombrados, de mucha experiencia y, principalmente, nuevos talentos que escogieron este momento como el m&aacute;s estrat&eacute;gico para presentar sus lanzamientos en los m&aacute;s diversos segmentos.<\/p>\n<p>En esta edici&oacute;n repleta de novedades, sucede la 1&ordf; Ronda de Negocios Internacional&nbsp; realizada por el Proyecto Ra&iacute;z, una iniciativa del Sindicato de las Industrias del Mobiliario de Bento Gon&ccedil;alves (Sindm&oacute;veis) en asociaci&oacute;n con la Agencia Brasile&ntilde;a de Promoci&oacute;n de Exportaciones e Inversiones (Apex-Brasil). El Proyecto Ra&iacute;z estimula la internacionalizaci&oacute;n del servicio del dise&ntilde;ador brasile&ntilde;o. Otro destaque es la asociaci&oacute;n realizada con RAL Estrategia para la organizaci&oacute;n y comercializaci&oacute;n de los espacios de su innovadora &aacute;rea focalizada en el segmento corporativo: OFFICE CONNECTION. El &aacute;rea cuenta tambi&eacute;n con un espacio reservado para la realizaci&oacute;n de <em>TALKS<\/em> con los principales profesionales del &aacute;rea como Marcy Ewing, de Shaw Contract; Mark Catchlove, de Herman Miller; Eduardo Trajano, de Lojas Riacheulo; Luis Capote, de LoebCapote arquitectura y Urbanismo, entre otros.<\/p>\n<p>Sebrae (Servicio Brasile&ntilde;o de Apoyo a Micro y Peque&ntilde;as Empresas) tambi&eacute;n marca presencia en HIGH DESIGN EXPO y participa de la feria, a trav&eacute;s de DW! S&atilde;o Paulo Design Weekend, para alcanzar tambi&eacute;n a empresarios de micro y peque&ntilde;as empresas y mostrar la actuaci&oacute;n en la tem&aacute;tica del dise&ntilde;o. El stand tendr&aacute; un &aacute;rea de exposici&oacute;n de proyectos realizados con subsidios de Sebrae y un &aacute;rea con especialistas disponibles para prestar atenci&oacute;n, consultor&iacute;as, orientaciones y tambi&eacute;n con una acci&oacute;n de levantamiento de escenarios y tendencias en el sector, de forma colaborativa y participativa.<\/p>\n<p>&Eacute;xito en 2016,&nbsp; STUDIO HIGH presenta piezas exclusivas que valoran el dise&ntilde;o autoral brasile&ntilde;o. Diferente de otras &aacute;reas de la feria, son espacios con escenograf&iacute;as que var&iacute;an de 4m&sup2; a 24m&sup2;, y posiciona la feria como una de las principales vitrinas propulsoras del dise&ntilde;o brasile&ntilde;o. El local destinado a los dise&ntilde;adores de mobiliario y objetos de decoraci&oacute;n, enaltece la importancia del trabajo autoral.<\/p>\n<p>Otro diferencial de la feria considerada como una plataforma multimedia de negocios y contenidos, que tiene como caracter&iacute;stica la entrega de experiencias presenciales &uacute;nicas, in&eacute;ditas y exclusivas a los visitantes, son las &aacute;reas de<em> TALKS<\/em> segmentadas por diversos puntos:<\/p>\n<p>&nbsp;<\/p>\n<p>CAF&Eacute; + TALKS STUDIO HIGH. Un lugar de informalidad dentro del STUDIO HIGH, con caf&eacute; y mini <em>talks<\/em> con dise&ntilde;adores y profesionales invitados. El espacio cuenta con la curadur&iacute;a de contenido de Casa Vogue, apoyo de IED y promoci&oacute;n de HIGH DESIGN EXPO. Los TALKS ocurren de 08 a 10 de agosto, y contemplan nombres como Jader Almeida, Ana Neute, Fernando Prado, Sergio Matos, Guto Requena, Aristeu Pires, entre otros.<\/p>\n<p>&nbsp;<\/p>\n<p>KITCHEN EXPERIENCE | Stand B84. Espacio de <em>talks<\/em> con especialistas de diversas &aacute;reas reunidos para discutir como la cocina refleja cambios importantes en el escenario contempor&aacute;neo. Con curadur&iacute;a de contenido Revista GIZ y KitchenLAB. Recibe nombres como Fernanda Marques, Suite Arquitectos, Fabio Morozini, Ruth Zein, Christina Hamoui, Rodrigo Jorge y Fabio Bouilet, entre otros.&nbsp; Programaci&oacute;n diaria, de 08 a 10 de agosto, en tres horarios: 11, 13 y 15 horas.<\/p>\n<p>DESIGN TRENDS TALKS | Stand B35. &Aacute;rea de contenido volcada al universo de los proyectados y de temas contempor&aacute;neos que hacen parte del d&iacute;a a d&iacute;a de los profesionales de arquitectura y dise&ntilde;o de interiores. Con curadur&iacute;a de contenido de Casa de Valentina. Entre los invitados est&aacute;n Cristina Wakamatsu, de LW Design; Mariana Orsi, Pedro Morais; CR2 Arquitectura y Casa 14 Arquitectura, Lucila Turqueto, entre otros. Programaci&oacute;n diaria, de 08 a 10 de agosto, en tres horarios: 12, 14 y 17 horas.<\/p>\n<p>Los eventos simult&aacute;neos tambi&eacute;n traen m&aacute;s contenido al evento: DW! S&atilde;o Paulo Design Weekend, el mayor festival urbano de Am&eacute;rica Latina llega a su 6&ordf; edici&oacute;n con el objetivo de promover la cultura del dise&ntilde;o; CONAD &ndash; Congreso Nacional de dise&ntilde;adores de Interiores (ABD) desde 1996; 8&ordf; edici&oacute;n de Greenbuilding Brasil &ndash; Conferencia Internacional y Expo, principal evento de construcci&oacute;n sostenible de Am&eacute;rica Latina y la muestra del Premio Sal&atilde;o Design, &nbsp;premiaci&oacute;n de dise&ntilde;o de producto realizado por Sindm&oacute;veis desde 1988.<\/p>\n<p>Adem&aacute;s de todas las novedades de productos y contenido, HIGH DESIGN, en asociaci&oacute;n con las marcas Cia. Das Fibras y Art na Van, promover&aacute; dos acciones sociales durante su 2&ordf;edici&oacute;n. Entre los d&iacute;as 08 y 10 de agosto ser&aacute;n producidos in loco, durante la feria, una alfombra que contar&aacute; con la intervenci&oacute;n de los propios visitantes en la confecci&oacute;n, y tres obras de arte firmadas por los artistas Grilo, Russ y Andr&eacute; Filur, que ser&aacute;n donados posteriormente para dos entidades: la alfombra para APAE de Campanha (Minas Gerais) y las obras para la Casa Ondina Lobo, instituci&oacute;n de larga permanencia para ancianos, sin fines lucrativos.<\/p>\n<p>Promovida por la gigante brit&aacute;nica de eventos Group e idealizada por Summit Promo, HIGH DESIGN ocurrir&aacute; en S&atilde;o Paulo Expo, mayor y m&aacute;s moderno pabell&oacute;n de exposiciones de Brasil, totalmente nuevo, climatizado, con m&aacute;s de 5 mil plazas de estacionamiento&nbsp; y con ubicaci&oacute;n estrat&eacute;gica &ndash; 850 metros de la estaci&oacute;n de metro Jabaquara, en la capital paulista, 10 minutos del aeropuerto de Congonhas y acceso r&aacute;pido a los principales hoteles de la regi&oacute;n.<\/p>\n<p>HIGH DESIGN &ndash; Home &amp; Office Expo<\/p>\n<p>Fecha: 8 a 10 de agosto de 2017<\/p>\n<p>Local: S&atilde;o Paulo Expo Exhibition &amp; Convention Center &ndash; Rodovia dos Imigrantes, Km 1,5<\/p>\n<p>www.highdesignexpo.com<\/p>\n","protected":false},"excerpt":{"rendered":"<p>Feria empieza este martes,  d\u00eda 08 de agosto; confiera los eventos paralelos y atracciones para los visitantes<\/p>\n","protected":false},"author":5,"featured_media":3628,"comment_status":"closed","ping_status":"open","sticky":false,"template":"","format":"standard","meta":{"footnotes":"","_links_to":"","_links_to_target":""},"categories":[2],"tags":[],"class_list":["post-1309","post","type-post","status-publish","format-standard","has-post-thumbnail","hentry","category-sindmoveis"],"yoast_head":"<!-- This site is optimized with the Yoast SEO plugin v27.0 - https:\/\/yoast.com\/product\/yoast-seo-wordpress\/ -->\n<title>High Design Expo el gran momento del dise\u00f1o brasile\u00f1o - Sindm\u00f3veis-RS<\/title>\n<meta name=\"robots\" content=\"index, follow, max-snippet:-1, max-image-preview:large, max-video-preview:-1\" \/>\n<link rel=\"canonical\" href=\"https:\/\/www.sindmoveis.com.br\/es\/high-design-expo-o-grande-momento-do-design-brasileiro\/\" \/>\n<meta property=\"og:locale\" content=\"es_ES\" \/>\n<meta property=\"og:type\" content=\"article\" \/>\n<meta property=\"og:title\" content=\"High Design Expo el gran momento del dise\u00f1o brasile\u00f1o - Sindm\u00f3veis-RS\" \/>\n<meta property=\"og:description\" content=\"Feria empieza este martes, d\u00eda 08 de agosto; confiera los eventos paralelos y atracciones para los visitantes\" \/>\n<meta property=\"og:url\" content=\"https:\/\/www.sindmoveis.com.br\/es\/high-design-expo-o-grande-momento-do-design-brasileiro\/\" \/>\n<meta property=\"og:site_name\" content=\"Sindm\u00f3veis-RS\" \/>\n<meta property=\"article:published_time\" content=\"2017-08-08T03:00:00+00:00\" \/>\n<meta property=\"article:modified_time\" content=\"2021-05-26T13:24:23+00:00\" \/>\n<meta property=\"og:image\" content=\"https:\/\/www.sindmoveis.com.br\/es\/wp-content\/uploads\/2021\/05\/p1502196211.jpg\" \/>\n\t<meta property=\"og:image:width\" content=\"945\" \/>\n\t<meta property=\"og:image:height\" content=\"630\" \/>\n\t<meta property=\"og:image:type\" content=\"image\/jpeg\" \/>\n<meta name=\"author\" content=\"Imprensa Sindm\u00f3veis\" \/>\n<meta name=\"twitter:card\" content=\"summary_large_image\" \/>\n<meta name=\"twitter:label1\" content=\"Escrito por\" \/>\n\t<meta name=\"twitter:data1\" content=\"Imprensa Sindm\u00f3veis\" \/>\n\t<meta name=\"twitter:label2\" content=\"Tiempo de lectura\" \/>\n\t<meta name=\"twitter:data2\" content=\"6 minutos\" \/>\n<script type=\"application\/ld+json\" class=\"yoast-schema-graph\">{\"@context\":\"https:\/\/schema.org\",\"@graph\":[{\"@type\":\"Article\",\"@id\":\"https:\/\/www.sindmoveis.com.br\/es\/high-design-expo-o-grande-momento-do-design-brasileiro\/#article\",\"isPartOf\":{\"@id\":\"https:\/\/www.sindmoveis.com.br\/es\/high-design-expo-o-grande-momento-do-design-brasileiro\/\"},\"author\":{\"name\":\"Imprensa Sindm\u00f3veis\",\"@id\":\"https:\/\/www.sindmoveis.com.br\/es\/#\/schema\/person\/16d379542db1950a17fe188179340d57\"},\"headline\":\"High Design Expo el gran momento del dise\u00f1o brasile\u00f1o\",\"datePublished\":\"2017-08-08T03:00:00+00:00\",\"dateModified\":\"2021-05-26T13:24:23+00:00\",\"mainEntityOfPage\":{\"@id\":\"https:\/\/www.sindmoveis.com.br\/es\/high-design-expo-o-grande-momento-do-design-brasileiro\/\"},\"wordCount\":1219,\"image\":{\"@id\":\"https:\/\/www.sindmoveis.com.br\/es\/high-design-expo-o-grande-momento-do-design-brasileiro\/#primaryimage\"},\"thumbnailUrl\":\"https:\/\/www.sindmoveis.com.br\/es\/wp-content\/uploads\/2021\/05\/p1502196211.jpg\",\"articleSection\":[\"Sindm\u00f3veis\"],\"inLanguage\":\"es\"},{\"@type\":\"WebPage\",\"@id\":\"https:\/\/www.sindmoveis.com.br\/es\/high-design-expo-o-grande-momento-do-design-brasileiro\/\",\"url\":\"https:\/\/www.sindmoveis.com.br\/es\/high-design-expo-o-grande-momento-do-design-brasileiro\/\",\"name\":\"High Design Expo el gran momento del dise\u00f1o brasile\u00f1o - Sindm\u00f3veis-RS\",\"isPartOf\":{\"@id\":\"https:\/\/www.sindmoveis.com.br\/es\/#website\"},\"primaryImageOfPage\":{\"@id\":\"https:\/\/www.sindmoveis.com.br\/es\/high-design-expo-o-grande-momento-do-design-brasileiro\/#primaryimage\"},\"image\":{\"@id\":\"https:\/\/www.sindmoveis.com.br\/es\/high-design-expo-o-grande-momento-do-design-brasileiro\/#primaryimage\"},\"thumbnailUrl\":\"https:\/\/www.sindmoveis.com.br\/es\/wp-content\/uploads\/2021\/05\/p1502196211.jpg\",\"datePublished\":\"2017-08-08T03:00:00+00:00\",\"dateModified\":\"2021-05-26T13:24:23+00:00\",\"author\":{\"@id\":\"https:\/\/www.sindmoveis.com.br\/es\/#\/schema\/person\/16d379542db1950a17fe188179340d57\"},\"inLanguage\":\"es\",\"potentialAction\":[{\"@type\":\"ReadAction\",\"target\":[\"https:\/\/www.sindmoveis.com.br\/es\/high-design-expo-o-grande-momento-do-design-brasileiro\/\"]}]},{\"@type\":\"ImageObject\",\"inLanguage\":\"es\",\"@id\":\"https:\/\/www.sindmoveis.com.br\/es\/high-design-expo-o-grande-momento-do-design-brasileiro\/#primaryimage\",\"url\":\"https:\/\/www.sindmoveis.com.br\/es\/wp-content\/uploads\/2021\/05\/p1502196211.jpg\",\"contentUrl\":\"https:\/\/www.sindmoveis.com.br\/es\/wp-content\/uploads\/2021\/05\/p1502196211.jpg\",\"width\":945,\"height\":630},{\"@type\":\"WebSite\",\"@id\":\"https:\/\/www.sindmoveis.com.br\/es\/#website\",\"url\":\"https:\/\/www.sindmoveis.com.br\/es\/\",\"name\":\"Sindm\u00f3veis-RS\",\"description\":\"\",\"potentialAction\":[{\"@type\":\"SearchAction\",\"target\":{\"@type\":\"EntryPoint\",\"urlTemplate\":\"https:\/\/www.sindmoveis.com.br\/es\/?s={search_term_string}\"},\"query-input\":{\"@type\":\"PropertyValueSpecification\",\"valueRequired\":true,\"valueName\":\"search_term_string\"}}],\"inLanguage\":\"es\"},{\"@type\":\"Person\",\"@id\":\"https:\/\/www.sindmoveis.com.br\/es\/#\/schema\/person\/16d379542db1950a17fe188179340d57\",\"name\":\"Imprensa Sindm\u00f3veis\",\"image\":{\"@type\":\"ImageObject\",\"inLanguage\":\"es\",\"@id\":\"https:\/\/www.sindmoveis.com.br\/es\/#\/schema\/person\/image\/\",\"url\":\"https:\/\/secure.gravatar.com\/avatar\/4973e2e2c2a0cb5db30b0c7b770041b8e33d048a16b695a1f99c042449d4bfaf?s=96&d=mm&r=g\",\"contentUrl\":\"https:\/\/secure.gravatar.com\/avatar\/4973e2e2c2a0cb5db30b0c7b770041b8e33d048a16b695a1f99c042449d4bfaf?s=96&d=mm&r=g\",\"caption\":\"Imprensa Sindm\u00f3veis\"},\"url\":\"https:\/\/www.sindmoveis.com.br\/es\/author\/ana\/\"}]}<\/script>\n<!-- \/ Yoast SEO plugin. -->","yoast_head_json":{"title":"High Design Expo el gran momento del dise\u00f1o brasile\u00f1o - Sindm\u00f3veis-RS","robots":{"index":"index","follow":"follow","max-snippet":"max-snippet:-1","max-image-preview":"max-image-preview:large","max-video-preview":"max-video-preview:-1"},"canonical":"https:\/\/www.sindmoveis.com.br\/es\/high-design-expo-o-grande-momento-do-design-brasileiro\/","og_locale":"es_ES","og_type":"article","og_title":"High Design Expo el gran momento del dise\u00f1o brasile\u00f1o - Sindm\u00f3veis-RS","og_description":"Feria empieza este martes, d\u00eda 08 de agosto; confiera los eventos paralelos y atracciones para los visitantes","og_url":"https:\/\/www.sindmoveis.com.br\/es\/high-design-expo-o-grande-momento-do-design-brasileiro\/","og_site_name":"Sindm\u00f3veis-RS","article_published_time":"2017-08-08T03:00:00+00:00","article_modified_time":"2021-05-26T13:24:23+00:00","og_image":[{"width":945,"height":630,"url":"https:\/\/www.sindmoveis.com.br\/es\/wp-content\/uploads\/2021\/05\/p1502196211.jpg","type":"image\/jpeg"}],"author":"Imprensa Sindm\u00f3veis","twitter_card":"summary_large_image","twitter_misc":{"Escrito por":"Imprensa Sindm\u00f3veis","Tiempo de lectura":"6 minutos"},"schema":{"@context":"https:\/\/schema.org","@graph":[{"@type":"Article","@id":"https:\/\/www.sindmoveis.com.br\/es\/high-design-expo-o-grande-momento-do-design-brasileiro\/#article","isPartOf":{"@id":"https:\/\/www.sindmoveis.com.br\/es\/high-design-expo-o-grande-momento-do-design-brasileiro\/"},"author":{"name":"Imprensa Sindm\u00f3veis","@id":"https:\/\/www.sindmoveis.com.br\/es\/#\/schema\/person\/16d379542db1950a17fe188179340d57"},"headline":"High Design Expo el gran momento del dise\u00f1o brasile\u00f1o","datePublished":"2017-08-08T03:00:00+00:00","dateModified":"2021-05-26T13:24:23+00:00","mainEntityOfPage":{"@id":"https:\/\/www.sindmoveis.com.br\/es\/high-design-expo-o-grande-momento-do-design-brasileiro\/"},"wordCount":1219,"image":{"@id":"https:\/\/www.sindmoveis.com.br\/es\/high-design-expo-o-grande-momento-do-design-brasileiro\/#primaryimage"},"thumbnailUrl":"https:\/\/www.sindmoveis.com.br\/es\/wp-content\/uploads\/2021\/05\/p1502196211.jpg","articleSection":["Sindm\u00f3veis"],"inLanguage":"es"},{"@type":"WebPage","@id":"https:\/\/www.sindmoveis.com.br\/es\/high-design-expo-o-grande-momento-do-design-brasileiro\/","url":"https:\/\/www.sindmoveis.com.br\/es\/high-design-expo-o-grande-momento-do-design-brasileiro\/","name":"High Design Expo el gran momento del dise\u00f1o brasile\u00f1o - Sindm\u00f3veis-RS","isPartOf":{"@id":"https:\/\/www.sindmoveis.com.br\/es\/#website"},"primaryImageOfPage":{"@id":"https:\/\/www.sindmoveis.com.br\/es\/high-design-expo-o-grande-momento-do-design-brasileiro\/#primaryimage"},"image":{"@id":"https:\/\/www.sindmoveis.com.br\/es\/high-design-expo-o-grande-momento-do-design-brasileiro\/#primaryimage"},"thumbnailUrl":"https:\/\/www.sindmoveis.com.br\/es\/wp-content\/uploads\/2021\/05\/p1502196211.jpg","datePublished":"2017-08-08T03:00:00+00:00","dateModified":"2021-05-26T13:24:23+00:00","author":{"@id":"https:\/\/www.sindmoveis.com.br\/es\/#\/schema\/person\/16d379542db1950a17fe188179340d57"},"inLanguage":"es","potentialAction":[{"@type":"ReadAction","target":["https:\/\/www.sindmoveis.com.br\/es\/high-design-expo-o-grande-momento-do-design-brasileiro\/"]}]},{"@type":"ImageObject","inLanguage":"es","@id":"https:\/\/www.sindmoveis.com.br\/es\/high-design-expo-o-grande-momento-do-design-brasileiro\/#primaryimage","url":"https:\/\/www.sindmoveis.com.br\/es\/wp-content\/uploads\/2021\/05\/p1502196211.jpg","contentUrl":"https:\/\/www.sindmoveis.com.br\/es\/wp-content\/uploads\/2021\/05\/p1502196211.jpg","width":945,"height":630},{"@type":"WebSite","@id":"https:\/\/www.sindmoveis.com.br\/es\/#website","url":"https:\/\/www.sindmoveis.com.br\/es\/","name":"Sindm\u00f3veis-RS","description":"","potentialAction":[{"@type":"SearchAction","target":{"@type":"EntryPoint","urlTemplate":"https:\/\/www.sindmoveis.com.br\/es\/?s={search_term_string}"},"query-input":{"@type":"PropertyValueSpecification","valueRequired":true,"valueName":"search_term_string"}}],"inLanguage":"es"},{"@type":"Person","@id":"https:\/\/www.sindmoveis.com.br\/es\/#\/schema\/person\/16d379542db1950a17fe188179340d57","name":"Imprensa Sindm\u00f3veis","image":{"@type":"ImageObject","inLanguage":"es","@id":"https:\/\/www.sindmoveis.com.br\/es\/#\/schema\/person\/image\/","url":"https:\/\/secure.gravatar.com\/avatar\/4973e2e2c2a0cb5db30b0c7b770041b8e33d048a16b695a1f99c042449d4bfaf?s=96&d=mm&r=g","contentUrl":"https:\/\/secure.gravatar.com\/avatar\/4973e2e2c2a0cb5db30b0c7b770041b8e33d048a16b695a1f99c042449d4bfaf?s=96&d=mm&r=g","caption":"Imprensa Sindm\u00f3veis"},"url":"https:\/\/www.sindmoveis.com.br\/es\/author\/ana\/"}]}},"_links":{"self":[{"href":"https:\/\/www.sindmoveis.com.br\/es\/wp-json\/wp\/v2\/posts\/1309","targetHints":{"allow":["GET"]}}],"collection":[{"href":"https:\/\/www.sindmoveis.com.br\/es\/wp-json\/wp\/v2\/posts"}],"about":[{"href":"https:\/\/www.sindmoveis.com.br\/es\/wp-json\/wp\/v2\/types\/post"}],"author":[{"embeddable":true,"href":"https:\/\/www.sindmoveis.com.br\/es\/wp-json\/wp\/v2\/users\/5"}],"replies":[{"embeddable":true,"href":"https:\/\/www.sindmoveis.com.br\/es\/wp-json\/wp\/v2\/comments?post=1309"}],"version-history":[{"count":2,"href":"https:\/\/www.sindmoveis.com.br\/es\/wp-json\/wp\/v2\/posts\/1309\/revisions"}],"predecessor-version":[{"id":3627,"href":"https:\/\/www.sindmoveis.com.br\/es\/wp-json\/wp\/v2\/posts\/1309\/revisions\/3627"}],"wp:featuredmedia":[{"embeddable":true,"href":"https:\/\/www.sindmoveis.com.br\/es\/wp-json\/wp\/v2\/media\/3628"}],"wp:attachment":[{"href":"https:\/\/www.sindmoveis.com.br\/es\/wp-json\/wp\/v2\/media?parent=1309"}],"wp:term":[{"taxonomy":"category","embeddable":true,"href":"https:\/\/www.sindmoveis.com.br\/es\/wp-json\/wp\/v2\/categories?post=1309"},{"taxonomy":"post_tag","embeddable":true,"href":"https:\/\/www.sindmoveis.com.br\/es\/wp-json\/wp\/v2\/tags?post=1309"}],"curies":[{"name":"wp","href":"https:\/\/api.w.org\/{rel}","templated":true}]}}