{"id":1308,"date":"2017-08-03T00:00:00","date_gmt":"2017-08-03T03:00:00","guid":{"rendered":"http:\/\/sindmoveis.com.br\/imprensa\/noticias\/premio-salao-design-mostra-na-high-design-expo-marca-inicio-das-inscricoes-para-a-proxima-edicao\/"},"modified":"2021-05-26T10:27:47","modified_gmt":"2021-05-26T13:27:47","slug":"premio-salao-design-mostra-na-high-design-expo-marca-inicio-das-inscricoes-para-a-proxima-edicao","status":"publish","type":"post","link":"https:\/\/www.sindmoveis.com.br\/es\/premio-salao-design-mostra-na-high-design-expo-marca-inicio-das-inscricoes-para-a-proxima-edicao\/","title":{"rendered":"Premio Sal\u00e3o Design: muestra en High Design Expo  marca inicio de las inscripciones para la pr\u00f3xima edici\u00f3n"},"content":{"rendered":"<p>El mayor de Am&eacute;rica Latina, como la Catedral Metropolitana de M&eacute;xico, el Rio Amazonas o el Pico Aconcagua. As&iacute; es el Premio Sal&atilde;o Design, que abre la pr&oacute;xima semana las inscripciones para una edici&oacute;n m&aacute;s que especial, marcando los 30 a&ntilde;os de su realizaci&oacute;n por el Sindicato de las Industrias del Mobiliario de Bento Gon&ccedil;alves &ndash; (Sindm&oacute;veis). El concurso, que incentiva la creatividad, esp&iacute;ritu emprendedor e innovaci&oacute;n tecnol&oacute;gica por medio del dise&ntilde;o, recibir&aacute; inscripciones de muebles y complementos de 08 de agosto a 02 de octubre.&nbsp;<\/p>\n<p>El gran cambio de esta edici&oacute;n es la extinci&oacute;n de las categor&iacute;as que hasta entonces agrupaban los concurrentes. En 2018, cada modalidad (Estudiante, Profesional e Industria\/Ventas al por menor) tendr&aacute; primer, segundo y tercer lugares, premiados con R$ 12 mil, R$ 8 mil y R$ 6 mil, respectivamente. Ser&aacute;n concedidos, tambi&eacute;n, tres s&uacute;per premios&nbsp; para los mejores productos de la edici&oacute;n, independiente de su modalidad: R$ 20 mil, R$ 15 mil y R$ 12 mil.<\/p>\n<p>La escogencia de los premiados ser&aacute; hecha en dos etapas por una comisi&oacute;n juzgadora integrada por cinco profesionales y acad&eacute;micos. En un primer momento, los concurrentes inscriben proyectos gr&aacute;ficos para evaluaci&oacute;n de los jurados, que determinan un conjunto de finalistas. Esos finalistas env&iacute;an sus piezas en tama&ntilde;o real&nbsp; para el juicio final y anuncio de los vencedores.<\/p>\n<p>Como de costumbre desde 1996, todos los proyectos inscritos en el Premio Sal&atilde;o Design autom&aacute;ticamente concurren tambi&eacute;n al Premio Maderas Alternativas, categor&iacute;a especial en asociaci&oacute;n con el Servicio Forestal Brasile&ntilde;o que reconoce el trabajo de los dise&ntilde;adores en el uso de especies no muy utilizadas. El vencedor de esa categor&iacute;a recibe trofeo especial y expedici&oacute;n de una semana por las dependencias del Laboratorio de Productos Forestales del SBF y &aacute;reas de manejo sostenible y aprovechamiento de madera en Amazonia.<\/p>\n<p>Con patrocinio de Berneck e Interprint, el Premio Sal&atilde;o Design 2018 tendr&aacute; dos muestras de productos: en marzo, durante la feria Movelsul Brasil (donde tambi&eacute;n ocurrir&aacute; la ceremonia de premiaci&oacute;n), y en agosto, en High Design &#8211; Home &amp; Office Expo.<\/p>\n<p>Para m&aacute;s informaciones, inscripciones y download del reglamento, acceda a <a href=\"http:\/\/www.salaodesign.com.br\/\">www.salaodesign.com.br<\/a>.<\/p>\n<p>&nbsp;<\/p>\n<p><strong>Visite la muestra de los agraciados en el Premio Sal&atilde;o Design 2017 durante&nbsp; High Design Home &amp; Office Expo <\/strong><\/p>\n<p>&nbsp;<\/p>\n<p><strong>Servicio:<\/strong><\/p>\n<p>&nbsp;<\/p>\n<p><strong>HIGH DESIGN &ndash; Home &amp; Office Expo<\/strong><\/p>\n<p><strong>Fecha: <\/strong>8 a 10 de agosto de 2017, de las 10h a las 20h<\/p>\n<p><strong>Local: <\/strong>S&atilde;o Paulo Expo Exhibition &amp; Convention Center &ndash; Rodovia dos Imigrantes, Km 1,5<\/p>\n<p><strong>Informaciones y acreditaci&oacute;n: <\/strong><a href=\"http:\/\/www.highdesignexpo.com\/\">www.highdesignexpo.com<\/a><\/p>\n","protected":false},"excerpt":{"rendered":"<p>En una realizaci\u00f3n de Sindm\u00f3veis Bento Gon\u00e7alves, premiaci\u00f3n conmemora sus 30 a\u00f1os en 2018<\/p>\n","protected":false},"author":5,"featured_media":3626,"comment_status":"closed","ping_status":"open","sticky":false,"template":"","format":"standard","meta":{"footnotes":"","_links_to":"","_links_to_target":""},"categories":[21,2],"tags":[],"class_list":["post-1308","post","type-post","status-publish","format-standard","has-post-thumbnail","hentry","category-premio-salao-design","category-sindmoveis"],"yoast_head":"<!-- This site is optimized with the Yoast SEO plugin v27.0 - https:\/\/yoast.com\/product\/yoast-seo-wordpress\/ -->\n<title>Premio Sal\u00e3o Design: muestra en High Design Expo marca inicio de las inscripciones para la pr\u00f3xima edici\u00f3n - Sindm\u00f3veis-RS<\/title>\n<meta name=\"robots\" content=\"index, follow, max-snippet:-1, max-image-preview:large, max-video-preview:-1\" \/>\n<link rel=\"canonical\" href=\"https:\/\/www.sindmoveis.com.br\/es\/premio-salao-design-mostra-na-high-design-expo-marca-inicio-das-inscricoes-para-a-proxima-edicao\/\" \/>\n<meta property=\"og:locale\" content=\"es_ES\" \/>\n<meta property=\"og:type\" content=\"article\" \/>\n<meta property=\"og:title\" content=\"Premio Sal\u00e3o Design: muestra en High Design Expo marca inicio de las inscripciones para la pr\u00f3xima edici\u00f3n - Sindm\u00f3veis-RS\" \/>\n<meta property=\"og:description\" content=\"En una realizaci\u00f3n de Sindm\u00f3veis Bento Gon\u00e7alves, premiaci\u00f3n conmemora sus 30 a\u00f1os en 2018\" \/>\n<meta property=\"og:url\" content=\"https:\/\/www.sindmoveis.com.br\/es\/premio-salao-design-mostra-na-high-design-expo-marca-inicio-das-inscricoes-para-a-proxima-edicao\/\" \/>\n<meta property=\"og:site_name\" content=\"Sindm\u00f3veis-RS\" \/>\n<meta property=\"article:published_time\" content=\"2017-08-03T03:00:00+00:00\" \/>\n<meta property=\"article:modified_time\" content=\"2021-05-26T13:27:47+00:00\" \/>\n<meta property=\"og:image\" content=\"https:\/\/www.sindmoveis.com.br\/es\/wp-content\/uploads\/2021\/05\/p1501787781.jpg\" \/>\n\t<meta property=\"og:image:width\" content=\"1181\" \/>\n\t<meta property=\"og:image:height\" content=\"838\" \/>\n\t<meta property=\"og:image:type\" content=\"image\/jpeg\" \/>\n<meta name=\"author\" content=\"Imprensa Sindm\u00f3veis\" \/>\n<meta name=\"twitter:card\" content=\"summary_large_image\" \/>\n<meta name=\"twitter:label1\" content=\"Escrito por\" \/>\n\t<meta name=\"twitter:data1\" content=\"Imprensa Sindm\u00f3veis\" \/>\n\t<meta name=\"twitter:label2\" content=\"Tiempo de lectura\" \/>\n\t<meta name=\"twitter:data2\" content=\"2 minutos\" \/>\n<script type=\"application\/ld+json\" class=\"yoast-schema-graph\">{\"@context\":\"https:\/\/schema.org\",\"@graph\":[{\"@type\":\"Article\",\"@id\":\"https:\/\/www.sindmoveis.com.br\/es\/premio-salao-design-mostra-na-high-design-expo-marca-inicio-das-inscricoes-para-a-proxima-edicao\/#article\",\"isPartOf\":{\"@id\":\"https:\/\/www.sindmoveis.com.br\/es\/premio-salao-design-mostra-na-high-design-expo-marca-inicio-das-inscricoes-para-a-proxima-edicao\/\"},\"author\":{\"name\":\"Imprensa Sindm\u00f3veis\",\"@id\":\"https:\/\/www.sindmoveis.com.br\/es\/#\/schema\/person\/16d379542db1950a17fe188179340d57\"},\"headline\":\"Premio Sal\u00e3o Design: muestra en High Design Expo marca inicio de las inscripciones para la pr\u00f3xima edici\u00f3n\",\"datePublished\":\"2017-08-03T03:00:00+00:00\",\"dateModified\":\"2021-05-26T13:27:47+00:00\",\"mainEntityOfPage\":{\"@id\":\"https:\/\/www.sindmoveis.com.br\/es\/premio-salao-design-mostra-na-high-design-expo-marca-inicio-das-inscricoes-para-a-proxima-edicao\/\"},\"wordCount\":517,\"image\":{\"@id\":\"https:\/\/www.sindmoveis.com.br\/es\/premio-salao-design-mostra-na-high-design-expo-marca-inicio-das-inscricoes-para-a-proxima-edicao\/#primaryimage\"},\"thumbnailUrl\":\"https:\/\/www.sindmoveis.com.br\/es\/wp-content\/uploads\/2021\/05\/p1501787781.jpg\",\"articleSection\":[\"Premio Sal\u00e3o Design\",\"Sindm\u00f3veis\"],\"inLanguage\":\"es\"},{\"@type\":\"WebPage\",\"@id\":\"https:\/\/www.sindmoveis.com.br\/es\/premio-salao-design-mostra-na-high-design-expo-marca-inicio-das-inscricoes-para-a-proxima-edicao\/\",\"url\":\"https:\/\/www.sindmoveis.com.br\/es\/premio-salao-design-mostra-na-high-design-expo-marca-inicio-das-inscricoes-para-a-proxima-edicao\/\",\"name\":\"Premio Sal\u00e3o Design: muestra en High Design Expo marca inicio de las inscripciones para la pr\u00f3xima edici\u00f3n - Sindm\u00f3veis-RS\",\"isPartOf\":{\"@id\":\"https:\/\/www.sindmoveis.com.br\/es\/#website\"},\"primaryImageOfPage\":{\"@id\":\"https:\/\/www.sindmoveis.com.br\/es\/premio-salao-design-mostra-na-high-design-expo-marca-inicio-das-inscricoes-para-a-proxima-edicao\/#primaryimage\"},\"image\":{\"@id\":\"https:\/\/www.sindmoveis.com.br\/es\/premio-salao-design-mostra-na-high-design-expo-marca-inicio-das-inscricoes-para-a-proxima-edicao\/#primaryimage\"},\"thumbnailUrl\":\"https:\/\/www.sindmoveis.com.br\/es\/wp-content\/uploads\/2021\/05\/p1501787781.jpg\",\"datePublished\":\"2017-08-03T03:00:00+00:00\",\"dateModified\":\"2021-05-26T13:27:47+00:00\",\"author\":{\"@id\":\"https:\/\/www.sindmoveis.com.br\/es\/#\/schema\/person\/16d379542db1950a17fe188179340d57\"},\"inLanguage\":\"es\",\"potentialAction\":[{\"@type\":\"ReadAction\",\"target\":[\"https:\/\/www.sindmoveis.com.br\/es\/premio-salao-design-mostra-na-high-design-expo-marca-inicio-das-inscricoes-para-a-proxima-edicao\/\"]}]},{\"@type\":\"ImageObject\",\"inLanguage\":\"es\",\"@id\":\"https:\/\/www.sindmoveis.com.br\/es\/premio-salao-design-mostra-na-high-design-expo-marca-inicio-das-inscricoes-para-a-proxima-edicao\/#primaryimage\",\"url\":\"https:\/\/www.sindmoveis.com.br\/es\/wp-content\/uploads\/2021\/05\/p1501787781.jpg\",\"contentUrl\":\"https:\/\/www.sindmoveis.com.br\/es\/wp-content\/uploads\/2021\/05\/p1501787781.jpg\",\"width\":1181,\"height\":838},{\"@type\":\"WebSite\",\"@id\":\"https:\/\/www.sindmoveis.com.br\/es\/#website\",\"url\":\"https:\/\/www.sindmoveis.com.br\/es\/\",\"name\":\"Sindm\u00f3veis-RS\",\"description\":\"\",\"potentialAction\":[{\"@type\":\"SearchAction\",\"target\":{\"@type\":\"EntryPoint\",\"urlTemplate\":\"https:\/\/www.sindmoveis.com.br\/es\/?s={search_term_string}\"},\"query-input\":{\"@type\":\"PropertyValueSpecification\",\"valueRequired\":true,\"valueName\":\"search_term_string\"}}],\"inLanguage\":\"es\"},{\"@type\":\"Person\",\"@id\":\"https:\/\/www.sindmoveis.com.br\/es\/#\/schema\/person\/16d379542db1950a17fe188179340d57\",\"name\":\"Imprensa Sindm\u00f3veis\",\"image\":{\"@type\":\"ImageObject\",\"inLanguage\":\"es\",\"@id\":\"https:\/\/www.sindmoveis.com.br\/es\/#\/schema\/person\/image\/\",\"url\":\"https:\/\/secure.gravatar.com\/avatar\/4973e2e2c2a0cb5db30b0c7b770041b8e33d048a16b695a1f99c042449d4bfaf?s=96&d=mm&r=g\",\"contentUrl\":\"https:\/\/secure.gravatar.com\/avatar\/4973e2e2c2a0cb5db30b0c7b770041b8e33d048a16b695a1f99c042449d4bfaf?s=96&d=mm&r=g\",\"caption\":\"Imprensa Sindm\u00f3veis\"},\"url\":\"https:\/\/www.sindmoveis.com.br\/es\/author\/ana\/\"}]}<\/script>\n<!-- \/ Yoast SEO plugin. -->","yoast_head_json":{"title":"Premio Sal\u00e3o Design: muestra en High Design Expo marca inicio de las inscripciones para la pr\u00f3xima edici\u00f3n - Sindm\u00f3veis-RS","robots":{"index":"index","follow":"follow","max-snippet":"max-snippet:-1","max-image-preview":"max-image-preview:large","max-video-preview":"max-video-preview:-1"},"canonical":"https:\/\/www.sindmoveis.com.br\/es\/premio-salao-design-mostra-na-high-design-expo-marca-inicio-das-inscricoes-para-a-proxima-edicao\/","og_locale":"es_ES","og_type":"article","og_title":"Premio Sal\u00e3o Design: muestra en High Design Expo marca inicio de las inscripciones para la pr\u00f3xima edici\u00f3n - Sindm\u00f3veis-RS","og_description":"En una realizaci\u00f3n de Sindm\u00f3veis Bento Gon\u00e7alves, premiaci\u00f3n conmemora sus 30 a\u00f1os en 2018","og_url":"https:\/\/www.sindmoveis.com.br\/es\/premio-salao-design-mostra-na-high-design-expo-marca-inicio-das-inscricoes-para-a-proxima-edicao\/","og_site_name":"Sindm\u00f3veis-RS","article_published_time":"2017-08-03T03:00:00+00:00","article_modified_time":"2021-05-26T13:27:47+00:00","og_image":[{"width":1181,"height":838,"url":"https:\/\/www.sindmoveis.com.br\/es\/wp-content\/uploads\/2021\/05\/p1501787781.jpg","type":"image\/jpeg"}],"author":"Imprensa Sindm\u00f3veis","twitter_card":"summary_large_image","twitter_misc":{"Escrito por":"Imprensa Sindm\u00f3veis","Tiempo de lectura":"2 minutos"},"schema":{"@context":"https:\/\/schema.org","@graph":[{"@type":"Article","@id":"https:\/\/www.sindmoveis.com.br\/es\/premio-salao-design-mostra-na-high-design-expo-marca-inicio-das-inscricoes-para-a-proxima-edicao\/#article","isPartOf":{"@id":"https:\/\/www.sindmoveis.com.br\/es\/premio-salao-design-mostra-na-high-design-expo-marca-inicio-das-inscricoes-para-a-proxima-edicao\/"},"author":{"name":"Imprensa Sindm\u00f3veis","@id":"https:\/\/www.sindmoveis.com.br\/es\/#\/schema\/person\/16d379542db1950a17fe188179340d57"},"headline":"Premio Sal\u00e3o Design: muestra en High Design Expo marca inicio de las inscripciones para la pr\u00f3xima edici\u00f3n","datePublished":"2017-08-03T03:00:00+00:00","dateModified":"2021-05-26T13:27:47+00:00","mainEntityOfPage":{"@id":"https:\/\/www.sindmoveis.com.br\/es\/premio-salao-design-mostra-na-high-design-expo-marca-inicio-das-inscricoes-para-a-proxima-edicao\/"},"wordCount":517,"image":{"@id":"https:\/\/www.sindmoveis.com.br\/es\/premio-salao-design-mostra-na-high-design-expo-marca-inicio-das-inscricoes-para-a-proxima-edicao\/#primaryimage"},"thumbnailUrl":"https:\/\/www.sindmoveis.com.br\/es\/wp-content\/uploads\/2021\/05\/p1501787781.jpg","articleSection":["Premio Sal\u00e3o Design","Sindm\u00f3veis"],"inLanguage":"es"},{"@type":"WebPage","@id":"https:\/\/www.sindmoveis.com.br\/es\/premio-salao-design-mostra-na-high-design-expo-marca-inicio-das-inscricoes-para-a-proxima-edicao\/","url":"https:\/\/www.sindmoveis.com.br\/es\/premio-salao-design-mostra-na-high-design-expo-marca-inicio-das-inscricoes-para-a-proxima-edicao\/","name":"Premio Sal\u00e3o Design: muestra en High Design Expo marca inicio de las inscripciones para la pr\u00f3xima edici\u00f3n - Sindm\u00f3veis-RS","isPartOf":{"@id":"https:\/\/www.sindmoveis.com.br\/es\/#website"},"primaryImageOfPage":{"@id":"https:\/\/www.sindmoveis.com.br\/es\/premio-salao-design-mostra-na-high-design-expo-marca-inicio-das-inscricoes-para-a-proxima-edicao\/#primaryimage"},"image":{"@id":"https:\/\/www.sindmoveis.com.br\/es\/premio-salao-design-mostra-na-high-design-expo-marca-inicio-das-inscricoes-para-a-proxima-edicao\/#primaryimage"},"thumbnailUrl":"https:\/\/www.sindmoveis.com.br\/es\/wp-content\/uploads\/2021\/05\/p1501787781.jpg","datePublished":"2017-08-03T03:00:00+00:00","dateModified":"2021-05-26T13:27:47+00:00","author":{"@id":"https:\/\/www.sindmoveis.com.br\/es\/#\/schema\/person\/16d379542db1950a17fe188179340d57"},"inLanguage":"es","potentialAction":[{"@type":"ReadAction","target":["https:\/\/www.sindmoveis.com.br\/es\/premio-salao-design-mostra-na-high-design-expo-marca-inicio-das-inscricoes-para-a-proxima-edicao\/"]}]},{"@type":"ImageObject","inLanguage":"es","@id":"https:\/\/www.sindmoveis.com.br\/es\/premio-salao-design-mostra-na-high-design-expo-marca-inicio-das-inscricoes-para-a-proxima-edicao\/#primaryimage","url":"https:\/\/www.sindmoveis.com.br\/es\/wp-content\/uploads\/2021\/05\/p1501787781.jpg","contentUrl":"https:\/\/www.sindmoveis.com.br\/es\/wp-content\/uploads\/2021\/05\/p1501787781.jpg","width":1181,"height":838},{"@type":"WebSite","@id":"https:\/\/www.sindmoveis.com.br\/es\/#website","url":"https:\/\/www.sindmoveis.com.br\/es\/","name":"Sindm\u00f3veis-RS","description":"","potentialAction":[{"@type":"SearchAction","target":{"@type":"EntryPoint","urlTemplate":"https:\/\/www.sindmoveis.com.br\/es\/?s={search_term_string}"},"query-input":{"@type":"PropertyValueSpecification","valueRequired":true,"valueName":"search_term_string"}}],"inLanguage":"es"},{"@type":"Person","@id":"https:\/\/www.sindmoveis.com.br\/es\/#\/schema\/person\/16d379542db1950a17fe188179340d57","name":"Imprensa Sindm\u00f3veis","image":{"@type":"ImageObject","inLanguage":"es","@id":"https:\/\/www.sindmoveis.com.br\/es\/#\/schema\/person\/image\/","url":"https:\/\/secure.gravatar.com\/avatar\/4973e2e2c2a0cb5db30b0c7b770041b8e33d048a16b695a1f99c042449d4bfaf?s=96&d=mm&r=g","contentUrl":"https:\/\/secure.gravatar.com\/avatar\/4973e2e2c2a0cb5db30b0c7b770041b8e33d048a16b695a1f99c042449d4bfaf?s=96&d=mm&r=g","caption":"Imprensa Sindm\u00f3veis"},"url":"https:\/\/www.sindmoveis.com.br\/es\/author\/ana\/"}]}},"_links":{"self":[{"href":"https:\/\/www.sindmoveis.com.br\/es\/wp-json\/wp\/v2\/posts\/1308","targetHints":{"allow":["GET"]}}],"collection":[{"href":"https:\/\/www.sindmoveis.com.br\/es\/wp-json\/wp\/v2\/posts"}],"about":[{"href":"https:\/\/www.sindmoveis.com.br\/es\/wp-json\/wp\/v2\/types\/post"}],"author":[{"embeddable":true,"href":"https:\/\/www.sindmoveis.com.br\/es\/wp-json\/wp\/v2\/users\/5"}],"replies":[{"embeddable":true,"href":"https:\/\/www.sindmoveis.com.br\/es\/wp-json\/wp\/v2\/comments?post=1308"}],"version-history":[{"count":2,"href":"https:\/\/www.sindmoveis.com.br\/es\/wp-json\/wp\/v2\/posts\/1308\/revisions"}],"predecessor-version":[{"id":3625,"href":"https:\/\/www.sindmoveis.com.br\/es\/wp-json\/wp\/v2\/posts\/1308\/revisions\/3625"}],"wp:featuredmedia":[{"embeddable":true,"href":"https:\/\/www.sindmoveis.com.br\/es\/wp-json\/wp\/v2\/media\/3626"}],"wp:attachment":[{"href":"https:\/\/www.sindmoveis.com.br\/es\/wp-json\/wp\/v2\/media?parent=1308"}],"wp:term":[{"taxonomy":"category","embeddable":true,"href":"https:\/\/www.sindmoveis.com.br\/es\/wp-json\/wp\/v2\/categories?post=1308"},{"taxonomy":"post_tag","embeddable":true,"href":"https:\/\/www.sindmoveis.com.br\/es\/wp-json\/wp\/v2\/tags?post=1308"}],"curies":[{"name":"wp","href":"https:\/\/api.w.org\/{rel}","templated":true}]}}