{"id":1304,"date":"2017-07-24T00:00:00","date_gmt":"2017-07-24T03:00:00","guid":{"rendered":"http:\/\/sindmoveis.com.br\/imprensa\/noticias\/high-design-expo-premio-salao-design-premia-seus-vencedores-no-dia-9\/"},"modified":"2021-05-26T10:27:47","modified_gmt":"2021-05-26T13:27:47","slug":"high-design-expo-premio-salao-design-premia-seus-vencedores-no-dia-9","status":"publish","type":"post","link":"https:\/\/www.sindmoveis.com.br\/es\/high-design-expo-premio-salao-design-premia-seus-vencedores-no-dia-9\/","title":{"rendered":"High Design Expo: Premio Sal\u00e3o Design premia sus vencedores el d\u00eda 9"},"content":{"rendered":"<p>El Premio Sal&atilde;o Design re&uacute;ne sus jurados, quienes le dan apoyo y premiados para la ceremonia de premiaci&oacute;n de su 21&ordf; edici&oacute;n, que ser&aacute; d&iacute;a 09 de agosto, en la Feria High Design Home &amp; Office Expo, en S&atilde;o Paulo. Al todo, son 11 premios, nueve menciones de honor, tres trofeos, Profesor Orientador y un Premio Maderas Alternativas. La entrega ser&aacute; al final del d&iacute;a, en el stand del premio en la feria.<\/p>\n<p>Pr&oacute;ximo a completar 30 a&ntilde;os de realizaci&oacute;n ininterrumpida por Sindm&oacute;veis Bento Gon&ccedil;alves, el Premio Sal&atilde;o Design se enorgullece de ser un proyecto consolidado de fomento a nuevos talentos, revelando al mercado lo mejor de la producci&oacute;n autoral de mobiliario y complementos. &ldquo;A cada a&ntilde;o, somos sorprendidos por trabajos con identidad resaltante y una armoniosa combinaci&oacute;n de tecnolog&iacute;as de punta con procesos artesanales. Existen centenas de historias de talento y dedicaci&oacute;n por detr&aacute;s de los proyectos inscritos&rdquo;, observa el director del premio, Eduardo Nuncio.<\/p>\n<p>Hasta hoy, el Premio Sal&atilde;o Design ha tenido 13.584 proyectos inscritos. Los jurados de esta edici&oacute;n fueron los dise&ntilde;adores Brunno Jahara, Glaucia Binda, Ivens Fontoura, Nicole Tomazi y Paulo Biacchi &ndash; que evaluaron todos los 776 proyectos inscritos y, despu&eacute;s, los 130 finalistas enviados para apreciaci&oacute;n de la comisi&oacute;n juzgadora. De la etapa final, salieron los 24 contemplados con origen en cuatro pa&iacute;ses: Austria, Brasil, Argentina y Uruguay.<\/p>\n<p>El producto elegido como m&aacute;s innovador en esta edici&oacute;n del premio es una creaci&oacute;n del estudiante de la Pontificia Universidad Cat&oacute;lica PUC-R&iacute;o Daniel Rubens Nasajon y su profesor Claudio Freitas de Magalh&atilde;es. Se trata del cubierto port&aacute;til Biko, considerado por los jurados un excelente objeto de uso cotidiano, democr&aacute;tico, racional y extremadamente comercial. El proyecto consiste en un artefacto plegable en formato de pico, ideal para peque&ntilde;as porciones de alimento.<\/p>\n<p>Conozca todos los proyectos vencedores visitando la muestra del premio de 08 a 10 de agosto en High Design &ndash; Home &amp; Office Expo, la feria ancla de DW! S&atilde;o Paulo Design Weekend. La participaci&oacute;n en el evento tambi&eacute;n da el puntapi&eacute; para las inscripciones del Premio Sal&atilde;o Design 2018, que estar&aacute;n abiertas de 08 de agosto a 02 de octubre.<\/p>\n<p>Para m&aacute;s informaciones, acceda a <a href=\"http:\/\/www.salaodesign.com.br\/\">www.salaodesign.com.br<\/a>.<\/p>\n<p>&nbsp;<\/p>\n<p><strong>Dise&ntilde;adores premiados<\/strong><\/p>\n<p>&nbsp;<\/p>\n<p><strong>Estudiantes<\/strong>: Daniel Ruben Nasajon; Carolina Rocha + L&uacute;cia Correa; Isabela Fraga Raposo; Felipe de Carvalho Madeira<\/p>\n<p>&nbsp;<\/p>\n<p><strong>Profesores<\/strong> <strong>Orientadores<\/strong>: Cl&aacute;udio Freitas de Magalh&atilde;es (PUC Rio); Jos&eacute; Silva (Udelar, Montevideo, URU); Marcelo Massaharu (PUC Rio)<\/p>\n<p>&nbsp;<\/p>\n<p><strong>Profesionales<\/strong>: Plataforma4; Claudio Sibille; Estudio Claro; Ivan de S&aacute; Rezende;&nbsp; Estudio Diario;&nbsp; Eduardo Bor&eacute;m; Mara Luisa K&ouml;ber; Nolli; Do&ntilde;a 3D.COM; Maur&iacute;cio Siquinelli Nakane;<\/p>\n<p>&nbsp;<\/p>\n<p><strong>Industrias<\/strong>: Donaflor Mob&iacute;lia con dise&ntilde;o de Adolini+Simonini; L&iacute;der Interiores con dise&ntilde;o de Vecci e Lansky Arquitetura<\/p>\n<p>&nbsp;<\/p>\n<p><strong>Premio<\/strong> <strong>Maderas<\/strong> <strong>Alternativas<\/strong>: Alfio Lisi<\/p>\n<p><strong>Servicio:<\/strong><\/p>\n<p><strong>HIGH DESIGN &ndash; Home &amp; Office Expo<\/strong><\/p>\n<p>Fecha: 8 a 10 de agosto de 2017, de las 10:00 a las 20:00<\/p>\n<p>Lugar: S&atilde;o Paulo Expo Exhibition &amp; Convention Center &ndash; Rodovia dos Imigrantes, Km 1,5<\/p>\n<p>Informaciones y acreditaci&oacute;n: <a href=\"http:\/\/www.highdesignexpo.com\/\">www.highdesignexpo.com<\/a><\/p>\n","protected":false},"excerpt":{"rendered":"<p>Con 30 a\u00f1os de realizaci\u00f3n por el Sindicato de las Industrias del Mobiliario de Bento Gon\u00e7alves ( Sindm\u00f3veis), este es un proyecto consolidado de fomento a nuevos talentos<\/p>\n","protected":false},"author":5,"featured_media":3624,"comment_status":"closed","ping_status":"open","sticky":false,"template":"","format":"standard","meta":{"footnotes":"","_links_to":"","_links_to_target":""},"categories":[21,2],"tags":[],"class_list":["post-1304","post","type-post","status-publish","format-standard","has-post-thumbnail","hentry","category-premio-salao-design","category-sindmoveis"],"yoast_head":"<!-- This site is optimized with the Yoast SEO plugin v27.0 - https:\/\/yoast.com\/product\/yoast-seo-wordpress\/ -->\n<title>High Design Expo: Premio Sal\u00e3o Design premia sus vencedores el d\u00eda 9 - Sindm\u00f3veis-RS<\/title>\n<meta name=\"robots\" content=\"index, follow, max-snippet:-1, max-image-preview:large, max-video-preview:-1\" \/>\n<link rel=\"canonical\" href=\"https:\/\/www.sindmoveis.com.br\/es\/high-design-expo-premio-salao-design-premia-seus-vencedores-no-dia-9\/\" \/>\n<meta property=\"og:locale\" content=\"es_ES\" \/>\n<meta property=\"og:type\" content=\"article\" \/>\n<meta property=\"og:title\" content=\"High Design Expo: Premio Sal\u00e3o Design premia sus vencedores el d\u00eda 9 - Sindm\u00f3veis-RS\" \/>\n<meta property=\"og:description\" content=\"Con 30 a\u00f1os de realizaci\u00f3n por el Sindicato de las Industrias del Mobiliario de Bento Gon\u00e7alves ( Sindm\u00f3veis), este es un proyecto consolidado de fomento a nuevos talentos\" \/>\n<meta property=\"og:url\" content=\"https:\/\/www.sindmoveis.com.br\/es\/high-design-expo-premio-salao-design-premia-seus-vencedores-no-dia-9\/\" \/>\n<meta property=\"og:site_name\" content=\"Sindm\u00f3veis-RS\" \/>\n<meta property=\"article:published_time\" content=\"2017-07-24T03:00:00+00:00\" \/>\n<meta property=\"article:modified_time\" content=\"2021-05-26T13:27:47+00:00\" \/>\n<meta property=\"og:image\" content=\"https:\/\/www.sindmoveis.com.br\/es\/wp-content\/uploads\/2021\/05\/p1500922771.jpg\" \/>\n\t<meta property=\"og:image:width\" content=\"1140\" \/>\n\t<meta property=\"og:image:height\" content=\"642\" \/>\n\t<meta property=\"og:image:type\" content=\"image\/jpeg\" \/>\n<meta name=\"author\" content=\"Imprensa Sindm\u00f3veis\" \/>\n<meta name=\"twitter:card\" content=\"summary_large_image\" \/>\n<meta name=\"twitter:label1\" content=\"Escrito por\" \/>\n\t<meta name=\"twitter:data1\" content=\"Imprensa Sindm\u00f3veis\" \/>\n\t<meta name=\"twitter:label2\" content=\"Tiempo de lectura\" \/>\n\t<meta name=\"twitter:data2\" content=\"3 minutos\" \/>\n<script type=\"application\/ld+json\" class=\"yoast-schema-graph\">{\"@context\":\"https:\/\/schema.org\",\"@graph\":[{\"@type\":\"Article\",\"@id\":\"https:\/\/www.sindmoveis.com.br\/es\/high-design-expo-premio-salao-design-premia-seus-vencedores-no-dia-9\/#article\",\"isPartOf\":{\"@id\":\"https:\/\/www.sindmoveis.com.br\/es\/high-design-expo-premio-salao-design-premia-seus-vencedores-no-dia-9\/\"},\"author\":{\"name\":\"Imprensa Sindm\u00f3veis\",\"@id\":\"https:\/\/www.sindmoveis.com.br\/es\/#\/schema\/person\/16d379542db1950a17fe188179340d57\"},\"headline\":\"High Design Expo: Premio Sal\u00e3o Design premia sus vencedores el d\u00eda 9\",\"datePublished\":\"2017-07-24T03:00:00+00:00\",\"dateModified\":\"2021-05-26T13:27:47+00:00\",\"mainEntityOfPage\":{\"@id\":\"https:\/\/www.sindmoveis.com.br\/es\/high-design-expo-premio-salao-design-premia-seus-vencedores-no-dia-9\/\"},\"wordCount\":606,\"image\":{\"@id\":\"https:\/\/www.sindmoveis.com.br\/es\/high-design-expo-premio-salao-design-premia-seus-vencedores-no-dia-9\/#primaryimage\"},\"thumbnailUrl\":\"https:\/\/www.sindmoveis.com.br\/es\/wp-content\/uploads\/2021\/05\/p1500922771.jpg\",\"articleSection\":[\"Premio Sal\u00e3o Design\",\"Sindm\u00f3veis\"],\"inLanguage\":\"es\"},{\"@type\":\"WebPage\",\"@id\":\"https:\/\/www.sindmoveis.com.br\/es\/high-design-expo-premio-salao-design-premia-seus-vencedores-no-dia-9\/\",\"url\":\"https:\/\/www.sindmoveis.com.br\/es\/high-design-expo-premio-salao-design-premia-seus-vencedores-no-dia-9\/\",\"name\":\"High Design Expo: Premio Sal\u00e3o Design premia sus vencedores el d\u00eda 9 - Sindm\u00f3veis-RS\",\"isPartOf\":{\"@id\":\"https:\/\/www.sindmoveis.com.br\/es\/#website\"},\"primaryImageOfPage\":{\"@id\":\"https:\/\/www.sindmoveis.com.br\/es\/high-design-expo-premio-salao-design-premia-seus-vencedores-no-dia-9\/#primaryimage\"},\"image\":{\"@id\":\"https:\/\/www.sindmoveis.com.br\/es\/high-design-expo-premio-salao-design-premia-seus-vencedores-no-dia-9\/#primaryimage\"},\"thumbnailUrl\":\"https:\/\/www.sindmoveis.com.br\/es\/wp-content\/uploads\/2021\/05\/p1500922771.jpg\",\"datePublished\":\"2017-07-24T03:00:00+00:00\",\"dateModified\":\"2021-05-26T13:27:47+00:00\",\"author\":{\"@id\":\"https:\/\/www.sindmoveis.com.br\/es\/#\/schema\/person\/16d379542db1950a17fe188179340d57\"},\"inLanguage\":\"es\",\"potentialAction\":[{\"@type\":\"ReadAction\",\"target\":[\"https:\/\/www.sindmoveis.com.br\/es\/high-design-expo-premio-salao-design-premia-seus-vencedores-no-dia-9\/\"]}]},{\"@type\":\"ImageObject\",\"inLanguage\":\"es\",\"@id\":\"https:\/\/www.sindmoveis.com.br\/es\/high-design-expo-premio-salao-design-premia-seus-vencedores-no-dia-9\/#primaryimage\",\"url\":\"https:\/\/www.sindmoveis.com.br\/es\/wp-content\/uploads\/2021\/05\/p1500922771.jpg\",\"contentUrl\":\"https:\/\/www.sindmoveis.com.br\/es\/wp-content\/uploads\/2021\/05\/p1500922771.jpg\",\"width\":1140,\"height\":642},{\"@type\":\"WebSite\",\"@id\":\"https:\/\/www.sindmoveis.com.br\/es\/#website\",\"url\":\"https:\/\/www.sindmoveis.com.br\/es\/\",\"name\":\"Sindm\u00f3veis-RS\",\"description\":\"\",\"potentialAction\":[{\"@type\":\"SearchAction\",\"target\":{\"@type\":\"EntryPoint\",\"urlTemplate\":\"https:\/\/www.sindmoveis.com.br\/es\/?s={search_term_string}\"},\"query-input\":{\"@type\":\"PropertyValueSpecification\",\"valueRequired\":true,\"valueName\":\"search_term_string\"}}],\"inLanguage\":\"es\"},{\"@type\":\"Person\",\"@id\":\"https:\/\/www.sindmoveis.com.br\/es\/#\/schema\/person\/16d379542db1950a17fe188179340d57\",\"name\":\"Imprensa Sindm\u00f3veis\",\"image\":{\"@type\":\"ImageObject\",\"inLanguage\":\"es\",\"@id\":\"https:\/\/www.sindmoveis.com.br\/es\/#\/schema\/person\/image\/\",\"url\":\"https:\/\/secure.gravatar.com\/avatar\/4973e2e2c2a0cb5db30b0c7b770041b8e33d048a16b695a1f99c042449d4bfaf?s=96&d=mm&r=g\",\"contentUrl\":\"https:\/\/secure.gravatar.com\/avatar\/4973e2e2c2a0cb5db30b0c7b770041b8e33d048a16b695a1f99c042449d4bfaf?s=96&d=mm&r=g\",\"caption\":\"Imprensa Sindm\u00f3veis\"},\"url\":\"https:\/\/www.sindmoveis.com.br\/es\/author\/ana\/\"}]}<\/script>\n<!-- \/ Yoast SEO plugin. -->","yoast_head_json":{"title":"High Design Expo: Premio Sal\u00e3o Design premia sus vencedores el d\u00eda 9 - Sindm\u00f3veis-RS","robots":{"index":"index","follow":"follow","max-snippet":"max-snippet:-1","max-image-preview":"max-image-preview:large","max-video-preview":"max-video-preview:-1"},"canonical":"https:\/\/www.sindmoveis.com.br\/es\/high-design-expo-premio-salao-design-premia-seus-vencedores-no-dia-9\/","og_locale":"es_ES","og_type":"article","og_title":"High Design Expo: Premio Sal\u00e3o Design premia sus vencedores el d\u00eda 9 - Sindm\u00f3veis-RS","og_description":"Con 30 a\u00f1os de realizaci\u00f3n por el Sindicato de las Industrias del Mobiliario de Bento Gon\u00e7alves ( Sindm\u00f3veis), este es un proyecto consolidado de fomento a nuevos talentos","og_url":"https:\/\/www.sindmoveis.com.br\/es\/high-design-expo-premio-salao-design-premia-seus-vencedores-no-dia-9\/","og_site_name":"Sindm\u00f3veis-RS","article_published_time":"2017-07-24T03:00:00+00:00","article_modified_time":"2021-05-26T13:27:47+00:00","og_image":[{"width":1140,"height":642,"url":"https:\/\/www.sindmoveis.com.br\/es\/wp-content\/uploads\/2021\/05\/p1500922771.jpg","type":"image\/jpeg"}],"author":"Imprensa Sindm\u00f3veis","twitter_card":"summary_large_image","twitter_misc":{"Escrito por":"Imprensa Sindm\u00f3veis","Tiempo de lectura":"3 minutos"},"schema":{"@context":"https:\/\/schema.org","@graph":[{"@type":"Article","@id":"https:\/\/www.sindmoveis.com.br\/es\/high-design-expo-premio-salao-design-premia-seus-vencedores-no-dia-9\/#article","isPartOf":{"@id":"https:\/\/www.sindmoveis.com.br\/es\/high-design-expo-premio-salao-design-premia-seus-vencedores-no-dia-9\/"},"author":{"name":"Imprensa Sindm\u00f3veis","@id":"https:\/\/www.sindmoveis.com.br\/es\/#\/schema\/person\/16d379542db1950a17fe188179340d57"},"headline":"High Design Expo: Premio Sal\u00e3o Design premia sus vencedores el d\u00eda 9","datePublished":"2017-07-24T03:00:00+00:00","dateModified":"2021-05-26T13:27:47+00:00","mainEntityOfPage":{"@id":"https:\/\/www.sindmoveis.com.br\/es\/high-design-expo-premio-salao-design-premia-seus-vencedores-no-dia-9\/"},"wordCount":606,"image":{"@id":"https:\/\/www.sindmoveis.com.br\/es\/high-design-expo-premio-salao-design-premia-seus-vencedores-no-dia-9\/#primaryimage"},"thumbnailUrl":"https:\/\/www.sindmoveis.com.br\/es\/wp-content\/uploads\/2021\/05\/p1500922771.jpg","articleSection":["Premio Sal\u00e3o Design","Sindm\u00f3veis"],"inLanguage":"es"},{"@type":"WebPage","@id":"https:\/\/www.sindmoveis.com.br\/es\/high-design-expo-premio-salao-design-premia-seus-vencedores-no-dia-9\/","url":"https:\/\/www.sindmoveis.com.br\/es\/high-design-expo-premio-salao-design-premia-seus-vencedores-no-dia-9\/","name":"High Design Expo: Premio Sal\u00e3o Design premia sus vencedores el d\u00eda 9 - Sindm\u00f3veis-RS","isPartOf":{"@id":"https:\/\/www.sindmoveis.com.br\/es\/#website"},"primaryImageOfPage":{"@id":"https:\/\/www.sindmoveis.com.br\/es\/high-design-expo-premio-salao-design-premia-seus-vencedores-no-dia-9\/#primaryimage"},"image":{"@id":"https:\/\/www.sindmoveis.com.br\/es\/high-design-expo-premio-salao-design-premia-seus-vencedores-no-dia-9\/#primaryimage"},"thumbnailUrl":"https:\/\/www.sindmoveis.com.br\/es\/wp-content\/uploads\/2021\/05\/p1500922771.jpg","datePublished":"2017-07-24T03:00:00+00:00","dateModified":"2021-05-26T13:27:47+00:00","author":{"@id":"https:\/\/www.sindmoveis.com.br\/es\/#\/schema\/person\/16d379542db1950a17fe188179340d57"},"inLanguage":"es","potentialAction":[{"@type":"ReadAction","target":["https:\/\/www.sindmoveis.com.br\/es\/high-design-expo-premio-salao-design-premia-seus-vencedores-no-dia-9\/"]}]},{"@type":"ImageObject","inLanguage":"es","@id":"https:\/\/www.sindmoveis.com.br\/es\/high-design-expo-premio-salao-design-premia-seus-vencedores-no-dia-9\/#primaryimage","url":"https:\/\/www.sindmoveis.com.br\/es\/wp-content\/uploads\/2021\/05\/p1500922771.jpg","contentUrl":"https:\/\/www.sindmoveis.com.br\/es\/wp-content\/uploads\/2021\/05\/p1500922771.jpg","width":1140,"height":642},{"@type":"WebSite","@id":"https:\/\/www.sindmoveis.com.br\/es\/#website","url":"https:\/\/www.sindmoveis.com.br\/es\/","name":"Sindm\u00f3veis-RS","description":"","potentialAction":[{"@type":"SearchAction","target":{"@type":"EntryPoint","urlTemplate":"https:\/\/www.sindmoveis.com.br\/es\/?s={search_term_string}"},"query-input":{"@type":"PropertyValueSpecification","valueRequired":true,"valueName":"search_term_string"}}],"inLanguage":"es"},{"@type":"Person","@id":"https:\/\/www.sindmoveis.com.br\/es\/#\/schema\/person\/16d379542db1950a17fe188179340d57","name":"Imprensa Sindm\u00f3veis","image":{"@type":"ImageObject","inLanguage":"es","@id":"https:\/\/www.sindmoveis.com.br\/es\/#\/schema\/person\/image\/","url":"https:\/\/secure.gravatar.com\/avatar\/4973e2e2c2a0cb5db30b0c7b770041b8e33d048a16b695a1f99c042449d4bfaf?s=96&d=mm&r=g","contentUrl":"https:\/\/secure.gravatar.com\/avatar\/4973e2e2c2a0cb5db30b0c7b770041b8e33d048a16b695a1f99c042449d4bfaf?s=96&d=mm&r=g","caption":"Imprensa Sindm\u00f3veis"},"url":"https:\/\/www.sindmoveis.com.br\/es\/author\/ana\/"}]}},"_links":{"self":[{"href":"https:\/\/www.sindmoveis.com.br\/es\/wp-json\/wp\/v2\/posts\/1304","targetHints":{"allow":["GET"]}}],"collection":[{"href":"https:\/\/www.sindmoveis.com.br\/es\/wp-json\/wp\/v2\/posts"}],"about":[{"href":"https:\/\/www.sindmoveis.com.br\/es\/wp-json\/wp\/v2\/types\/post"}],"author":[{"embeddable":true,"href":"https:\/\/www.sindmoveis.com.br\/es\/wp-json\/wp\/v2\/users\/5"}],"replies":[{"embeddable":true,"href":"https:\/\/www.sindmoveis.com.br\/es\/wp-json\/wp\/v2\/comments?post=1304"}],"version-history":[{"count":2,"href":"https:\/\/www.sindmoveis.com.br\/es\/wp-json\/wp\/v2\/posts\/1304\/revisions"}],"predecessor-version":[{"id":3623,"href":"https:\/\/www.sindmoveis.com.br\/es\/wp-json\/wp\/v2\/posts\/1304\/revisions\/3623"}],"wp:featuredmedia":[{"embeddable":true,"href":"https:\/\/www.sindmoveis.com.br\/es\/wp-json\/wp\/v2\/media\/3624"}],"wp:attachment":[{"href":"https:\/\/www.sindmoveis.com.br\/es\/wp-json\/wp\/v2\/media?parent=1304"}],"wp:term":[{"taxonomy":"category","embeddable":true,"href":"https:\/\/www.sindmoveis.com.br\/es\/wp-json\/wp\/v2\/categories?post=1304"},{"taxonomy":"post_tag","embeddable":true,"href":"https:\/\/www.sindmoveis.com.br\/es\/wp-json\/wp\/v2\/tags?post=1304"}],"curies":[{"name":"wp","href":"https:\/\/api.w.org\/{rel}","templated":true}]}}