{"id":1303,"date":"2017-07-17T00:00:00","date_gmt":"2017-07-17T03:00:00","guid":{"rendered":"http:\/\/sindmoveis.com.br\/imprensa\/noticias\/designers-brasileiros-terao-rodadas-de-negocios-com-importadores-na-high-design-expo\/"},"modified":"2021-05-26T10:24:23","modified_gmt":"2021-05-26T13:24:23","slug":"designers-brasileiros-terao-rodadas-de-negocios-com-importadores-na-high-design-expo","status":"publish","type":"post","link":"https:\/\/www.sindmoveis.com.br\/es\/designers-brasileiros-terao-rodadas-de-negocios-com-importadores-na-high-design-expo\/","title":{"rendered":"Dise\u00f1adores brasile\u00f1os tendr\u00e1n rondas de negocios con importadores en High Design Expo"},"content":{"rendered":"<p>El Proyecto Ra&iacute;z de incentivo a la internacionalizaci&oacute;n de dise&ntilde;adores nacionales, promovido por el Sindicato de las Industrias del Mobiliario de Bento Gon&ccedil;alves (Sindm&oacute;veis) y por la Agencia Brasile&ntilde;a de Promoci&oacute;n de Exportaciones e Inversiones (Apex-Brasil), participa de la segunda edici&oacute;n de High Design &ndash; Home &amp; Office Expo, mayor feria de dise&ntilde;o de Am&eacute;rica Latina. El evento es considerado el ancla de la consolidada semana de dise&ntilde;o de S&atilde;o Paulo (DW! S&atilde;o Paulo Design Weekend) y ocurre entre los d&iacute;as 8 y 10 de agosto, en S&atilde;o Paulo Expo Exhibition &amp; Convention Center. En el espacio de exhibici&oacute;n del proyecto en la feria, seis de los 35 dise&ntilde;adores que hacen parte de la iniciativa representan el dise&ntilde;o brasile&ntilde;o con sus creaciones. Son ellos: <strong>Aristeu Pires, Carol Gay, ITENS by Ana Neute, Marta Manente, Ricardo Rangel y Studiopoli.<\/strong><\/p>\n<p>&nbsp;<\/p>\n<p>Adem&aacute;s de la exposici&oacute;n de productos al mercado brasile&ntilde;o, el Proyecto Ra&iacute;z realiza la 1&ordf; Ronda de Negocios Internacionales, acci&oacute;n que establece el contacto entre empresas nacionales y los mayores importadores del ramo. El objetivo es explotar el potencial del servicio del dise&ntilde;ador brasile&ntilde;o en regiones de inter&eacute;s comercial, en especial los mercados americano y europeo, y as&iacute; establecer el primer contacto para futuras ventas en el exterior. Las rondas ser&aacute;n realizadas en las ma&ntilde;anas de los d&iacute;as 08 y 09 de agosto, en el VIP Lounge de la feria, con reuniones de corta duraci&oacute;n que comprenden nueve compradores de todo el mundo. Tanto las empresas expositoras da High Design como los estudios participantes del proyecto Ra&iacute;z, mismo que no est&eacute;n exponiendo, pueden participar.<\/p>\n<p>\nEl cronograma de acciones contin&uacute;a en los d&iacute;as 10 y 11 de agosto. Los compradores internacionales har&aacute;n un tour en los principales <em>showrooms <\/em>&nbsp;con base en S&atilde;o Paulo de los dise&ntilde;adores integrantes del proyecto con la propuesta de reforzar el posicionamiento calificado del servicio brasile&ntilde;o de dise&ntilde;o. Participan de esta acci&oacute;n los estudios <strong>ITENS, Fahrer, Paulo Alves, Noemi Saga Atelier, estudiobola, Carol Gay y Alessandra Delgado Design.<\/strong> El Proyecto Ra&iacute;z intensifica estrategias de posicionamiento del sector en el mercado externo, potencia la utilizaci&oacute;n de contactos e informes de inteligencia comercial para los dise&ntilde;adores, promueve mayor intercambio de informaciones y experiencias entre las empresas, orienta el avance de la promoci&oacute;n y la entrada de estos profesionales en los mercados prioritarios con todo soporte individual.<\/p>\n<p>&nbsp;<\/p>\n<p><strong>HIGH DESIGN &ndash; Home &amp; Office Expo<\/strong><br \/>\nFecha: 8 a 10 de agosto de 2017&nbsp;<br \/>\nLocal: S&atilde;o Paulo Expo Exhibition &amp; Convention Center &ndash; Rod. dos Imigrantes, Km 1,5<br \/>\n<strong>Proyecto Ra&iacute;z <\/strong><em>(dentro del stand del Premio Sal&atilde;o Design) <\/em>-Rua C &ndash; Segmento autoral<\/p>\n<p>&nbsp;<\/p>\n<p>&nbsp;<\/p>\n","protected":false},"excerpt":{"rendered":"<p>Dise\u00f1o Brasile\u00f1o en exposici\u00f3n: Proyecto Ra\u00edz re\u00fane compradores e inversionistas internacionales durante High Design &#8211; Home &#038; Office Expo<\/p>\n","protected":false},"author":5,"featured_media":3622,"comment_status":"closed","ping_status":"open","sticky":false,"template":"","format":"standard","meta":{"footnotes":"","_links_to":"","_links_to_target":""},"categories":[2],"tags":[],"class_list":["post-1303","post","type-post","status-publish","format-standard","has-post-thumbnail","hentry","category-sindmoveis"],"yoast_head":"<!-- This site is optimized with the Yoast SEO plugin v27.0 - https:\/\/yoast.com\/product\/yoast-seo-wordpress\/ -->\n<title>Dise\u00f1adores brasile\u00f1os tendr\u00e1n rondas de negocios con importadores en High Design Expo - Sindm\u00f3veis-RS<\/title>\n<meta name=\"robots\" content=\"index, follow, max-snippet:-1, max-image-preview:large, max-video-preview:-1\" \/>\n<link rel=\"canonical\" href=\"https:\/\/www.sindmoveis.com.br\/es\/designers-brasileiros-terao-rodadas-de-negocios-com-importadores-na-high-design-expo\/\" \/>\n<meta property=\"og:locale\" content=\"es_ES\" \/>\n<meta property=\"og:type\" content=\"article\" \/>\n<meta property=\"og:title\" content=\"Dise\u00f1adores brasile\u00f1os tendr\u00e1n rondas de negocios con importadores en High Design Expo - Sindm\u00f3veis-RS\" \/>\n<meta property=\"og:description\" content=\"Dise\u00f1o Brasile\u00f1o en exposici\u00f3n: Proyecto Ra\u00edz re\u00fane compradores e inversionistas internacionales durante High Design - Home &amp; Office Expo\" \/>\n<meta property=\"og:url\" content=\"https:\/\/www.sindmoveis.com.br\/es\/designers-brasileiros-terao-rodadas-de-negocios-com-importadores-na-high-design-expo\/\" \/>\n<meta property=\"og:site_name\" content=\"Sindm\u00f3veis-RS\" \/>\n<meta property=\"article:published_time\" content=\"2017-07-17T03:00:00+00:00\" \/>\n<meta property=\"article:modified_time\" content=\"2021-05-26T13:24:23+00:00\" \/>\n<meta property=\"og:image\" content=\"https:\/\/www.sindmoveis.com.br\/es\/wp-content\/uploads\/2021\/05\/p1500312581.jpg\" \/>\n\t<meta property=\"og:image:width\" content=\"1181\" \/>\n\t<meta property=\"og:image:height\" content=\"787\" \/>\n\t<meta property=\"og:image:type\" content=\"image\/jpeg\" \/>\n<meta name=\"author\" content=\"Imprensa Sindm\u00f3veis\" \/>\n<meta name=\"twitter:card\" content=\"summary_large_image\" \/>\n<meta name=\"twitter:label1\" content=\"Escrito por\" \/>\n\t<meta name=\"twitter:data1\" content=\"Imprensa Sindm\u00f3veis\" \/>\n\t<meta name=\"twitter:label2\" content=\"Tiempo de lectura\" \/>\n\t<meta name=\"twitter:data2\" content=\"3 minutos\" \/>\n<script type=\"application\/ld+json\" class=\"yoast-schema-graph\">{\"@context\":\"https:\/\/schema.org\",\"@graph\":[{\"@type\":\"Article\",\"@id\":\"https:\/\/www.sindmoveis.com.br\/es\/designers-brasileiros-terao-rodadas-de-negocios-com-importadores-na-high-design-expo\/#article\",\"isPartOf\":{\"@id\":\"https:\/\/www.sindmoveis.com.br\/es\/designers-brasileiros-terao-rodadas-de-negocios-com-importadores-na-high-design-expo\/\"},\"author\":{\"name\":\"Imprensa Sindm\u00f3veis\",\"@id\":\"https:\/\/www.sindmoveis.com.br\/es\/#\/schema\/person\/16d379542db1950a17fe188179340d57\"},\"headline\":\"Dise\u00f1adores brasile\u00f1os tendr\u00e1n rondas de negocios con importadores en High Design Expo\",\"datePublished\":\"2017-07-17T03:00:00+00:00\",\"dateModified\":\"2021-05-26T13:24:23+00:00\",\"mainEntityOfPage\":{\"@id\":\"https:\/\/www.sindmoveis.com.br\/es\/designers-brasileiros-terao-rodadas-de-negocios-com-importadores-na-high-design-expo\/\"},\"wordCount\":535,\"image\":{\"@id\":\"https:\/\/www.sindmoveis.com.br\/es\/designers-brasileiros-terao-rodadas-de-negocios-com-importadores-na-high-design-expo\/#primaryimage\"},\"thumbnailUrl\":\"https:\/\/www.sindmoveis.com.br\/es\/wp-content\/uploads\/2021\/05\/p1500312581.jpg\",\"articleSection\":[\"Sindm\u00f3veis\"],\"inLanguage\":\"es\"},{\"@type\":\"WebPage\",\"@id\":\"https:\/\/www.sindmoveis.com.br\/es\/designers-brasileiros-terao-rodadas-de-negocios-com-importadores-na-high-design-expo\/\",\"url\":\"https:\/\/www.sindmoveis.com.br\/es\/designers-brasileiros-terao-rodadas-de-negocios-com-importadores-na-high-design-expo\/\",\"name\":\"Dise\u00f1adores brasile\u00f1os tendr\u00e1n rondas de negocios con importadores en High Design Expo - Sindm\u00f3veis-RS\",\"isPartOf\":{\"@id\":\"https:\/\/www.sindmoveis.com.br\/es\/#website\"},\"primaryImageOfPage\":{\"@id\":\"https:\/\/www.sindmoveis.com.br\/es\/designers-brasileiros-terao-rodadas-de-negocios-com-importadores-na-high-design-expo\/#primaryimage\"},\"image\":{\"@id\":\"https:\/\/www.sindmoveis.com.br\/es\/designers-brasileiros-terao-rodadas-de-negocios-com-importadores-na-high-design-expo\/#primaryimage\"},\"thumbnailUrl\":\"https:\/\/www.sindmoveis.com.br\/es\/wp-content\/uploads\/2021\/05\/p1500312581.jpg\",\"datePublished\":\"2017-07-17T03:00:00+00:00\",\"dateModified\":\"2021-05-26T13:24:23+00:00\",\"author\":{\"@id\":\"https:\/\/www.sindmoveis.com.br\/es\/#\/schema\/person\/16d379542db1950a17fe188179340d57\"},\"inLanguage\":\"es\",\"potentialAction\":[{\"@type\":\"ReadAction\",\"target\":[\"https:\/\/www.sindmoveis.com.br\/es\/designers-brasileiros-terao-rodadas-de-negocios-com-importadores-na-high-design-expo\/\"]}]},{\"@type\":\"ImageObject\",\"inLanguage\":\"es\",\"@id\":\"https:\/\/www.sindmoveis.com.br\/es\/designers-brasileiros-terao-rodadas-de-negocios-com-importadores-na-high-design-expo\/#primaryimage\",\"url\":\"https:\/\/www.sindmoveis.com.br\/es\/wp-content\/uploads\/2021\/05\/p1500312581.jpg\",\"contentUrl\":\"https:\/\/www.sindmoveis.com.br\/es\/wp-content\/uploads\/2021\/05\/p1500312581.jpg\",\"width\":1181,\"height\":787},{\"@type\":\"WebSite\",\"@id\":\"https:\/\/www.sindmoveis.com.br\/es\/#website\",\"url\":\"https:\/\/www.sindmoveis.com.br\/es\/\",\"name\":\"Sindm\u00f3veis-RS\",\"description\":\"\",\"potentialAction\":[{\"@type\":\"SearchAction\",\"target\":{\"@type\":\"EntryPoint\",\"urlTemplate\":\"https:\/\/www.sindmoveis.com.br\/es\/?s={search_term_string}\"},\"query-input\":{\"@type\":\"PropertyValueSpecification\",\"valueRequired\":true,\"valueName\":\"search_term_string\"}}],\"inLanguage\":\"es\"},{\"@type\":\"Person\",\"@id\":\"https:\/\/www.sindmoveis.com.br\/es\/#\/schema\/person\/16d379542db1950a17fe188179340d57\",\"name\":\"Imprensa Sindm\u00f3veis\",\"image\":{\"@type\":\"ImageObject\",\"inLanguage\":\"es\",\"@id\":\"https:\/\/www.sindmoveis.com.br\/es\/#\/schema\/person\/image\/\",\"url\":\"https:\/\/secure.gravatar.com\/avatar\/4973e2e2c2a0cb5db30b0c7b770041b8e33d048a16b695a1f99c042449d4bfaf?s=96&d=mm&r=g\",\"contentUrl\":\"https:\/\/secure.gravatar.com\/avatar\/4973e2e2c2a0cb5db30b0c7b770041b8e33d048a16b695a1f99c042449d4bfaf?s=96&d=mm&r=g\",\"caption\":\"Imprensa Sindm\u00f3veis\"},\"url\":\"https:\/\/www.sindmoveis.com.br\/es\/author\/ana\/\"}]}<\/script>\n<!-- \/ Yoast SEO plugin. -->","yoast_head_json":{"title":"Dise\u00f1adores brasile\u00f1os tendr\u00e1n rondas de negocios con importadores en High Design Expo - Sindm\u00f3veis-RS","robots":{"index":"index","follow":"follow","max-snippet":"max-snippet:-1","max-image-preview":"max-image-preview:large","max-video-preview":"max-video-preview:-1"},"canonical":"https:\/\/www.sindmoveis.com.br\/es\/designers-brasileiros-terao-rodadas-de-negocios-com-importadores-na-high-design-expo\/","og_locale":"es_ES","og_type":"article","og_title":"Dise\u00f1adores brasile\u00f1os tendr\u00e1n rondas de negocios con importadores en High Design Expo - Sindm\u00f3veis-RS","og_description":"Dise\u00f1o Brasile\u00f1o en exposici\u00f3n: Proyecto Ra\u00edz re\u00fane compradores e inversionistas internacionales durante High Design - Home & Office Expo","og_url":"https:\/\/www.sindmoveis.com.br\/es\/designers-brasileiros-terao-rodadas-de-negocios-com-importadores-na-high-design-expo\/","og_site_name":"Sindm\u00f3veis-RS","article_published_time":"2017-07-17T03:00:00+00:00","article_modified_time":"2021-05-26T13:24:23+00:00","og_image":[{"width":1181,"height":787,"url":"https:\/\/www.sindmoveis.com.br\/es\/wp-content\/uploads\/2021\/05\/p1500312581.jpg","type":"image\/jpeg"}],"author":"Imprensa Sindm\u00f3veis","twitter_card":"summary_large_image","twitter_misc":{"Escrito por":"Imprensa Sindm\u00f3veis","Tiempo de lectura":"3 minutos"},"schema":{"@context":"https:\/\/schema.org","@graph":[{"@type":"Article","@id":"https:\/\/www.sindmoveis.com.br\/es\/designers-brasileiros-terao-rodadas-de-negocios-com-importadores-na-high-design-expo\/#article","isPartOf":{"@id":"https:\/\/www.sindmoveis.com.br\/es\/designers-brasileiros-terao-rodadas-de-negocios-com-importadores-na-high-design-expo\/"},"author":{"name":"Imprensa Sindm\u00f3veis","@id":"https:\/\/www.sindmoveis.com.br\/es\/#\/schema\/person\/16d379542db1950a17fe188179340d57"},"headline":"Dise\u00f1adores brasile\u00f1os tendr\u00e1n rondas de negocios con importadores en High Design Expo","datePublished":"2017-07-17T03:00:00+00:00","dateModified":"2021-05-26T13:24:23+00:00","mainEntityOfPage":{"@id":"https:\/\/www.sindmoveis.com.br\/es\/designers-brasileiros-terao-rodadas-de-negocios-com-importadores-na-high-design-expo\/"},"wordCount":535,"image":{"@id":"https:\/\/www.sindmoveis.com.br\/es\/designers-brasileiros-terao-rodadas-de-negocios-com-importadores-na-high-design-expo\/#primaryimage"},"thumbnailUrl":"https:\/\/www.sindmoveis.com.br\/es\/wp-content\/uploads\/2021\/05\/p1500312581.jpg","articleSection":["Sindm\u00f3veis"],"inLanguage":"es"},{"@type":"WebPage","@id":"https:\/\/www.sindmoveis.com.br\/es\/designers-brasileiros-terao-rodadas-de-negocios-com-importadores-na-high-design-expo\/","url":"https:\/\/www.sindmoveis.com.br\/es\/designers-brasileiros-terao-rodadas-de-negocios-com-importadores-na-high-design-expo\/","name":"Dise\u00f1adores brasile\u00f1os tendr\u00e1n rondas de negocios con importadores en High Design Expo - Sindm\u00f3veis-RS","isPartOf":{"@id":"https:\/\/www.sindmoveis.com.br\/es\/#website"},"primaryImageOfPage":{"@id":"https:\/\/www.sindmoveis.com.br\/es\/designers-brasileiros-terao-rodadas-de-negocios-com-importadores-na-high-design-expo\/#primaryimage"},"image":{"@id":"https:\/\/www.sindmoveis.com.br\/es\/designers-brasileiros-terao-rodadas-de-negocios-com-importadores-na-high-design-expo\/#primaryimage"},"thumbnailUrl":"https:\/\/www.sindmoveis.com.br\/es\/wp-content\/uploads\/2021\/05\/p1500312581.jpg","datePublished":"2017-07-17T03:00:00+00:00","dateModified":"2021-05-26T13:24:23+00:00","author":{"@id":"https:\/\/www.sindmoveis.com.br\/es\/#\/schema\/person\/16d379542db1950a17fe188179340d57"},"inLanguage":"es","potentialAction":[{"@type":"ReadAction","target":["https:\/\/www.sindmoveis.com.br\/es\/designers-brasileiros-terao-rodadas-de-negocios-com-importadores-na-high-design-expo\/"]}]},{"@type":"ImageObject","inLanguage":"es","@id":"https:\/\/www.sindmoveis.com.br\/es\/designers-brasileiros-terao-rodadas-de-negocios-com-importadores-na-high-design-expo\/#primaryimage","url":"https:\/\/www.sindmoveis.com.br\/es\/wp-content\/uploads\/2021\/05\/p1500312581.jpg","contentUrl":"https:\/\/www.sindmoveis.com.br\/es\/wp-content\/uploads\/2021\/05\/p1500312581.jpg","width":1181,"height":787},{"@type":"WebSite","@id":"https:\/\/www.sindmoveis.com.br\/es\/#website","url":"https:\/\/www.sindmoveis.com.br\/es\/","name":"Sindm\u00f3veis-RS","description":"","potentialAction":[{"@type":"SearchAction","target":{"@type":"EntryPoint","urlTemplate":"https:\/\/www.sindmoveis.com.br\/es\/?s={search_term_string}"},"query-input":{"@type":"PropertyValueSpecification","valueRequired":true,"valueName":"search_term_string"}}],"inLanguage":"es"},{"@type":"Person","@id":"https:\/\/www.sindmoveis.com.br\/es\/#\/schema\/person\/16d379542db1950a17fe188179340d57","name":"Imprensa Sindm\u00f3veis","image":{"@type":"ImageObject","inLanguage":"es","@id":"https:\/\/www.sindmoveis.com.br\/es\/#\/schema\/person\/image\/","url":"https:\/\/secure.gravatar.com\/avatar\/4973e2e2c2a0cb5db30b0c7b770041b8e33d048a16b695a1f99c042449d4bfaf?s=96&d=mm&r=g","contentUrl":"https:\/\/secure.gravatar.com\/avatar\/4973e2e2c2a0cb5db30b0c7b770041b8e33d048a16b695a1f99c042449d4bfaf?s=96&d=mm&r=g","caption":"Imprensa Sindm\u00f3veis"},"url":"https:\/\/www.sindmoveis.com.br\/es\/author\/ana\/"}]}},"_links":{"self":[{"href":"https:\/\/www.sindmoveis.com.br\/es\/wp-json\/wp\/v2\/posts\/1303","targetHints":{"allow":["GET"]}}],"collection":[{"href":"https:\/\/www.sindmoveis.com.br\/es\/wp-json\/wp\/v2\/posts"}],"about":[{"href":"https:\/\/www.sindmoveis.com.br\/es\/wp-json\/wp\/v2\/types\/post"}],"author":[{"embeddable":true,"href":"https:\/\/www.sindmoveis.com.br\/es\/wp-json\/wp\/v2\/users\/5"}],"replies":[{"embeddable":true,"href":"https:\/\/www.sindmoveis.com.br\/es\/wp-json\/wp\/v2\/comments?post=1303"}],"version-history":[{"count":2,"href":"https:\/\/www.sindmoveis.com.br\/es\/wp-json\/wp\/v2\/posts\/1303\/revisions"}],"predecessor-version":[{"id":3621,"href":"https:\/\/www.sindmoveis.com.br\/es\/wp-json\/wp\/v2\/posts\/1303\/revisions\/3621"}],"wp:featuredmedia":[{"embeddable":true,"href":"https:\/\/www.sindmoveis.com.br\/es\/wp-json\/wp\/v2\/media\/3622"}],"wp:attachment":[{"href":"https:\/\/www.sindmoveis.com.br\/es\/wp-json\/wp\/v2\/media?parent=1303"}],"wp:term":[{"taxonomy":"category","embeddable":true,"href":"https:\/\/www.sindmoveis.com.br\/es\/wp-json\/wp\/v2\/categories?post=1303"},{"taxonomy":"post_tag","embeddable":true,"href":"https:\/\/www.sindmoveis.com.br\/es\/wp-json\/wp\/v2\/tags?post=1303"}],"curies":[{"name":"wp","href":"https:\/\/api.w.org\/{rel}","templated":true}]}}