{"id":1298,"date":"2017-06-26T00:00:00","date_gmt":"2017-06-26T03:00:00","guid":{"rendered":"http:\/\/sindmoveis.com.br\/imprensa\/noticias\/vem-ai-a-segunda-edicao-da-high-design-expo\/"},"modified":"2021-05-26T10:24:23","modified_gmt":"2021-05-26T13:24:23","slug":"vem-ai-a-segunda-edicao-da-high-design-expo","status":"publish","type":"post","link":"https:\/\/www.sindmoveis.com.br\/es\/vem-ai-a-segunda-edicao-da-high-design-expo\/","title":{"rendered":"Viene ah\u00ed la segunda edici\u00f3n de High Design \u2013 Home &#038; Office Expo"},"content":{"rendered":"<p>El Sindicato de las Industrias del Mobiliario de Bento Gon&ccedil;alves &ndash; Sindm&oacute;veis, est&aacute; en contaje regresivo para la segunda edici&oacute;n de HIGH DESIGN- Home &amp; Office Expo, la feria que da continuidad a Casa Brasil en S&atilde;o Paulo. Son tres d&iacute;as de duraci&oacute;n con exposici&oacute;n de muebles y complementos de alto nivel, estudios de dise&ntilde;o, congreso, muestra y premiaci&oacute;n de la segunda edici&oacute;n del Premio Sal&atilde;o Design.&nbsp; Evento que es el ancla de DW! S&atilde;o Paulo Design Weekend, High Design ser&aacute; realizado de 08 a 10 de agosto, posicion&aacute;ndose como plataforma multimedia de negocios y contenido que se propone&nbsp; entregar experiencias presenciales &uacute;nicas, in&eacute;ditas y exclusivas a los visitantes.<\/p>\n<p>En 2017, High Desing est&aacute; 30% mayor, m&aacute;s din&aacute;mica y segmentada. Uno de los destaques es la asociaci&oacute;n realizada con RAL Estrategia para la organizaci&oacute;n y comercializaci&oacute;n de los espacios de su innovadora &aacute;rea focalizada en el segmento corporativo: Office Connection. Adem&aacute;s de ello, esta segunda edici&oacute;n de la feria tendr&aacute; rondas de negocios entre estudios de dise&ntilde;o e invitados extranjeros, en una agenda volcada al fomento de las exportaciones promovida por Sindm&oacute;veis y Agencia Brasile&ntilde;a de Promoci&oacute;n de Exportaciones e Inversiones (Apex-Brasil) por medio del Proyecto Ra&iacute;z e internacionalizaci&oacute;n del servicio del dise&ntilde;ador brasile&ntilde;o.<\/p>\n<p>Con esas reuniones, el Proyecto Ra&iacute;z ofrece a las empresas brasile&ntilde;as un primer contacto para futuras ventas al mercado internacional. La acci&oacute;n ocurrir&aacute; los d&iacute;as 08 y 09, por la ma&ntilde;ana, en el espacio del proyecto en la feria. Ser&aacute;n invitados nueve compradores internacionales para rondas de corta duraci&oacute;n y podr&aacute;n participar estudios integrantes del Proyecto Ra&iacute;z y los expositores de High Design.<\/p>\n<p>HIGH DESIGN &ndash; Home &amp; Office Expo ampl&iacute;a el potencial de negocios del sector de alta decoraci&oacute;n al concentrar algunas de las principales marcas de diferentes segmentos (mobiliario de alto nivel; muebles proyectados y complementos; &nbsp;muebles y objetos de autor; cocinas;&nbsp; superficies; oficinas, <em>ligth design<\/em> y automatizaci&oacute;n), en &aacute;rea de 15 mil m&sup2;. La feria atrae miles de arquitectos, dise&ntilde;adores de interiores, constructores, revendedores de tiendas de alto nivel, compradores internacionales e inversionistas de todo el pa&iacute;s que tendr&aacute;n una vivencia de todo lo que el evento proporciona: negocios<em>, networking<\/em>, contenido y conexiones.<\/p>\n<p>Los eventos simult&aacute;neos, uno de los diferenciales de HIGH DESIGN &ndash; Home &amp; Office Expo el a&ntilde;o pasado, est&aacute;n confirmados nuevamente para propiciar una experiencia m&aacute;s completa y efectiva a los visitantes:<\/p>\n<p><strong>&#8211; DW! <\/strong><strong>S&atilde;o Paulo Design Weekend:<\/strong> El mayor festival urbano de Am&eacute;rica Latina llega a su 6&ordf; edici&oacute;n con el objetivo de promover la cultura del dise&ntilde;o.&nbsp; DW! se realiza de 9 a 13 de agosto y moviliza toda la cadena productiva a pensar y discutir, lanzar colecciones, realizar intervenciones interactivas, traer legado para la ciudad y hacer que el dise&ntilde;o est&eacute; cada vez m&aacute;s pr&oacute;ximo de las personas.<\/p>\n<p>&#8211;<strong> CONAD &#8211; Congreso Nacional de Dise&ntilde;adores de Interiores: <\/strong>tradicional evento organizado por la Asociaci&oacute;n Brasile&ntilde;a de Dise&ntilde;adores de Interiores (ABD) desde 1996, por la primera vez suceder&aacute; en a&ntilde;os consecutivos. Anteriormente a HIGH DESIGN, el congreso era realizado a cada dos a&ntilde;os.<\/p>\n<p>&#8211; 8<strong>&ordf; edi&ccedil;&atilde;o da Greenbuilding Brasil &ndash; Conferencia Internacional y Expo:<\/strong> As&iacute; como en el &uacute;ltimo a&ntilde;o, el principal evento de construcci&oacute;n sostenible de Am&eacute;rica Latina ser&aacute; realizado simult&aacute;neamente y con un &aacute;rea de exposici&oacute;n com&uacute;n a High Design. Entre los <em>speakers<\/em>&nbsp;que participar&aacute;n del evento est&aacute; Rick Fedrizzi, CEO del International WELL Building Institute (IWBI), que&nbsp; abordar&aacute; en su conferencia diversos aspectos de las construcciones verdes.<\/p>\n<p><strong>&#8211; Muestra del Premio Sal&atilde;o Design:<\/strong> prestes a completar 30 a&ntilde;os de realizaci&oacute;n por &nbsp;Sindm&oacute;veis Bento Gon&ccedil;alves, el Premio Sal&atilde;o Design tendr&aacute; un espacio para muestra de los vencedores de su 21&ordf; edici&oacute;n. Tambi&eacute;n durante la feria en S&atilde;o Paulo ser&aacute; la ceremonia de premiaci&oacute;n de esa edici&oacute;n e inicio de las inscripciones para el Premio Sal&atilde;o Design 2018.<\/p>\n<p>Promovida por la gigante brit&aacute;nica de eventos Informa Group e idealizada por Summit Promo,&nbsp; High Design tiene curadur&iacute;a de Sindm&oacute;veis Bento Gon&ccedil;alves. La feria ser&aacute; realizada en S&atilde;o Paulo Expo, mayor y m&aacute;s moderno pabell&oacute;n de exposiciones de Brasil, totalmente nuevo, climatizado, con m&aacute;s de cinco mil plazas de estacionamiento y localizaci&oacute;n estrat&eacute;gica a 10 minutos del aeropuerto de Congonhas y acceso r&aacute;pido a los principales hoteles de la regi&oacute;n.<\/p>\n<p>&nbsp;<\/p>\n<p><strong>Servicio:<\/strong><\/p>\n<p><strong>HIGH DESIGN &ndash; Home &amp; Office Expo<\/strong><\/p>\n<p>Fecha: 8 a 10 de agosto de 2017<\/p>\n<p>Local: S&atilde;o Paulo Expo Exhibition &amp; Convention Center &ndash; Rodovia dos Imigrantes, Km 1,5<\/p>\n<p>Informaciones y acreditaci&oacute;n: <a href=\"http:\/\/www.highdesignexpo.com\/\">www.highdesignexpo.com<\/a><\/p>\n<p>&nbsp;<\/p>\n","protected":false},"excerpt":{"rendered":"<p>Con realizaci\u00f3n de 08 a 10 de agosto, feria presenta crecimiento de expositores, contenido diferenciado, profusi\u00f3n de dise\u00f1adores y ronda internacional de negocios<\/p>\n","protected":false},"author":5,"featured_media":3618,"comment_status":"closed","ping_status":"open","sticky":false,"template":"","format":"standard","meta":{"footnotes":"","_links_to":"","_links_to_target":""},"categories":[2],"tags":[],"class_list":["post-1298","post","type-post","status-publish","format-standard","has-post-thumbnail","hentry","category-sindmoveis"],"yoast_head":"<!-- This site is optimized with the Yoast SEO plugin v27.0 - https:\/\/yoast.com\/product\/yoast-seo-wordpress\/ -->\n<title>Viene ah\u00ed la segunda edici\u00f3n de High Design \u2013 Home &amp; Office Expo - Sindm\u00f3veis-RS<\/title>\n<meta name=\"robots\" content=\"index, follow, max-snippet:-1, max-image-preview:large, max-video-preview:-1\" \/>\n<link rel=\"canonical\" href=\"https:\/\/www.sindmoveis.com.br\/es\/vem-ai-a-segunda-edicao-da-high-design-expo\/\" \/>\n<meta property=\"og:locale\" content=\"es_ES\" \/>\n<meta property=\"og:type\" content=\"article\" \/>\n<meta property=\"og:title\" content=\"Viene ah\u00ed la segunda edici\u00f3n de High Design \u2013 Home &amp; Office Expo - Sindm\u00f3veis-RS\" \/>\n<meta property=\"og:description\" content=\"Con realizaci\u00f3n de 08 a 10 de agosto, feria presenta crecimiento de expositores, contenido diferenciado, profusi\u00f3n de dise\u00f1adores y ronda internacional de negocios\" \/>\n<meta property=\"og:url\" content=\"https:\/\/www.sindmoveis.com.br\/es\/vem-ai-a-segunda-edicao-da-high-design-expo\/\" \/>\n<meta property=\"og:site_name\" content=\"Sindm\u00f3veis-RS\" \/>\n<meta property=\"article:published_time\" content=\"2017-06-26T03:00:00+00:00\" \/>\n<meta property=\"article:modified_time\" content=\"2021-05-26T13:24:23+00:00\" \/>\n<meta property=\"og:image\" content=\"https:\/\/www.sindmoveis.com.br\/es\/wp-content\/uploads\/2021\/05\/p1498503454.jpg\" \/>\n\t<meta property=\"og:image:width\" content=\"1181\" \/>\n\t<meta property=\"og:image:height\" content=\"787\" \/>\n\t<meta property=\"og:image:type\" content=\"image\/jpeg\" \/>\n<meta name=\"author\" content=\"Imprensa Sindm\u00f3veis\" \/>\n<meta name=\"twitter:card\" content=\"summary_large_image\" \/>\n<meta name=\"twitter:label1\" content=\"Escrito por\" \/>\n\t<meta name=\"twitter:data1\" content=\"Imprensa Sindm\u00f3veis\" \/>\n\t<meta name=\"twitter:label2\" content=\"Tiempo de lectura\" \/>\n\t<meta name=\"twitter:data2\" content=\"5 minutos\" \/>\n<script type=\"application\/ld+json\" class=\"yoast-schema-graph\">{\"@context\":\"https:\/\/schema.org\",\"@graph\":[{\"@type\":\"Article\",\"@id\":\"https:\/\/www.sindmoveis.com.br\/es\/vem-ai-a-segunda-edicao-da-high-design-expo\/#article\",\"isPartOf\":{\"@id\":\"https:\/\/www.sindmoveis.com.br\/es\/vem-ai-a-segunda-edicao-da-high-design-expo\/\"},\"author\":{\"name\":\"Imprensa Sindm\u00f3veis\",\"@id\":\"https:\/\/www.sindmoveis.com.br\/es\/#\/schema\/person\/16d379542db1950a17fe188179340d57\"},\"headline\":\"Viene ah\u00ed la segunda edici\u00f3n de High Design \u2013 Home &#038; Office Expo\",\"datePublished\":\"2017-06-26T03:00:00+00:00\",\"dateModified\":\"2021-05-26T13:24:23+00:00\",\"mainEntityOfPage\":{\"@id\":\"https:\/\/www.sindmoveis.com.br\/es\/vem-ai-a-segunda-edicao-da-high-design-expo\/\"},\"wordCount\":953,\"image\":{\"@id\":\"https:\/\/www.sindmoveis.com.br\/es\/vem-ai-a-segunda-edicao-da-high-design-expo\/#primaryimage\"},\"thumbnailUrl\":\"https:\/\/www.sindmoveis.com.br\/es\/wp-content\/uploads\/2021\/05\/p1498503454.jpg\",\"articleSection\":[\"Sindm\u00f3veis\"],\"inLanguage\":\"es\"},{\"@type\":\"WebPage\",\"@id\":\"https:\/\/www.sindmoveis.com.br\/es\/vem-ai-a-segunda-edicao-da-high-design-expo\/\",\"url\":\"https:\/\/www.sindmoveis.com.br\/es\/vem-ai-a-segunda-edicao-da-high-design-expo\/\",\"name\":\"Viene ah\u00ed la segunda edici\u00f3n de High Design \u2013 Home & Office Expo - Sindm\u00f3veis-RS\",\"isPartOf\":{\"@id\":\"https:\/\/www.sindmoveis.com.br\/es\/#website\"},\"primaryImageOfPage\":{\"@id\":\"https:\/\/www.sindmoveis.com.br\/es\/vem-ai-a-segunda-edicao-da-high-design-expo\/#primaryimage\"},\"image\":{\"@id\":\"https:\/\/www.sindmoveis.com.br\/es\/vem-ai-a-segunda-edicao-da-high-design-expo\/#primaryimage\"},\"thumbnailUrl\":\"https:\/\/www.sindmoveis.com.br\/es\/wp-content\/uploads\/2021\/05\/p1498503454.jpg\",\"datePublished\":\"2017-06-26T03:00:00+00:00\",\"dateModified\":\"2021-05-26T13:24:23+00:00\",\"author\":{\"@id\":\"https:\/\/www.sindmoveis.com.br\/es\/#\/schema\/person\/16d379542db1950a17fe188179340d57\"},\"inLanguage\":\"es\",\"potentialAction\":[{\"@type\":\"ReadAction\",\"target\":[\"https:\/\/www.sindmoveis.com.br\/es\/vem-ai-a-segunda-edicao-da-high-design-expo\/\"]}]},{\"@type\":\"ImageObject\",\"inLanguage\":\"es\",\"@id\":\"https:\/\/www.sindmoveis.com.br\/es\/vem-ai-a-segunda-edicao-da-high-design-expo\/#primaryimage\",\"url\":\"https:\/\/www.sindmoveis.com.br\/es\/wp-content\/uploads\/2021\/05\/p1498503454.jpg\",\"contentUrl\":\"https:\/\/www.sindmoveis.com.br\/es\/wp-content\/uploads\/2021\/05\/p1498503454.jpg\",\"width\":1181,\"height\":787},{\"@type\":\"WebSite\",\"@id\":\"https:\/\/www.sindmoveis.com.br\/es\/#website\",\"url\":\"https:\/\/www.sindmoveis.com.br\/es\/\",\"name\":\"Sindm\u00f3veis-RS\",\"description\":\"\",\"potentialAction\":[{\"@type\":\"SearchAction\",\"target\":{\"@type\":\"EntryPoint\",\"urlTemplate\":\"https:\/\/www.sindmoveis.com.br\/es\/?s={search_term_string}\"},\"query-input\":{\"@type\":\"PropertyValueSpecification\",\"valueRequired\":true,\"valueName\":\"search_term_string\"}}],\"inLanguage\":\"es\"},{\"@type\":\"Person\",\"@id\":\"https:\/\/www.sindmoveis.com.br\/es\/#\/schema\/person\/16d379542db1950a17fe188179340d57\",\"name\":\"Imprensa Sindm\u00f3veis\",\"image\":{\"@type\":\"ImageObject\",\"inLanguage\":\"es\",\"@id\":\"https:\/\/www.sindmoveis.com.br\/es\/#\/schema\/person\/image\/\",\"url\":\"https:\/\/secure.gravatar.com\/avatar\/4973e2e2c2a0cb5db30b0c7b770041b8e33d048a16b695a1f99c042449d4bfaf?s=96&d=mm&r=g\",\"contentUrl\":\"https:\/\/secure.gravatar.com\/avatar\/4973e2e2c2a0cb5db30b0c7b770041b8e33d048a16b695a1f99c042449d4bfaf?s=96&d=mm&r=g\",\"caption\":\"Imprensa Sindm\u00f3veis\"},\"url\":\"https:\/\/www.sindmoveis.com.br\/es\/author\/ana\/\"}]}<\/script>\n<!-- \/ Yoast SEO plugin. -->","yoast_head_json":{"title":"Viene ah\u00ed la segunda edici\u00f3n de High Design \u2013 Home & Office Expo - Sindm\u00f3veis-RS","robots":{"index":"index","follow":"follow","max-snippet":"max-snippet:-1","max-image-preview":"max-image-preview:large","max-video-preview":"max-video-preview:-1"},"canonical":"https:\/\/www.sindmoveis.com.br\/es\/vem-ai-a-segunda-edicao-da-high-design-expo\/","og_locale":"es_ES","og_type":"article","og_title":"Viene ah\u00ed la segunda edici\u00f3n de High Design \u2013 Home & Office Expo - Sindm\u00f3veis-RS","og_description":"Con realizaci\u00f3n de 08 a 10 de agosto, feria presenta crecimiento de expositores, contenido diferenciado, profusi\u00f3n de dise\u00f1adores y ronda internacional de negocios","og_url":"https:\/\/www.sindmoveis.com.br\/es\/vem-ai-a-segunda-edicao-da-high-design-expo\/","og_site_name":"Sindm\u00f3veis-RS","article_published_time":"2017-06-26T03:00:00+00:00","article_modified_time":"2021-05-26T13:24:23+00:00","og_image":[{"width":1181,"height":787,"url":"https:\/\/www.sindmoveis.com.br\/es\/wp-content\/uploads\/2021\/05\/p1498503454.jpg","type":"image\/jpeg"}],"author":"Imprensa Sindm\u00f3veis","twitter_card":"summary_large_image","twitter_misc":{"Escrito por":"Imprensa Sindm\u00f3veis","Tiempo de lectura":"5 minutos"},"schema":{"@context":"https:\/\/schema.org","@graph":[{"@type":"Article","@id":"https:\/\/www.sindmoveis.com.br\/es\/vem-ai-a-segunda-edicao-da-high-design-expo\/#article","isPartOf":{"@id":"https:\/\/www.sindmoveis.com.br\/es\/vem-ai-a-segunda-edicao-da-high-design-expo\/"},"author":{"name":"Imprensa Sindm\u00f3veis","@id":"https:\/\/www.sindmoveis.com.br\/es\/#\/schema\/person\/16d379542db1950a17fe188179340d57"},"headline":"Viene ah\u00ed la segunda edici\u00f3n de High Design \u2013 Home &#038; Office Expo","datePublished":"2017-06-26T03:00:00+00:00","dateModified":"2021-05-26T13:24:23+00:00","mainEntityOfPage":{"@id":"https:\/\/www.sindmoveis.com.br\/es\/vem-ai-a-segunda-edicao-da-high-design-expo\/"},"wordCount":953,"image":{"@id":"https:\/\/www.sindmoveis.com.br\/es\/vem-ai-a-segunda-edicao-da-high-design-expo\/#primaryimage"},"thumbnailUrl":"https:\/\/www.sindmoveis.com.br\/es\/wp-content\/uploads\/2021\/05\/p1498503454.jpg","articleSection":["Sindm\u00f3veis"],"inLanguage":"es"},{"@type":"WebPage","@id":"https:\/\/www.sindmoveis.com.br\/es\/vem-ai-a-segunda-edicao-da-high-design-expo\/","url":"https:\/\/www.sindmoveis.com.br\/es\/vem-ai-a-segunda-edicao-da-high-design-expo\/","name":"Viene ah\u00ed la segunda edici\u00f3n de High Design \u2013 Home & Office Expo - Sindm\u00f3veis-RS","isPartOf":{"@id":"https:\/\/www.sindmoveis.com.br\/es\/#website"},"primaryImageOfPage":{"@id":"https:\/\/www.sindmoveis.com.br\/es\/vem-ai-a-segunda-edicao-da-high-design-expo\/#primaryimage"},"image":{"@id":"https:\/\/www.sindmoveis.com.br\/es\/vem-ai-a-segunda-edicao-da-high-design-expo\/#primaryimage"},"thumbnailUrl":"https:\/\/www.sindmoveis.com.br\/es\/wp-content\/uploads\/2021\/05\/p1498503454.jpg","datePublished":"2017-06-26T03:00:00+00:00","dateModified":"2021-05-26T13:24:23+00:00","author":{"@id":"https:\/\/www.sindmoveis.com.br\/es\/#\/schema\/person\/16d379542db1950a17fe188179340d57"},"inLanguage":"es","potentialAction":[{"@type":"ReadAction","target":["https:\/\/www.sindmoveis.com.br\/es\/vem-ai-a-segunda-edicao-da-high-design-expo\/"]}]},{"@type":"ImageObject","inLanguage":"es","@id":"https:\/\/www.sindmoveis.com.br\/es\/vem-ai-a-segunda-edicao-da-high-design-expo\/#primaryimage","url":"https:\/\/www.sindmoveis.com.br\/es\/wp-content\/uploads\/2021\/05\/p1498503454.jpg","contentUrl":"https:\/\/www.sindmoveis.com.br\/es\/wp-content\/uploads\/2021\/05\/p1498503454.jpg","width":1181,"height":787},{"@type":"WebSite","@id":"https:\/\/www.sindmoveis.com.br\/es\/#website","url":"https:\/\/www.sindmoveis.com.br\/es\/","name":"Sindm\u00f3veis-RS","description":"","potentialAction":[{"@type":"SearchAction","target":{"@type":"EntryPoint","urlTemplate":"https:\/\/www.sindmoveis.com.br\/es\/?s={search_term_string}"},"query-input":{"@type":"PropertyValueSpecification","valueRequired":true,"valueName":"search_term_string"}}],"inLanguage":"es"},{"@type":"Person","@id":"https:\/\/www.sindmoveis.com.br\/es\/#\/schema\/person\/16d379542db1950a17fe188179340d57","name":"Imprensa Sindm\u00f3veis","image":{"@type":"ImageObject","inLanguage":"es","@id":"https:\/\/www.sindmoveis.com.br\/es\/#\/schema\/person\/image\/","url":"https:\/\/secure.gravatar.com\/avatar\/4973e2e2c2a0cb5db30b0c7b770041b8e33d048a16b695a1f99c042449d4bfaf?s=96&d=mm&r=g","contentUrl":"https:\/\/secure.gravatar.com\/avatar\/4973e2e2c2a0cb5db30b0c7b770041b8e33d048a16b695a1f99c042449d4bfaf?s=96&d=mm&r=g","caption":"Imprensa Sindm\u00f3veis"},"url":"https:\/\/www.sindmoveis.com.br\/es\/author\/ana\/"}]}},"_links":{"self":[{"href":"https:\/\/www.sindmoveis.com.br\/es\/wp-json\/wp\/v2\/posts\/1298","targetHints":{"allow":["GET"]}}],"collection":[{"href":"https:\/\/www.sindmoveis.com.br\/es\/wp-json\/wp\/v2\/posts"}],"about":[{"href":"https:\/\/www.sindmoveis.com.br\/es\/wp-json\/wp\/v2\/types\/post"}],"author":[{"embeddable":true,"href":"https:\/\/www.sindmoveis.com.br\/es\/wp-json\/wp\/v2\/users\/5"}],"replies":[{"embeddable":true,"href":"https:\/\/www.sindmoveis.com.br\/es\/wp-json\/wp\/v2\/comments?post=1298"}],"version-history":[{"count":2,"href":"https:\/\/www.sindmoveis.com.br\/es\/wp-json\/wp\/v2\/posts\/1298\/revisions"}],"predecessor-version":[{"id":3617,"href":"https:\/\/www.sindmoveis.com.br\/es\/wp-json\/wp\/v2\/posts\/1298\/revisions\/3617"}],"wp:featuredmedia":[{"embeddable":true,"href":"https:\/\/www.sindmoveis.com.br\/es\/wp-json\/wp\/v2\/media\/3618"}],"wp:attachment":[{"href":"https:\/\/www.sindmoveis.com.br\/es\/wp-json\/wp\/v2\/media?parent=1298"}],"wp:term":[{"taxonomy":"category","embeddable":true,"href":"https:\/\/www.sindmoveis.com.br\/es\/wp-json\/wp\/v2\/categories?post=1298"},{"taxonomy":"post_tag","embeddable":true,"href":"https:\/\/www.sindmoveis.com.br\/es\/wp-json\/wp\/v2\/tags?post=1298"}],"curies":[{"name":"wp","href":"https:\/\/api.w.org\/{rel}","templated":true}]}}