{"id":1297,"date":"2017-06-23T00:00:00","date_gmt":"2017-06-23T03:00:00","guid":{"rendered":"http:\/\/sindmoveis.com.br\/imprensa\/noticias\/projeto-raiz-leva-designers-brasileiros-para-orlando\/"},"modified":"2021-05-26T10:29:06","modified_gmt":"2021-05-26T13:29:06","slug":"projeto-raiz-leva-designers-brasileiros-para-orlando","status":"publish","type":"post","link":"https:\/\/www.sindmoveis.com.br\/es\/projeto-raiz-leva-designers-brasileiros-para-orlando\/","title":{"rendered":"Proyecto Ra\u00edz lleva dise\u00f1adores brasile\u00f1os para Orlando"},"content":{"rendered":"<p>Dando continuidad a las acciones de promoci&oacute;n del Proyecto Ra&iacute;z, proyecto de promoci&oacute;n de los servicios de dise&ntilde;o, despu&eacute;s de 13 dise&ntilde;adores haber expuesto en ICFF de 21 a 24 de mayo en Nueva York, se realiza en Orlando la muestra de los dise&ntilde;adores de 13&nbsp;de junio a 13&nbsp;de diciembre de 2017, as&iacute; como rondas de negocios en este espacio en las fechas de 11 a 13 de septiembre y 9 a 12 de diciembre.&nbsp; Esta estrategia fortalece la promoci&oacute;n para el mercado norteamericano permitiendo la captaci&oacute;n de visitantes de diversas regiones del pa&iacute;s. El Proyecto Ra&iacute;z est&aacute; bajo la gerencia del Sindicato de las Industrias del Mobiliario de Bento Gon&ccedil;alves (Sindm&oacute;veis) con apoyo de Apex-Brasil. Vis&iacute;tenos: 14 East Washington Street &ndash; Orlando\/ Florida &ndash; de las 10 a las 18 horas, de lunes a s&aacute;bado.<\/p>\n<p>&nbsp;<\/p>\n<p>Sobre el Proyecto Ra&iacute;z<\/p>\n<p>La cultura brasile&ntilde;a goza de reconocimiento internacional y el mobiliario autoral de Brasil siempre deja su marca en los principales circuitos del dise&ntilde;o del mundo. Esta es la percepci&oacute;n de Sindm&oacute;veis de Bento Gon&ccedil;alves y Apex-Brasil que, a trav&eacute;s del Proyecto Ra&iacute;z (Raiz Project), estimula la generaci&oacute;n de negocios para los estudios de dise&ntilde;adores que posean madurez para actuar en el mercado internacional y con inter&eacute;s en los mercados norteamericano y europeo. A partir de acciones volcadas para la conquista del mercado internacional el Proyecto Ra&iacute;z (Raiz Project) intensifica estrategias de posicionamiento del sector en el mercado externo, potencia la utilizaci&oacute;n de contactos e informes de inteligencia comercial para los dise&ntilde;adores, promueve mayor intercambio de informaciones y experiencias entre las empresas, orienta el avance de la promoci&oacute;n y&nbsp; entrada de los dise&ntilde;adores de muebles en los mercados prioritarios con todo el soporte necesario y a partir de la segmentaci&oacute;n del grupo conforme su nivel de internacionalizaci&oacute;n. El Proyecto Ra&iacute;z (Raiz Project) fue creado en 2012, como un brazo del Proyecto Orchestra Brasil (existente desde 2006), una asociaci&oacute;n entre Sindm&oacute;veis y Apex-Brasil, volcado para la internacionalizaci&oacute;n de la cadena de proveedores de la industria brasile&ntilde;a del mobiliario. En 2012 fue entonces incluido el segmento de dise&ntilde;o que en 2014 recibi&oacute; el nombre de Proyecto Ra&iacute;z (Raiz Project), como resultado del Design Challange, una iniciativa desarrollada a lo largo del &uacute;ltimo a&ntilde;o con los estudios, donde el objetivo era generar experiencia en la creaci&oacute;n de productos a partir de la visi&oacute;n de un equipo norteamericano. La nueva marca expresa la suma de culturas que alimenta la creatividad nacional.<\/p>\n","protected":false},"excerpt":{"rendered":"<p>Sindm\u00f3veis con apoyo de Apex-Brasil promueve la inserci\u00f3n internacional de lo servicio de los dise\u00f1adores brasile\u00f1os.<\/p>\n","protected":false},"author":5,"featured_media":3616,"comment_status":"closed","ping_status":"open","sticky":false,"template":"","format":"standard","meta":{"footnotes":"","_links_to":"","_links_to_target":""},"categories":[24,2],"tags":[],"class_list":["post-1297","post","type-post","status-publish","format-standard","has-post-thumbnail","hentry","category-projeto-raiz","category-sindmoveis"],"yoast_head":"<!-- This site is optimized with the Yoast SEO plugin v27.0 - https:\/\/yoast.com\/product\/yoast-seo-wordpress\/ -->\n<title>Proyecto Ra\u00edz lleva dise\u00f1adores brasile\u00f1os para Orlando - Sindm\u00f3veis-RS<\/title>\n<meta name=\"robots\" content=\"index, follow, max-snippet:-1, max-image-preview:large, max-video-preview:-1\" \/>\n<link rel=\"canonical\" href=\"https:\/\/www.sindmoveis.com.br\/es\/projeto-raiz-leva-designers-brasileiros-para-orlando\/\" \/>\n<meta property=\"og:locale\" content=\"es_ES\" \/>\n<meta property=\"og:type\" content=\"article\" \/>\n<meta property=\"og:title\" content=\"Proyecto Ra\u00edz lleva dise\u00f1adores brasile\u00f1os para Orlando - Sindm\u00f3veis-RS\" \/>\n<meta property=\"og:description\" content=\"Sindm\u00f3veis con apoyo de Apex-Brasil promueve la inserci\u00f3n internacional de lo servicio de los dise\u00f1adores brasile\u00f1os.\" \/>\n<meta property=\"og:url\" content=\"https:\/\/www.sindmoveis.com.br\/es\/projeto-raiz-leva-designers-brasileiros-para-orlando\/\" \/>\n<meta property=\"og:site_name\" content=\"Sindm\u00f3veis-RS\" \/>\n<meta property=\"article:published_time\" content=\"2017-06-23T03:00:00+00:00\" \/>\n<meta property=\"article:modified_time\" content=\"2021-05-26T13:29:06+00:00\" \/>\n<meta property=\"og:image\" content=\"https:\/\/www.sindmoveis.com.br\/es\/wp-content\/uploads\/2021\/05\/p1498238683.jpg\" \/>\n\t<meta property=\"og:image:width\" content=\"1181\" \/>\n\t<meta property=\"og:image:height\" content=\"787\" \/>\n\t<meta property=\"og:image:type\" content=\"image\/jpeg\" \/>\n<meta name=\"author\" content=\"Imprensa Sindm\u00f3veis\" \/>\n<meta name=\"twitter:card\" content=\"summary_large_image\" \/>\n<meta name=\"twitter:label1\" content=\"Escrito por\" \/>\n\t<meta name=\"twitter:data1\" content=\"Imprensa Sindm\u00f3veis\" \/>\n\t<meta name=\"twitter:label2\" content=\"Tiempo de lectura\" \/>\n\t<meta name=\"twitter:data2\" content=\"2 minutos\" \/>\n<script type=\"application\/ld+json\" class=\"yoast-schema-graph\">{\"@context\":\"https:\/\/schema.org\",\"@graph\":[{\"@type\":\"Article\",\"@id\":\"https:\/\/www.sindmoveis.com.br\/es\/projeto-raiz-leva-designers-brasileiros-para-orlando\/#article\",\"isPartOf\":{\"@id\":\"https:\/\/www.sindmoveis.com.br\/es\/projeto-raiz-leva-designers-brasileiros-para-orlando\/\"},\"author\":{\"name\":\"Imprensa Sindm\u00f3veis\",\"@id\":\"https:\/\/www.sindmoveis.com.br\/es\/#\/schema\/person\/16d379542db1950a17fe188179340d57\"},\"headline\":\"Proyecto Ra\u00edz lleva dise\u00f1adores brasile\u00f1os para Orlando\",\"datePublished\":\"2017-06-23T03:00:00+00:00\",\"dateModified\":\"2021-05-26T13:29:06+00:00\",\"mainEntityOfPage\":{\"@id\":\"https:\/\/www.sindmoveis.com.br\/es\/projeto-raiz-leva-designers-brasileiros-para-orlando\/\"},\"wordCount\":496,\"image\":{\"@id\":\"https:\/\/www.sindmoveis.com.br\/es\/projeto-raiz-leva-designers-brasileiros-para-orlando\/#primaryimage\"},\"thumbnailUrl\":\"https:\/\/www.sindmoveis.com.br\/es\/wp-content\/uploads\/2021\/05\/p1498238683.jpg\",\"articleSection\":[\"Proyecto Ra\u00edz\",\"Sindm\u00f3veis\"],\"inLanguage\":\"es\"},{\"@type\":\"WebPage\",\"@id\":\"https:\/\/www.sindmoveis.com.br\/es\/projeto-raiz-leva-designers-brasileiros-para-orlando\/\",\"url\":\"https:\/\/www.sindmoveis.com.br\/es\/projeto-raiz-leva-designers-brasileiros-para-orlando\/\",\"name\":\"Proyecto Ra\u00edz lleva dise\u00f1adores brasile\u00f1os para Orlando - Sindm\u00f3veis-RS\",\"isPartOf\":{\"@id\":\"https:\/\/www.sindmoveis.com.br\/es\/#website\"},\"primaryImageOfPage\":{\"@id\":\"https:\/\/www.sindmoveis.com.br\/es\/projeto-raiz-leva-designers-brasileiros-para-orlando\/#primaryimage\"},\"image\":{\"@id\":\"https:\/\/www.sindmoveis.com.br\/es\/projeto-raiz-leva-designers-brasileiros-para-orlando\/#primaryimage\"},\"thumbnailUrl\":\"https:\/\/www.sindmoveis.com.br\/es\/wp-content\/uploads\/2021\/05\/p1498238683.jpg\",\"datePublished\":\"2017-06-23T03:00:00+00:00\",\"dateModified\":\"2021-05-26T13:29:06+00:00\",\"author\":{\"@id\":\"https:\/\/www.sindmoveis.com.br\/es\/#\/schema\/person\/16d379542db1950a17fe188179340d57\"},\"inLanguage\":\"es\",\"potentialAction\":[{\"@type\":\"ReadAction\",\"target\":[\"https:\/\/www.sindmoveis.com.br\/es\/projeto-raiz-leva-designers-brasileiros-para-orlando\/\"]}]},{\"@type\":\"ImageObject\",\"inLanguage\":\"es\",\"@id\":\"https:\/\/www.sindmoveis.com.br\/es\/projeto-raiz-leva-designers-brasileiros-para-orlando\/#primaryimage\",\"url\":\"https:\/\/www.sindmoveis.com.br\/es\/wp-content\/uploads\/2021\/05\/p1498238683.jpg\",\"contentUrl\":\"https:\/\/www.sindmoveis.com.br\/es\/wp-content\/uploads\/2021\/05\/p1498238683.jpg\",\"width\":1181,\"height\":787},{\"@type\":\"WebSite\",\"@id\":\"https:\/\/www.sindmoveis.com.br\/es\/#website\",\"url\":\"https:\/\/www.sindmoveis.com.br\/es\/\",\"name\":\"Sindm\u00f3veis-RS\",\"description\":\"\",\"potentialAction\":[{\"@type\":\"SearchAction\",\"target\":{\"@type\":\"EntryPoint\",\"urlTemplate\":\"https:\/\/www.sindmoveis.com.br\/es\/?s={search_term_string}\"},\"query-input\":{\"@type\":\"PropertyValueSpecification\",\"valueRequired\":true,\"valueName\":\"search_term_string\"}}],\"inLanguage\":\"es\"},{\"@type\":\"Person\",\"@id\":\"https:\/\/www.sindmoveis.com.br\/es\/#\/schema\/person\/16d379542db1950a17fe188179340d57\",\"name\":\"Imprensa Sindm\u00f3veis\",\"image\":{\"@type\":\"ImageObject\",\"inLanguage\":\"es\",\"@id\":\"https:\/\/www.sindmoveis.com.br\/es\/#\/schema\/person\/image\/\",\"url\":\"https:\/\/secure.gravatar.com\/avatar\/4973e2e2c2a0cb5db30b0c7b770041b8e33d048a16b695a1f99c042449d4bfaf?s=96&d=mm&r=g\",\"contentUrl\":\"https:\/\/secure.gravatar.com\/avatar\/4973e2e2c2a0cb5db30b0c7b770041b8e33d048a16b695a1f99c042449d4bfaf?s=96&d=mm&r=g\",\"caption\":\"Imprensa Sindm\u00f3veis\"},\"url\":\"https:\/\/www.sindmoveis.com.br\/es\/author\/ana\/\"}]}<\/script>\n<!-- \/ Yoast SEO plugin. -->","yoast_head_json":{"title":"Proyecto Ra\u00edz lleva dise\u00f1adores brasile\u00f1os para Orlando - Sindm\u00f3veis-RS","robots":{"index":"index","follow":"follow","max-snippet":"max-snippet:-1","max-image-preview":"max-image-preview:large","max-video-preview":"max-video-preview:-1"},"canonical":"https:\/\/www.sindmoveis.com.br\/es\/projeto-raiz-leva-designers-brasileiros-para-orlando\/","og_locale":"es_ES","og_type":"article","og_title":"Proyecto Ra\u00edz lleva dise\u00f1adores brasile\u00f1os para Orlando - Sindm\u00f3veis-RS","og_description":"Sindm\u00f3veis con apoyo de Apex-Brasil promueve la inserci\u00f3n internacional de lo servicio de los dise\u00f1adores brasile\u00f1os.","og_url":"https:\/\/www.sindmoveis.com.br\/es\/projeto-raiz-leva-designers-brasileiros-para-orlando\/","og_site_name":"Sindm\u00f3veis-RS","article_published_time":"2017-06-23T03:00:00+00:00","article_modified_time":"2021-05-26T13:29:06+00:00","og_image":[{"width":1181,"height":787,"url":"https:\/\/www.sindmoveis.com.br\/es\/wp-content\/uploads\/2021\/05\/p1498238683.jpg","type":"image\/jpeg"}],"author":"Imprensa Sindm\u00f3veis","twitter_card":"summary_large_image","twitter_misc":{"Escrito por":"Imprensa Sindm\u00f3veis","Tiempo de lectura":"2 minutos"},"schema":{"@context":"https:\/\/schema.org","@graph":[{"@type":"Article","@id":"https:\/\/www.sindmoveis.com.br\/es\/projeto-raiz-leva-designers-brasileiros-para-orlando\/#article","isPartOf":{"@id":"https:\/\/www.sindmoveis.com.br\/es\/projeto-raiz-leva-designers-brasileiros-para-orlando\/"},"author":{"name":"Imprensa Sindm\u00f3veis","@id":"https:\/\/www.sindmoveis.com.br\/es\/#\/schema\/person\/16d379542db1950a17fe188179340d57"},"headline":"Proyecto Ra\u00edz lleva dise\u00f1adores brasile\u00f1os para Orlando","datePublished":"2017-06-23T03:00:00+00:00","dateModified":"2021-05-26T13:29:06+00:00","mainEntityOfPage":{"@id":"https:\/\/www.sindmoveis.com.br\/es\/projeto-raiz-leva-designers-brasileiros-para-orlando\/"},"wordCount":496,"image":{"@id":"https:\/\/www.sindmoveis.com.br\/es\/projeto-raiz-leva-designers-brasileiros-para-orlando\/#primaryimage"},"thumbnailUrl":"https:\/\/www.sindmoveis.com.br\/es\/wp-content\/uploads\/2021\/05\/p1498238683.jpg","articleSection":["Proyecto Ra\u00edz","Sindm\u00f3veis"],"inLanguage":"es"},{"@type":"WebPage","@id":"https:\/\/www.sindmoveis.com.br\/es\/projeto-raiz-leva-designers-brasileiros-para-orlando\/","url":"https:\/\/www.sindmoveis.com.br\/es\/projeto-raiz-leva-designers-brasileiros-para-orlando\/","name":"Proyecto Ra\u00edz lleva dise\u00f1adores brasile\u00f1os para Orlando - Sindm\u00f3veis-RS","isPartOf":{"@id":"https:\/\/www.sindmoveis.com.br\/es\/#website"},"primaryImageOfPage":{"@id":"https:\/\/www.sindmoveis.com.br\/es\/projeto-raiz-leva-designers-brasileiros-para-orlando\/#primaryimage"},"image":{"@id":"https:\/\/www.sindmoveis.com.br\/es\/projeto-raiz-leva-designers-brasileiros-para-orlando\/#primaryimage"},"thumbnailUrl":"https:\/\/www.sindmoveis.com.br\/es\/wp-content\/uploads\/2021\/05\/p1498238683.jpg","datePublished":"2017-06-23T03:00:00+00:00","dateModified":"2021-05-26T13:29:06+00:00","author":{"@id":"https:\/\/www.sindmoveis.com.br\/es\/#\/schema\/person\/16d379542db1950a17fe188179340d57"},"inLanguage":"es","potentialAction":[{"@type":"ReadAction","target":["https:\/\/www.sindmoveis.com.br\/es\/projeto-raiz-leva-designers-brasileiros-para-orlando\/"]}]},{"@type":"ImageObject","inLanguage":"es","@id":"https:\/\/www.sindmoveis.com.br\/es\/projeto-raiz-leva-designers-brasileiros-para-orlando\/#primaryimage","url":"https:\/\/www.sindmoveis.com.br\/es\/wp-content\/uploads\/2021\/05\/p1498238683.jpg","contentUrl":"https:\/\/www.sindmoveis.com.br\/es\/wp-content\/uploads\/2021\/05\/p1498238683.jpg","width":1181,"height":787},{"@type":"WebSite","@id":"https:\/\/www.sindmoveis.com.br\/es\/#website","url":"https:\/\/www.sindmoveis.com.br\/es\/","name":"Sindm\u00f3veis-RS","description":"","potentialAction":[{"@type":"SearchAction","target":{"@type":"EntryPoint","urlTemplate":"https:\/\/www.sindmoveis.com.br\/es\/?s={search_term_string}"},"query-input":{"@type":"PropertyValueSpecification","valueRequired":true,"valueName":"search_term_string"}}],"inLanguage":"es"},{"@type":"Person","@id":"https:\/\/www.sindmoveis.com.br\/es\/#\/schema\/person\/16d379542db1950a17fe188179340d57","name":"Imprensa Sindm\u00f3veis","image":{"@type":"ImageObject","inLanguage":"es","@id":"https:\/\/www.sindmoveis.com.br\/es\/#\/schema\/person\/image\/","url":"https:\/\/secure.gravatar.com\/avatar\/4973e2e2c2a0cb5db30b0c7b770041b8e33d048a16b695a1f99c042449d4bfaf?s=96&d=mm&r=g","contentUrl":"https:\/\/secure.gravatar.com\/avatar\/4973e2e2c2a0cb5db30b0c7b770041b8e33d048a16b695a1f99c042449d4bfaf?s=96&d=mm&r=g","caption":"Imprensa Sindm\u00f3veis"},"url":"https:\/\/www.sindmoveis.com.br\/es\/author\/ana\/"}]}},"_links":{"self":[{"href":"https:\/\/www.sindmoveis.com.br\/es\/wp-json\/wp\/v2\/posts\/1297","targetHints":{"allow":["GET"]}}],"collection":[{"href":"https:\/\/www.sindmoveis.com.br\/es\/wp-json\/wp\/v2\/posts"}],"about":[{"href":"https:\/\/www.sindmoveis.com.br\/es\/wp-json\/wp\/v2\/types\/post"}],"author":[{"embeddable":true,"href":"https:\/\/www.sindmoveis.com.br\/es\/wp-json\/wp\/v2\/users\/5"}],"replies":[{"embeddable":true,"href":"https:\/\/www.sindmoveis.com.br\/es\/wp-json\/wp\/v2\/comments?post=1297"}],"version-history":[{"count":2,"href":"https:\/\/www.sindmoveis.com.br\/es\/wp-json\/wp\/v2\/posts\/1297\/revisions"}],"predecessor-version":[{"id":3615,"href":"https:\/\/www.sindmoveis.com.br\/es\/wp-json\/wp\/v2\/posts\/1297\/revisions\/3615"}],"wp:featuredmedia":[{"embeddable":true,"href":"https:\/\/www.sindmoveis.com.br\/es\/wp-json\/wp\/v2\/media\/3616"}],"wp:attachment":[{"href":"https:\/\/www.sindmoveis.com.br\/es\/wp-json\/wp\/v2\/media?parent=1297"}],"wp:term":[{"taxonomy":"category","embeddable":true,"href":"https:\/\/www.sindmoveis.com.br\/es\/wp-json\/wp\/v2\/categories?post=1297"},{"taxonomy":"post_tag","embeddable":true,"href":"https:\/\/www.sindmoveis.com.br\/es\/wp-json\/wp\/v2\/tags?post=1297"}],"curies":[{"name":"wp","href":"https:\/\/api.w.org\/{rel}","templated":true}]}}