{"id":1295,"date":"2017-06-02T00:00:00","date_gmt":"2017-06-02T03:00:00","guid":{"rendered":"http:\/\/sindmoveis.com.br\/imprensa\/noticias\/designers-brasileiros-na-italia\/"},"modified":"2021-05-26T10:24:23","modified_gmt":"2021-05-26T13:24:23","slug":"designers-brasileiros-na-italia","status":"publish","type":"post","link":"https:\/\/www.sindmoveis.com.br\/es\/designers-brasileiros-na-italia\/","title":{"rendered":"Dise\u00f1adores brasile\u00f1os na It\u00e1lia"},"content":{"rendered":"<p>El Proyecto Ra&iacute;z de incentivo a la internacionalizaci&oacute;n de dise&ntilde;adores nacionales, promovido por el Sindicato de las Industrias del Mobiliario de Bento Gon&ccedil;alves (Sindm&oacute;veis) y por la Agencia Brasile&ntilde;a de Promoci&oacute;n de Exportaciones e Inversiones (Apex-Brasil), da inicio al cronograma de exposiciones itinerantes por embajadas de Europa. La primera de ellas ocurre en Roma, Italia, entre los d&iacute;as 8 de junio y 1&ordm; de julio, y reunir&aacute; 17 estudios de dise&ntilde;o: <strong>Noem&iacute; Saga, Sergio Fahrer y Jack Fahrer, NTD Design, Aristeu Pires, Paulo Alves, estudioBola, Ronald Sasson, ITENS por Ana Neute, Jader Almeida, Leo Romano, Guto Indio da Costa, Marta Manente, Alessandra Delgado, Plataforma 4, Carol Gay, Cristiano Valle y Gustavo Martini<\/strong>. La propuesta es establecer la conexi&oacute;n directa de licenciamiento y distribuci&oacute;n en el mercado europeo.<\/p>\n<p>Para inaugurar la exposici&oacute;n, un seminario va a trazar el panorama del dise&ntilde;o brasile&ntilde;o en el mundo, con la participaci&oacute;n de Gilda Bojardi, editora de la Revista Interni Magazine y especialista en el &aacute;rea, y los dise&ntilde;adores Camila Fix, de Panorama 4 y Gustavo Martini, integrantes del Proyecto Ra&iacute;z. La siguiente exposici&oacute;n de la muestra ser&aacute; en la embajada de Brasil en Par&iacute;s, Francia, en septiembre, y en febrero de 2018, en Estocolmo, Suecia.<\/p>\n<p>El Proyecto Ra&iacute;z es una iniciativa de Sindm&oacute;veis y Apex-Brasil, instituciones que buscan estimular la participaci&oacute;n y el fortalecimiento de los dise&ntilde;adores de mobiliario del pa&iacute;s en el exterior a trav&eacute;s de acciones estrat&eacute;gicas personalizadas. La inversi&oacute;n en 2017 es de U$ 550.000. Las muestras itinerantes cuentan con el apoyo del Ministerio de Relaciones Exteriores.<\/p>\n<p>&nbsp;<\/p>\n<p><strong>Sobre el Proyecto Ra&iacute;z<\/strong><\/p>\n<p>La cultura brasile&ntilde;a tiene reconocimiento internacional y el mobiliario autoral de Brasil siempre ha dejado su marca en los principales circuitos de dise&ntilde;o del mundo. Esta es la percepci&oacute;n de Sindm&oacute;veis Bento Gon&ccedil;alves y Apex-Brasil que, a trav&eacute;s del Proyecto Ra&iacute;z (<em>Raiz Project<\/em>), estimula la generaci&oacute;n de negocios para los estudios de dise&ntilde;adores con madurez para actuar en el mercado internacional y con intereses en los mercados norteamericano y europeo. &nbsp;&nbsp;&nbsp;&nbsp;&nbsp;&nbsp;&nbsp;&nbsp; &nbsp;<\/p>\n<p>A partir de acciones volcadas para la conquista del mercado internacional el Proyecto Ra&iacute;z (<em>Raiz Project<\/em>) intensifica estrategias de posicionamiento del sector en el mercado externo, potencia la utilizaci&oacute;n de contactos e informes de inteligencia comercial para los dise&ntilde;adores, promueve mayor intercambio de informaciones y experiencias entre las empresas, orienta el avance de la promoci&oacute;n y la entrada de los dise&ntilde;adores de muebles en los mercados prioritarios con todo el soporte necesario y a partir de la segmentaci&oacute;n del grupo conforme su nivel de internacionalizaci&oacute;n.<\/p>\n<p>El Proyecto Ra&iacute;z (<em>Raiz Project<\/em>) fue creado en 2012, como un brazo del Proyecto Orchestra Brasil (existente desde 2006), una asociaci&oacute;n entre Sindm&oacute;veis y Apex-Brasil, volcada para la internacionalizaci&oacute;n de la cadena de proveedores de la industria brasile&ntilde;a del mobiliario. En 2012, el segmento de dise&ntilde;o fue incluido, habiendo recibido en 2014 el nombre de Proyecto Ra&iacute;z (<em>Raiz Project<\/em>), como resultado del <em>Design Challenge<\/em>, una iniciativa desarrollada a lo largo del &uacute;ltimo a&ntilde;o con los estudios, donde el objetivo era generar experiencia en la creaci&oacute;n de productos a partir de la visi&oacute;n de un equipo norteamericano. La nueva marca expresa la suma de culturas que alimenta la creatividad nacional.<\/p>\n<p>Sindm&oacute;veis Bento Gon&ccedil;alves invierte y apuesta en el dise&ntilde;o como diferencial competitivo para el sector del mobiliario nacional desde 1988, con la creaci&oacute;n del Premio Sal&atilde;o Design. M&aacute;s tarde, en 2007, Sindm&oacute;veis cre&oacute; Casa Brasil, feria de mobiliario de complemento de alto nivel que, a partir de 2016 pas&oacute; a ser realizada en S&atilde;o Paulo con nuevo nombre: High Design &ndash; Home &amp; Office Expo.<\/p>\n","protected":false},"excerpt":{"rendered":"<p>Proyecto Ra\u00edz (Raiz Project) inaugura exposici\u00f3n itinerante con dise\u00f1adores brasile\u00f1os en la Embajada de Brasil en Roma, Italia<\/p>\n","protected":false},"author":5,"featured_media":3614,"comment_status":"closed","ping_status":"open","sticky":false,"template":"","format":"standard","meta":{"footnotes":"","_links_to":"","_links_to_target":""},"categories":[2],"tags":[],"class_list":["post-1295","post","type-post","status-publish","format-standard","has-post-thumbnail","hentry","category-sindmoveis"],"yoast_head":"<!-- This site is optimized with the Yoast SEO plugin v27.0 - https:\/\/yoast.com\/product\/yoast-seo-wordpress\/ -->\n<title>Dise\u00f1adores brasile\u00f1os na It\u00e1lia - Sindm\u00f3veis-RS<\/title>\n<meta name=\"robots\" content=\"index, follow, max-snippet:-1, max-image-preview:large, max-video-preview:-1\" \/>\n<link rel=\"canonical\" href=\"https:\/\/www.sindmoveis.com.br\/es\/designers-brasileiros-na-italia\/\" \/>\n<meta property=\"og:locale\" content=\"es_ES\" \/>\n<meta property=\"og:type\" content=\"article\" \/>\n<meta property=\"og:title\" content=\"Dise\u00f1adores brasile\u00f1os na It\u00e1lia - Sindm\u00f3veis-RS\" \/>\n<meta property=\"og:description\" content=\"Proyecto Ra\u00edz (Raiz Project) inaugura exposici\u00f3n itinerante con dise\u00f1adores brasile\u00f1os en la Embajada de Brasil en Roma, Italia\" \/>\n<meta property=\"og:url\" content=\"https:\/\/www.sindmoveis.com.br\/es\/designers-brasileiros-na-italia\/\" \/>\n<meta property=\"og:site_name\" content=\"Sindm\u00f3veis-RS\" \/>\n<meta property=\"article:published_time\" content=\"2017-06-02T03:00:00+00:00\" \/>\n<meta property=\"article:modified_time\" content=\"2021-05-26T13:24:23+00:00\" \/>\n<meta property=\"og:image\" content=\"https:\/\/www.sindmoveis.com.br\/es\/wp-content\/uploads\/2021\/05\/p1496419420.jpg\" \/>\n\t<meta property=\"og:image:width\" content=\"1181\" \/>\n\t<meta property=\"og:image:height\" content=\"804\" \/>\n\t<meta property=\"og:image:type\" content=\"image\/jpeg\" \/>\n<meta name=\"author\" content=\"Imprensa Sindm\u00f3veis\" \/>\n<meta name=\"twitter:card\" content=\"summary_large_image\" \/>\n<meta name=\"twitter:label1\" content=\"Escrito por\" \/>\n\t<meta name=\"twitter:data1\" content=\"Imprensa Sindm\u00f3veis\" \/>\n\t<meta name=\"twitter:label2\" content=\"Tiempo de lectura\" \/>\n\t<meta name=\"twitter:data2\" content=\"4 minutos\" \/>\n<script type=\"application\/ld+json\" class=\"yoast-schema-graph\">{\"@context\":\"https:\/\/schema.org\",\"@graph\":[{\"@type\":\"Article\",\"@id\":\"https:\/\/www.sindmoveis.com.br\/es\/designers-brasileiros-na-italia\/#article\",\"isPartOf\":{\"@id\":\"https:\/\/www.sindmoveis.com.br\/es\/designers-brasileiros-na-italia\/\"},\"author\":{\"name\":\"Imprensa Sindm\u00f3veis\",\"@id\":\"https:\/\/www.sindmoveis.com.br\/es\/#\/schema\/person\/16d379542db1950a17fe188179340d57\"},\"headline\":\"Dise\u00f1adores brasile\u00f1os na It\u00e1lia\",\"datePublished\":\"2017-06-02T03:00:00+00:00\",\"dateModified\":\"2021-05-26T13:24:23+00:00\",\"mainEntityOfPage\":{\"@id\":\"https:\/\/www.sindmoveis.com.br\/es\/designers-brasileiros-na-italia\/\"},\"wordCount\":723,\"image\":{\"@id\":\"https:\/\/www.sindmoveis.com.br\/es\/designers-brasileiros-na-italia\/#primaryimage\"},\"thumbnailUrl\":\"https:\/\/www.sindmoveis.com.br\/es\/wp-content\/uploads\/2021\/05\/p1496419420.jpg\",\"articleSection\":[\"Sindm\u00f3veis\"],\"inLanguage\":\"es\"},{\"@type\":\"WebPage\",\"@id\":\"https:\/\/www.sindmoveis.com.br\/es\/designers-brasileiros-na-italia\/\",\"url\":\"https:\/\/www.sindmoveis.com.br\/es\/designers-brasileiros-na-italia\/\",\"name\":\"Dise\u00f1adores brasile\u00f1os na It\u00e1lia - Sindm\u00f3veis-RS\",\"isPartOf\":{\"@id\":\"https:\/\/www.sindmoveis.com.br\/es\/#website\"},\"primaryImageOfPage\":{\"@id\":\"https:\/\/www.sindmoveis.com.br\/es\/designers-brasileiros-na-italia\/#primaryimage\"},\"image\":{\"@id\":\"https:\/\/www.sindmoveis.com.br\/es\/designers-brasileiros-na-italia\/#primaryimage\"},\"thumbnailUrl\":\"https:\/\/www.sindmoveis.com.br\/es\/wp-content\/uploads\/2021\/05\/p1496419420.jpg\",\"datePublished\":\"2017-06-02T03:00:00+00:00\",\"dateModified\":\"2021-05-26T13:24:23+00:00\",\"author\":{\"@id\":\"https:\/\/www.sindmoveis.com.br\/es\/#\/schema\/person\/16d379542db1950a17fe188179340d57\"},\"inLanguage\":\"es\",\"potentialAction\":[{\"@type\":\"ReadAction\",\"target\":[\"https:\/\/www.sindmoveis.com.br\/es\/designers-brasileiros-na-italia\/\"]}]},{\"@type\":\"ImageObject\",\"inLanguage\":\"es\",\"@id\":\"https:\/\/www.sindmoveis.com.br\/es\/designers-brasileiros-na-italia\/#primaryimage\",\"url\":\"https:\/\/www.sindmoveis.com.br\/es\/wp-content\/uploads\/2021\/05\/p1496419420.jpg\",\"contentUrl\":\"https:\/\/www.sindmoveis.com.br\/es\/wp-content\/uploads\/2021\/05\/p1496419420.jpg\",\"width\":1181,\"height\":804},{\"@type\":\"WebSite\",\"@id\":\"https:\/\/www.sindmoveis.com.br\/es\/#website\",\"url\":\"https:\/\/www.sindmoveis.com.br\/es\/\",\"name\":\"Sindm\u00f3veis-RS\",\"description\":\"\",\"potentialAction\":[{\"@type\":\"SearchAction\",\"target\":{\"@type\":\"EntryPoint\",\"urlTemplate\":\"https:\/\/www.sindmoveis.com.br\/es\/?s={search_term_string}\"},\"query-input\":{\"@type\":\"PropertyValueSpecification\",\"valueRequired\":true,\"valueName\":\"search_term_string\"}}],\"inLanguage\":\"es\"},{\"@type\":\"Person\",\"@id\":\"https:\/\/www.sindmoveis.com.br\/es\/#\/schema\/person\/16d379542db1950a17fe188179340d57\",\"name\":\"Imprensa Sindm\u00f3veis\",\"image\":{\"@type\":\"ImageObject\",\"inLanguage\":\"es\",\"@id\":\"https:\/\/www.sindmoveis.com.br\/es\/#\/schema\/person\/image\/\",\"url\":\"https:\/\/secure.gravatar.com\/avatar\/4973e2e2c2a0cb5db30b0c7b770041b8e33d048a16b695a1f99c042449d4bfaf?s=96&d=mm&r=g\",\"contentUrl\":\"https:\/\/secure.gravatar.com\/avatar\/4973e2e2c2a0cb5db30b0c7b770041b8e33d048a16b695a1f99c042449d4bfaf?s=96&d=mm&r=g\",\"caption\":\"Imprensa Sindm\u00f3veis\"},\"url\":\"https:\/\/www.sindmoveis.com.br\/es\/author\/ana\/\"}]}<\/script>\n<!-- \/ Yoast SEO plugin. -->","yoast_head_json":{"title":"Dise\u00f1adores brasile\u00f1os na It\u00e1lia - Sindm\u00f3veis-RS","robots":{"index":"index","follow":"follow","max-snippet":"max-snippet:-1","max-image-preview":"max-image-preview:large","max-video-preview":"max-video-preview:-1"},"canonical":"https:\/\/www.sindmoveis.com.br\/es\/designers-brasileiros-na-italia\/","og_locale":"es_ES","og_type":"article","og_title":"Dise\u00f1adores brasile\u00f1os na It\u00e1lia - Sindm\u00f3veis-RS","og_description":"Proyecto Ra\u00edz (Raiz Project) inaugura exposici\u00f3n itinerante con dise\u00f1adores brasile\u00f1os en la Embajada de Brasil en Roma, Italia","og_url":"https:\/\/www.sindmoveis.com.br\/es\/designers-brasileiros-na-italia\/","og_site_name":"Sindm\u00f3veis-RS","article_published_time":"2017-06-02T03:00:00+00:00","article_modified_time":"2021-05-26T13:24:23+00:00","og_image":[{"width":1181,"height":804,"url":"https:\/\/www.sindmoveis.com.br\/es\/wp-content\/uploads\/2021\/05\/p1496419420.jpg","type":"image\/jpeg"}],"author":"Imprensa Sindm\u00f3veis","twitter_card":"summary_large_image","twitter_misc":{"Escrito por":"Imprensa Sindm\u00f3veis","Tiempo de lectura":"4 minutos"},"schema":{"@context":"https:\/\/schema.org","@graph":[{"@type":"Article","@id":"https:\/\/www.sindmoveis.com.br\/es\/designers-brasileiros-na-italia\/#article","isPartOf":{"@id":"https:\/\/www.sindmoveis.com.br\/es\/designers-brasileiros-na-italia\/"},"author":{"name":"Imprensa Sindm\u00f3veis","@id":"https:\/\/www.sindmoveis.com.br\/es\/#\/schema\/person\/16d379542db1950a17fe188179340d57"},"headline":"Dise\u00f1adores brasile\u00f1os na It\u00e1lia","datePublished":"2017-06-02T03:00:00+00:00","dateModified":"2021-05-26T13:24:23+00:00","mainEntityOfPage":{"@id":"https:\/\/www.sindmoveis.com.br\/es\/designers-brasileiros-na-italia\/"},"wordCount":723,"image":{"@id":"https:\/\/www.sindmoveis.com.br\/es\/designers-brasileiros-na-italia\/#primaryimage"},"thumbnailUrl":"https:\/\/www.sindmoveis.com.br\/es\/wp-content\/uploads\/2021\/05\/p1496419420.jpg","articleSection":["Sindm\u00f3veis"],"inLanguage":"es"},{"@type":"WebPage","@id":"https:\/\/www.sindmoveis.com.br\/es\/designers-brasileiros-na-italia\/","url":"https:\/\/www.sindmoveis.com.br\/es\/designers-brasileiros-na-italia\/","name":"Dise\u00f1adores brasile\u00f1os na It\u00e1lia - Sindm\u00f3veis-RS","isPartOf":{"@id":"https:\/\/www.sindmoveis.com.br\/es\/#website"},"primaryImageOfPage":{"@id":"https:\/\/www.sindmoveis.com.br\/es\/designers-brasileiros-na-italia\/#primaryimage"},"image":{"@id":"https:\/\/www.sindmoveis.com.br\/es\/designers-brasileiros-na-italia\/#primaryimage"},"thumbnailUrl":"https:\/\/www.sindmoveis.com.br\/es\/wp-content\/uploads\/2021\/05\/p1496419420.jpg","datePublished":"2017-06-02T03:00:00+00:00","dateModified":"2021-05-26T13:24:23+00:00","author":{"@id":"https:\/\/www.sindmoveis.com.br\/es\/#\/schema\/person\/16d379542db1950a17fe188179340d57"},"inLanguage":"es","potentialAction":[{"@type":"ReadAction","target":["https:\/\/www.sindmoveis.com.br\/es\/designers-brasileiros-na-italia\/"]}]},{"@type":"ImageObject","inLanguage":"es","@id":"https:\/\/www.sindmoveis.com.br\/es\/designers-brasileiros-na-italia\/#primaryimage","url":"https:\/\/www.sindmoveis.com.br\/es\/wp-content\/uploads\/2021\/05\/p1496419420.jpg","contentUrl":"https:\/\/www.sindmoveis.com.br\/es\/wp-content\/uploads\/2021\/05\/p1496419420.jpg","width":1181,"height":804},{"@type":"WebSite","@id":"https:\/\/www.sindmoveis.com.br\/es\/#website","url":"https:\/\/www.sindmoveis.com.br\/es\/","name":"Sindm\u00f3veis-RS","description":"","potentialAction":[{"@type":"SearchAction","target":{"@type":"EntryPoint","urlTemplate":"https:\/\/www.sindmoveis.com.br\/es\/?s={search_term_string}"},"query-input":{"@type":"PropertyValueSpecification","valueRequired":true,"valueName":"search_term_string"}}],"inLanguage":"es"},{"@type":"Person","@id":"https:\/\/www.sindmoveis.com.br\/es\/#\/schema\/person\/16d379542db1950a17fe188179340d57","name":"Imprensa Sindm\u00f3veis","image":{"@type":"ImageObject","inLanguage":"es","@id":"https:\/\/www.sindmoveis.com.br\/es\/#\/schema\/person\/image\/","url":"https:\/\/secure.gravatar.com\/avatar\/4973e2e2c2a0cb5db30b0c7b770041b8e33d048a16b695a1f99c042449d4bfaf?s=96&d=mm&r=g","contentUrl":"https:\/\/secure.gravatar.com\/avatar\/4973e2e2c2a0cb5db30b0c7b770041b8e33d048a16b695a1f99c042449d4bfaf?s=96&d=mm&r=g","caption":"Imprensa Sindm\u00f3veis"},"url":"https:\/\/www.sindmoveis.com.br\/es\/author\/ana\/"}]}},"_links":{"self":[{"href":"https:\/\/www.sindmoveis.com.br\/es\/wp-json\/wp\/v2\/posts\/1295","targetHints":{"allow":["GET"]}}],"collection":[{"href":"https:\/\/www.sindmoveis.com.br\/es\/wp-json\/wp\/v2\/posts"}],"about":[{"href":"https:\/\/www.sindmoveis.com.br\/es\/wp-json\/wp\/v2\/types\/post"}],"author":[{"embeddable":true,"href":"https:\/\/www.sindmoveis.com.br\/es\/wp-json\/wp\/v2\/users\/5"}],"replies":[{"embeddable":true,"href":"https:\/\/www.sindmoveis.com.br\/es\/wp-json\/wp\/v2\/comments?post=1295"}],"version-history":[{"count":2,"href":"https:\/\/www.sindmoveis.com.br\/es\/wp-json\/wp\/v2\/posts\/1295\/revisions"}],"predecessor-version":[{"id":3613,"href":"https:\/\/www.sindmoveis.com.br\/es\/wp-json\/wp\/v2\/posts\/1295\/revisions\/3613"}],"wp:featuredmedia":[{"embeddable":true,"href":"https:\/\/www.sindmoveis.com.br\/es\/wp-json\/wp\/v2\/media\/3614"}],"wp:attachment":[{"href":"https:\/\/www.sindmoveis.com.br\/es\/wp-json\/wp\/v2\/media?parent=1295"}],"wp:term":[{"taxonomy":"category","embeddable":true,"href":"https:\/\/www.sindmoveis.com.br\/es\/wp-json\/wp\/v2\/categories?post=1295"},{"taxonomy":"post_tag","embeddable":true,"href":"https:\/\/www.sindmoveis.com.br\/es\/wp-json\/wp\/v2\/tags?post=1295"}],"curies":[{"name":"wp","href":"https:\/\/api.w.org\/{rel}","templated":true}]}}