{"id":1294,"date":"2017-05-31T00:00:00","date_gmt":"2017-05-31T03:00:00","guid":{"rendered":"http:\/\/sindmoveis.com.br\/imprensa\/noticias\/premio-salao-design-divulga-os-vencedores-de-sua-21a-edicao\/"},"modified":"2021-05-26T10:27:47","modified_gmt":"2021-05-26T13:27:47","slug":"premio-salao-design-divulga-os-vencedores-de-sua-21a-edicao","status":"publish","type":"post","link":"https:\/\/www.sindmoveis.com.br\/es\/premio-salao-design-divulga-os-vencedores-de-sua-21a-edicao\/","title":{"rendered":"Premio Sal\u00e3o Design divulga los vencedores de su 21\u00aa edici\u00f3n"},"content":{"rendered":"<p>El Premio Sal&atilde;o Design 2017 ya tiene sus vencedores: son 11 premiaciones en dinero en las modalidades Estudiante, Profesional e Industria, adem&aacute;s de 9 menciones de honor, tres Trofeos Profesor Orientador y un Premio Maderas Alternativas &ndash; totalizando 24 agraciados. En la etapa final, realizada en mayo en la Sierra Gaucha, los jurados Brunno Jahara, Glaucia Binda, Ivens Fontoura, Nicole Tomazi y Paulo Biacchi evaluaron personalmente m&aacute;s de 100 productos finalistas, llegando al resultado que contempla estudios de Brasil, Argentina y Uruguay.<\/p>\n<p>De forma general, la comisi&oacute;n juzgadora consider&oacute; que esa 21&ordf; edici&oacute;n trajo productos bien acabados y revel&oacute; nuevos nombres en la escena del dise&ntilde;o latinoamericano. El director del Premio Sal&atilde;o Design, Eduardo Nuncio, destaca que los premiados forman un conjunto arm&oacute;nico de piezas con calidad formal y funcional, con destaque para innumerables proyectos con caracter&iacute;sticas de multifuncionalidad. &ldquo;Adem&aacute;s de ser productos que presentan un gran alineamiento entre forma y funci&oacute;n, caracter&iacute;sticas fundamentales para la evaluaci&oacute;n de los jurados, nos hemos sentido muy felices e impresionados con la sensibilidad de los participantes en las cuestiones de sostenibilidad, coherencia y creatividad en el uso de los materiales, y la visible evoluci&oacute;n en lo que respecta al acabado de los productos presentados, Ello muestra como ha venido mejorando a&ntilde;o a a&ntilde;o el nivel de los proyectos inscritos en el premio&rdquo;, eval&uacute;a.<\/p>\n<p>El producto elegido como m&aacute;s innovador en esta edici&oacute;n del premio es una creaci&oacute;n del estudiante de la Pontificia Universidad Cat&oacute;lica &ndash; PUC R&iacute;o de Janeiro, Daniel Ruben Nasajon y su profesor Claudio Freitas de Magalh&atilde;es. Se trata del cubierto port&aacute;til Biko, considerado por los jurados un excelente objeto de uso cotidiano, democr&aacute;tico, racional y extremadamente comercial. El proyecto consiste en un artefacto doblegable en formato de pico, ideal para peque&ntilde;as porciones de alimentos. Puede sustituir un <a name=\"_GoBack\"><em>hashi<\/em><\/a> sin necesidad de cualquier tipo de deforestaci&oacute;n y que ofrece tambi&eacute;n diversas otras posibilidades de uso: catering, pizza francesa, quesos y vinos, fiambres y bocadillos, entre otros.<\/p>\n<p>Adem&aacute;s de las premiaciones en dinero y menciones de honor, el Premio Sal&atilde;o Design concede, desde 1996, el Premio Maderas Alternativas &ndash; una categor&iacute;a especial promovida con apoyo del Servicio Forestal Brasile&ntilde;o que premia un producto con trofeo por la investigaci&oacute;n y el uso de especies no muy utilizadas, adem&aacute;s de una expedici&oacute;n por la diversidad maderera de Brasil. Por la l&iacute;nea de productos Familia Pi, hecha con Muiracatiara Rajada, el dise&ntilde;ador Alfio Lisi tendr&aacute; la oportunidad de conocer la sede del Laboratorio de Productos Forestales del Servicio Forestal Brasile&ntilde;o, en Brasilia, y &aacute;reas de manejo forestal y procesamiento tecnol&oacute;gico de madera en Amazonia.<\/p>\n<p>El Premio Sal&atilde;o Design agrega creatividad e innovaci&oacute;n tecnol&oacute;gica al sector del mobiliario por medio del dise&ntilde;o, siendo realizado desde 1988 por Sindm&oacute;veis Bento Gon&ccedil;alves. En su historia, el premio ya tuvo 13.584 proyectos inscritos. En este a&ntilde;o, la ceremonia de premiaci&oacute;n y muestra de los premiados ser&aacute; durante la feria High Design &ndash; Home &amp; Office Expo, de 08 a 10 de agosto, en S&atilde;o Paulo Expo, como programaci&oacute;n integrante de DW! S&atilde;o Paulo Design Weekend.<\/p>\n<p>Para m&aacute;s informaciones, acceda a <a href=\"http:\/\/www.salaodesign.com.br\/\">www.salaodesign.com.br<\/a> &nbsp;<\/p>\n<p>&nbsp;<\/p>\n<p><strong>Premiados<\/strong><\/p>\n<p>&nbsp;<\/p>\n<p><strong>Modalidad: Estudiante<\/strong><\/p>\n<p>&nbsp;<\/p>\n<p><strong>Categor&iacute;a: Espacios Sociales<\/strong><\/p>\n<p><strong>Premiado + Trofeo Profesor Orientador: Biko<\/strong> | Dise&ntilde;o de Daniel Ruben Nasajon y Cl&aacute;udio Freitas de Magalh&atilde;es. Profesor Orientador: Cl&aacute;udio Freitas de Magalh&atilde;es, PUC-R&iacute;o de Janeiro<\/p>\n<p>&nbsp;<\/p>\n<p><strong>Categor&iacute;a: Espacios &Iacute;ntimos<\/strong><\/p>\n<p><strong>Premiado + Trofeo Profesor Orientador: Planar<\/strong> | Dise&ntilde;o de Carolina Rocha y L&uacute;cia Correa. Profesor Orientador: Jos&eacute; Silva, Udelar (Montevideo, URU)<\/p>\n<p><strong>Menci&oacute;n de Honor + Trofeo Profesor Orientador: Versa<\/strong> | Dise&ntilde;o de Isabela Fraga Raposo. Profesor Orientador: Marcelo Massaharu, PUC-R&iacute;o de Janeiro<\/p>\n<p>&nbsp;<\/p>\n<p><strong>Categor&iacute;a: Espacios de Trabajo<\/strong><\/p>\n<p><strong>Premiado: Escritorio Sobradinho<\/strong> | Dise&ntilde;o de Felipe de Carvalho Madeira, UFRJ (R&iacute;o de Janeiro, RJ)<\/p>\n<p><strong>Menci&oacute;n de Honor: Caballete Dobra<\/strong> | Dise&ntilde;o de Felipe de Carvalho Madeira, UFRJ (R&iacute;o de Janeiro, RJ)<\/p>\n<p>&nbsp;<\/p>\n<p><strong>Modalidad: Profesional<\/strong><\/p>\n<p><strong>Categor&iacute;a: Espacios Sociales<\/strong><\/p>\n<p><strong>Premiado: L&iacute;nea Ciranda<\/strong> | Dise&ntilde;o de Camila Fix, Fl&aacute;via Pagotti Silva, Rejane Carvalho Leite y Am&eacute;lia Tarozzo, Plataforma4 (S&atilde;o Paulo, SP)<\/p>\n<p><strong>Premiado: Pituki<\/strong> | Dise&ntilde;o de Claudio Sibille (Montevideo, URU)<\/p>\n<p><strong>Menci&oacute;n de Honor: Poltrona Fibra<\/strong> | Dise&ntilde;o de Rosina Secondi, Julian San Martin, Victoria Scola y Daniel Appel, Estudio Claro (Montevideo, URU)<\/p>\n<p><strong>Menci&oacute;n de Honor: Mesa de apoyo L&iacute;nea Constru&ccedil;&atilde;o <\/strong>| Dise&ntilde;o de Ivan de S&aacute; Rezende (R&iacute;o de Janeiro, RJ)<\/p>\n<p>&nbsp;<\/p>\n<p><strong>Categor&iacute;a: Espacios &Iacute;ntimos<\/strong><\/p>\n<p><strong>Premiado: Club<\/strong> | Dise&ntilde;o de Ana Sosa y Guillermo Salh&oacute;n, Estudio Diario (Montevideo, URU)<\/p>\n<p><strong>Menci&oacute;n de Honor: Pana <\/strong>| Dise&ntilde;o de Ana Sosa y Guillermo Salh&oacute;n, Estudio Diario (Montevideo, URU)<\/p>\n<p><strong>Menci&oacute;n de Honor : Mesas Bezel<\/strong> | Dise&ntilde;o de Rosina Secondi, Julian San Martin, Victoria Scola e Daniel Appel, Estudio Claro (Montevideo, URU)<\/p>\n<p><strong>Menci&oacute;n de Honor: Perchero Manuh<\/strong> | Dise&ntilde;o de Eduardo Bor&eacute;m (Brasilia, DF)<\/p>\n<p><strong>Premio Maderas Alternativas: Familia Pi<\/strong> | Dise&ntilde;o de Alfio Lisi (Leme, SP). Madera utilizada: Muiracatiara Rajada<\/p>\n<p>&nbsp;<\/p>\n<p><strong>Categor&iacute;a: Espacios de Trabajo<\/strong><\/p>\n<p><strong>Premiado: Caballete Split<\/strong> | Dise&ntilde;o de Mara Luisa K&ouml;ber, Oppa (S&atilde;o Paulo, SP)<\/p>\n<p>&nbsp;<\/p>\n<p><strong>Categoria: Innovaci&oacute;n en Materiales y Superficies<\/strong><\/p>\n<p><strong>Premiado: V.AZ<\/strong> | Dise&ntilde;o de Andrea Bezerra de Carvalho Macruz, Nolli (S&atilde;o Paulo, SP)<\/p>\n<p><strong>Menci&oacute;n ee Honor: Do&ntilde;a 3D Print Objetos<\/strong> | Dise&ntilde;o de Lucas Ferrera, Do&ntilde;a 3D.COM (Caba, ARG)<\/p>\n<p>&nbsp;<\/p>\n<p><strong>Categor&iacute;a: E-commerce<\/strong><\/p>\n<p><strong>Premiado: Base Trindade<\/strong> | Dise&ntilde;o de Maur&iacute;cio Siquinelli Nakane, Oppa Design (Ribeir&atilde;o Preto, SP)<\/p>\n<p>&nbsp;<\/p>\n<p><strong>Modalidad: Industria<\/strong><\/p>\n<p><strong>Categor&iacute;a: Espacios Sociales<\/strong><\/p>\n<p><strong>Premiado: Skyfolding Collection<\/strong> | Dise&ntilde;o de Niccol&ograve; Adolini y Daniel Simonini, Adolini+Simonini para Donaflor Mob&iacute;lia (Londrina, PR)<\/p>\n<p><strong>Menci&oacute;n de Honor: Branch Collection<\/strong> | Dise&ntilde;o de Niccol&ograve; Adolini y Daniel Simonini, Adolini+Simonini para Donaflor Mob&iacute;lia (Londrina, PR)<\/p>\n<p>&nbsp;<\/p>\n<p><strong>Categor&iacute;a: Espacios &Iacute;ntimos<\/strong><\/p>\n<p><strong>Premiado: L&iacute;nea Canguru<\/strong> | Dise&ntilde;o de Isabela Vecci, Vecci y lansky Arquitectura para L&iacute;der Interiores (Carmo do Cajuru, MG)<\/p>\n","protected":false},"excerpt":{"rendered":"<p>Comisi\u00f3n juzgadora eligi\u00f3 11 premios, nueve menciones de honor,  tres trofeos Profesor Orientador y un Premio Maderas Alternativas<\/p>\n","protected":false},"author":5,"featured_media":3612,"comment_status":"closed","ping_status":"open","sticky":false,"template":"","format":"standard","meta":{"footnotes":"","_links_to":"","_links_to_target":""},"categories":[21,2],"tags":[],"class_list":["post-1294","post","type-post","status-publish","format-standard","has-post-thumbnail","hentry","category-premio-salao-design","category-sindmoveis"],"yoast_head":"<!-- This site is optimized with the Yoast SEO plugin v27.0 - https:\/\/yoast.com\/product\/yoast-seo-wordpress\/ -->\n<title>Premio Sal\u00e3o Design divulga los vencedores de su 21\u00aa edici\u00f3n - Sindm\u00f3veis-RS<\/title>\n<meta name=\"robots\" content=\"index, follow, max-snippet:-1, max-image-preview:large, max-video-preview:-1\" \/>\n<link rel=\"canonical\" href=\"https:\/\/www.sindmoveis.com.br\/es\/premio-salao-design-divulga-os-vencedores-de-sua-21a-edicao\/\" \/>\n<meta property=\"og:locale\" content=\"es_ES\" \/>\n<meta property=\"og:type\" content=\"article\" \/>\n<meta property=\"og:title\" content=\"Premio Sal\u00e3o Design divulga los vencedores de su 21\u00aa edici\u00f3n - Sindm\u00f3veis-RS\" \/>\n<meta property=\"og:description\" content=\"Comisi\u00f3n juzgadora eligi\u00f3 11 premios, nueve menciones de honor, tres trofeos Profesor Orientador y un Premio Maderas Alternativas\" \/>\n<meta property=\"og:url\" content=\"https:\/\/www.sindmoveis.com.br\/es\/premio-salao-design-divulga-os-vencedores-de-sua-21a-edicao\/\" \/>\n<meta property=\"og:site_name\" content=\"Sindm\u00f3veis-RS\" \/>\n<meta property=\"article:published_time\" content=\"2017-05-31T03:00:00+00:00\" \/>\n<meta property=\"article:modified_time\" content=\"2021-05-26T13:27:47+00:00\" \/>\n<meta property=\"og:image\" content=\"https:\/\/www.sindmoveis.com.br\/es\/wp-content\/uploads\/2021\/05\/p1496237319.jpg\" \/>\n\t<meta property=\"og:image:width\" content=\"1181\" \/>\n\t<meta property=\"og:image:height\" content=\"766\" \/>\n\t<meta property=\"og:image:type\" content=\"image\/jpeg\" \/>\n<meta name=\"author\" content=\"Imprensa Sindm\u00f3veis\" \/>\n<meta name=\"twitter:card\" content=\"summary_large_image\" \/>\n<meta name=\"twitter:label1\" content=\"Escrito por\" \/>\n\t<meta name=\"twitter:data1\" content=\"Imprensa Sindm\u00f3veis\" \/>\n\t<meta name=\"twitter:label2\" content=\"Tiempo de lectura\" \/>\n\t<meta name=\"twitter:data2\" content=\"6 minutos\" \/>\n<script type=\"application\/ld+json\" class=\"yoast-schema-graph\">{\"@context\":\"https:\/\/schema.org\",\"@graph\":[{\"@type\":\"Article\",\"@id\":\"https:\/\/www.sindmoveis.com.br\/es\/premio-salao-design-divulga-os-vencedores-de-sua-21a-edicao\/#article\",\"isPartOf\":{\"@id\":\"https:\/\/www.sindmoveis.com.br\/es\/premio-salao-design-divulga-os-vencedores-de-sua-21a-edicao\/\"},\"author\":{\"name\":\"Imprensa Sindm\u00f3veis\",\"@id\":\"https:\/\/www.sindmoveis.com.br\/es\/#\/schema\/person\/16d379542db1950a17fe188179340d57\"},\"headline\":\"Premio Sal\u00e3o Design divulga los vencedores de su 21\u00aa edici\u00f3n\",\"datePublished\":\"2017-05-31T03:00:00+00:00\",\"dateModified\":\"2021-05-26T13:27:47+00:00\",\"mainEntityOfPage\":{\"@id\":\"https:\/\/www.sindmoveis.com.br\/es\/premio-salao-design-divulga-os-vencedores-de-sua-21a-edicao\/\"},\"wordCount\":1170,\"image\":{\"@id\":\"https:\/\/www.sindmoveis.com.br\/es\/premio-salao-design-divulga-os-vencedores-de-sua-21a-edicao\/#primaryimage\"},\"thumbnailUrl\":\"https:\/\/www.sindmoveis.com.br\/es\/wp-content\/uploads\/2021\/05\/p1496237319.jpg\",\"articleSection\":[\"Premio Sal\u00e3o Design\",\"Sindm\u00f3veis\"],\"inLanguage\":\"es\"},{\"@type\":\"WebPage\",\"@id\":\"https:\/\/www.sindmoveis.com.br\/es\/premio-salao-design-divulga-os-vencedores-de-sua-21a-edicao\/\",\"url\":\"https:\/\/www.sindmoveis.com.br\/es\/premio-salao-design-divulga-os-vencedores-de-sua-21a-edicao\/\",\"name\":\"Premio Sal\u00e3o Design divulga los vencedores de su 21\u00aa edici\u00f3n - Sindm\u00f3veis-RS\",\"isPartOf\":{\"@id\":\"https:\/\/www.sindmoveis.com.br\/es\/#website\"},\"primaryImageOfPage\":{\"@id\":\"https:\/\/www.sindmoveis.com.br\/es\/premio-salao-design-divulga-os-vencedores-de-sua-21a-edicao\/#primaryimage\"},\"image\":{\"@id\":\"https:\/\/www.sindmoveis.com.br\/es\/premio-salao-design-divulga-os-vencedores-de-sua-21a-edicao\/#primaryimage\"},\"thumbnailUrl\":\"https:\/\/www.sindmoveis.com.br\/es\/wp-content\/uploads\/2021\/05\/p1496237319.jpg\",\"datePublished\":\"2017-05-31T03:00:00+00:00\",\"dateModified\":\"2021-05-26T13:27:47+00:00\",\"author\":{\"@id\":\"https:\/\/www.sindmoveis.com.br\/es\/#\/schema\/person\/16d379542db1950a17fe188179340d57\"},\"inLanguage\":\"es\",\"potentialAction\":[{\"@type\":\"ReadAction\",\"target\":[\"https:\/\/www.sindmoveis.com.br\/es\/premio-salao-design-divulga-os-vencedores-de-sua-21a-edicao\/\"]}]},{\"@type\":\"ImageObject\",\"inLanguage\":\"es\",\"@id\":\"https:\/\/www.sindmoveis.com.br\/es\/premio-salao-design-divulga-os-vencedores-de-sua-21a-edicao\/#primaryimage\",\"url\":\"https:\/\/www.sindmoveis.com.br\/es\/wp-content\/uploads\/2021\/05\/p1496237319.jpg\",\"contentUrl\":\"https:\/\/www.sindmoveis.com.br\/es\/wp-content\/uploads\/2021\/05\/p1496237319.jpg\",\"width\":1181,\"height\":766},{\"@type\":\"WebSite\",\"@id\":\"https:\/\/www.sindmoveis.com.br\/es\/#website\",\"url\":\"https:\/\/www.sindmoveis.com.br\/es\/\",\"name\":\"Sindm\u00f3veis-RS\",\"description\":\"\",\"potentialAction\":[{\"@type\":\"SearchAction\",\"target\":{\"@type\":\"EntryPoint\",\"urlTemplate\":\"https:\/\/www.sindmoveis.com.br\/es\/?s={search_term_string}\"},\"query-input\":{\"@type\":\"PropertyValueSpecification\",\"valueRequired\":true,\"valueName\":\"search_term_string\"}}],\"inLanguage\":\"es\"},{\"@type\":\"Person\",\"@id\":\"https:\/\/www.sindmoveis.com.br\/es\/#\/schema\/person\/16d379542db1950a17fe188179340d57\",\"name\":\"Imprensa Sindm\u00f3veis\",\"image\":{\"@type\":\"ImageObject\",\"inLanguage\":\"es\",\"@id\":\"https:\/\/www.sindmoveis.com.br\/es\/#\/schema\/person\/image\/\",\"url\":\"https:\/\/secure.gravatar.com\/avatar\/4973e2e2c2a0cb5db30b0c7b770041b8e33d048a16b695a1f99c042449d4bfaf?s=96&d=mm&r=g\",\"contentUrl\":\"https:\/\/secure.gravatar.com\/avatar\/4973e2e2c2a0cb5db30b0c7b770041b8e33d048a16b695a1f99c042449d4bfaf?s=96&d=mm&r=g\",\"caption\":\"Imprensa Sindm\u00f3veis\"},\"url\":\"https:\/\/www.sindmoveis.com.br\/es\/author\/ana\/\"}]}<\/script>\n<!-- \/ Yoast SEO plugin. -->","yoast_head_json":{"title":"Premio Sal\u00e3o Design divulga los vencedores de su 21\u00aa edici\u00f3n - Sindm\u00f3veis-RS","robots":{"index":"index","follow":"follow","max-snippet":"max-snippet:-1","max-image-preview":"max-image-preview:large","max-video-preview":"max-video-preview:-1"},"canonical":"https:\/\/www.sindmoveis.com.br\/es\/premio-salao-design-divulga-os-vencedores-de-sua-21a-edicao\/","og_locale":"es_ES","og_type":"article","og_title":"Premio Sal\u00e3o Design divulga los vencedores de su 21\u00aa edici\u00f3n - Sindm\u00f3veis-RS","og_description":"Comisi\u00f3n juzgadora eligi\u00f3 11 premios, nueve menciones de honor, tres trofeos Profesor Orientador y un Premio Maderas Alternativas","og_url":"https:\/\/www.sindmoveis.com.br\/es\/premio-salao-design-divulga-os-vencedores-de-sua-21a-edicao\/","og_site_name":"Sindm\u00f3veis-RS","article_published_time":"2017-05-31T03:00:00+00:00","article_modified_time":"2021-05-26T13:27:47+00:00","og_image":[{"width":1181,"height":766,"url":"https:\/\/www.sindmoveis.com.br\/es\/wp-content\/uploads\/2021\/05\/p1496237319.jpg","type":"image\/jpeg"}],"author":"Imprensa Sindm\u00f3veis","twitter_card":"summary_large_image","twitter_misc":{"Escrito por":"Imprensa Sindm\u00f3veis","Tiempo de lectura":"6 minutos"},"schema":{"@context":"https:\/\/schema.org","@graph":[{"@type":"Article","@id":"https:\/\/www.sindmoveis.com.br\/es\/premio-salao-design-divulga-os-vencedores-de-sua-21a-edicao\/#article","isPartOf":{"@id":"https:\/\/www.sindmoveis.com.br\/es\/premio-salao-design-divulga-os-vencedores-de-sua-21a-edicao\/"},"author":{"name":"Imprensa Sindm\u00f3veis","@id":"https:\/\/www.sindmoveis.com.br\/es\/#\/schema\/person\/16d379542db1950a17fe188179340d57"},"headline":"Premio Sal\u00e3o Design divulga los vencedores de su 21\u00aa edici\u00f3n","datePublished":"2017-05-31T03:00:00+00:00","dateModified":"2021-05-26T13:27:47+00:00","mainEntityOfPage":{"@id":"https:\/\/www.sindmoveis.com.br\/es\/premio-salao-design-divulga-os-vencedores-de-sua-21a-edicao\/"},"wordCount":1170,"image":{"@id":"https:\/\/www.sindmoveis.com.br\/es\/premio-salao-design-divulga-os-vencedores-de-sua-21a-edicao\/#primaryimage"},"thumbnailUrl":"https:\/\/www.sindmoveis.com.br\/es\/wp-content\/uploads\/2021\/05\/p1496237319.jpg","articleSection":["Premio Sal\u00e3o Design","Sindm\u00f3veis"],"inLanguage":"es"},{"@type":"WebPage","@id":"https:\/\/www.sindmoveis.com.br\/es\/premio-salao-design-divulga-os-vencedores-de-sua-21a-edicao\/","url":"https:\/\/www.sindmoveis.com.br\/es\/premio-salao-design-divulga-os-vencedores-de-sua-21a-edicao\/","name":"Premio Sal\u00e3o Design divulga los vencedores de su 21\u00aa edici\u00f3n - Sindm\u00f3veis-RS","isPartOf":{"@id":"https:\/\/www.sindmoveis.com.br\/es\/#website"},"primaryImageOfPage":{"@id":"https:\/\/www.sindmoveis.com.br\/es\/premio-salao-design-divulga-os-vencedores-de-sua-21a-edicao\/#primaryimage"},"image":{"@id":"https:\/\/www.sindmoveis.com.br\/es\/premio-salao-design-divulga-os-vencedores-de-sua-21a-edicao\/#primaryimage"},"thumbnailUrl":"https:\/\/www.sindmoveis.com.br\/es\/wp-content\/uploads\/2021\/05\/p1496237319.jpg","datePublished":"2017-05-31T03:00:00+00:00","dateModified":"2021-05-26T13:27:47+00:00","author":{"@id":"https:\/\/www.sindmoveis.com.br\/es\/#\/schema\/person\/16d379542db1950a17fe188179340d57"},"inLanguage":"es","potentialAction":[{"@type":"ReadAction","target":["https:\/\/www.sindmoveis.com.br\/es\/premio-salao-design-divulga-os-vencedores-de-sua-21a-edicao\/"]}]},{"@type":"ImageObject","inLanguage":"es","@id":"https:\/\/www.sindmoveis.com.br\/es\/premio-salao-design-divulga-os-vencedores-de-sua-21a-edicao\/#primaryimage","url":"https:\/\/www.sindmoveis.com.br\/es\/wp-content\/uploads\/2021\/05\/p1496237319.jpg","contentUrl":"https:\/\/www.sindmoveis.com.br\/es\/wp-content\/uploads\/2021\/05\/p1496237319.jpg","width":1181,"height":766},{"@type":"WebSite","@id":"https:\/\/www.sindmoveis.com.br\/es\/#website","url":"https:\/\/www.sindmoveis.com.br\/es\/","name":"Sindm\u00f3veis-RS","description":"","potentialAction":[{"@type":"SearchAction","target":{"@type":"EntryPoint","urlTemplate":"https:\/\/www.sindmoveis.com.br\/es\/?s={search_term_string}"},"query-input":{"@type":"PropertyValueSpecification","valueRequired":true,"valueName":"search_term_string"}}],"inLanguage":"es"},{"@type":"Person","@id":"https:\/\/www.sindmoveis.com.br\/es\/#\/schema\/person\/16d379542db1950a17fe188179340d57","name":"Imprensa Sindm\u00f3veis","image":{"@type":"ImageObject","inLanguage":"es","@id":"https:\/\/www.sindmoveis.com.br\/es\/#\/schema\/person\/image\/","url":"https:\/\/secure.gravatar.com\/avatar\/4973e2e2c2a0cb5db30b0c7b770041b8e33d048a16b695a1f99c042449d4bfaf?s=96&d=mm&r=g","contentUrl":"https:\/\/secure.gravatar.com\/avatar\/4973e2e2c2a0cb5db30b0c7b770041b8e33d048a16b695a1f99c042449d4bfaf?s=96&d=mm&r=g","caption":"Imprensa Sindm\u00f3veis"},"url":"https:\/\/www.sindmoveis.com.br\/es\/author\/ana\/"}]}},"_links":{"self":[{"href":"https:\/\/www.sindmoveis.com.br\/es\/wp-json\/wp\/v2\/posts\/1294","targetHints":{"allow":["GET"]}}],"collection":[{"href":"https:\/\/www.sindmoveis.com.br\/es\/wp-json\/wp\/v2\/posts"}],"about":[{"href":"https:\/\/www.sindmoveis.com.br\/es\/wp-json\/wp\/v2\/types\/post"}],"author":[{"embeddable":true,"href":"https:\/\/www.sindmoveis.com.br\/es\/wp-json\/wp\/v2\/users\/5"}],"replies":[{"embeddable":true,"href":"https:\/\/www.sindmoveis.com.br\/es\/wp-json\/wp\/v2\/comments?post=1294"}],"version-history":[{"count":2,"href":"https:\/\/www.sindmoveis.com.br\/es\/wp-json\/wp\/v2\/posts\/1294\/revisions"}],"predecessor-version":[{"id":3611,"href":"https:\/\/www.sindmoveis.com.br\/es\/wp-json\/wp\/v2\/posts\/1294\/revisions\/3611"}],"wp:featuredmedia":[{"embeddable":true,"href":"https:\/\/www.sindmoveis.com.br\/es\/wp-json\/wp\/v2\/media\/3612"}],"wp:attachment":[{"href":"https:\/\/www.sindmoveis.com.br\/es\/wp-json\/wp\/v2\/media?parent=1294"}],"wp:term":[{"taxonomy":"category","embeddable":true,"href":"https:\/\/www.sindmoveis.com.br\/es\/wp-json\/wp\/v2\/categories?post=1294"},{"taxonomy":"post_tag","embeddable":true,"href":"https:\/\/www.sindmoveis.com.br\/es\/wp-json\/wp\/v2\/tags?post=1294"}],"curies":[{"name":"wp","href":"https:\/\/api.w.org\/{rel}","templated":true}]}}