{"id":1293,"date":"2017-05-22T00:00:00","date_gmt":"2017-05-22T03:00:00","guid":{"rendered":"http:\/\/sindmoveis.com.br\/imprensa\/noticias\/sindmoveis-projeto-design-na-pele-tem-mostra-em-nova-york\/"},"modified":"2021-05-26T10:24:23","modified_gmt":"2021-05-26T13:24:23","slug":"sindmoveis-projeto-design-na-pele-tem-mostra-em-nova-york","status":"publish","type":"post","link":"https:\/\/www.sindmoveis.com.br\/es\/sindmoveis-projeto-design-na-pele-tem-mostra-em-nova-york\/","title":{"rendered":"Sindm\u00f3veis Proyecto Design na Pele tiene muestra en Nueva York"},"content":{"rendered":"<p>El mobiliario brasile&ntilde;o que mezcla el cuero en su proceso de creaci&oacute;n tiene un espacio especial en International Contemporary Furniture Fair (ICFF), principal vitrina de dise&ntilde;o global en Am&eacute;rica del Norte, de 21 a 24 de mayo, en la Semana de Dise&ntilde;o de Nueva York. Para demostrar el uso creativo del material y su aplicabilidad, el proyecto uni&oacute; tres dise&ntilde;adores participantes del proyecto Ra&iacute;z, industrias fabricantes de muebles y curtiembres brasile&ntilde;as.<\/p>\n<p>El resultado de esos tr&iacute;os es una colecci&oacute;n c&aacute;psula de piezas innovadoras que demuestran la combinaci&oacute;n valiosa entre el dise&ntilde;o de muebles y el cuero. Los integrantes son: Jader Almeida + Sollos + JBS Couros y Nova Kaeru; Latoog + Moora + Rusan y Marta Manente + BRV M&oacute;veis + Krumenauer Couros.<\/p>\n<p>Entre los proyectos de Sindm&oacute;veis volcados al desarrollo de la industria nacional del mobiliario, en asociaci&oacute;n con Apex-Brasil, act&uacute;a tambi&eacute;n el Proyecto Orchestra Brasil, que incentiva la excelencia de los fabricantes brasile&ntilde;os proveedores de insumos para muebles y cuenta con&nbsp; la vertical Ra&iacute;z, que fomenta la internacionalizaci&oacute;n del servicio del dise&ntilde;ador brasile&ntilde;o. Es por intermedio de esa vertical que Sindm&oacute;veis participa del Proyecto <em>Design na Pele<\/em> (Dise&ntilde;o en la Piel).<\/p>\n<p>Esa acci&oacute;n estrat&eacute;gica conducida por el Centro de las Industrias de Curtiembres de Brasil (CICB) converge en su esencia con todos los esfuerzos de Sindm&oacute;veis para la promoci&oacute;n y valoraci&oacute;n&nbsp; del dise&ntilde;o brasile&ntilde;o. Esa vena est&aacute; en el ADN de la entidad y permea todas sus acciones desde hace casi 30 a&ntilde;os, con la creaci&oacute;n del Premio Sal&atilde;o Design en 1988 y de la feria de muebles de alto patr&oacute;n Casa Brasil, en 2007.<\/p>\n<p>Brasil tambi&eacute;n estar&aacute; presente en ICFF con 13 estudios de dise&ntilde;o brasile&ntilde;os apoyados por el Proyecto Ra&iacute;z de internacionalizaci&oacute;n del servicio de dise&ntilde;o (Apex-Brasil + Sindm&oacute;veis Bento Gon&ccedil;alves). Ellos tendr&aacute;n stands individuales patrocinados por el proyecto: Marta Manente, Guilherme Wentz, Jader Almeida, NDT Brazil, Guto Indio da Costa, estudiobola, Paulo Alves, Lattoog, Noem&iacute; Saga, Studio Poli, Sergio Matos, Fahrer Design y Tora Brasil.<\/p>\n<p>&nbsp;<\/p>\n<p><strong>Los productos creados para&nbsp; <em>Design na Pele<\/em> (Dise&ntilde;o en la Piel)<\/strong><\/p>\n<p>Jader Almeida + Sollos + JBS Couros y Nova Kaeru<\/p>\n<p>La silla Mia lleva piel del pez pirarucu de Nova Kaeru y tiene estructura en madera maciza.<\/p>\n<p>Lattoog + Moora + Rusan<\/p>\n<p>La silla &nbsp;Sernambetiba es hecha con gamuza, que recuerda el toque de la piel y&nbsp; da a quien la usa una sensaci&oacute;n &nbsp;de acogimiento. &nbsp;La estructura es de metal.<\/p>\n<p>Marta Manente + BRV M&oacute;veis + Krumenauer Couros<\/p>\n<p>Las tiras de cuero crean tramas y trenzas que dan aspecto artesanal al columpio Revoar, pieza hecha con laminado de madera curvo y accesorios en zamack dorado.<\/p>\n","protected":false},"excerpt":{"rendered":"<p>Tres piezas de mobiliario con cuero aplicado tendr\u00e1n participaci\u00f3n en la feria ICFF, de 21 a 24 de mayo<\/p>\n","protected":false},"author":5,"featured_media":3610,"comment_status":"closed","ping_status":"open","sticky":false,"template":"","format":"standard","meta":{"footnotes":"","_links_to":"","_links_to_target":""},"categories":[2],"tags":[],"class_list":["post-1293","post","type-post","status-publish","format-standard","has-post-thumbnail","hentry","category-sindmoveis"],"yoast_head":"<!-- This site is optimized with the Yoast SEO plugin v27.0 - https:\/\/yoast.com\/product\/yoast-seo-wordpress\/ -->\n<title>Sindm\u00f3veis Proyecto Design na Pele tiene muestra en Nueva York - Sindm\u00f3veis-RS<\/title>\n<meta name=\"robots\" content=\"index, follow, max-snippet:-1, max-image-preview:large, max-video-preview:-1\" \/>\n<link rel=\"canonical\" href=\"https:\/\/www.sindmoveis.com.br\/es\/sindmoveis-projeto-design-na-pele-tem-mostra-em-nova-york\/\" \/>\n<meta property=\"og:locale\" content=\"es_ES\" \/>\n<meta property=\"og:type\" content=\"article\" \/>\n<meta property=\"og:title\" content=\"Sindm\u00f3veis Proyecto Design na Pele tiene muestra en Nueva York - Sindm\u00f3veis-RS\" \/>\n<meta property=\"og:description\" content=\"Tres piezas de mobiliario con cuero aplicado tendr\u00e1n participaci\u00f3n en la feria ICFF, de 21 a 24 de mayo\" \/>\n<meta property=\"og:url\" content=\"https:\/\/www.sindmoveis.com.br\/es\/sindmoveis-projeto-design-na-pele-tem-mostra-em-nova-york\/\" \/>\n<meta property=\"og:site_name\" content=\"Sindm\u00f3veis-RS\" \/>\n<meta property=\"article:published_time\" content=\"2017-05-22T03:00:00+00:00\" \/>\n<meta property=\"article:modified_time\" content=\"2021-05-26T13:24:23+00:00\" \/>\n<meta property=\"og:image\" content=\"https:\/\/www.sindmoveis.com.br\/es\/wp-content\/uploads\/2021\/05\/p1495473108.jpg\" \/>\n\t<meta property=\"og:image:width\" content=\"1312\" \/>\n\t<meta property=\"og:image:height\" content=\"714\" \/>\n\t<meta property=\"og:image:type\" content=\"image\/jpeg\" \/>\n<meta name=\"author\" content=\"Imprensa Sindm\u00f3veis\" \/>\n<meta name=\"twitter:card\" content=\"summary_large_image\" \/>\n<meta name=\"twitter:label1\" content=\"Escrito por\" \/>\n\t<meta name=\"twitter:data1\" content=\"Imprensa Sindm\u00f3veis\" \/>\n\t<meta name=\"twitter:label2\" content=\"Tiempo de lectura\" \/>\n\t<meta name=\"twitter:data2\" content=\"3 minutos\" \/>\n<script type=\"application\/ld+json\" class=\"yoast-schema-graph\">{\"@context\":\"https:\/\/schema.org\",\"@graph\":[{\"@type\":\"Article\",\"@id\":\"https:\/\/www.sindmoveis.com.br\/es\/sindmoveis-projeto-design-na-pele-tem-mostra-em-nova-york\/#article\",\"isPartOf\":{\"@id\":\"https:\/\/www.sindmoveis.com.br\/es\/sindmoveis-projeto-design-na-pele-tem-mostra-em-nova-york\/\"},\"author\":{\"name\":\"Imprensa Sindm\u00f3veis\",\"@id\":\"https:\/\/www.sindmoveis.com.br\/es\/#\/schema\/person\/16d379542db1950a17fe188179340d57\"},\"headline\":\"Sindm\u00f3veis Proyecto Design na Pele tiene muestra en Nueva York\",\"datePublished\":\"2017-05-22T03:00:00+00:00\",\"dateModified\":\"2021-05-26T13:24:23+00:00\",\"mainEntityOfPage\":{\"@id\":\"https:\/\/www.sindmoveis.com.br\/es\/sindmoveis-projeto-design-na-pele-tem-mostra-em-nova-york\/\"},\"wordCount\":537,\"image\":{\"@id\":\"https:\/\/www.sindmoveis.com.br\/es\/sindmoveis-projeto-design-na-pele-tem-mostra-em-nova-york\/#primaryimage\"},\"thumbnailUrl\":\"https:\/\/www.sindmoveis.com.br\/es\/wp-content\/uploads\/2021\/05\/p1495473108.jpg\",\"articleSection\":[\"Sindm\u00f3veis\"],\"inLanguage\":\"es\"},{\"@type\":\"WebPage\",\"@id\":\"https:\/\/www.sindmoveis.com.br\/es\/sindmoveis-projeto-design-na-pele-tem-mostra-em-nova-york\/\",\"url\":\"https:\/\/www.sindmoveis.com.br\/es\/sindmoveis-projeto-design-na-pele-tem-mostra-em-nova-york\/\",\"name\":\"Sindm\u00f3veis Proyecto Design na Pele tiene muestra en Nueva York - Sindm\u00f3veis-RS\",\"isPartOf\":{\"@id\":\"https:\/\/www.sindmoveis.com.br\/es\/#website\"},\"primaryImageOfPage\":{\"@id\":\"https:\/\/www.sindmoveis.com.br\/es\/sindmoveis-projeto-design-na-pele-tem-mostra-em-nova-york\/#primaryimage\"},\"image\":{\"@id\":\"https:\/\/www.sindmoveis.com.br\/es\/sindmoveis-projeto-design-na-pele-tem-mostra-em-nova-york\/#primaryimage\"},\"thumbnailUrl\":\"https:\/\/www.sindmoveis.com.br\/es\/wp-content\/uploads\/2021\/05\/p1495473108.jpg\",\"datePublished\":\"2017-05-22T03:00:00+00:00\",\"dateModified\":\"2021-05-26T13:24:23+00:00\",\"author\":{\"@id\":\"https:\/\/www.sindmoveis.com.br\/es\/#\/schema\/person\/16d379542db1950a17fe188179340d57\"},\"inLanguage\":\"es\",\"potentialAction\":[{\"@type\":\"ReadAction\",\"target\":[\"https:\/\/www.sindmoveis.com.br\/es\/sindmoveis-projeto-design-na-pele-tem-mostra-em-nova-york\/\"]}]},{\"@type\":\"ImageObject\",\"inLanguage\":\"es\",\"@id\":\"https:\/\/www.sindmoveis.com.br\/es\/sindmoveis-projeto-design-na-pele-tem-mostra-em-nova-york\/#primaryimage\",\"url\":\"https:\/\/www.sindmoveis.com.br\/es\/wp-content\/uploads\/2021\/05\/p1495473108.jpg\",\"contentUrl\":\"https:\/\/www.sindmoveis.com.br\/es\/wp-content\/uploads\/2021\/05\/p1495473108.jpg\",\"width\":1312,\"height\":714},{\"@type\":\"WebSite\",\"@id\":\"https:\/\/www.sindmoveis.com.br\/es\/#website\",\"url\":\"https:\/\/www.sindmoveis.com.br\/es\/\",\"name\":\"Sindm\u00f3veis-RS\",\"description\":\"\",\"potentialAction\":[{\"@type\":\"SearchAction\",\"target\":{\"@type\":\"EntryPoint\",\"urlTemplate\":\"https:\/\/www.sindmoveis.com.br\/es\/?s={search_term_string}\"},\"query-input\":{\"@type\":\"PropertyValueSpecification\",\"valueRequired\":true,\"valueName\":\"search_term_string\"}}],\"inLanguage\":\"es\"},{\"@type\":\"Person\",\"@id\":\"https:\/\/www.sindmoveis.com.br\/es\/#\/schema\/person\/16d379542db1950a17fe188179340d57\",\"name\":\"Imprensa Sindm\u00f3veis\",\"image\":{\"@type\":\"ImageObject\",\"inLanguage\":\"es\",\"@id\":\"https:\/\/www.sindmoveis.com.br\/es\/#\/schema\/person\/image\/\",\"url\":\"https:\/\/secure.gravatar.com\/avatar\/4973e2e2c2a0cb5db30b0c7b770041b8e33d048a16b695a1f99c042449d4bfaf?s=96&d=mm&r=g\",\"contentUrl\":\"https:\/\/secure.gravatar.com\/avatar\/4973e2e2c2a0cb5db30b0c7b770041b8e33d048a16b695a1f99c042449d4bfaf?s=96&d=mm&r=g\",\"caption\":\"Imprensa Sindm\u00f3veis\"},\"url\":\"https:\/\/www.sindmoveis.com.br\/es\/author\/ana\/\"}]}<\/script>\n<!-- \/ Yoast SEO plugin. -->","yoast_head_json":{"title":"Sindm\u00f3veis Proyecto Design na Pele tiene muestra en Nueva York - Sindm\u00f3veis-RS","robots":{"index":"index","follow":"follow","max-snippet":"max-snippet:-1","max-image-preview":"max-image-preview:large","max-video-preview":"max-video-preview:-1"},"canonical":"https:\/\/www.sindmoveis.com.br\/es\/sindmoveis-projeto-design-na-pele-tem-mostra-em-nova-york\/","og_locale":"es_ES","og_type":"article","og_title":"Sindm\u00f3veis Proyecto Design na Pele tiene muestra en Nueva York - Sindm\u00f3veis-RS","og_description":"Tres piezas de mobiliario con cuero aplicado tendr\u00e1n participaci\u00f3n en la feria ICFF, de 21 a 24 de mayo","og_url":"https:\/\/www.sindmoveis.com.br\/es\/sindmoveis-projeto-design-na-pele-tem-mostra-em-nova-york\/","og_site_name":"Sindm\u00f3veis-RS","article_published_time":"2017-05-22T03:00:00+00:00","article_modified_time":"2021-05-26T13:24:23+00:00","og_image":[{"width":1312,"height":714,"url":"https:\/\/www.sindmoveis.com.br\/es\/wp-content\/uploads\/2021\/05\/p1495473108.jpg","type":"image\/jpeg"}],"author":"Imprensa Sindm\u00f3veis","twitter_card":"summary_large_image","twitter_misc":{"Escrito por":"Imprensa Sindm\u00f3veis","Tiempo de lectura":"3 minutos"},"schema":{"@context":"https:\/\/schema.org","@graph":[{"@type":"Article","@id":"https:\/\/www.sindmoveis.com.br\/es\/sindmoveis-projeto-design-na-pele-tem-mostra-em-nova-york\/#article","isPartOf":{"@id":"https:\/\/www.sindmoveis.com.br\/es\/sindmoveis-projeto-design-na-pele-tem-mostra-em-nova-york\/"},"author":{"name":"Imprensa Sindm\u00f3veis","@id":"https:\/\/www.sindmoveis.com.br\/es\/#\/schema\/person\/16d379542db1950a17fe188179340d57"},"headline":"Sindm\u00f3veis Proyecto Design na Pele tiene muestra en Nueva York","datePublished":"2017-05-22T03:00:00+00:00","dateModified":"2021-05-26T13:24:23+00:00","mainEntityOfPage":{"@id":"https:\/\/www.sindmoveis.com.br\/es\/sindmoveis-projeto-design-na-pele-tem-mostra-em-nova-york\/"},"wordCount":537,"image":{"@id":"https:\/\/www.sindmoveis.com.br\/es\/sindmoveis-projeto-design-na-pele-tem-mostra-em-nova-york\/#primaryimage"},"thumbnailUrl":"https:\/\/www.sindmoveis.com.br\/es\/wp-content\/uploads\/2021\/05\/p1495473108.jpg","articleSection":["Sindm\u00f3veis"],"inLanguage":"es"},{"@type":"WebPage","@id":"https:\/\/www.sindmoveis.com.br\/es\/sindmoveis-projeto-design-na-pele-tem-mostra-em-nova-york\/","url":"https:\/\/www.sindmoveis.com.br\/es\/sindmoveis-projeto-design-na-pele-tem-mostra-em-nova-york\/","name":"Sindm\u00f3veis Proyecto Design na Pele tiene muestra en Nueva York - Sindm\u00f3veis-RS","isPartOf":{"@id":"https:\/\/www.sindmoveis.com.br\/es\/#website"},"primaryImageOfPage":{"@id":"https:\/\/www.sindmoveis.com.br\/es\/sindmoveis-projeto-design-na-pele-tem-mostra-em-nova-york\/#primaryimage"},"image":{"@id":"https:\/\/www.sindmoveis.com.br\/es\/sindmoveis-projeto-design-na-pele-tem-mostra-em-nova-york\/#primaryimage"},"thumbnailUrl":"https:\/\/www.sindmoveis.com.br\/es\/wp-content\/uploads\/2021\/05\/p1495473108.jpg","datePublished":"2017-05-22T03:00:00+00:00","dateModified":"2021-05-26T13:24:23+00:00","author":{"@id":"https:\/\/www.sindmoveis.com.br\/es\/#\/schema\/person\/16d379542db1950a17fe188179340d57"},"inLanguage":"es","potentialAction":[{"@type":"ReadAction","target":["https:\/\/www.sindmoveis.com.br\/es\/sindmoveis-projeto-design-na-pele-tem-mostra-em-nova-york\/"]}]},{"@type":"ImageObject","inLanguage":"es","@id":"https:\/\/www.sindmoveis.com.br\/es\/sindmoveis-projeto-design-na-pele-tem-mostra-em-nova-york\/#primaryimage","url":"https:\/\/www.sindmoveis.com.br\/es\/wp-content\/uploads\/2021\/05\/p1495473108.jpg","contentUrl":"https:\/\/www.sindmoveis.com.br\/es\/wp-content\/uploads\/2021\/05\/p1495473108.jpg","width":1312,"height":714},{"@type":"WebSite","@id":"https:\/\/www.sindmoveis.com.br\/es\/#website","url":"https:\/\/www.sindmoveis.com.br\/es\/","name":"Sindm\u00f3veis-RS","description":"","potentialAction":[{"@type":"SearchAction","target":{"@type":"EntryPoint","urlTemplate":"https:\/\/www.sindmoveis.com.br\/es\/?s={search_term_string}"},"query-input":{"@type":"PropertyValueSpecification","valueRequired":true,"valueName":"search_term_string"}}],"inLanguage":"es"},{"@type":"Person","@id":"https:\/\/www.sindmoveis.com.br\/es\/#\/schema\/person\/16d379542db1950a17fe188179340d57","name":"Imprensa Sindm\u00f3veis","image":{"@type":"ImageObject","inLanguage":"es","@id":"https:\/\/www.sindmoveis.com.br\/es\/#\/schema\/person\/image\/","url":"https:\/\/secure.gravatar.com\/avatar\/4973e2e2c2a0cb5db30b0c7b770041b8e33d048a16b695a1f99c042449d4bfaf?s=96&d=mm&r=g","contentUrl":"https:\/\/secure.gravatar.com\/avatar\/4973e2e2c2a0cb5db30b0c7b770041b8e33d048a16b695a1f99c042449d4bfaf?s=96&d=mm&r=g","caption":"Imprensa Sindm\u00f3veis"},"url":"https:\/\/www.sindmoveis.com.br\/es\/author\/ana\/"}]}},"_links":{"self":[{"href":"https:\/\/www.sindmoveis.com.br\/es\/wp-json\/wp\/v2\/posts\/1293","targetHints":{"allow":["GET"]}}],"collection":[{"href":"https:\/\/www.sindmoveis.com.br\/es\/wp-json\/wp\/v2\/posts"}],"about":[{"href":"https:\/\/www.sindmoveis.com.br\/es\/wp-json\/wp\/v2\/types\/post"}],"author":[{"embeddable":true,"href":"https:\/\/www.sindmoveis.com.br\/es\/wp-json\/wp\/v2\/users\/5"}],"replies":[{"embeddable":true,"href":"https:\/\/www.sindmoveis.com.br\/es\/wp-json\/wp\/v2\/comments?post=1293"}],"version-history":[{"count":2,"href":"https:\/\/www.sindmoveis.com.br\/es\/wp-json\/wp\/v2\/posts\/1293\/revisions"}],"predecessor-version":[{"id":3609,"href":"https:\/\/www.sindmoveis.com.br\/es\/wp-json\/wp\/v2\/posts\/1293\/revisions\/3609"}],"wp:featuredmedia":[{"embeddable":true,"href":"https:\/\/www.sindmoveis.com.br\/es\/wp-json\/wp\/v2\/media\/3610"}],"wp:attachment":[{"href":"https:\/\/www.sindmoveis.com.br\/es\/wp-json\/wp\/v2\/media?parent=1293"}],"wp:term":[{"taxonomy":"category","embeddable":true,"href":"https:\/\/www.sindmoveis.com.br\/es\/wp-json\/wp\/v2\/categories?post=1293"},{"taxonomy":"post_tag","embeddable":true,"href":"https:\/\/www.sindmoveis.com.br\/es\/wp-json\/wp\/v2\/tags?post=1293"}],"curies":[{"name":"wp","href":"https:\/\/api.w.org\/{rel}","templated":true}]}}