{"id":1292,"date":"2017-05-16T00:00:00","date_gmt":"2017-05-16T03:00:00","guid":{"rendered":"http:\/\/sindmoveis.com.br\/imprensa\/noticias\/projeto-raiz-leva-designers-brasileiros-a-icff-maior-evento-do-ny-design-week\/"},"modified":"2021-05-26T10:29:06","modified_gmt":"2021-05-26T13:29:06","slug":"projeto-raiz-leva-designers-brasileiros-a-icff-maior-evento-do-ny-design-week","status":"publish","type":"post","link":"https:\/\/www.sindmoveis.com.br\/es\/projeto-raiz-leva-designers-brasileiros-a-icff-maior-evento-do-ny-design-week\/","title":{"rendered":"Proyecto Ra\u00edz lleva dise\u00f1adores brasile\u00f1os a ICFF, mayor evento de NY Design Week"},"content":{"rendered":"<p>Entre los d&iacute;as 21 y 24 de mayo, International <em>Contemporary Furniture Fair<\/em> (ICFF New York), recibir&aacute; 13 estudios de dise&ntilde;o brasile&ntilde;os participantes del Proyecto Ra&iacute;z, que presentar&aacute;n, en stands individuales, lo que existe de m&aacute;s conceptual en sus creaciones. La participaci&oacute;n del proyecto en esa, que es la principal vitrina del dise&ntilde;o global en Am&eacute;rica del Norte, tiene como objetivo ampliar la participaci&oacute;n del dise&ntilde;o brasile&ntilde;o en el mercado americano, destacando creatividad e innovaci&oacute;n.<\/p>\n<p>Para la inclusi&oacute;n de estos profesionales del Proyecto Ra&iacute;z, la direcci&oacute;n del mismo eval&uacute;a la competencia de cada uno para atender las exigencias del consumidor local, adem&aacute;s de poner a disposici&oacute;n atenci&oacute;n individual y personalizada a los profesionales que desean fomentar el contacto comercial en la regi&oacute;n definida como mercado a ser conquistado, en este a&ntilde;o, los Estados Unidos. Participan de esa acci&oacute;n en la Semana de Dise&ntilde;o de Nueva York los estudios de <strong>Marta Manente, Guilherme Wentz, Jader Almeida, NDT Brasil, Guto Indio da Costa, estudioBola, Paulo Alves, Latoog, Noem&iacute; Saga, Studio Poli, Sergio Matos, Fahrer Design y Tora Brasil<\/strong>.<\/p>\n<p>La feria ICFF comprende cerca de 700 expositores y aguarda la visita de m&aacute;s de 30 mil profesionales. El dise&ntilde;o nacional ser&aacute; representado por piezas de mobiliario para interior y exterior, objetos de decoraci&oacute;n, ventiladores de techo y luminarias. Los brasile&ntilde;os trabajan con una extensa gama de materiales y procesos, y poseen una mir&iacute;ada de estilos e identidades est&eacute;ticas que traducen la riqueza de la cultura nacional. El a&ntilde;o pasado, el proyecto particip&oacute; del Sal&oacute;n del Mueble de Mil&aacute;n, de Maison &amp; Objet Miami y de la propia ICFF, sin embargo es la primera vez que habr&aacute; un grupo tan grande de dise&ntilde;adores participantes.<\/p>\n<p>Al tratarse de ventas al menor offline, la consultora de Sindm&oacute;veis Ana Cristina Schneider explica que la inteligencia estrat&eacute;gica del proyecto est&aacute; buscando oportunidades de licenciamiento, distribuci&oacute;n e innovaci&oacute;n en procesos y productos, llegando a la negociaci&oacute;n de proyectos especiales y cesiones de patentes. Para las ventas al menor online, un <em>hotsite <\/em>ser&aacute; lanzado en el periodo de la feria como base para una futura plataforma B2C volcada al mercado de los Estados Unidos. Actualmente, cerca de 35 estudios de dise&ntilde;o hacen parte del proyecto, que se mantiene siempre disponible a nuevas adhesiones.<\/p>\n<p>Como parte da estrat&eacute;gia mercadol&oacute;gica, ap&oacute;s a feira parte dos designers levar&aacute; suas pe&ccedil;as para a Florida, onde um showroom B2B ser&aacute; estabelecido para dar suporte a sequ&ecirc;ncia dos neg&oacute;cios. Com apoio de um agente comercial americano, esse showroom pretende captar compradores e formadores de opini&atilde;o nos pr&oacute;ximos seis meses, potencializando neg&oacute;cios no mercado dos EUA.<\/p>\n<p>Como parte de la estrategia mercadol&oacute;gica, despu&eacute;s de la feria parte de los dise&ntilde;adores llevar&aacute; sus piezas para Florida, donde un <em>showroom<\/em> B2B ser&aacute; establecido para dar soporte a la secuencia de los negocios. Con apoyo de un agente comercial americano, ese <em>showroom <\/em>pretende captar compradores y formadores de opini&oacute;n en los pr&oacute;ximos seis meses, potenciando negocios en el mercado de los EEUU.<\/p>\n<p>&nbsp;<\/p>\n<p><strong>A marca Brasil<\/strong><\/p>\n<p>La sostenibilidad y la b&uacute;squeda por permear el dise&ntilde;o en proyectos sociales hacen parte de la <em>expertise<\/em> &nbsp;de los dise&ntilde;adores brasile&ntilde;os. Las piezas de alto patr&oacute;n mezclan materiales sostenibles como aluminio reciclado, madera de reforestaci&oacute;n, fibras y colorantes naturales, materias primas de bajo impacto al medio ambiente. En el &aacute;rea social, diversas acciones promueven la integraci&oacute;n de la artesan&iacute;a en el proceso creativo de estos profesionales, resaltando la identidad brasile&ntilde;a en cada pieza, promoviendo ONG&rsquo;s y asociaciones que valoran diversos perfiles regionales.<\/p>\n<p>El Proyecto Ra&iacute;z es una iniciativa de Sindm&oacute;veis Bento Gon&ccedil;alves y de Apex-Brasil, instituciones que buscan estimular la participaci&oacute;n y el fortalecimiento de los dise&ntilde;adores de mobiliario del pa&iacute;s en el exterior a trav&eacute;s de acciones estrat&eacute;gicas personalizadas. Para ICFF 2017, la acci&oacute;n cuenta con el apoyo del Consulado General de Brasil en Nueva York. La inversi&oacute;n total para el proyecto es de U$ 550.000.<\/p>\n","protected":false},"excerpt":{"rendered":"<p>Con apoyo de Sindm\u00f3veis y Apex-Brasil, 13 estudios van a exponer sus creaciones en stands individuales en la Semana de Dise\u00f1o de Nueva York<\/p>\n","protected":false},"author":5,"featured_media":3608,"comment_status":"closed","ping_status":"open","sticky":false,"template":"","format":"standard","meta":{"footnotes":"","_links_to":"","_links_to_target":""},"categories":[24,2],"tags":[],"class_list":["post-1292","post","type-post","status-publish","format-standard","has-post-thumbnail","hentry","category-projeto-raiz","category-sindmoveis"],"yoast_head":"<!-- This site is optimized with the Yoast SEO plugin v27.0 - https:\/\/yoast.com\/product\/yoast-seo-wordpress\/ -->\n<title>Proyecto Ra\u00edz lleva dise\u00f1adores brasile\u00f1os a ICFF, mayor evento de NY Design Week - Sindm\u00f3veis-RS<\/title>\n<meta name=\"robots\" content=\"index, follow, max-snippet:-1, max-image-preview:large, max-video-preview:-1\" \/>\n<link rel=\"canonical\" href=\"https:\/\/www.sindmoveis.com.br\/es\/projeto-raiz-leva-designers-brasileiros-a-icff-maior-evento-do-ny-design-week\/\" \/>\n<meta property=\"og:locale\" content=\"es_ES\" \/>\n<meta property=\"og:type\" content=\"article\" \/>\n<meta property=\"og:title\" content=\"Proyecto Ra\u00edz lleva dise\u00f1adores brasile\u00f1os a ICFF, mayor evento de NY Design Week - Sindm\u00f3veis-RS\" \/>\n<meta property=\"og:description\" content=\"Con apoyo de Sindm\u00f3veis y Apex-Brasil, 13 estudios van a exponer sus creaciones en stands individuales en la Semana de Dise\u00f1o de Nueva York\" \/>\n<meta property=\"og:url\" content=\"https:\/\/www.sindmoveis.com.br\/es\/projeto-raiz-leva-designers-brasileiros-a-icff-maior-evento-do-ny-design-week\/\" \/>\n<meta property=\"og:site_name\" content=\"Sindm\u00f3veis-RS\" \/>\n<meta property=\"article:published_time\" content=\"2017-05-16T03:00:00+00:00\" \/>\n<meta property=\"article:modified_time\" content=\"2021-05-26T13:29:06+00:00\" \/>\n<meta property=\"og:image\" content=\"https:\/\/www.sindmoveis.com.br\/es\/wp-content\/uploads\/2021\/05\/p1494937915.jpg\" \/>\n\t<meta property=\"og:image:width\" content=\"591\" \/>\n\t<meta property=\"og:image:height\" content=\"280\" \/>\n\t<meta property=\"og:image:type\" content=\"image\/jpeg\" \/>\n<meta name=\"author\" content=\"Imprensa Sindm\u00f3veis\" \/>\n<meta name=\"twitter:card\" content=\"summary_large_image\" \/>\n<meta name=\"twitter:label1\" content=\"Escrito por\" \/>\n\t<meta name=\"twitter:data1\" content=\"Imprensa Sindm\u00f3veis\" \/>\n\t<meta name=\"twitter:label2\" content=\"Tiempo de lectura\" \/>\n\t<meta name=\"twitter:data2\" content=\"4 minutos\" \/>\n<script type=\"application\/ld+json\" class=\"yoast-schema-graph\">{\"@context\":\"https:\/\/schema.org\",\"@graph\":[{\"@type\":\"Article\",\"@id\":\"https:\/\/www.sindmoveis.com.br\/es\/projeto-raiz-leva-designers-brasileiros-a-icff-maior-evento-do-ny-design-week\/#article\",\"isPartOf\":{\"@id\":\"https:\/\/www.sindmoveis.com.br\/es\/projeto-raiz-leva-designers-brasileiros-a-icff-maior-evento-do-ny-design-week\/\"},\"author\":{\"name\":\"Imprensa Sindm\u00f3veis\",\"@id\":\"https:\/\/www.sindmoveis.com.br\/es\/#\/schema\/person\/16d379542db1950a17fe188179340d57\"},\"headline\":\"Proyecto Ra\u00edz lleva dise\u00f1adores brasile\u00f1os a ICFF, mayor evento de NY Design Week\",\"datePublished\":\"2017-05-16T03:00:00+00:00\",\"dateModified\":\"2021-05-26T13:29:06+00:00\",\"mainEntityOfPage\":{\"@id\":\"https:\/\/www.sindmoveis.com.br\/es\/projeto-raiz-leva-designers-brasileiros-a-icff-maior-evento-do-ny-design-week\/\"},\"wordCount\":814,\"image\":{\"@id\":\"https:\/\/www.sindmoveis.com.br\/es\/projeto-raiz-leva-designers-brasileiros-a-icff-maior-evento-do-ny-design-week\/#primaryimage\"},\"thumbnailUrl\":\"https:\/\/www.sindmoveis.com.br\/es\/wp-content\/uploads\/2021\/05\/p1494937915.jpg\",\"articleSection\":[\"Proyecto Ra\u00edz\",\"Sindm\u00f3veis\"],\"inLanguage\":\"es\"},{\"@type\":\"WebPage\",\"@id\":\"https:\/\/www.sindmoveis.com.br\/es\/projeto-raiz-leva-designers-brasileiros-a-icff-maior-evento-do-ny-design-week\/\",\"url\":\"https:\/\/www.sindmoveis.com.br\/es\/projeto-raiz-leva-designers-brasileiros-a-icff-maior-evento-do-ny-design-week\/\",\"name\":\"Proyecto Ra\u00edz lleva dise\u00f1adores brasile\u00f1os a ICFF, mayor evento de NY Design Week - Sindm\u00f3veis-RS\",\"isPartOf\":{\"@id\":\"https:\/\/www.sindmoveis.com.br\/es\/#website\"},\"primaryImageOfPage\":{\"@id\":\"https:\/\/www.sindmoveis.com.br\/es\/projeto-raiz-leva-designers-brasileiros-a-icff-maior-evento-do-ny-design-week\/#primaryimage\"},\"image\":{\"@id\":\"https:\/\/www.sindmoveis.com.br\/es\/projeto-raiz-leva-designers-brasileiros-a-icff-maior-evento-do-ny-design-week\/#primaryimage\"},\"thumbnailUrl\":\"https:\/\/www.sindmoveis.com.br\/es\/wp-content\/uploads\/2021\/05\/p1494937915.jpg\",\"datePublished\":\"2017-05-16T03:00:00+00:00\",\"dateModified\":\"2021-05-26T13:29:06+00:00\",\"author\":{\"@id\":\"https:\/\/www.sindmoveis.com.br\/es\/#\/schema\/person\/16d379542db1950a17fe188179340d57\"},\"inLanguage\":\"es\",\"potentialAction\":[{\"@type\":\"ReadAction\",\"target\":[\"https:\/\/www.sindmoveis.com.br\/es\/projeto-raiz-leva-designers-brasileiros-a-icff-maior-evento-do-ny-design-week\/\"]}]},{\"@type\":\"ImageObject\",\"inLanguage\":\"es\",\"@id\":\"https:\/\/www.sindmoveis.com.br\/es\/projeto-raiz-leva-designers-brasileiros-a-icff-maior-evento-do-ny-design-week\/#primaryimage\",\"url\":\"https:\/\/www.sindmoveis.com.br\/es\/wp-content\/uploads\/2021\/05\/p1494937915.jpg\",\"contentUrl\":\"https:\/\/www.sindmoveis.com.br\/es\/wp-content\/uploads\/2021\/05\/p1494937915.jpg\",\"width\":591,\"height\":280},{\"@type\":\"WebSite\",\"@id\":\"https:\/\/www.sindmoveis.com.br\/es\/#website\",\"url\":\"https:\/\/www.sindmoveis.com.br\/es\/\",\"name\":\"Sindm\u00f3veis-RS\",\"description\":\"\",\"potentialAction\":[{\"@type\":\"SearchAction\",\"target\":{\"@type\":\"EntryPoint\",\"urlTemplate\":\"https:\/\/www.sindmoveis.com.br\/es\/?s={search_term_string}\"},\"query-input\":{\"@type\":\"PropertyValueSpecification\",\"valueRequired\":true,\"valueName\":\"search_term_string\"}}],\"inLanguage\":\"es\"},{\"@type\":\"Person\",\"@id\":\"https:\/\/www.sindmoveis.com.br\/es\/#\/schema\/person\/16d379542db1950a17fe188179340d57\",\"name\":\"Imprensa Sindm\u00f3veis\",\"image\":{\"@type\":\"ImageObject\",\"inLanguage\":\"es\",\"@id\":\"https:\/\/www.sindmoveis.com.br\/es\/#\/schema\/person\/image\/\",\"url\":\"https:\/\/secure.gravatar.com\/avatar\/4973e2e2c2a0cb5db30b0c7b770041b8e33d048a16b695a1f99c042449d4bfaf?s=96&d=mm&r=g\",\"contentUrl\":\"https:\/\/secure.gravatar.com\/avatar\/4973e2e2c2a0cb5db30b0c7b770041b8e33d048a16b695a1f99c042449d4bfaf?s=96&d=mm&r=g\",\"caption\":\"Imprensa Sindm\u00f3veis\"},\"url\":\"https:\/\/www.sindmoveis.com.br\/es\/author\/ana\/\"}]}<\/script>\n<!-- \/ Yoast SEO plugin. -->","yoast_head_json":{"title":"Proyecto Ra\u00edz lleva dise\u00f1adores brasile\u00f1os a ICFF, mayor evento de NY Design Week - Sindm\u00f3veis-RS","robots":{"index":"index","follow":"follow","max-snippet":"max-snippet:-1","max-image-preview":"max-image-preview:large","max-video-preview":"max-video-preview:-1"},"canonical":"https:\/\/www.sindmoveis.com.br\/es\/projeto-raiz-leva-designers-brasileiros-a-icff-maior-evento-do-ny-design-week\/","og_locale":"es_ES","og_type":"article","og_title":"Proyecto Ra\u00edz lleva dise\u00f1adores brasile\u00f1os a ICFF, mayor evento de NY Design Week - Sindm\u00f3veis-RS","og_description":"Con apoyo de Sindm\u00f3veis y Apex-Brasil, 13 estudios van a exponer sus creaciones en stands individuales en la Semana de Dise\u00f1o de Nueva York","og_url":"https:\/\/www.sindmoveis.com.br\/es\/projeto-raiz-leva-designers-brasileiros-a-icff-maior-evento-do-ny-design-week\/","og_site_name":"Sindm\u00f3veis-RS","article_published_time":"2017-05-16T03:00:00+00:00","article_modified_time":"2021-05-26T13:29:06+00:00","og_image":[{"width":591,"height":280,"url":"https:\/\/www.sindmoveis.com.br\/es\/wp-content\/uploads\/2021\/05\/p1494937915.jpg","type":"image\/jpeg"}],"author":"Imprensa Sindm\u00f3veis","twitter_card":"summary_large_image","twitter_misc":{"Escrito por":"Imprensa Sindm\u00f3veis","Tiempo de lectura":"4 minutos"},"schema":{"@context":"https:\/\/schema.org","@graph":[{"@type":"Article","@id":"https:\/\/www.sindmoveis.com.br\/es\/projeto-raiz-leva-designers-brasileiros-a-icff-maior-evento-do-ny-design-week\/#article","isPartOf":{"@id":"https:\/\/www.sindmoveis.com.br\/es\/projeto-raiz-leva-designers-brasileiros-a-icff-maior-evento-do-ny-design-week\/"},"author":{"name":"Imprensa Sindm\u00f3veis","@id":"https:\/\/www.sindmoveis.com.br\/es\/#\/schema\/person\/16d379542db1950a17fe188179340d57"},"headline":"Proyecto Ra\u00edz lleva dise\u00f1adores brasile\u00f1os a ICFF, mayor evento de NY Design Week","datePublished":"2017-05-16T03:00:00+00:00","dateModified":"2021-05-26T13:29:06+00:00","mainEntityOfPage":{"@id":"https:\/\/www.sindmoveis.com.br\/es\/projeto-raiz-leva-designers-brasileiros-a-icff-maior-evento-do-ny-design-week\/"},"wordCount":814,"image":{"@id":"https:\/\/www.sindmoveis.com.br\/es\/projeto-raiz-leva-designers-brasileiros-a-icff-maior-evento-do-ny-design-week\/#primaryimage"},"thumbnailUrl":"https:\/\/www.sindmoveis.com.br\/es\/wp-content\/uploads\/2021\/05\/p1494937915.jpg","articleSection":["Proyecto Ra\u00edz","Sindm\u00f3veis"],"inLanguage":"es"},{"@type":"WebPage","@id":"https:\/\/www.sindmoveis.com.br\/es\/projeto-raiz-leva-designers-brasileiros-a-icff-maior-evento-do-ny-design-week\/","url":"https:\/\/www.sindmoveis.com.br\/es\/projeto-raiz-leva-designers-brasileiros-a-icff-maior-evento-do-ny-design-week\/","name":"Proyecto Ra\u00edz lleva dise\u00f1adores brasile\u00f1os a ICFF, mayor evento de NY Design Week - Sindm\u00f3veis-RS","isPartOf":{"@id":"https:\/\/www.sindmoveis.com.br\/es\/#website"},"primaryImageOfPage":{"@id":"https:\/\/www.sindmoveis.com.br\/es\/projeto-raiz-leva-designers-brasileiros-a-icff-maior-evento-do-ny-design-week\/#primaryimage"},"image":{"@id":"https:\/\/www.sindmoveis.com.br\/es\/projeto-raiz-leva-designers-brasileiros-a-icff-maior-evento-do-ny-design-week\/#primaryimage"},"thumbnailUrl":"https:\/\/www.sindmoveis.com.br\/es\/wp-content\/uploads\/2021\/05\/p1494937915.jpg","datePublished":"2017-05-16T03:00:00+00:00","dateModified":"2021-05-26T13:29:06+00:00","author":{"@id":"https:\/\/www.sindmoveis.com.br\/es\/#\/schema\/person\/16d379542db1950a17fe188179340d57"},"inLanguage":"es","potentialAction":[{"@type":"ReadAction","target":["https:\/\/www.sindmoveis.com.br\/es\/projeto-raiz-leva-designers-brasileiros-a-icff-maior-evento-do-ny-design-week\/"]}]},{"@type":"ImageObject","inLanguage":"es","@id":"https:\/\/www.sindmoveis.com.br\/es\/projeto-raiz-leva-designers-brasileiros-a-icff-maior-evento-do-ny-design-week\/#primaryimage","url":"https:\/\/www.sindmoveis.com.br\/es\/wp-content\/uploads\/2021\/05\/p1494937915.jpg","contentUrl":"https:\/\/www.sindmoveis.com.br\/es\/wp-content\/uploads\/2021\/05\/p1494937915.jpg","width":591,"height":280},{"@type":"WebSite","@id":"https:\/\/www.sindmoveis.com.br\/es\/#website","url":"https:\/\/www.sindmoveis.com.br\/es\/","name":"Sindm\u00f3veis-RS","description":"","potentialAction":[{"@type":"SearchAction","target":{"@type":"EntryPoint","urlTemplate":"https:\/\/www.sindmoveis.com.br\/es\/?s={search_term_string}"},"query-input":{"@type":"PropertyValueSpecification","valueRequired":true,"valueName":"search_term_string"}}],"inLanguage":"es"},{"@type":"Person","@id":"https:\/\/www.sindmoveis.com.br\/es\/#\/schema\/person\/16d379542db1950a17fe188179340d57","name":"Imprensa Sindm\u00f3veis","image":{"@type":"ImageObject","inLanguage":"es","@id":"https:\/\/www.sindmoveis.com.br\/es\/#\/schema\/person\/image\/","url":"https:\/\/secure.gravatar.com\/avatar\/4973e2e2c2a0cb5db30b0c7b770041b8e33d048a16b695a1f99c042449d4bfaf?s=96&d=mm&r=g","contentUrl":"https:\/\/secure.gravatar.com\/avatar\/4973e2e2c2a0cb5db30b0c7b770041b8e33d048a16b695a1f99c042449d4bfaf?s=96&d=mm&r=g","caption":"Imprensa Sindm\u00f3veis"},"url":"https:\/\/www.sindmoveis.com.br\/es\/author\/ana\/"}]}},"_links":{"self":[{"href":"https:\/\/www.sindmoveis.com.br\/es\/wp-json\/wp\/v2\/posts\/1292","targetHints":{"allow":["GET"]}}],"collection":[{"href":"https:\/\/www.sindmoveis.com.br\/es\/wp-json\/wp\/v2\/posts"}],"about":[{"href":"https:\/\/www.sindmoveis.com.br\/es\/wp-json\/wp\/v2\/types\/post"}],"author":[{"embeddable":true,"href":"https:\/\/www.sindmoveis.com.br\/es\/wp-json\/wp\/v2\/users\/5"}],"replies":[{"embeddable":true,"href":"https:\/\/www.sindmoveis.com.br\/es\/wp-json\/wp\/v2\/comments?post=1292"}],"version-history":[{"count":2,"href":"https:\/\/www.sindmoveis.com.br\/es\/wp-json\/wp\/v2\/posts\/1292\/revisions"}],"predecessor-version":[{"id":3607,"href":"https:\/\/www.sindmoveis.com.br\/es\/wp-json\/wp\/v2\/posts\/1292\/revisions\/3607"}],"wp:featuredmedia":[{"embeddable":true,"href":"https:\/\/www.sindmoveis.com.br\/es\/wp-json\/wp\/v2\/media\/3608"}],"wp:attachment":[{"href":"https:\/\/www.sindmoveis.com.br\/es\/wp-json\/wp\/v2\/media?parent=1292"}],"wp:term":[{"taxonomy":"category","embeddable":true,"href":"https:\/\/www.sindmoveis.com.br\/es\/wp-json\/wp\/v2\/categories?post=1292"},{"taxonomy":"post_tag","embeddable":true,"href":"https:\/\/www.sindmoveis.com.br\/es\/wp-json\/wp\/v2\/tags?post=1292"}],"curies":[{"name":"wp","href":"https:\/\/api.w.org\/{rel}","templated":true}]}}