{"id":1286,"date":"2017-04-18T00:00:00","date_gmt":"2017-04-18T03:00:00","guid":{"rendered":"http:\/\/sindmoveis.com.br\/imprensa\/noticias\/exportacoes-do-polo-moveleiro-de-bento-goncalves-iniciam-recuperacao\/"},"modified":"2021-05-26T10:30:05","modified_gmt":"2021-05-26T13:30:05","slug":"exportacoes-do-polo-moveleiro-de-bento-goncalves-iniciam-recuperacao","status":"publish","type":"post","link":"https:\/\/www.sindmoveis.com.br\/es\/exportacoes-do-polo-moveleiro-de-bento-goncalves-iniciam-recuperacao\/","title":{"rendered":"Exportaciones del polo mobiliario de Bento Gon\u00e7alves inician recuperaci\u00f3n"},"content":{"rendered":"<p>Despu&eacute;s de una disminuci&oacute;n de 2,2% el a&ntilde;o pasado, el primer trimestre de 2017 result&oacute; en crecimiento de 12,7% en las exportaciones del polo mobiliario de Bento Gon&ccedil;alves en comparaci&oacute;n con el mismo periodo del a&ntilde;o anterior, de acuerdo con datos de la Secretar&iacute;a de Comercio Exterior del Ministerio de Desarrollo, Industria y Comercio Exterior &ndash; MDIC. El desempe&ntilde;o es superior al del estado (3,9%) y de Brasil (6%) destac&aacute;ndose los siguientes mercados: Uruguay, Argentina, Paraguay, Panam&aacute;, Estados Unidos, Angola, M&eacute;xico, Arabia Saudita, India, Guatemala y Emiratos &Aacute;rabes Unidos.<\/p>\n<p>El director internacional del Sindicato de las Industrias del Mobiliario de Bento Gon&ccedil;alves &ndash; Sindm&oacute;veis, Leonardo Dartora, destaca que los resultados, a pesar de preliminares, indican un inicio de recuperaci&oacute;n en mercados importantes, especialmente en Am&eacute;rica Latina. Sindm&oacute;veis trabaja para estimular la competitividad de las empresas con acciones de promoci&oacute;n internacional y estudios de mercado por medio de su Comit&eacute; Internacional. &ldquo;La entidad conmemora los datos, sin embargo, hay mucho camino hasta volver a los valores de 2010 y 2011, pr&oacute;ximos a 60 millones anuales, y aquellos previos a las crisis financiera de 2008\/2009, cuando el polo lleg&oacute; a exportar m&aacute;s de US$ 80 millones anualmente, &ldquo;&nbsp;comenta el director.<\/p>\n","protected":false},"excerpt":{"rendered":"<p>Resultados, a pesar de preliminares, indican un inicio  de recuperaci\u00f3n en mercados importantes, como en Am\u00e9rica Latina<\/p>\n","protected":false},"author":5,"featured_media":3603,"comment_status":"closed","ping_status":"open","sticky":false,"template":"","format":"standard","meta":{"footnotes":"","_links_to":"","_links_to_target":""},"categories":[11,2],"tags":[],"class_list":["post-1286","post","type-post","status-publish","format-standard","has-post-thumbnail","hentry","category-exportaciones","category-sindmoveis"],"yoast_head":"<!-- This site is optimized with the Yoast SEO plugin v27.0 - https:\/\/yoast.com\/product\/yoast-seo-wordpress\/ -->\n<title>Exportaciones del polo mobiliario de Bento Gon\u00e7alves inician recuperaci\u00f3n - Sindm\u00f3veis-RS<\/title>\n<meta name=\"robots\" content=\"index, follow, max-snippet:-1, max-image-preview:large, max-video-preview:-1\" \/>\n<link rel=\"canonical\" href=\"https:\/\/www.sindmoveis.com.br\/es\/exportacoes-do-polo-moveleiro-de-bento-goncalves-iniciam-recuperacao\/\" \/>\n<meta property=\"og:locale\" content=\"es_ES\" \/>\n<meta property=\"og:type\" content=\"article\" \/>\n<meta property=\"og:title\" content=\"Exportaciones del polo mobiliario de Bento Gon\u00e7alves inician recuperaci\u00f3n - Sindm\u00f3veis-RS\" \/>\n<meta property=\"og:description\" content=\"Resultados, a pesar de preliminares, indican un inicio de recuperaci\u00f3n en mercados importantes, como en Am\u00e9rica Latina\" \/>\n<meta property=\"og:url\" content=\"https:\/\/www.sindmoveis.com.br\/es\/exportacoes-do-polo-moveleiro-de-bento-goncalves-iniciam-recuperacao\/\" \/>\n<meta property=\"og:site_name\" content=\"Sindm\u00f3veis-RS\" \/>\n<meta property=\"article:published_time\" content=\"2017-04-18T03:00:00+00:00\" \/>\n<meta property=\"article:modified_time\" content=\"2021-05-26T13:30:05+00:00\" \/>\n<meta property=\"og:image\" content=\"https:\/\/www.sindmoveis.com.br\/es\/wp-content\/uploads\/2021\/05\/p1492535329.jpg\" \/>\n\t<meta property=\"og:image:width\" content=\"590\" \/>\n\t<meta property=\"og:image:height\" content=\"394\" \/>\n\t<meta property=\"og:image:type\" content=\"image\/jpeg\" \/>\n<meta name=\"author\" content=\"Imprensa Sindm\u00f3veis\" \/>\n<meta name=\"twitter:card\" content=\"summary_large_image\" \/>\n<meta name=\"twitter:label1\" content=\"Escrito por\" \/>\n\t<meta name=\"twitter:data1\" content=\"Imprensa Sindm\u00f3veis\" \/>\n\t<meta name=\"twitter:label2\" content=\"Tiempo de lectura\" \/>\n\t<meta name=\"twitter:data2\" content=\"1 minuto\" \/>\n<script type=\"application\/ld+json\" class=\"yoast-schema-graph\">{\"@context\":\"https:\/\/schema.org\",\"@graph\":[{\"@type\":\"Article\",\"@id\":\"https:\/\/www.sindmoveis.com.br\/es\/exportacoes-do-polo-moveleiro-de-bento-goncalves-iniciam-recuperacao\/#article\",\"isPartOf\":{\"@id\":\"https:\/\/www.sindmoveis.com.br\/es\/exportacoes-do-polo-moveleiro-de-bento-goncalves-iniciam-recuperacao\/\"},\"author\":{\"name\":\"Imprensa Sindm\u00f3veis\",\"@id\":\"https:\/\/www.sindmoveis.com.br\/es\/#\/schema\/person\/16d379542db1950a17fe188179340d57\"},\"headline\":\"Exportaciones del polo mobiliario de Bento Gon\u00e7alves inician recuperaci\u00f3n\",\"datePublished\":\"2017-04-18T03:00:00+00:00\",\"dateModified\":\"2021-05-26T13:30:05+00:00\",\"mainEntityOfPage\":{\"@id\":\"https:\/\/www.sindmoveis.com.br\/es\/exportacoes-do-polo-moveleiro-de-bento-goncalves-iniciam-recuperacao\/\"},\"wordCount\":243,\"image\":{\"@id\":\"https:\/\/www.sindmoveis.com.br\/es\/exportacoes-do-polo-moveleiro-de-bento-goncalves-iniciam-recuperacao\/#primaryimage\"},\"thumbnailUrl\":\"https:\/\/www.sindmoveis.com.br\/es\/wp-content\/uploads\/2021\/05\/p1492535329.jpg\",\"articleSection\":[\"Exportaciones\",\"Sindm\u00f3veis\"],\"inLanguage\":\"es\"},{\"@type\":\"WebPage\",\"@id\":\"https:\/\/www.sindmoveis.com.br\/es\/exportacoes-do-polo-moveleiro-de-bento-goncalves-iniciam-recuperacao\/\",\"url\":\"https:\/\/www.sindmoveis.com.br\/es\/exportacoes-do-polo-moveleiro-de-bento-goncalves-iniciam-recuperacao\/\",\"name\":\"Exportaciones del polo mobiliario de Bento Gon\u00e7alves inician recuperaci\u00f3n - Sindm\u00f3veis-RS\",\"isPartOf\":{\"@id\":\"https:\/\/www.sindmoveis.com.br\/es\/#website\"},\"primaryImageOfPage\":{\"@id\":\"https:\/\/www.sindmoveis.com.br\/es\/exportacoes-do-polo-moveleiro-de-bento-goncalves-iniciam-recuperacao\/#primaryimage\"},\"image\":{\"@id\":\"https:\/\/www.sindmoveis.com.br\/es\/exportacoes-do-polo-moveleiro-de-bento-goncalves-iniciam-recuperacao\/#primaryimage\"},\"thumbnailUrl\":\"https:\/\/www.sindmoveis.com.br\/es\/wp-content\/uploads\/2021\/05\/p1492535329.jpg\",\"datePublished\":\"2017-04-18T03:00:00+00:00\",\"dateModified\":\"2021-05-26T13:30:05+00:00\",\"author\":{\"@id\":\"https:\/\/www.sindmoveis.com.br\/es\/#\/schema\/person\/16d379542db1950a17fe188179340d57\"},\"inLanguage\":\"es\",\"potentialAction\":[{\"@type\":\"ReadAction\",\"target\":[\"https:\/\/www.sindmoveis.com.br\/es\/exportacoes-do-polo-moveleiro-de-bento-goncalves-iniciam-recuperacao\/\"]}]},{\"@type\":\"ImageObject\",\"inLanguage\":\"es\",\"@id\":\"https:\/\/www.sindmoveis.com.br\/es\/exportacoes-do-polo-moveleiro-de-bento-goncalves-iniciam-recuperacao\/#primaryimage\",\"url\":\"https:\/\/www.sindmoveis.com.br\/es\/wp-content\/uploads\/2021\/05\/p1492535329.jpg\",\"contentUrl\":\"https:\/\/www.sindmoveis.com.br\/es\/wp-content\/uploads\/2021\/05\/p1492535329.jpg\",\"width\":590,\"height\":394},{\"@type\":\"WebSite\",\"@id\":\"https:\/\/www.sindmoveis.com.br\/es\/#website\",\"url\":\"https:\/\/www.sindmoveis.com.br\/es\/\",\"name\":\"Sindm\u00f3veis-RS\",\"description\":\"\",\"potentialAction\":[{\"@type\":\"SearchAction\",\"target\":{\"@type\":\"EntryPoint\",\"urlTemplate\":\"https:\/\/www.sindmoveis.com.br\/es\/?s={search_term_string}\"},\"query-input\":{\"@type\":\"PropertyValueSpecification\",\"valueRequired\":true,\"valueName\":\"search_term_string\"}}],\"inLanguage\":\"es\"},{\"@type\":\"Person\",\"@id\":\"https:\/\/www.sindmoveis.com.br\/es\/#\/schema\/person\/16d379542db1950a17fe188179340d57\",\"name\":\"Imprensa Sindm\u00f3veis\",\"image\":{\"@type\":\"ImageObject\",\"inLanguage\":\"es\",\"@id\":\"https:\/\/www.sindmoveis.com.br\/es\/#\/schema\/person\/image\/\",\"url\":\"https:\/\/secure.gravatar.com\/avatar\/4973e2e2c2a0cb5db30b0c7b770041b8e33d048a16b695a1f99c042449d4bfaf?s=96&d=mm&r=g\",\"contentUrl\":\"https:\/\/secure.gravatar.com\/avatar\/4973e2e2c2a0cb5db30b0c7b770041b8e33d048a16b695a1f99c042449d4bfaf?s=96&d=mm&r=g\",\"caption\":\"Imprensa Sindm\u00f3veis\"},\"url\":\"https:\/\/www.sindmoveis.com.br\/es\/author\/ana\/\"}]}<\/script>\n<!-- \/ Yoast SEO plugin. -->","yoast_head_json":{"title":"Exportaciones del polo mobiliario de Bento Gon\u00e7alves inician recuperaci\u00f3n - Sindm\u00f3veis-RS","robots":{"index":"index","follow":"follow","max-snippet":"max-snippet:-1","max-image-preview":"max-image-preview:large","max-video-preview":"max-video-preview:-1"},"canonical":"https:\/\/www.sindmoveis.com.br\/es\/exportacoes-do-polo-moveleiro-de-bento-goncalves-iniciam-recuperacao\/","og_locale":"es_ES","og_type":"article","og_title":"Exportaciones del polo mobiliario de Bento Gon\u00e7alves inician recuperaci\u00f3n - Sindm\u00f3veis-RS","og_description":"Resultados, a pesar de preliminares, indican un inicio de recuperaci\u00f3n en mercados importantes, como en Am\u00e9rica Latina","og_url":"https:\/\/www.sindmoveis.com.br\/es\/exportacoes-do-polo-moveleiro-de-bento-goncalves-iniciam-recuperacao\/","og_site_name":"Sindm\u00f3veis-RS","article_published_time":"2017-04-18T03:00:00+00:00","article_modified_time":"2021-05-26T13:30:05+00:00","og_image":[{"width":590,"height":394,"url":"https:\/\/www.sindmoveis.com.br\/es\/wp-content\/uploads\/2021\/05\/p1492535329.jpg","type":"image\/jpeg"}],"author":"Imprensa Sindm\u00f3veis","twitter_card":"summary_large_image","twitter_misc":{"Escrito por":"Imprensa Sindm\u00f3veis","Tiempo de lectura":"1 minuto"},"schema":{"@context":"https:\/\/schema.org","@graph":[{"@type":"Article","@id":"https:\/\/www.sindmoveis.com.br\/es\/exportacoes-do-polo-moveleiro-de-bento-goncalves-iniciam-recuperacao\/#article","isPartOf":{"@id":"https:\/\/www.sindmoveis.com.br\/es\/exportacoes-do-polo-moveleiro-de-bento-goncalves-iniciam-recuperacao\/"},"author":{"name":"Imprensa Sindm\u00f3veis","@id":"https:\/\/www.sindmoveis.com.br\/es\/#\/schema\/person\/16d379542db1950a17fe188179340d57"},"headline":"Exportaciones del polo mobiliario de Bento Gon\u00e7alves inician recuperaci\u00f3n","datePublished":"2017-04-18T03:00:00+00:00","dateModified":"2021-05-26T13:30:05+00:00","mainEntityOfPage":{"@id":"https:\/\/www.sindmoveis.com.br\/es\/exportacoes-do-polo-moveleiro-de-bento-goncalves-iniciam-recuperacao\/"},"wordCount":243,"image":{"@id":"https:\/\/www.sindmoveis.com.br\/es\/exportacoes-do-polo-moveleiro-de-bento-goncalves-iniciam-recuperacao\/#primaryimage"},"thumbnailUrl":"https:\/\/www.sindmoveis.com.br\/es\/wp-content\/uploads\/2021\/05\/p1492535329.jpg","articleSection":["Exportaciones","Sindm\u00f3veis"],"inLanguage":"es"},{"@type":"WebPage","@id":"https:\/\/www.sindmoveis.com.br\/es\/exportacoes-do-polo-moveleiro-de-bento-goncalves-iniciam-recuperacao\/","url":"https:\/\/www.sindmoveis.com.br\/es\/exportacoes-do-polo-moveleiro-de-bento-goncalves-iniciam-recuperacao\/","name":"Exportaciones del polo mobiliario de Bento Gon\u00e7alves inician recuperaci\u00f3n - Sindm\u00f3veis-RS","isPartOf":{"@id":"https:\/\/www.sindmoveis.com.br\/es\/#website"},"primaryImageOfPage":{"@id":"https:\/\/www.sindmoveis.com.br\/es\/exportacoes-do-polo-moveleiro-de-bento-goncalves-iniciam-recuperacao\/#primaryimage"},"image":{"@id":"https:\/\/www.sindmoveis.com.br\/es\/exportacoes-do-polo-moveleiro-de-bento-goncalves-iniciam-recuperacao\/#primaryimage"},"thumbnailUrl":"https:\/\/www.sindmoveis.com.br\/es\/wp-content\/uploads\/2021\/05\/p1492535329.jpg","datePublished":"2017-04-18T03:00:00+00:00","dateModified":"2021-05-26T13:30:05+00:00","author":{"@id":"https:\/\/www.sindmoveis.com.br\/es\/#\/schema\/person\/16d379542db1950a17fe188179340d57"},"inLanguage":"es","potentialAction":[{"@type":"ReadAction","target":["https:\/\/www.sindmoveis.com.br\/es\/exportacoes-do-polo-moveleiro-de-bento-goncalves-iniciam-recuperacao\/"]}]},{"@type":"ImageObject","inLanguage":"es","@id":"https:\/\/www.sindmoveis.com.br\/es\/exportacoes-do-polo-moveleiro-de-bento-goncalves-iniciam-recuperacao\/#primaryimage","url":"https:\/\/www.sindmoveis.com.br\/es\/wp-content\/uploads\/2021\/05\/p1492535329.jpg","contentUrl":"https:\/\/www.sindmoveis.com.br\/es\/wp-content\/uploads\/2021\/05\/p1492535329.jpg","width":590,"height":394},{"@type":"WebSite","@id":"https:\/\/www.sindmoveis.com.br\/es\/#website","url":"https:\/\/www.sindmoveis.com.br\/es\/","name":"Sindm\u00f3veis-RS","description":"","potentialAction":[{"@type":"SearchAction","target":{"@type":"EntryPoint","urlTemplate":"https:\/\/www.sindmoveis.com.br\/es\/?s={search_term_string}"},"query-input":{"@type":"PropertyValueSpecification","valueRequired":true,"valueName":"search_term_string"}}],"inLanguage":"es"},{"@type":"Person","@id":"https:\/\/www.sindmoveis.com.br\/es\/#\/schema\/person\/16d379542db1950a17fe188179340d57","name":"Imprensa Sindm\u00f3veis","image":{"@type":"ImageObject","inLanguage":"es","@id":"https:\/\/www.sindmoveis.com.br\/es\/#\/schema\/person\/image\/","url":"https:\/\/secure.gravatar.com\/avatar\/4973e2e2c2a0cb5db30b0c7b770041b8e33d048a16b695a1f99c042449d4bfaf?s=96&d=mm&r=g","contentUrl":"https:\/\/secure.gravatar.com\/avatar\/4973e2e2c2a0cb5db30b0c7b770041b8e33d048a16b695a1f99c042449d4bfaf?s=96&d=mm&r=g","caption":"Imprensa Sindm\u00f3veis"},"url":"https:\/\/www.sindmoveis.com.br\/es\/author\/ana\/"}]}},"_links":{"self":[{"href":"https:\/\/www.sindmoveis.com.br\/es\/wp-json\/wp\/v2\/posts\/1286","targetHints":{"allow":["GET"]}}],"collection":[{"href":"https:\/\/www.sindmoveis.com.br\/es\/wp-json\/wp\/v2\/posts"}],"about":[{"href":"https:\/\/www.sindmoveis.com.br\/es\/wp-json\/wp\/v2\/types\/post"}],"author":[{"embeddable":true,"href":"https:\/\/www.sindmoveis.com.br\/es\/wp-json\/wp\/v2\/users\/5"}],"replies":[{"embeddable":true,"href":"https:\/\/www.sindmoveis.com.br\/es\/wp-json\/wp\/v2\/comments?post=1286"}],"version-history":[{"count":2,"href":"https:\/\/www.sindmoveis.com.br\/es\/wp-json\/wp\/v2\/posts\/1286\/revisions"}],"predecessor-version":[{"id":3602,"href":"https:\/\/www.sindmoveis.com.br\/es\/wp-json\/wp\/v2\/posts\/1286\/revisions\/3602"}],"wp:featuredmedia":[{"embeddable":true,"href":"https:\/\/www.sindmoveis.com.br\/es\/wp-json\/wp\/v2\/media\/3603"}],"wp:attachment":[{"href":"https:\/\/www.sindmoveis.com.br\/es\/wp-json\/wp\/v2\/media?parent=1286"}],"wp:term":[{"taxonomy":"category","embeddable":true,"href":"https:\/\/www.sindmoveis.com.br\/es\/wp-json\/wp\/v2\/categories?post=1286"},{"taxonomy":"post_tag","embeddable":true,"href":"https:\/\/www.sindmoveis.com.br\/es\/wp-json\/wp\/v2\/tags?post=1286"}],"curies":[{"name":"wp","href":"https:\/\/api.w.org\/{rel}","templated":true}]}}