{"id":1281,"date":"2017-03-29T00:00:00","date_gmt":"2017-03-29T03:00:00","guid":{"rendered":"http:\/\/sindmoveis.com.br\/imprensa\/noticias\/movelsul-brasil-2018-uma-feira-com-o-terroir-de-bento-goncalves\/"},"modified":"2021-05-26T10:31:42","modified_gmt":"2021-05-26T13:31:42","slug":"movelsul-brasil-2018-uma-feira-com-o-terroir-de-bento-goncalves","status":"publish","type":"post","link":"https:\/\/www.sindmoveis.com.br\/es\/movelsul-brasil-2018-uma-feira-com-o-terroir-de-bento-goncalves\/","title":{"rendered":"Movelsul Brasil 2018: una feria con el terroir de Bento Gon\u00e7alves"},"content":{"rendered":"<p>Apostando en la retomada gradual de desempe&ntilde;o en el sector del mobiliario nacional, Movelsul Brasil anticipa el lanzamiento de la campa&ntilde;a de comunicaci&oacute;n de su 21&ordf; edici&oacute;n, que ocurre dentro de un a&ntilde;o, en el Parque de Eventos de Bento Gon&ccedil;alves. Valorando los atributos tur&iacute;sticos de la Sierra Gaucha y la tradici&oacute;n de su polo mobiliario por el lema del dise&ntilde;o, la campa&ntilde;a de la feria de muebles provoca al expositor y visitante: &ldquo;Dise&ntilde;o forma parte de nuestra naturaleza&rdquo;.<\/p>\n<p>El dise&ntilde;o est&aacute; en el ADN de Movelsul Brasil, en el d&iacute;a a d&iacute;a de la feria, en el ambiente de Bento Gon&ccedil;alves, en el paisaje, en todo lo que circunda esta regi&oacute;n de grandes muebles y grandes vinos. Ese <em>terroir<\/em> que existe en el polo mobiliario de Bento Gon&ccedil;alves es el gran diferencial de la regi&oacute;n y personaje destacado en la campa&ntilde;a del evento. Ninguna otra feria de muebles tiene como escenario el principal destino para el enoturismo en Brasil. Si el revendedor y el importador vienen a la Sierra Gaucha para buenos negocios con la industria expositora, Sindm&oacute;veis desea y estimula que ellos tambi&eacute;n conozcan buenos vinos, aprecien los bellos paisajes y disfruten de los excelentes atractivos tur&iacute;sticos.<\/p>\n<p>El presidente de Sindm&oacute;veis, Edson Pelicioli, explica que la campa&ntilde;a &ndash; creada por la agencia <em>Rep&uacute;blica das Ideias<\/em> &ndash; se desdobla en otros atributos de la ciudad y su industria del mobiliario: innovaci&oacute;n, hospitalidad y bienestar tambi&eacute;n hacen parte de nuestra naturaleza. &ldquo;Una feria de muebles puede existir en cualquier lugar, sin embargo nuestra historia y el legado de ese polo mobiliario es lo que hacen que Movelsul sea &uacute;nica en su segmento, considerando tambi&eacute;n, la excelencia de Sindm&oacute;veis Bento Gon&ccedil;alves en la promoci&oacute;n del evento&rdquo;, destaca.&nbsp;<\/p>\n<p>Para el director de comunicaci&oacute;n de Sindm&oacute;veis, Edson Busin, el destaque de la campa&ntilde;a es rescatar valores del pasado, tirando un hilo conductor guiado por&nbsp;los valores de la regi&oacute;n y que ofrece &nbsp;un horizonte para el futuro de la feria. &ldquo;Turismo, gastronom&iacute;a y hoteler&iacute;a son atributos que pueden y deben ser considerados&nbsp; en la realidad de Movelsul Brasil, que, a prop&oacute;sito, no pertenece a Sindm&oacute;veis, sino a nuestra regi&oacute;n&rdquo; resalta.<\/p>\n<p>&nbsp;Movelsul Brasil ser&aacute; realizada de 12 a 15 de marzo de 2018, de lunes a jueves, en el Parque de Eventos de Bento Gon&ccedil;alves. Ser&aacute;n cuatro d&iacute;as de duraci&oacute;n, atendiendo la se&ntilde;alizaci&oacute;n de las industrias participantes y visitantes. Son esperados 200 expositores de los segmentos de oficina, cocina, dormitorios, lavadero\/&aacute;rea de servicio, ba&ntilde;o, muebles para jard&iacute;n electrodom&eacute;sticos, comedores de diario, juegos de comedor y salas de estar, alfombras, muebles tapizados y colchones.<\/p>\n<p>Para m&aacute;s informa&ccedil;&otilde;es, aceda a <a href=\"http:\/\/www.movelsul.com.br\/\">www.movelsul.com.br<\/a>.<\/p>\n","protected":false},"excerpt":{"rendered":"<p>21\u00aa edici\u00f3n de la feria de muebles, de 12 a 15 de marzo de 2018, valorar\u00e1 el dise\u00f1o y los atributos tur\u00edsticos que s\u00f3lo este polo mobiliario puede ofrecer al p\u00fablico<\/p>\n","protected":false},"author":5,"featured_media":3599,"comment_status":"closed","ping_status":"open","sticky":false,"template":"","format":"standard","meta":{"footnotes":"","_links_to":"","_links_to_target":""},"categories":[23,2],"tags":[],"class_list":["post-1281","post","type-post","status-publish","format-standard","has-post-thumbnail","hentry","category-movelsul","category-sindmoveis"],"yoast_head":"<!-- This site is optimized with the Yoast SEO plugin v27.0 - https:\/\/yoast.com\/product\/yoast-seo-wordpress\/ -->\n<title>Movelsul Brasil 2018: una feria con el terroir de Bento Gon\u00e7alves - Sindm\u00f3veis-RS<\/title>\n<meta name=\"robots\" content=\"index, follow, max-snippet:-1, max-image-preview:large, max-video-preview:-1\" \/>\n<link rel=\"canonical\" href=\"https:\/\/www.sindmoveis.com.br\/es\/movelsul-brasil-2018-uma-feira-com-o-terroir-de-bento-goncalves\/\" \/>\n<meta property=\"og:locale\" content=\"es_ES\" \/>\n<meta property=\"og:type\" content=\"article\" \/>\n<meta property=\"og:title\" content=\"Movelsul Brasil 2018: una feria con el terroir de Bento Gon\u00e7alves - Sindm\u00f3veis-RS\" \/>\n<meta property=\"og:description\" content=\"21\u00aa edici\u00f3n de la feria de muebles, de 12 a 15 de marzo de 2018, valorar\u00e1 el dise\u00f1o y los atributos tur\u00edsticos que s\u00f3lo este polo mobiliario puede ofrecer al p\u00fablico\" \/>\n<meta property=\"og:url\" content=\"https:\/\/www.sindmoveis.com.br\/es\/movelsul-brasil-2018-uma-feira-com-o-terroir-de-bento-goncalves\/\" \/>\n<meta property=\"og:site_name\" content=\"Sindm\u00f3veis-RS\" \/>\n<meta property=\"article:published_time\" content=\"2017-03-29T03:00:00+00:00\" \/>\n<meta property=\"article:modified_time\" content=\"2021-05-26T13:31:42+00:00\" \/>\n<meta property=\"og:image\" content=\"https:\/\/www.sindmoveis.com.br\/es\/wp-content\/uploads\/2021\/05\/p1490824576.jpg\" \/>\n\t<meta property=\"og:image:width\" content=\"2000\" \/>\n\t<meta property=\"og:image:height\" content=\"1333\" \/>\n\t<meta property=\"og:image:type\" content=\"image\/jpeg\" \/>\n<meta name=\"author\" content=\"Imprensa Sindm\u00f3veis\" \/>\n<meta name=\"twitter:card\" content=\"summary_large_image\" \/>\n<meta name=\"twitter:label1\" content=\"Escrito por\" \/>\n\t<meta name=\"twitter:data1\" content=\"Imprensa Sindm\u00f3veis\" \/>\n\t<meta name=\"twitter:label2\" content=\"Tiempo de lectura\" \/>\n\t<meta name=\"twitter:data2\" content=\"3 minutos\" \/>\n<script type=\"application\/ld+json\" class=\"yoast-schema-graph\">{\"@context\":\"https:\/\/schema.org\",\"@graph\":[{\"@type\":\"Article\",\"@id\":\"https:\/\/www.sindmoveis.com.br\/es\/movelsul-brasil-2018-uma-feira-com-o-terroir-de-bento-goncalves\/#article\",\"isPartOf\":{\"@id\":\"https:\/\/www.sindmoveis.com.br\/es\/movelsul-brasil-2018-uma-feira-com-o-terroir-de-bento-goncalves\/\"},\"author\":{\"name\":\"Imprensa Sindm\u00f3veis\",\"@id\":\"https:\/\/www.sindmoveis.com.br\/es\/#\/schema\/person\/16d379542db1950a17fe188179340d57\"},\"headline\":\"Movelsul Brasil 2018: una feria con el terroir de Bento Gon\u00e7alves\",\"datePublished\":\"2017-03-29T03:00:00+00:00\",\"dateModified\":\"2021-05-26T13:31:42+00:00\",\"mainEntityOfPage\":{\"@id\":\"https:\/\/www.sindmoveis.com.br\/es\/movelsul-brasil-2018-uma-feira-com-o-terroir-de-bento-goncalves\/\"},\"wordCount\":564,\"image\":{\"@id\":\"https:\/\/www.sindmoveis.com.br\/es\/movelsul-brasil-2018-uma-feira-com-o-terroir-de-bento-goncalves\/#primaryimage\"},\"thumbnailUrl\":\"https:\/\/www.sindmoveis.com.br\/es\/wp-content\/uploads\/2021\/05\/p1490824576.jpg\",\"articleSection\":[\"Movelsul\",\"Sindm\u00f3veis\"],\"inLanguage\":\"es\"},{\"@type\":\"WebPage\",\"@id\":\"https:\/\/www.sindmoveis.com.br\/es\/movelsul-brasil-2018-uma-feira-com-o-terroir-de-bento-goncalves\/\",\"url\":\"https:\/\/www.sindmoveis.com.br\/es\/movelsul-brasil-2018-uma-feira-com-o-terroir-de-bento-goncalves\/\",\"name\":\"Movelsul Brasil 2018: una feria con el terroir de Bento Gon\u00e7alves - Sindm\u00f3veis-RS\",\"isPartOf\":{\"@id\":\"https:\/\/www.sindmoveis.com.br\/es\/#website\"},\"primaryImageOfPage\":{\"@id\":\"https:\/\/www.sindmoveis.com.br\/es\/movelsul-brasil-2018-uma-feira-com-o-terroir-de-bento-goncalves\/#primaryimage\"},\"image\":{\"@id\":\"https:\/\/www.sindmoveis.com.br\/es\/movelsul-brasil-2018-uma-feira-com-o-terroir-de-bento-goncalves\/#primaryimage\"},\"thumbnailUrl\":\"https:\/\/www.sindmoveis.com.br\/es\/wp-content\/uploads\/2021\/05\/p1490824576.jpg\",\"datePublished\":\"2017-03-29T03:00:00+00:00\",\"dateModified\":\"2021-05-26T13:31:42+00:00\",\"author\":{\"@id\":\"https:\/\/www.sindmoveis.com.br\/es\/#\/schema\/person\/16d379542db1950a17fe188179340d57\"},\"inLanguage\":\"es\",\"potentialAction\":[{\"@type\":\"ReadAction\",\"target\":[\"https:\/\/www.sindmoveis.com.br\/es\/movelsul-brasil-2018-uma-feira-com-o-terroir-de-bento-goncalves\/\"]}]},{\"@type\":\"ImageObject\",\"inLanguage\":\"es\",\"@id\":\"https:\/\/www.sindmoveis.com.br\/es\/movelsul-brasil-2018-uma-feira-com-o-terroir-de-bento-goncalves\/#primaryimage\",\"url\":\"https:\/\/www.sindmoveis.com.br\/es\/wp-content\/uploads\/2021\/05\/p1490824576.jpg\",\"contentUrl\":\"https:\/\/www.sindmoveis.com.br\/es\/wp-content\/uploads\/2021\/05\/p1490824576.jpg\",\"width\":2000,\"height\":1333},{\"@type\":\"WebSite\",\"@id\":\"https:\/\/www.sindmoveis.com.br\/es\/#website\",\"url\":\"https:\/\/www.sindmoveis.com.br\/es\/\",\"name\":\"Sindm\u00f3veis-RS\",\"description\":\"\",\"potentialAction\":[{\"@type\":\"SearchAction\",\"target\":{\"@type\":\"EntryPoint\",\"urlTemplate\":\"https:\/\/www.sindmoveis.com.br\/es\/?s={search_term_string}\"},\"query-input\":{\"@type\":\"PropertyValueSpecification\",\"valueRequired\":true,\"valueName\":\"search_term_string\"}}],\"inLanguage\":\"es\"},{\"@type\":\"Person\",\"@id\":\"https:\/\/www.sindmoveis.com.br\/es\/#\/schema\/person\/16d379542db1950a17fe188179340d57\",\"name\":\"Imprensa Sindm\u00f3veis\",\"image\":{\"@type\":\"ImageObject\",\"inLanguage\":\"es\",\"@id\":\"https:\/\/www.sindmoveis.com.br\/es\/#\/schema\/person\/image\/\",\"url\":\"https:\/\/secure.gravatar.com\/avatar\/4973e2e2c2a0cb5db30b0c7b770041b8e33d048a16b695a1f99c042449d4bfaf?s=96&d=mm&r=g\",\"contentUrl\":\"https:\/\/secure.gravatar.com\/avatar\/4973e2e2c2a0cb5db30b0c7b770041b8e33d048a16b695a1f99c042449d4bfaf?s=96&d=mm&r=g\",\"caption\":\"Imprensa Sindm\u00f3veis\"},\"url\":\"https:\/\/www.sindmoveis.com.br\/es\/author\/ana\/\"}]}<\/script>\n<!-- \/ Yoast SEO plugin. -->","yoast_head_json":{"title":"Movelsul Brasil 2018: una feria con el terroir de Bento Gon\u00e7alves - Sindm\u00f3veis-RS","robots":{"index":"index","follow":"follow","max-snippet":"max-snippet:-1","max-image-preview":"max-image-preview:large","max-video-preview":"max-video-preview:-1"},"canonical":"https:\/\/www.sindmoveis.com.br\/es\/movelsul-brasil-2018-uma-feira-com-o-terroir-de-bento-goncalves\/","og_locale":"es_ES","og_type":"article","og_title":"Movelsul Brasil 2018: una feria con el terroir de Bento Gon\u00e7alves - Sindm\u00f3veis-RS","og_description":"21\u00aa edici\u00f3n de la feria de muebles, de 12 a 15 de marzo de 2018, valorar\u00e1 el dise\u00f1o y los atributos tur\u00edsticos que s\u00f3lo este polo mobiliario puede ofrecer al p\u00fablico","og_url":"https:\/\/www.sindmoveis.com.br\/es\/movelsul-brasil-2018-uma-feira-com-o-terroir-de-bento-goncalves\/","og_site_name":"Sindm\u00f3veis-RS","article_published_time":"2017-03-29T03:00:00+00:00","article_modified_time":"2021-05-26T13:31:42+00:00","og_image":[{"width":2000,"height":1333,"url":"https:\/\/www.sindmoveis.com.br\/es\/wp-content\/uploads\/2021\/05\/p1490824576.jpg","type":"image\/jpeg"}],"author":"Imprensa Sindm\u00f3veis","twitter_card":"summary_large_image","twitter_misc":{"Escrito por":"Imprensa Sindm\u00f3veis","Tiempo de lectura":"3 minutos"},"schema":{"@context":"https:\/\/schema.org","@graph":[{"@type":"Article","@id":"https:\/\/www.sindmoveis.com.br\/es\/movelsul-brasil-2018-uma-feira-com-o-terroir-de-bento-goncalves\/#article","isPartOf":{"@id":"https:\/\/www.sindmoveis.com.br\/es\/movelsul-brasil-2018-uma-feira-com-o-terroir-de-bento-goncalves\/"},"author":{"name":"Imprensa Sindm\u00f3veis","@id":"https:\/\/www.sindmoveis.com.br\/es\/#\/schema\/person\/16d379542db1950a17fe188179340d57"},"headline":"Movelsul Brasil 2018: una feria con el terroir de Bento Gon\u00e7alves","datePublished":"2017-03-29T03:00:00+00:00","dateModified":"2021-05-26T13:31:42+00:00","mainEntityOfPage":{"@id":"https:\/\/www.sindmoveis.com.br\/es\/movelsul-brasil-2018-uma-feira-com-o-terroir-de-bento-goncalves\/"},"wordCount":564,"image":{"@id":"https:\/\/www.sindmoveis.com.br\/es\/movelsul-brasil-2018-uma-feira-com-o-terroir-de-bento-goncalves\/#primaryimage"},"thumbnailUrl":"https:\/\/www.sindmoveis.com.br\/es\/wp-content\/uploads\/2021\/05\/p1490824576.jpg","articleSection":["Movelsul","Sindm\u00f3veis"],"inLanguage":"es"},{"@type":"WebPage","@id":"https:\/\/www.sindmoveis.com.br\/es\/movelsul-brasil-2018-uma-feira-com-o-terroir-de-bento-goncalves\/","url":"https:\/\/www.sindmoveis.com.br\/es\/movelsul-brasil-2018-uma-feira-com-o-terroir-de-bento-goncalves\/","name":"Movelsul Brasil 2018: una feria con el terroir de Bento Gon\u00e7alves - Sindm\u00f3veis-RS","isPartOf":{"@id":"https:\/\/www.sindmoveis.com.br\/es\/#website"},"primaryImageOfPage":{"@id":"https:\/\/www.sindmoveis.com.br\/es\/movelsul-brasil-2018-uma-feira-com-o-terroir-de-bento-goncalves\/#primaryimage"},"image":{"@id":"https:\/\/www.sindmoveis.com.br\/es\/movelsul-brasil-2018-uma-feira-com-o-terroir-de-bento-goncalves\/#primaryimage"},"thumbnailUrl":"https:\/\/www.sindmoveis.com.br\/es\/wp-content\/uploads\/2021\/05\/p1490824576.jpg","datePublished":"2017-03-29T03:00:00+00:00","dateModified":"2021-05-26T13:31:42+00:00","author":{"@id":"https:\/\/www.sindmoveis.com.br\/es\/#\/schema\/person\/16d379542db1950a17fe188179340d57"},"inLanguage":"es","potentialAction":[{"@type":"ReadAction","target":["https:\/\/www.sindmoveis.com.br\/es\/movelsul-brasil-2018-uma-feira-com-o-terroir-de-bento-goncalves\/"]}]},{"@type":"ImageObject","inLanguage":"es","@id":"https:\/\/www.sindmoveis.com.br\/es\/movelsul-brasil-2018-uma-feira-com-o-terroir-de-bento-goncalves\/#primaryimage","url":"https:\/\/www.sindmoveis.com.br\/es\/wp-content\/uploads\/2021\/05\/p1490824576.jpg","contentUrl":"https:\/\/www.sindmoveis.com.br\/es\/wp-content\/uploads\/2021\/05\/p1490824576.jpg","width":2000,"height":1333},{"@type":"WebSite","@id":"https:\/\/www.sindmoveis.com.br\/es\/#website","url":"https:\/\/www.sindmoveis.com.br\/es\/","name":"Sindm\u00f3veis-RS","description":"","potentialAction":[{"@type":"SearchAction","target":{"@type":"EntryPoint","urlTemplate":"https:\/\/www.sindmoveis.com.br\/es\/?s={search_term_string}"},"query-input":{"@type":"PropertyValueSpecification","valueRequired":true,"valueName":"search_term_string"}}],"inLanguage":"es"},{"@type":"Person","@id":"https:\/\/www.sindmoveis.com.br\/es\/#\/schema\/person\/16d379542db1950a17fe188179340d57","name":"Imprensa Sindm\u00f3veis","image":{"@type":"ImageObject","inLanguage":"es","@id":"https:\/\/www.sindmoveis.com.br\/es\/#\/schema\/person\/image\/","url":"https:\/\/secure.gravatar.com\/avatar\/4973e2e2c2a0cb5db30b0c7b770041b8e33d048a16b695a1f99c042449d4bfaf?s=96&d=mm&r=g","contentUrl":"https:\/\/secure.gravatar.com\/avatar\/4973e2e2c2a0cb5db30b0c7b770041b8e33d048a16b695a1f99c042449d4bfaf?s=96&d=mm&r=g","caption":"Imprensa Sindm\u00f3veis"},"url":"https:\/\/www.sindmoveis.com.br\/es\/author\/ana\/"}]}},"_links":{"self":[{"href":"https:\/\/www.sindmoveis.com.br\/es\/wp-json\/wp\/v2\/posts\/1281","targetHints":{"allow":["GET"]}}],"collection":[{"href":"https:\/\/www.sindmoveis.com.br\/es\/wp-json\/wp\/v2\/posts"}],"about":[{"href":"https:\/\/www.sindmoveis.com.br\/es\/wp-json\/wp\/v2\/types\/post"}],"author":[{"embeddable":true,"href":"https:\/\/www.sindmoveis.com.br\/es\/wp-json\/wp\/v2\/users\/5"}],"replies":[{"embeddable":true,"href":"https:\/\/www.sindmoveis.com.br\/es\/wp-json\/wp\/v2\/comments?post=1281"}],"version-history":[{"count":2,"href":"https:\/\/www.sindmoveis.com.br\/es\/wp-json\/wp\/v2\/posts\/1281\/revisions"}],"predecessor-version":[{"id":3598,"href":"https:\/\/www.sindmoveis.com.br\/es\/wp-json\/wp\/v2\/posts\/1281\/revisions\/3598"}],"wp:featuredmedia":[{"embeddable":true,"href":"https:\/\/www.sindmoveis.com.br\/es\/wp-json\/wp\/v2\/media\/3599"}],"wp:attachment":[{"href":"https:\/\/www.sindmoveis.com.br\/es\/wp-json\/wp\/v2\/media?parent=1281"}],"wp:term":[{"taxonomy":"category","embeddable":true,"href":"https:\/\/www.sindmoveis.com.br\/es\/wp-json\/wp\/v2\/categories?post=1281"},{"taxonomy":"post_tag","embeddable":true,"href":"https:\/\/www.sindmoveis.com.br\/es\/wp-json\/wp\/v2\/tags?post=1281"}],"curies":[{"name":"wp","href":"https:\/\/api.w.org\/{rel}","templated":true}]}}