{"id":1279,"date":"2017-03-22T00:00:00","date_gmt":"2017-03-22T03:00:00","guid":{"rendered":"http:\/\/sindmoveis.com.br\/imprensa\/noticias\/sindmoveis-lanca-movelsul-brasil-2018\/"},"modified":"2021-05-26T10:31:42","modified_gmt":"2021-05-26T13:31:42","slug":"sindmoveis-lanca-movelsul-brasil-2018","status":"publish","type":"post","link":"https:\/\/www.sindmoveis.com.br\/es\/sindmoveis-lanca-movelsul-brasil-2018\/","title":{"rendered":"Sindm\u00f3veis lanza Movelsul Brasil 2018"},"content":{"rendered":"<p>A poco menos de un a&ntilde;o de su realizaci&oacute;n, la 21&ordf; edici&oacute;n de Movelsul Brasil, feria de muebles y complementos para el revendedor e importador, tendr&aacute; su campa&ntilde;a presentada a autoridades, asociados y expositores el d&iacute;a 29 de marzo, durante la Feria Internacional de M&aacute;quinas, Materias Primas y Accesorios para la Industria del Mobiliario (Fimma Brasil 2017), en el Parque de Eventos de Bento Gon&ccedil;alves, Rio Grande do Sul.<\/p>\n<p>Promovida por el Sindicato de las Industrias del Mobiliario de Bento Gon&ccedil;alves (Sindm&oacute;veis) desde 1977, Movelsul Brasil ser&aacute; realizada de 12 a 15 de marzo de 2018. Son cuatro d&iacute;as de duraci&oacute;n, atendiendo a la se&ntilde;alizaci&oacute;n de las industrias participantes y visitantes. Son esperados 200 expositores de los segmentos de oficina, cocina, dormitorios, lavadero\/&aacute;rea de servicio, ba&ntilde;o, muebles para jard&iacute;n, electrodom&eacute;sticos, comedores de diario, juegos de comedor, salas de estar, alfombras, muebles tapizados y colchones.<\/p>\n<p>Con la visita de 29 mil profesionales &nbsp;vinculados al sector, procedentes de 48 pa&iacute;ses, la &uacute;ltima edici&oacute;n de la feria, en marzo de 2016, sorprendi&oacute; por la intenci&oacute;n de negocios en el mercado externo. Adem&aacute;s de los revendedores brasile&ntilde;os que visitaron el evento, Movelsul Brasil tuvo el mayor Proyecto Comprador de su historia, con 780 rondas de negocios entre 120 empresas brasile&ntilde;as y 30 importadores invitados. Realizada desde el a&ntilde;o 2000 durante la feria, la acci&oacute;n tiene el apoyo de Apex-Brasil y fomenta las exportaciones con reuniones en los propios stands.<\/p>\n<p>Para el presidente de Sindm&oacute;veis, Edson Pelicioli, una de las alternativas para la sostenibilidad del sector del mobiliario es invertir en la diversificaci&oacute;n de mercados y promover esfuerzos de promoci&oacute;n comercial. El empresario defiende la feria como estrategia de posicionamiento y ventas,&nbsp; especialmente Movelsul Brasil, que tiene el diferencial de promover buenos negocios en el principal destino tur&iacute;stico vinculado a la vitivinicultura en el pa&iacute;s. &ldquo;Sindm&oacute;veis, en todas sus acciones, fortalece su comprometimiento con la cadena del mobiliario, desde el proveedor de insumos y tecnolog&iacute;as, pasando por la industria en s&iacute;, hasta el servicio del dise&ntilde;ador brasile&ntilde;o. Y es tambi&eacute;n su comprometimiento con la ciudad de Bento Gon&ccedil;alves y las personas que hacen de &eacute;ste el mayor polo de mobiliario de Brasil&rdquo;, destaca.<\/p>\n<p>&nbsp;<\/p>\n<p><strong>M&aacute;s sobre la feria<\/strong><\/p>\n<p>En su historia, &nbsp;Movelsul Brasil ya tuvo m&aacute;s de 1.700 empresas expositoras. La primera edici&oacute;n de la feria ocurri&oacute; en 1977, a&ntilde;o en que el sector del mobiliario&nbsp; se consolid&oacute; como actividad l&iacute;der en la econom&iacute;a de Bento Gon&ccedil;alves. La 1&ordf; Muestra del Mobiliario de Bento Gon&ccedil;alves, como era llamada en la ocasi&oacute;n, reuni&oacute; 24 fabricantes de muebles de la ciudad. A partir de 1988, la feria pasa a ser denominada Movelsul, ya con m&aacute;s de 100 expositores. Aquel a&ntilde;o marc&oacute;, adem&aacute;s, la primera edici&oacute;n del Premio Sal&atilde;o Design. En los &uacute;ltimos 15 a&ntilde;os,&nbsp; Movelsul Brasil se internacionaliz&oacute;, con la realizaci&oacute;n del Proyecto Comprador, a partir de 2000.<\/p>\n<p>M&aacute;s informaciones sobre la feria pueden ser obtenidas en el sitio web <a href=\"http:\/\/www.movelsul.com.br\/\">www.movelsul.com.br<\/a>.<\/p>\n<p>&nbsp;<\/p>\n<p><strong>Lanzamiento<\/strong><strong> Movelsul Brasil 2018<\/strong><\/p>\n<p><strong>Cu&aacute;ndo<\/strong>: 29\/03, a las 17h30min<\/p>\n<p><strong>D&oacute;nde<\/strong>: stand de Sindm&oacute;veis en Fimma Brasil (hall del pabell&oacute;n A) &ndash; Parque de Eventos de Bento Gon&ccedil;alves<\/p>\n<p>Evento para invitados<\/p>\n","protected":false},"excerpt":{"rendered":"<p>Campa\u00f1a de la 21\u00aa edici\u00f3n de la principal feria de muebles de Am\u00e9rica Latina ser\u00e1 presentada en evento durante  Fimma Brasil, el d\u00eda 29 de marzo<\/p>\n","protected":false},"author":5,"featured_media":3597,"comment_status":"closed","ping_status":"open","sticky":false,"template":"","format":"standard","meta":{"footnotes":"","_links_to":"","_links_to_target":""},"categories":[23,2],"tags":[],"class_list":["post-1279","post","type-post","status-publish","format-standard","has-post-thumbnail","hentry","category-movelsul","category-sindmoveis"],"yoast_head":"<!-- This site is optimized with the Yoast SEO plugin v27.0 - https:\/\/yoast.com\/product\/yoast-seo-wordpress\/ -->\n<title>Sindm\u00f3veis lanza Movelsul Brasil 2018 - Sindm\u00f3veis-RS<\/title>\n<meta name=\"robots\" content=\"index, follow, max-snippet:-1, max-image-preview:large, max-video-preview:-1\" \/>\n<link rel=\"canonical\" href=\"https:\/\/www.sindmoveis.com.br\/es\/sindmoveis-lanca-movelsul-brasil-2018\/\" \/>\n<meta property=\"og:locale\" content=\"es_ES\" \/>\n<meta property=\"og:type\" content=\"article\" \/>\n<meta property=\"og:title\" content=\"Sindm\u00f3veis lanza Movelsul Brasil 2018 - Sindm\u00f3veis-RS\" \/>\n<meta property=\"og:description\" content=\"Campa\u00f1a de la 21\u00aa edici\u00f3n de la principal feria de muebles de Am\u00e9rica Latina ser\u00e1 presentada en evento durante Fimma Brasil, el d\u00eda 29 de marzo\" \/>\n<meta property=\"og:url\" content=\"https:\/\/www.sindmoveis.com.br\/es\/sindmoveis-lanca-movelsul-brasil-2018\/\" \/>\n<meta property=\"og:site_name\" content=\"Sindm\u00f3veis-RS\" \/>\n<meta property=\"article:published_time\" content=\"2017-03-22T03:00:00+00:00\" \/>\n<meta property=\"article:modified_time\" content=\"2021-05-26T13:31:42+00:00\" \/>\n<meta property=\"og:image\" content=\"https:\/\/www.sindmoveis.com.br\/es\/wp-content\/uploads\/2021\/05\/p1490205939.jpg\" \/>\n\t<meta property=\"og:image:width\" content=\"517\" \/>\n\t<meta property=\"og:image:height\" content=\"265\" \/>\n\t<meta property=\"og:image:type\" content=\"image\/jpeg\" \/>\n<meta name=\"author\" content=\"Imprensa Sindm\u00f3veis\" \/>\n<meta name=\"twitter:card\" content=\"summary_large_image\" \/>\n<meta name=\"twitter:label1\" content=\"Escrito por\" \/>\n\t<meta name=\"twitter:data1\" content=\"Imprensa Sindm\u00f3veis\" \/>\n\t<meta name=\"twitter:label2\" content=\"Tiempo de lectura\" \/>\n\t<meta name=\"twitter:data2\" content=\"3 minutos\" \/>\n<script type=\"application\/ld+json\" class=\"yoast-schema-graph\">{\"@context\":\"https:\/\/schema.org\",\"@graph\":[{\"@type\":\"Article\",\"@id\":\"https:\/\/www.sindmoveis.com.br\/es\/sindmoveis-lanca-movelsul-brasil-2018\/#article\",\"isPartOf\":{\"@id\":\"https:\/\/www.sindmoveis.com.br\/es\/sindmoveis-lanca-movelsul-brasil-2018\/\"},\"author\":{\"name\":\"Imprensa Sindm\u00f3veis\",\"@id\":\"https:\/\/www.sindmoveis.com.br\/es\/#\/schema\/person\/16d379542db1950a17fe188179340d57\"},\"headline\":\"Sindm\u00f3veis lanza Movelsul Brasil 2018\",\"datePublished\":\"2017-03-22T03:00:00+00:00\",\"dateModified\":\"2021-05-26T13:31:42+00:00\",\"mainEntityOfPage\":{\"@id\":\"https:\/\/www.sindmoveis.com.br\/es\/sindmoveis-lanca-movelsul-brasil-2018\/\"},\"wordCount\":636,\"image\":{\"@id\":\"https:\/\/www.sindmoveis.com.br\/es\/sindmoveis-lanca-movelsul-brasil-2018\/#primaryimage\"},\"thumbnailUrl\":\"https:\/\/www.sindmoveis.com.br\/es\/wp-content\/uploads\/2021\/05\/p1490205939.jpg\",\"articleSection\":[\"Movelsul\",\"Sindm\u00f3veis\"],\"inLanguage\":\"es\"},{\"@type\":\"WebPage\",\"@id\":\"https:\/\/www.sindmoveis.com.br\/es\/sindmoveis-lanca-movelsul-brasil-2018\/\",\"url\":\"https:\/\/www.sindmoveis.com.br\/es\/sindmoveis-lanca-movelsul-brasil-2018\/\",\"name\":\"Sindm\u00f3veis lanza Movelsul Brasil 2018 - Sindm\u00f3veis-RS\",\"isPartOf\":{\"@id\":\"https:\/\/www.sindmoveis.com.br\/es\/#website\"},\"primaryImageOfPage\":{\"@id\":\"https:\/\/www.sindmoveis.com.br\/es\/sindmoveis-lanca-movelsul-brasil-2018\/#primaryimage\"},\"image\":{\"@id\":\"https:\/\/www.sindmoveis.com.br\/es\/sindmoveis-lanca-movelsul-brasil-2018\/#primaryimage\"},\"thumbnailUrl\":\"https:\/\/www.sindmoveis.com.br\/es\/wp-content\/uploads\/2021\/05\/p1490205939.jpg\",\"datePublished\":\"2017-03-22T03:00:00+00:00\",\"dateModified\":\"2021-05-26T13:31:42+00:00\",\"author\":{\"@id\":\"https:\/\/www.sindmoveis.com.br\/es\/#\/schema\/person\/16d379542db1950a17fe188179340d57\"},\"inLanguage\":\"es\",\"potentialAction\":[{\"@type\":\"ReadAction\",\"target\":[\"https:\/\/www.sindmoveis.com.br\/es\/sindmoveis-lanca-movelsul-brasil-2018\/\"]}]},{\"@type\":\"ImageObject\",\"inLanguage\":\"es\",\"@id\":\"https:\/\/www.sindmoveis.com.br\/es\/sindmoveis-lanca-movelsul-brasil-2018\/#primaryimage\",\"url\":\"https:\/\/www.sindmoveis.com.br\/es\/wp-content\/uploads\/2021\/05\/p1490205939.jpg\",\"contentUrl\":\"https:\/\/www.sindmoveis.com.br\/es\/wp-content\/uploads\/2021\/05\/p1490205939.jpg\",\"width\":517,\"height\":265},{\"@type\":\"WebSite\",\"@id\":\"https:\/\/www.sindmoveis.com.br\/es\/#website\",\"url\":\"https:\/\/www.sindmoveis.com.br\/es\/\",\"name\":\"Sindm\u00f3veis-RS\",\"description\":\"\",\"potentialAction\":[{\"@type\":\"SearchAction\",\"target\":{\"@type\":\"EntryPoint\",\"urlTemplate\":\"https:\/\/www.sindmoveis.com.br\/es\/?s={search_term_string}\"},\"query-input\":{\"@type\":\"PropertyValueSpecification\",\"valueRequired\":true,\"valueName\":\"search_term_string\"}}],\"inLanguage\":\"es\"},{\"@type\":\"Person\",\"@id\":\"https:\/\/www.sindmoveis.com.br\/es\/#\/schema\/person\/16d379542db1950a17fe188179340d57\",\"name\":\"Imprensa Sindm\u00f3veis\",\"image\":{\"@type\":\"ImageObject\",\"inLanguage\":\"es\",\"@id\":\"https:\/\/www.sindmoveis.com.br\/es\/#\/schema\/person\/image\/\",\"url\":\"https:\/\/secure.gravatar.com\/avatar\/4973e2e2c2a0cb5db30b0c7b770041b8e33d048a16b695a1f99c042449d4bfaf?s=96&d=mm&r=g\",\"contentUrl\":\"https:\/\/secure.gravatar.com\/avatar\/4973e2e2c2a0cb5db30b0c7b770041b8e33d048a16b695a1f99c042449d4bfaf?s=96&d=mm&r=g\",\"caption\":\"Imprensa Sindm\u00f3veis\"},\"url\":\"https:\/\/www.sindmoveis.com.br\/es\/author\/ana\/\"}]}<\/script>\n<!-- \/ Yoast SEO plugin. -->","yoast_head_json":{"title":"Sindm\u00f3veis lanza Movelsul Brasil 2018 - Sindm\u00f3veis-RS","robots":{"index":"index","follow":"follow","max-snippet":"max-snippet:-1","max-image-preview":"max-image-preview:large","max-video-preview":"max-video-preview:-1"},"canonical":"https:\/\/www.sindmoveis.com.br\/es\/sindmoveis-lanca-movelsul-brasil-2018\/","og_locale":"es_ES","og_type":"article","og_title":"Sindm\u00f3veis lanza Movelsul Brasil 2018 - Sindm\u00f3veis-RS","og_description":"Campa\u00f1a de la 21\u00aa edici\u00f3n de la principal feria de muebles de Am\u00e9rica Latina ser\u00e1 presentada en evento durante Fimma Brasil, el d\u00eda 29 de marzo","og_url":"https:\/\/www.sindmoveis.com.br\/es\/sindmoveis-lanca-movelsul-brasil-2018\/","og_site_name":"Sindm\u00f3veis-RS","article_published_time":"2017-03-22T03:00:00+00:00","article_modified_time":"2021-05-26T13:31:42+00:00","og_image":[{"width":517,"height":265,"url":"https:\/\/www.sindmoveis.com.br\/es\/wp-content\/uploads\/2021\/05\/p1490205939.jpg","type":"image\/jpeg"}],"author":"Imprensa Sindm\u00f3veis","twitter_card":"summary_large_image","twitter_misc":{"Escrito por":"Imprensa Sindm\u00f3veis","Tiempo de lectura":"3 minutos"},"schema":{"@context":"https:\/\/schema.org","@graph":[{"@type":"Article","@id":"https:\/\/www.sindmoveis.com.br\/es\/sindmoveis-lanca-movelsul-brasil-2018\/#article","isPartOf":{"@id":"https:\/\/www.sindmoveis.com.br\/es\/sindmoveis-lanca-movelsul-brasil-2018\/"},"author":{"name":"Imprensa Sindm\u00f3veis","@id":"https:\/\/www.sindmoveis.com.br\/es\/#\/schema\/person\/16d379542db1950a17fe188179340d57"},"headline":"Sindm\u00f3veis lanza Movelsul Brasil 2018","datePublished":"2017-03-22T03:00:00+00:00","dateModified":"2021-05-26T13:31:42+00:00","mainEntityOfPage":{"@id":"https:\/\/www.sindmoveis.com.br\/es\/sindmoveis-lanca-movelsul-brasil-2018\/"},"wordCount":636,"image":{"@id":"https:\/\/www.sindmoveis.com.br\/es\/sindmoveis-lanca-movelsul-brasil-2018\/#primaryimage"},"thumbnailUrl":"https:\/\/www.sindmoveis.com.br\/es\/wp-content\/uploads\/2021\/05\/p1490205939.jpg","articleSection":["Movelsul","Sindm\u00f3veis"],"inLanguage":"es"},{"@type":"WebPage","@id":"https:\/\/www.sindmoveis.com.br\/es\/sindmoveis-lanca-movelsul-brasil-2018\/","url":"https:\/\/www.sindmoveis.com.br\/es\/sindmoveis-lanca-movelsul-brasil-2018\/","name":"Sindm\u00f3veis lanza Movelsul Brasil 2018 - Sindm\u00f3veis-RS","isPartOf":{"@id":"https:\/\/www.sindmoveis.com.br\/es\/#website"},"primaryImageOfPage":{"@id":"https:\/\/www.sindmoveis.com.br\/es\/sindmoveis-lanca-movelsul-brasil-2018\/#primaryimage"},"image":{"@id":"https:\/\/www.sindmoveis.com.br\/es\/sindmoveis-lanca-movelsul-brasil-2018\/#primaryimage"},"thumbnailUrl":"https:\/\/www.sindmoveis.com.br\/es\/wp-content\/uploads\/2021\/05\/p1490205939.jpg","datePublished":"2017-03-22T03:00:00+00:00","dateModified":"2021-05-26T13:31:42+00:00","author":{"@id":"https:\/\/www.sindmoveis.com.br\/es\/#\/schema\/person\/16d379542db1950a17fe188179340d57"},"inLanguage":"es","potentialAction":[{"@type":"ReadAction","target":["https:\/\/www.sindmoveis.com.br\/es\/sindmoveis-lanca-movelsul-brasil-2018\/"]}]},{"@type":"ImageObject","inLanguage":"es","@id":"https:\/\/www.sindmoveis.com.br\/es\/sindmoveis-lanca-movelsul-brasil-2018\/#primaryimage","url":"https:\/\/www.sindmoveis.com.br\/es\/wp-content\/uploads\/2021\/05\/p1490205939.jpg","contentUrl":"https:\/\/www.sindmoveis.com.br\/es\/wp-content\/uploads\/2021\/05\/p1490205939.jpg","width":517,"height":265},{"@type":"WebSite","@id":"https:\/\/www.sindmoveis.com.br\/es\/#website","url":"https:\/\/www.sindmoveis.com.br\/es\/","name":"Sindm\u00f3veis-RS","description":"","potentialAction":[{"@type":"SearchAction","target":{"@type":"EntryPoint","urlTemplate":"https:\/\/www.sindmoveis.com.br\/es\/?s={search_term_string}"},"query-input":{"@type":"PropertyValueSpecification","valueRequired":true,"valueName":"search_term_string"}}],"inLanguage":"es"},{"@type":"Person","@id":"https:\/\/www.sindmoveis.com.br\/es\/#\/schema\/person\/16d379542db1950a17fe188179340d57","name":"Imprensa Sindm\u00f3veis","image":{"@type":"ImageObject","inLanguage":"es","@id":"https:\/\/www.sindmoveis.com.br\/es\/#\/schema\/person\/image\/","url":"https:\/\/secure.gravatar.com\/avatar\/4973e2e2c2a0cb5db30b0c7b770041b8e33d048a16b695a1f99c042449d4bfaf?s=96&d=mm&r=g","contentUrl":"https:\/\/secure.gravatar.com\/avatar\/4973e2e2c2a0cb5db30b0c7b770041b8e33d048a16b695a1f99c042449d4bfaf?s=96&d=mm&r=g","caption":"Imprensa Sindm\u00f3veis"},"url":"https:\/\/www.sindmoveis.com.br\/es\/author\/ana\/"}]}},"_links":{"self":[{"href":"https:\/\/www.sindmoveis.com.br\/es\/wp-json\/wp\/v2\/posts\/1279","targetHints":{"allow":["GET"]}}],"collection":[{"href":"https:\/\/www.sindmoveis.com.br\/es\/wp-json\/wp\/v2\/posts"}],"about":[{"href":"https:\/\/www.sindmoveis.com.br\/es\/wp-json\/wp\/v2\/types\/post"}],"author":[{"embeddable":true,"href":"https:\/\/www.sindmoveis.com.br\/es\/wp-json\/wp\/v2\/users\/5"}],"replies":[{"embeddable":true,"href":"https:\/\/www.sindmoveis.com.br\/es\/wp-json\/wp\/v2\/comments?post=1279"}],"version-history":[{"count":2,"href":"https:\/\/www.sindmoveis.com.br\/es\/wp-json\/wp\/v2\/posts\/1279\/revisions"}],"predecessor-version":[{"id":3596,"href":"https:\/\/www.sindmoveis.com.br\/es\/wp-json\/wp\/v2\/posts\/1279\/revisions\/3596"}],"wp:featuredmedia":[{"embeddable":true,"href":"https:\/\/www.sindmoveis.com.br\/es\/wp-json\/wp\/v2\/media\/3597"}],"wp:attachment":[{"href":"https:\/\/www.sindmoveis.com.br\/es\/wp-json\/wp\/v2\/media?parent=1279"}],"wp:term":[{"taxonomy":"category","embeddable":true,"href":"https:\/\/www.sindmoveis.com.br\/es\/wp-json\/wp\/v2\/categories?post=1279"},{"taxonomy":"post_tag","embeddable":true,"href":"https:\/\/www.sindmoveis.com.br\/es\/wp-json\/wp\/v2\/tags?post=1279"}],"curies":[{"name":"wp","href":"https:\/\/api.w.org\/{rel}","templated":true}]}}