{"id":1268,"date":"2017-01-12T00:00:00","date_gmt":"2017-01-12T02:00:00","guid":{"rendered":"http:\/\/sindmoveis.com.br\/imprensa\/noticias\/projeto-orchestra-brasil-e-raiz-tem-convenios-renovados-para-2017\/"},"modified":"2021-05-26T10:29:06","modified_gmt":"2021-05-26T13:29:06","slug":"projeto-orchestra-brasil-e-raiz-tem-convenios-renovados-para-2017","status":"publish","type":"post","link":"https:\/\/www.sindmoveis.com.br\/es\/projeto-orchestra-brasil-e-raiz-tem-convenios-renovados-para-2017\/","title":{"rendered":"Proyecto Orchestra Brasil y Ra\u00edz tiene convenios renovados para 2017"},"content":{"rendered":"<p>Sindm&oacute;veis Bento Gon&ccedil;alves obtuvo, en el mes de diciembre, la renovaci&oacute;n del convenio con Apex-Brasil para la realizaci&oacute;n de los proyectos Orchestra Brasil y Ra&iacute;z en el a&ntilde;o 2017. El nuevo convenio ampl&iacute;a las misiones asociadas a ferias y las inversiones en inteligencia comercial a servicio de las empresas.<\/p>\n<p>Adem&aacute;s del calendario de ferias y misiones para los dos segmentos del proyecto (abajo), fue lanzado edicto para acciones customizadas tanto para industrias como para dise&ntilde;adores. Esos recursos son destinados a la construcci&oacute;n y consolidaci&oacute;n de marcas de las empresas brasile&ntilde;as en el exterior, internacionalizaci&oacute;n de negocios u otras iniciativas innovadoras que tengan como resultado la agregaci&oacute;n de valor al producto y\/o &nbsp;servicio exportado.<\/p>\n<p>&nbsp;<\/p>\n<p><strong>CALENDARIO ACCIONES 2017 &ndash; PROYECTO RA&Iacute;Z<\/strong><\/p>\n<ul>\n<li>Participaci&oacute;n en la Semana de Dise&ntilde;o de Mil&aacute;n &#8211; formato y detalles los tendremos a partir de mitad de enero\/17. Esta semana incluir&aacute; muestra, matchmaking, un trabajo de Apex-Brasil de lanzamiento de BeBrasil llamando la atenci&oacute;n para nuestro potencial creativo, innovador, etc.<\/li>\n<li>Participaci&oacute;n en la Semana de Dise&ntilde;o de NYC, junto al per&iacute;odo de ICFF, como secuencia del trabajo iniciado en 2016.&nbsp;<\/li>\n<li>Asesor&iacute;a de prensa internacional &#8211; pretendemos contratar una &uacute;nica empresa con brazo en los pa&iacute;ses que son nuestro objetivo principal, de forma a tener un trabajo coherente, antes-durante-despu&eacute;s &nbsp;eventos y sin interrupciones<\/li>\n<li>Proyecto Comprador durante la Semana de Dise&ntilde;o en Brasil &#8211; DW!<\/li>\n<li>Agente comercial en el mercado norteamericano para secuencia en la abertura y conclusi&oacute;n de negocios.<\/li>\n<li>Misi&oacute;n prospectiva al polo fabricante de High Point para profundizar la relaci&oacute;n con fabricantes de muebles americanos que buscan muebles para licenciar fabricaci&oacute;n y distribuci&oacute;n, bien como importadores.<\/li>\n<li>Muestras en Embajadas de Paris y de Londres junto a las semanas de dise&ntilde;o.<\/li>\n<li>Prospecci&oacute;n en el Reino Unido.<\/li>\n<li>Apoyo individualizado a dise&ntilde;adores ya establecidos en el mercado externo.<\/li>\n<\/ul>\n<p>&nbsp;<\/p>\n<p><strong>CALENDARIO ACCIONES 2017 &ndash; ORCHESTRA BRASIL<\/strong><\/p>\n<ul>\n<li>Feria KBIS e IBS 2017, 10 a 12 de Enero &#8211; Orlando, Estados Unidos.<\/li>\n<li>Proyecto Orchestra Brasil Experience FIMMA, 28 a 31 de marzo &ndash; Bento Gon&ccedil;alves, Brasil<\/li>\n<li>Interzum, 16 a 19 de mayo &#8211; Colonia, Alemania.<\/li>\n<li>Fitecma, 13 a 17 de junio &#8211; Buenos Aires, Argentina.<\/li>\n<li>Misi&oacute;n Prospectiva y de Inteligencia competitiva Ciudad de M&eacute;xico per&iacute;odo Expo AMPIMM, 21 a 26 de junio &#8211; Ciudad de M&eacute;xico, M&eacute;xico<\/li>\n<li>Feria Fenafor Per&uacute; 2017, 24 a 26 de Agosto &#8211; Lima, Per&uacute;.<\/li>\n<li>Misi&oacute;n Comercial y de Inteligencia competitiva High Point, 05 a 10 de noviembre &#8211; High Point, Estados Unidos.<\/li>\n<li>Proyecto Orchestra Brasil Experience, 13 a 16 de noviembre.<\/li>\n<\/ul>\n","protected":false},"excerpt":{"rendered":"<p>Acciones de Sindm\u00f3veis con apoyo de Apex-Brasil fomentan las exportaciones de los segmentos de proveedores de la industria del mobiliario y servicio del dise\u00f1ador brasile\u00f1o.<\/p>\n","protected":false},"author":5,"featured_media":3591,"comment_status":"closed","ping_status":"open","sticky":false,"template":"","format":"standard","meta":{"footnotes":"","_links_to":"","_links_to_target":""},"categories":[22,24,2],"tags":[],"class_list":["post-1268","post","type-post","status-publish","format-standard","has-post-thumbnail","hentry","category-proyecto-orchestra-brasil","category-projeto-raiz","category-sindmoveis"],"yoast_head":"<!-- This site is optimized with the Yoast SEO plugin v27.0 - https:\/\/yoast.com\/product\/yoast-seo-wordpress\/ -->\n<title>Proyecto Orchestra Brasil y Ra\u00edz tiene convenios renovados para 2017 - Sindm\u00f3veis-RS<\/title>\n<meta name=\"robots\" content=\"index, follow, max-snippet:-1, max-image-preview:large, max-video-preview:-1\" \/>\n<link rel=\"canonical\" href=\"https:\/\/www.sindmoveis.com.br\/es\/projeto-orchestra-brasil-e-raiz-tem-convenios-renovados-para-2017\/\" \/>\n<meta property=\"og:locale\" content=\"es_ES\" \/>\n<meta property=\"og:type\" content=\"article\" \/>\n<meta property=\"og:title\" content=\"Proyecto Orchestra Brasil y Ra\u00edz tiene convenios renovados para 2017 - Sindm\u00f3veis-RS\" \/>\n<meta property=\"og:description\" content=\"Acciones de Sindm\u00f3veis con apoyo de Apex-Brasil fomentan las exportaciones de los segmentos de proveedores de la industria del mobiliario y servicio del dise\u00f1ador brasile\u00f1o.\" \/>\n<meta property=\"og:url\" content=\"https:\/\/www.sindmoveis.com.br\/es\/projeto-orchestra-brasil-e-raiz-tem-convenios-renovados-para-2017\/\" \/>\n<meta property=\"og:site_name\" content=\"Sindm\u00f3veis-RS\" \/>\n<meta property=\"article:published_time\" content=\"2017-01-12T02:00:00+00:00\" \/>\n<meta property=\"article:modified_time\" content=\"2021-05-26T13:29:06+00:00\" \/>\n<meta property=\"og:image\" content=\"https:\/\/www.sindmoveis.com.br\/es\/wp-content\/uploads\/2021\/05\/p1484240855.jpg\" \/>\n\t<meta property=\"og:image:width\" content=\"1333\" \/>\n\t<meta property=\"og:image:height\" content=\"669\" \/>\n\t<meta property=\"og:image:type\" content=\"image\/jpeg\" \/>\n<meta name=\"author\" content=\"Imprensa Sindm\u00f3veis\" \/>\n<meta name=\"twitter:card\" content=\"summary_large_image\" \/>\n<meta name=\"twitter:label1\" content=\"Escrito por\" \/>\n\t<meta name=\"twitter:data1\" content=\"Imprensa Sindm\u00f3veis\" \/>\n\t<meta name=\"twitter:label2\" content=\"Tiempo de lectura\" \/>\n\t<meta name=\"twitter:data2\" content=\"2 minutos\" \/>\n<script type=\"application\/ld+json\" class=\"yoast-schema-graph\">{\"@context\":\"https:\/\/schema.org\",\"@graph\":[{\"@type\":\"Article\",\"@id\":\"https:\/\/www.sindmoveis.com.br\/es\/projeto-orchestra-brasil-e-raiz-tem-convenios-renovados-para-2017\/#article\",\"isPartOf\":{\"@id\":\"https:\/\/www.sindmoveis.com.br\/es\/projeto-orchestra-brasil-e-raiz-tem-convenios-renovados-para-2017\/\"},\"author\":{\"name\":\"Imprensa Sindm\u00f3veis\",\"@id\":\"https:\/\/www.sindmoveis.com.br\/es\/#\/schema\/person\/16d379542db1950a17fe188179340d57\"},\"headline\":\"Proyecto Orchestra Brasil y Ra\u00edz tiene convenios renovados para 2017\",\"datePublished\":\"2017-01-12T02:00:00+00:00\",\"dateModified\":\"2021-05-26T13:29:06+00:00\",\"mainEntityOfPage\":{\"@id\":\"https:\/\/www.sindmoveis.com.br\/es\/projeto-orchestra-brasil-e-raiz-tem-convenios-renovados-para-2017\/\"},\"wordCount\":490,\"image\":{\"@id\":\"https:\/\/www.sindmoveis.com.br\/es\/projeto-orchestra-brasil-e-raiz-tem-convenios-renovados-para-2017\/#primaryimage\"},\"thumbnailUrl\":\"https:\/\/www.sindmoveis.com.br\/es\/wp-content\/uploads\/2021\/05\/p1484240855.jpg\",\"articleSection\":[\"Proyecto Orchestra Brasil\",\"Proyecto Ra\u00edz\",\"Sindm\u00f3veis\"],\"inLanguage\":\"es\"},{\"@type\":\"WebPage\",\"@id\":\"https:\/\/www.sindmoveis.com.br\/es\/projeto-orchestra-brasil-e-raiz-tem-convenios-renovados-para-2017\/\",\"url\":\"https:\/\/www.sindmoveis.com.br\/es\/projeto-orchestra-brasil-e-raiz-tem-convenios-renovados-para-2017\/\",\"name\":\"Proyecto Orchestra Brasil y Ra\u00edz tiene convenios renovados para 2017 - Sindm\u00f3veis-RS\",\"isPartOf\":{\"@id\":\"https:\/\/www.sindmoveis.com.br\/es\/#website\"},\"primaryImageOfPage\":{\"@id\":\"https:\/\/www.sindmoveis.com.br\/es\/projeto-orchestra-brasil-e-raiz-tem-convenios-renovados-para-2017\/#primaryimage\"},\"image\":{\"@id\":\"https:\/\/www.sindmoveis.com.br\/es\/projeto-orchestra-brasil-e-raiz-tem-convenios-renovados-para-2017\/#primaryimage\"},\"thumbnailUrl\":\"https:\/\/www.sindmoveis.com.br\/es\/wp-content\/uploads\/2021\/05\/p1484240855.jpg\",\"datePublished\":\"2017-01-12T02:00:00+00:00\",\"dateModified\":\"2021-05-26T13:29:06+00:00\",\"author\":{\"@id\":\"https:\/\/www.sindmoveis.com.br\/es\/#\/schema\/person\/16d379542db1950a17fe188179340d57\"},\"inLanguage\":\"es\",\"potentialAction\":[{\"@type\":\"ReadAction\",\"target\":[\"https:\/\/www.sindmoveis.com.br\/es\/projeto-orchestra-brasil-e-raiz-tem-convenios-renovados-para-2017\/\"]}]},{\"@type\":\"ImageObject\",\"inLanguage\":\"es\",\"@id\":\"https:\/\/www.sindmoveis.com.br\/es\/projeto-orchestra-brasil-e-raiz-tem-convenios-renovados-para-2017\/#primaryimage\",\"url\":\"https:\/\/www.sindmoveis.com.br\/es\/wp-content\/uploads\/2021\/05\/p1484240855.jpg\",\"contentUrl\":\"https:\/\/www.sindmoveis.com.br\/es\/wp-content\/uploads\/2021\/05\/p1484240855.jpg\",\"width\":1333,\"height\":669},{\"@type\":\"WebSite\",\"@id\":\"https:\/\/www.sindmoveis.com.br\/es\/#website\",\"url\":\"https:\/\/www.sindmoveis.com.br\/es\/\",\"name\":\"Sindm\u00f3veis-RS\",\"description\":\"\",\"potentialAction\":[{\"@type\":\"SearchAction\",\"target\":{\"@type\":\"EntryPoint\",\"urlTemplate\":\"https:\/\/www.sindmoveis.com.br\/es\/?s={search_term_string}\"},\"query-input\":{\"@type\":\"PropertyValueSpecification\",\"valueRequired\":true,\"valueName\":\"search_term_string\"}}],\"inLanguage\":\"es\"},{\"@type\":\"Person\",\"@id\":\"https:\/\/www.sindmoveis.com.br\/es\/#\/schema\/person\/16d379542db1950a17fe188179340d57\",\"name\":\"Imprensa Sindm\u00f3veis\",\"image\":{\"@type\":\"ImageObject\",\"inLanguage\":\"es\",\"@id\":\"https:\/\/www.sindmoveis.com.br\/es\/#\/schema\/person\/image\/\",\"url\":\"https:\/\/secure.gravatar.com\/avatar\/4973e2e2c2a0cb5db30b0c7b770041b8e33d048a16b695a1f99c042449d4bfaf?s=96&d=mm&r=g\",\"contentUrl\":\"https:\/\/secure.gravatar.com\/avatar\/4973e2e2c2a0cb5db30b0c7b770041b8e33d048a16b695a1f99c042449d4bfaf?s=96&d=mm&r=g\",\"caption\":\"Imprensa Sindm\u00f3veis\"},\"url\":\"https:\/\/www.sindmoveis.com.br\/es\/author\/ana\/\"}]}<\/script>\n<!-- \/ Yoast SEO plugin. -->","yoast_head_json":{"title":"Proyecto Orchestra Brasil y Ra\u00edz tiene convenios renovados para 2017 - Sindm\u00f3veis-RS","robots":{"index":"index","follow":"follow","max-snippet":"max-snippet:-1","max-image-preview":"max-image-preview:large","max-video-preview":"max-video-preview:-1"},"canonical":"https:\/\/www.sindmoveis.com.br\/es\/projeto-orchestra-brasil-e-raiz-tem-convenios-renovados-para-2017\/","og_locale":"es_ES","og_type":"article","og_title":"Proyecto Orchestra Brasil y Ra\u00edz tiene convenios renovados para 2017 - Sindm\u00f3veis-RS","og_description":"Acciones de Sindm\u00f3veis con apoyo de Apex-Brasil fomentan las exportaciones de los segmentos de proveedores de la industria del mobiliario y servicio del dise\u00f1ador brasile\u00f1o.","og_url":"https:\/\/www.sindmoveis.com.br\/es\/projeto-orchestra-brasil-e-raiz-tem-convenios-renovados-para-2017\/","og_site_name":"Sindm\u00f3veis-RS","article_published_time":"2017-01-12T02:00:00+00:00","article_modified_time":"2021-05-26T13:29:06+00:00","og_image":[{"width":1333,"height":669,"url":"https:\/\/www.sindmoveis.com.br\/es\/wp-content\/uploads\/2021\/05\/p1484240855.jpg","type":"image\/jpeg"}],"author":"Imprensa Sindm\u00f3veis","twitter_card":"summary_large_image","twitter_misc":{"Escrito por":"Imprensa Sindm\u00f3veis","Tiempo de lectura":"2 minutos"},"schema":{"@context":"https:\/\/schema.org","@graph":[{"@type":"Article","@id":"https:\/\/www.sindmoveis.com.br\/es\/projeto-orchestra-brasil-e-raiz-tem-convenios-renovados-para-2017\/#article","isPartOf":{"@id":"https:\/\/www.sindmoveis.com.br\/es\/projeto-orchestra-brasil-e-raiz-tem-convenios-renovados-para-2017\/"},"author":{"name":"Imprensa Sindm\u00f3veis","@id":"https:\/\/www.sindmoveis.com.br\/es\/#\/schema\/person\/16d379542db1950a17fe188179340d57"},"headline":"Proyecto Orchestra Brasil y Ra\u00edz tiene convenios renovados para 2017","datePublished":"2017-01-12T02:00:00+00:00","dateModified":"2021-05-26T13:29:06+00:00","mainEntityOfPage":{"@id":"https:\/\/www.sindmoveis.com.br\/es\/projeto-orchestra-brasil-e-raiz-tem-convenios-renovados-para-2017\/"},"wordCount":490,"image":{"@id":"https:\/\/www.sindmoveis.com.br\/es\/projeto-orchestra-brasil-e-raiz-tem-convenios-renovados-para-2017\/#primaryimage"},"thumbnailUrl":"https:\/\/www.sindmoveis.com.br\/es\/wp-content\/uploads\/2021\/05\/p1484240855.jpg","articleSection":["Proyecto Orchestra Brasil","Proyecto Ra\u00edz","Sindm\u00f3veis"],"inLanguage":"es"},{"@type":"WebPage","@id":"https:\/\/www.sindmoveis.com.br\/es\/projeto-orchestra-brasil-e-raiz-tem-convenios-renovados-para-2017\/","url":"https:\/\/www.sindmoveis.com.br\/es\/projeto-orchestra-brasil-e-raiz-tem-convenios-renovados-para-2017\/","name":"Proyecto Orchestra Brasil y Ra\u00edz tiene convenios renovados para 2017 - Sindm\u00f3veis-RS","isPartOf":{"@id":"https:\/\/www.sindmoveis.com.br\/es\/#website"},"primaryImageOfPage":{"@id":"https:\/\/www.sindmoveis.com.br\/es\/projeto-orchestra-brasil-e-raiz-tem-convenios-renovados-para-2017\/#primaryimage"},"image":{"@id":"https:\/\/www.sindmoveis.com.br\/es\/projeto-orchestra-brasil-e-raiz-tem-convenios-renovados-para-2017\/#primaryimage"},"thumbnailUrl":"https:\/\/www.sindmoveis.com.br\/es\/wp-content\/uploads\/2021\/05\/p1484240855.jpg","datePublished":"2017-01-12T02:00:00+00:00","dateModified":"2021-05-26T13:29:06+00:00","author":{"@id":"https:\/\/www.sindmoveis.com.br\/es\/#\/schema\/person\/16d379542db1950a17fe188179340d57"},"inLanguage":"es","potentialAction":[{"@type":"ReadAction","target":["https:\/\/www.sindmoveis.com.br\/es\/projeto-orchestra-brasil-e-raiz-tem-convenios-renovados-para-2017\/"]}]},{"@type":"ImageObject","inLanguage":"es","@id":"https:\/\/www.sindmoveis.com.br\/es\/projeto-orchestra-brasil-e-raiz-tem-convenios-renovados-para-2017\/#primaryimage","url":"https:\/\/www.sindmoveis.com.br\/es\/wp-content\/uploads\/2021\/05\/p1484240855.jpg","contentUrl":"https:\/\/www.sindmoveis.com.br\/es\/wp-content\/uploads\/2021\/05\/p1484240855.jpg","width":1333,"height":669},{"@type":"WebSite","@id":"https:\/\/www.sindmoveis.com.br\/es\/#website","url":"https:\/\/www.sindmoveis.com.br\/es\/","name":"Sindm\u00f3veis-RS","description":"","potentialAction":[{"@type":"SearchAction","target":{"@type":"EntryPoint","urlTemplate":"https:\/\/www.sindmoveis.com.br\/es\/?s={search_term_string}"},"query-input":{"@type":"PropertyValueSpecification","valueRequired":true,"valueName":"search_term_string"}}],"inLanguage":"es"},{"@type":"Person","@id":"https:\/\/www.sindmoveis.com.br\/es\/#\/schema\/person\/16d379542db1950a17fe188179340d57","name":"Imprensa Sindm\u00f3veis","image":{"@type":"ImageObject","inLanguage":"es","@id":"https:\/\/www.sindmoveis.com.br\/es\/#\/schema\/person\/image\/","url":"https:\/\/secure.gravatar.com\/avatar\/4973e2e2c2a0cb5db30b0c7b770041b8e33d048a16b695a1f99c042449d4bfaf?s=96&d=mm&r=g","contentUrl":"https:\/\/secure.gravatar.com\/avatar\/4973e2e2c2a0cb5db30b0c7b770041b8e33d048a16b695a1f99c042449d4bfaf?s=96&d=mm&r=g","caption":"Imprensa Sindm\u00f3veis"},"url":"https:\/\/www.sindmoveis.com.br\/es\/author\/ana\/"}]}},"_links":{"self":[{"href":"https:\/\/www.sindmoveis.com.br\/es\/wp-json\/wp\/v2\/posts\/1268","targetHints":{"allow":["GET"]}}],"collection":[{"href":"https:\/\/www.sindmoveis.com.br\/es\/wp-json\/wp\/v2\/posts"}],"about":[{"href":"https:\/\/www.sindmoveis.com.br\/es\/wp-json\/wp\/v2\/types\/post"}],"author":[{"embeddable":true,"href":"https:\/\/www.sindmoveis.com.br\/es\/wp-json\/wp\/v2\/users\/5"}],"replies":[{"embeddable":true,"href":"https:\/\/www.sindmoveis.com.br\/es\/wp-json\/wp\/v2\/comments?post=1268"}],"version-history":[{"count":2,"href":"https:\/\/www.sindmoveis.com.br\/es\/wp-json\/wp\/v2\/posts\/1268\/revisions"}],"predecessor-version":[{"id":3590,"href":"https:\/\/www.sindmoveis.com.br\/es\/wp-json\/wp\/v2\/posts\/1268\/revisions\/3590"}],"wp:featuredmedia":[{"embeddable":true,"href":"https:\/\/www.sindmoveis.com.br\/es\/wp-json\/wp\/v2\/media\/3591"}],"wp:attachment":[{"href":"https:\/\/www.sindmoveis.com.br\/es\/wp-json\/wp\/v2\/media?parent=1268"}],"wp:term":[{"taxonomy":"category","embeddable":true,"href":"https:\/\/www.sindmoveis.com.br\/es\/wp-json\/wp\/v2\/categories?post=1268"},{"taxonomy":"post_tag","embeddable":true,"href":"https:\/\/www.sindmoveis.com.br\/es\/wp-json\/wp\/v2\/tags?post=1268"}],"curies":[{"name":"wp","href":"https:\/\/api.w.org\/{rel}","templated":true}]}}